{"id":719694,"date":"2024-05-08T10:18:32","date_gmt":"2024-05-08T06:18:32","guid":{"rendered":"https:\/\/arantv.az\/?p=719694"},"modified":"2024-05-08T10:18:32","modified_gmt":"2024-05-08T06:18:32","slug":"kutl%c9%99vi-z%c9%99h%c9%99rl%c9%99nm%c9%99d%c9%99n-sonra-zaqatalada-don%c9%99rxanalarin-f%c9%99aliyy%c9%99ti-dayandirildi","status":"publish","type":"post","link":"https:\/\/arantv.az\/?p=719694","title":{"rendered":"K\u00fctl\u0259vi z\u0259h\u0259rl\u0259nm\u0259d\u0259n sonra Zaqatalada d\u00f6n\u0259rxanalar\u0131n f\u0259aliyy\u0259ti dayand\u0131r\u0131ld\u0131"},"content":{"rendered":"<p>Zaqatalada \u0259ks\u0259r d\u00f6n\u0259rxanalar\u0131n f\u0259aliyy\u0259ti dayand\u0131r\u0131l\u0131b.<\/p>\n<p>Buna s\u0259b\u0259b \u00f6t\u0259n g\u00fcn 40 n\u0259f\u0259r\u0259 yax\u0131n sakinin toyuq d\u00f6n\u0259rind\u0259n z\u0259h\u0259rl\u0259nm\u0259si g\u00f6st\u0259rilir.<\/p>\n<p>Bizim.media x\u0259b\u0259r verir ki, \u00f6t\u0259n g\u00fcn g\u00fcn\u00fcn ikinci yar\u0131s\u0131ndan ba\u015flayaraq gec\u0259 saatlar\u0131na kimi Zaqatala Rayon M\u0259rk\u0259zi X\u0259st\u0259xanas\u0131na m\u00fcxt\u0259lif ya\u015f qruplar\u0131na aid 40 n\u0259f\u0259r\u0259 yax\u0131n insan toyuq d\u00f6n\u0259rind\u0259n z\u0259h\u0259rl\u0259nm\u0259si fakt\u0131 \u0259sas\u0131nda m\u00fcraci\u0259t edib.<\/p>\n<p>M\u00fcraci\u0259t ed\u0259nl\u0259r aras\u0131nda\u00a0be\u015f n\u0259f\u0259rin azya\u015fl\u0131 oldu\u011fu bildirilir.<\/p>\n<p>M\u0259s\u0259l\u0259nin ciddiliyi n\u0259z\u0259r\u0259 al\u0131naraq rayon prokurorlu\u011funda ara\u015fd\u0131rmalar ba\u015flan\u0131l\u0131b, Qida T\u0259hl\u00fck\u0259sizliyi Agentliyinin n\u00fcmay\u0259nd\u0259l\u0259ri rayona ezam edilibl\u0259r.<\/p>\n<p>Yerli sakinl\u0259r bildiribl\u0259r ki, 40 n\u0259f\u0259r h\u0259kim\u0259 m\u00fcraci\u0259t edibs\u0259, b\u0259lk\u0259 onlarla insan evd\u0259 yax\u0131nlar\u0131n\u0131n vasit\u0259sil\u0259 t\u00fcrk\u0259\u00e7ar\u0259l\u0259rl\u0259 m\u00fcalic\u0259 al\u0131r.<\/p>\n<p>Dig\u0259r bir qrup sakin is\u0259 toyuq d\u00f6n\u0259ri, el\u0259c\u0259 d\u0259 dig\u0259r d\u00f6n\u0259r m\u0259mulatlar\u0131 \u00fc\u00e7\u00fcn veril\u0259n sertifikatlar\u0131n ka\u011f\u0131z \u00fcz\u0259rind\u0259 olmas\u0131n\u0131 iddia edir v\u0259 son hadis\u0259ni \u0259sas g\u0259tir\u0259r\u0259k bildirir ki, bu i\u015fl\u0259r\u0259 n\u0259zar\u0259t mexanizmi ancaq hadis\u0259 ba\u015f ver\u0259nd\u0259n sonra g\u00fcnd\u0259m\u0259 g\u0259lir.<\/p>\n<p>N\u0259tic\u0259 etibar\u0131 il\u0259 hadis\u0259d\u0259n sonra g\u00f6r\u00fcl\u0259n t\u0259dbirl\u0259rin is\u0259 effekti \u0259h\u0259miyy\u0259tini itirir.<\/p>\n<p>Rayon M\u0259rk\u0259zi X\u0259st\u0259xanas\u0131ndan bildirilib ki, m\u00fcraci\u0259t ed\u0259n pasiyentl\u0259r\u0259 tibbi yard\u0131mlar g\u00f6st\u0259rilib, m\u00fcayin\u0259 v\u0259 m\u00fcalic\u0259l\u0259r\u0259 c\u0259lb olunublar.<\/p>\n","protected":false},"excerpt":{"rendered":"<p>Zaqatalada \u0259ks\u0259r d\u00f6n\u0259rxanalar\u0131n f\u0259aliyy\u0259ti dayand\u0131r\u0131l\u0131b. Buna s\u0259b\u0259b \u00f6t\u0259n g\u00fcn 40 n\u0259f\u0259r\u0259 yax\u0131n sakinin toyuq d\u00f6n\u0259rind\u0259n z\u0259h\u0259rl\u0259nm\u0259si g\u00f6st\u0259rilir. Bizim.media x\u0259b\u0259r verir ki, \u00f6t\u0259n g\u00fcn g\u00fcn\u00fcn ikinci yar\u0131s\u0131ndan ba\u015flayaraq gec\u0259 saatlar\u0131na kimi Zaqatala Rayon M\u0259rk\u0259zi X\u0259st\u0259xanas\u0131na m\u00fcxt\u0259lif ya\u015f qruplar\u0131na aid 40 n\u0259f\u0259r\u0259 yax\u0131n insan toyuq d\u00f6n\u0259rind\u0259n z\u0259h\u0259rl\u0259nm\u0259si fakt\u0131 \u0259sas\u0131nda m\u00fcraci\u0259t edib. M\u00fcraci\u0259t ed\u0259nl\u0259r aras\u0131nda\u00a0be\u015f n\u0259f\u0259rin azya\u015fl\u0131 oldu\u011fu bildirilir. M\u0259s\u0259l\u0259nin ciddiliyi n\u0259z\u0259r\u0259 al\u0131naraq rayon prokurorlu\u011funda ara\u015fd\u0131rmalar ba\u015flan\u0131l\u0131b, Qida T\u0259hl\u00fck\u0259sizliyi Agentliyinin n\u00fcmay\u0259nd\u0259l\u0259ri rayona ezam edilibl\u0259r. Yerli sakinl\u0259r bildiribl\u0259r ki, 40 n\u0259f\u0259r h\u0259kim\u0259 m\u00fcraci\u0259t edibs\u0259, b\u0259lk\u0259 onlarla insan evd\u0259 yax\u0131nlar\u0131n\u0131n vasit\u0259sil\u0259 t\u00fcrk\u0259\u00e7ar\u0259l\u0259rl\u0259 m\u00fcalic\u0259 al\u0131r. Dig\u0259r&hellip;<\/p>\n","protected":false},"author":2,"featured_media":719588,"comment_status":"closed","ping_status":"closed","sticky":false,"template":"","format":"standard","meta":{"om_disable_all_campaigns":false,"_monsterinsights_skip_tracking":false,"_monsterinsights_sitenote_active":false,"_monsterinsights_sitenote_note":"","_monsterinsights_sitenote_category":0},"categories":[1],"tags":[],"aioseo_notices":[],"gutentor_comment":0,"rttpg_featured_image_url":{"full":["https:\/\/arantv.az\/wp-content\/uploads\/2024\/05\/ab85804ea9c13b827c1051c8efe123b5.jpg",800,500,false],"landscape":["https:\/\/arantv.az\/wp-content\/uploads\/2024\/05\/ab85804ea9c13b827c1051c8efe123b5.jpg",800,500,false],"portraits":["https:\/\/arantv.az\/wp-content\/uploads\/2024\/05\/ab85804ea9c13b827c1051c8efe123b5.jpg",800,500,false],"thumbnail":["https:\/\/arantv.az\/wp-content\/uploads\/2024\/05\/ab85804ea9c13b827c1051c8efe123b5-500x280.jpg",500,280,true],"medium":["https:\/\/arantv.az\/wp-content\/uploads\/2024\/05\/ab85804ea9c13b827c1051c8efe123b5-584x365.jpg",584,365,true],"large":["https:\/\/arantv.az\/wp-content\/uploads\/2024\/05\/ab85804ea9c13b827c1051c8efe123b5.jpg",640,400,false],"1536x1536":["https:\/\/arantv.az\/wp-content\/uploads\/2024\/05\/ab85804ea9c13b827c1051c8efe123b5.jpg",800,500,false],"2048x2048":["https:\/\/arantv.az\/wp-content\/uploads\/2024\/05\/ab85804ea9c13b827c1051c8efe123b5.jpg",800,500,false],"post-thumbnail":["https:\/\/arantv.az\/wp-content\/uploads\/2024\/05\/ab85804ea9c13b827c1051c8efe123b5-240x172.jpg",240,172,true],"advps-thumb-one":["https:\/\/arantv.az\/wp-content\/uploads\/2024\/05\/ab85804ea9c13b827c1051c8efe123b5.jpg",800,500,false]},"rttpg_author":{"display_name":"V\u00fcsal Rafiqo\u011flu","author_link":"https:\/\/arantv.az\/?author=2"},"rttpg_comment":0,"rttpg_category":"<a href=\"https:\/\/arantv.az\/?cat=1\" rel=\"category\">C\u0259miyy\u0259t<\/a>","rttpg_excerpt":"Zaqatalada \u0259ks\u0259r d\u00f6n\u0259rxanalar\u0131n f\u0259aliyy\u0259ti dayand\u0131r\u0131l\u0131b. Buna s\u0259b\u0259b \u00f6t\u0259n g\u00fcn 40 n\u0259f\u0259r\u0259 yax\u0131n sakinin toyuq d\u00f6n\u0259rind\u0259n z\u0259h\u0259rl\u0259nm\u0259si g\u00f6st\u0259rilir. Bizim.media x\u0259b\u0259r verir ki, \u00f6t\u0259n g\u00fcn g\u00fcn\u00fcn ikinci yar\u0131s\u0131ndan ba\u015flayaraq gec\u0259 saatlar\u0131na kimi Zaqatala Rayon M\u0259rk\u0259zi X\u0259st\u0259xanas\u0131na m\u00fcxt\u0259lif ya\u015f qruplar\u0131na aid 40 n\u0259f\u0259r\u0259 yax\u0131n insan toyuq d\u00f6n\u0259rind\u0259n z\u0259h\u0259rl\u0259nm\u0259si fakt\u0131 \u0259sas\u0131nda m\u00fcraci\u0259t edib. M\u00fcraci\u0259t ed\u0259nl\u0259r aras\u0131nda\u00a0be\u015f n\u0259f\u0259rin azya\u015fl\u0131 oldu\u011fu&hellip;","_links":{"self":[{"href":"https:\/\/arantv.az\/index.php?rest_route=\/wp\/v2\/posts\/719694"}],"collection":[{"href":"https:\/\/arantv.az\/index.php?rest_route=\/wp\/v2\/posts"}],"about":[{"href":"https:\/\/arantv.az\/index.php?rest_route=\/wp\/v2\/types\/post"}],"author":[{"embeddable":true,"href":"https:\/\/arantv.az\/index.php?rest_route=\/wp\/v2\/users\/2"}],"replies":[{"embeddable":true,"href":"https:\/\/arantv.az\/index.php?rest_route=%2Fwp%2Fv2%2Fcomments&post=719694"}],"version-history":[{"count":0,"href":"https:\/\/arantv.az\/index.php?rest_route=\/wp\/v2\/posts\/719694\/revisions"}],"wp:featuredmedia":[{"embeddable":true,"href":"https:\/\/arantv.az\/index.php?rest_route=\/wp\/v2\/media\/719588"}],"wp:attachment":[{"href":"https:\/\/arantv.az\/index.php?rest_route=%2Fwp%2Fv2%2Fmedia&parent=719694"}],"wp:term":[{"taxonomy":"category","embeddable":true,"href":"https:\/\/arantv.az\/index.php?rest_route=%2Fwp%2Fv2%2Fcategories&post=719694"},{"taxonomy":"post_tag","embeddable":true,"href":"https:\/\/arantv.az\/index.php?rest_route=%2Fwp%2Fv2%2Ftags&post=719694"}],"curies":[{"name":"wp","href":"https:\/\/api.w.org\/{rel}","templated":true}]}}