{"id":719705,"date":"2024-05-08T10:25:01","date_gmt":"2024-05-08T06:25:01","guid":{"rendered":"https:\/\/arantv.az\/?p=719705"},"modified":"2024-05-08T10:25:01","modified_gmt":"2024-05-08T06:25:01","slug":"parlamentd%c9%99-donos-v%c9%99-agdam-caxiri-sohb%c9%99ti","status":"publish","type":"post","link":"https:\/\/arantv.az\/?p=719705","title":{"rendered":"Parlamentd\u0259 \u201cdonos\u201d v\u0259 \u201cA\u011fdam\u201d \u00e7ax\u0131r\u0131 s\u00f6hb\u0259ti"},"content":{"rendered":"<p><strong>Siyavu\u015f Novruzov d\u00fc\u015f\u00fcn\u00fcr ki, Az\u0259rbaycan\u0131 x\u0259rit\u0259d\u0259 tapa bilm\u0259y\u0259n Amerika konqresmenl\u0259rin\u0259 buradan yalan m\u0259lumatlar g\u00f6nd\u0259rilir; Sabir R\u00fcst\u0259mxanl\u0131 is\u0259 sual edir:\u00a0 \u201cAraq istehsal\u0131nda bu q\u0259d\u0259r m\u0259\u015fhuruqsa, niy\u0259&#8230;.\u201d<\/strong><\/p>\n<p>May\u0131n 7-sind\u0259 Milli M\u0259clisin n\u00f6vb\u0259ti iclas\u0131 ke\u00e7irildi. Spiker Sahib\u0259 Qafarova giri\u015f nitqind\u0259 bildirdi ki, iclas \u00e7ox \u0259lam\u0259tdar g\u00fcn\u0259 t\u0259sad\u00fcf edir. S\u0259dr may\u0131n 10-da \u00dcmummilli lider Heyd\u0259r \u018fliyevin anadan olmas\u0131n\u0131n 101-ci ild\u00f6n\u00fcm\u00fc oldu\u011funu s\u00f6yl\u0259di, m\u0259rhum prezidentin Az\u0259rbaycana r\u0259hb\u0259rlik etdiyi, h\u0259m\u00e7inin Milli M\u0259clis\u0259 s\u0259drlik etdiyi d\u00f6n\u0259ml\u0259rd\u0259n b\u0259hs etdi.<\/p>\n<p>Spiker h\u0259m\u00e7inin 10 mayda Heyd\u0259r \u018fliyev Fondunun yarad\u0131lmas\u0131n\u0131n 20-ci ild\u00f6n\u00fcm\u00fcn\u00fcn oldu\u011funu vur\u011fulayaraq, fondun imza atd\u0131\u011f\u0131 tarixi u\u011furlardan b\u0259hs etdi. Parlament s\u0259dri Heyd\u0259r \u018fliyev Fondunun yaranmas\u0131n\u0131n 20 illiyi m\u00fcnasib\u0259til\u0259 fondun prezidenti, birinci vitse-prezident Mehriban \u018fliyevaya t\u0259brik m\u0259ktubu g\u00f6nd\u0259rilm\u0259sini t\u0259klif etdi. Deputatlar bu t\u0259klif\u0259 alq\u0131\u015flarla d\u0259st\u0259k ifad\u0259 etdil\u0259r.<\/p>\n<p>Daha sonra deputat Soltan M\u0259mm\u0259dov Heyd\u0259r \u018fliyev Fondunun \u00f6t\u0259n 20 illik f\u0259aliyy\u0259ti il\u0259 ba\u011fl\u0131 \u0259trafl\u0131 m\u0259lumat verdi.<\/p>\n<p><strong>Deputat, parlamentin \u0130nsan h\u00fcquqlar\u0131 komit\u0259sinin s\u0259dri Zahid Oruc dedi ki, q\u0259l\u0259b\u0259miz\u0259 qar\u015f\u0131 BMT-d\u0259n ba\u015flayan sanksiya planlar\u0131 iflasa u\u011frayandan sonra indi Amerika Konqresind\u0259 \u00f6lk\u0259mizin se\u00e7ilmi\u015f adamlar\u0131na qar\u015f\u0131 c\u0259za layih\u0259si i\u015f\u0259 sal\u0131n\u0131b. Qeyd etdi ki, 90-c\u0131 ill\u0259rin 1 milyon m\u0259cburi k\u00f6\u00e7k\u00fcn, qa\u00e7q\u0131n, m\u0259\u011flub \u00f6lk\u0259si il\u0259 m\u00fcqayis\u0259d\u0259 indi bizi z\u0259f\u0259rimiz\u0259 g\u00f6r\u0259 c\u0259zaland\u0131r\u0131rlar: \u201c\u018fll\u0259ri \u00e7atsa, t\u0259kc\u0259 V\u0259t\u0259n m\u00fcharib\u0259sinin q\u0259hr\u0259manlar\u0131na qar\u015f\u0131 deyil, b\u00fct\u00fcn x\u00fcsusi t\u0259yinatl\u0131lar\u0131m\u0131za, komandoslara, h\u0259r bir \u015f\u0259hidimiz\u0259, bir s\u00f6zl\u0259, b\u00fct\u00fcn Az\u0259rbaycan Ordusuna qar\u015f\u0131 h\u0259rbi h\u00f6kml\u0259r \u00e7\u0131xararlar. Xalq\u0131m\u0131z\u0131n m\u00fcq\u0259dd\u0259s simvoluna \u00e7evril\u0259n 44 r\u0259q\u0259mini l\u0259k\u0259l\u0259m\u0259k \u00fc\u00e7\u00fcn &#8220;44 Az\u0259rbaycan r\u0259smisi&#8221; ifad\u0259sinin se\u00e7ilm\u0259si d\u0259 s\u00fcbut edir ki, 8 noyabr z\u0259f\u0259ri t\u0259kc\u0259 bir \u00f6lk\u0259 \u00fcz\u0259rind\u0259 qazan\u0131lmay\u0131b&#8221;.<\/strong><\/p>\n<p><strong><img loading=\"lazy\" src=\"https:\/\/mediatv.az\/uploads\/posts\/2020-03\/1583398195_milli.jpg\" alt=\"Milli M\u0259clisd\u0259 \u015f\u00f6b\u0259l\u0259r l\u0259\u011fv edil\u0259c\u0259k? \u00bb Mediatv.az informasiya portal\u0131\" width=\"944\" height=\"628\" \/><\/strong><\/p>\n<p>Milli M\u0259clisin iclas\u0131nda \u201cX\u0259z\u0259r d\u0259nizinin (g\u00f6l\u00fcn\u00fcn) Az\u0259rbaycan Respublikas\u0131na m\u0259nsub olan b\u00f6lm\u0259sind\u0259 s\u00fcni torpaq sah\u0259l\u0259rinin yarad\u0131lmas\u0131 haqq\u0131nda\u201d Az\u0259rbaycan Respublikas\u0131 qanununun layih\u0259si \u00fc\u00e7\u00fcnc\u00fc oxunu\u015fda t\u0259sdiql\u0259ndi. Deputat Sabir R\u00fcst\u0259mxanl\u0131 \u00e7\u0131x\u0131\u015f\u0131nda bildirdi ki, X\u0259z\u0259r d\u0259nizind\u0259 Allah\u0131n yaratd\u0131\u011f\u0131 adalar var: \u201cB\u00f6y\u00fck Zir\u0259, Nargin adas\u0131. Nargin adas\u0131n\u0131 Bak\u0131n\u0131n ulduzuna \u00e7evirm\u0259k, oradak\u0131 ac\u0131 xatir\u0259ni unutdurmaq olar. Orada saxlan\u0131lan \u0259sirl\u0259rin xatir\u0259si \u0259b\u0259dil\u0259\u015fdiril\u0259 bil\u0259r. S\u00fcni adadan \u0259vv\u0259l t\u0259bii adalar\u0131 abadla\u015fd\u0131rmaq laz\u0131md\u0131r. S\u00fcni ada yarad\u0131laca\u011f\u0131na t\u0259bii adalar abadla\u015fd\u0131r\u0131ls\u0131n, orada ya\u015fay\u0131\u015f sal\u0131ns\u0131n\u201d.<\/p>\n<p>AB\u015e konqresmenl\u0259rinin sanksiya t\u0259\u015f\u0259bb\u00fcs\u00fcn\u0259 toxunan komit\u0259 s\u0259dri Siyavu\u015f Novruzov maraql\u0131 bir m\u0259qama toxundu: \u201cO insanlara qar\u015f\u0131 sanksiya t\u0259tbiq olunmas\u0131 t\u0259klif edilir ki, o insanlar l\u0259yaq\u0259tl\u0259 Az\u0259rbaycan d\u00f6vl\u0259tin\u0259 v\u0259 xalq\u0131na xidm\u0259t edirl\u0259r, o insanlar torpaqlar\u0131m\u0131z\u0131n azad olunmas\u0131nda, \u015eu\u015fan\u0131n v\u0259 dig\u0259r \u0259razil\u0259rimizin al\u0131nmas\u0131 u\u011frunda can\u0131, qan\u0131 il\u0259 m\u00fcbariz\u0259 apar\u0131blar. Burada oturanlar\u0131n b\u00f6y\u00fck \u0259ks\u0259riyy\u0259ti sanksiya siyah\u0131s\u0131na sal\u0131nm\u0131\u015f hakiml\u0259ri tan\u0131m\u0131r. Bel\u0259 oldu\u011fu t\u0259qdird\u0259 ortaya bir m\u0259qam \u00e7\u0131x\u0131r ki, bu g\u00fcn Az\u0259rbaycandan donos ver\u0259n \u015f\u0259xsl\u0259r var\u201d. S.Novruzov qeyd etdi ki, bir \u00e7ox hallarda ev d\u0259llallar\u0131, toyuq o\u011frular\u0131n\u0131 \u201csiyasi m\u0259hbus\u201d kimi yaz\u0131rlar. H\u0259m\u00e7inin m\u0259nb\u0259yi m\u0259lum olmayan pullar hesab\u0131na Az\u0259rbaycana qar\u015f\u0131 \u00e7irkin t\u0259bli\u011fat apar\u0131rlar. \u201cBiz bunlar\u0131 if\u015fa etm\u0259liyik ki, bunlar kiml\u0259rin adlar\u0131n\u0131 sanksiya siyah\u0131s\u0131na sal\u0131blar v\u0259 onlar\u0131 haradan tan\u0131y\u0131rlar?\u201d &#8211; komit\u0259 s\u0259dri bildirdi. \u201cBu g\u00fcn insan h\u00fcquqlar\u0131 d\u00fcnyada beyn\u0259lxalq h\u00fcququn prinsipi deyil, ayr\u0131-ayr\u0131 d\u00f6vl\u0259tl\u0259rin dig\u0259r d\u00f6vl\u0259tl\u0259r\u0259 qar\u015f\u0131 \u00f6z m\u0259krli niyy\u0259tl\u0259rini h\u0259yata ke\u00e7irm\u0259k \u00fc\u00e7\u00fcn \u0259ll\u0259rind\u0259 al\u0259t\u0259 \u00e7evrilib. \u0130nsan h\u00fcquqlar\u0131 il\u0259 ba\u011fl\u0131 bu v\u0259 ya dig\u0259r formada Az\u0259rbaycan haqq\u0131nda q\u0259rarlar q\u0259bul edilir, sanksiyalar t\u0259tbiq edilm\u0259si t\u0259klif edilir\u201d. S.Novruzov onu da bildirdi ki, h\u0259min sanksiyalar he\u00e7 bir \u0259h\u0259miyy\u0259t da\u015f\u0131m\u0131r: \u201cO insanlara qar\u015f\u0131 bu add\u0131mlar at\u0131l\u0131r ki, onlar \u015eu\u015fan\u0131n al\u0131nmas\u0131nda can\u0131yla, qan\u0131yla i\u015ftirak edibl\u0259r. Erm\u0259nil\u0259rin intiqam\u0131n\u0131 onlardan indi d\u0259 bel\u0259 alma\u011fa \u00e7al\u0131\u015f\u0131rlar. Bu g\u00fcn Az\u0259rbaycan\u0131 x\u0259rit\u0259d\u0259 tapa bilm\u0259y\u0259n Amerika konqresmeni, Fransada anas\u0131n\u0131, atas\u0131n\u0131 tan\u0131mayan deputatlar Az\u0259rbaycanda hans\u0131sa hakiml\u0259rin ad\u0131n\u0131 tan\u0131y\u0131r, onlara sanksiya t\u0259tbiq edilm\u0259sini t\u0259l\u0259b edir. Bu g\u00fcn Az\u0259rbaycandan donos ver\u0259n antimilli \u015fura \u00fczvl\u0259ri, tiktoker \u018fli K\u0259rimli \u00f6zl\u0259rinin toyuq o\u011frular\u0131n\u0131 siyasi m\u0259hbus kimi s\u0131r\u0131ma\u011fa \u00e7al\u0131\u015f\u0131rlar. Dig\u0259r t\u0259r\u0259fd\u0259n, xaricd\u0259n maliyy\u0259 al\u0131b Az\u0259rbaycan \u0259leyhin\u0259 i\u015f aparan jurnalistl\u0259r Az\u0259rbaycan d\u00f6vl\u0259tin\u0259 qar\u015f\u0131 qarayaxma il\u0259 m\u0259\u015f\u011fuldur. Az\u0259rbaycan yegan\u0259 \u00f6lk\u0259dir ki, 700 jurnalist\u0259 ev tikib verib. Hans\u0131 \u00f6lk\u0259 n\u00fcmun\u0259sind\u0259 bunu g\u00f6st\u0259rm\u0259k olar?\u201d<\/p>\n<p><strong>Deputat, Milli M\u0259clisin H\u00fcquq siyas\u0259ti v\u0259 d\u00f6vl\u0259t quruculu\u011fu komit\u0259sinin s\u0259dr m\u00fcavini Q\u00fcdr\u0259t H\u0259s\u0259nquliyev bildirdi ki, qar\u015f\u0131dan g\u00f6rk\u0259mli d\u00f6vl\u0259t xadimi Heyd\u0259r \u018fliyevin do\u011fum g\u00fcn\u00fc g\u0259lir: \u201cHeyd\u0259r \u018fliyev yenic\u0259 m\u00fcst\u0259qillik \u0259ld\u0259 etmi\u015f v\u0259 a\u011f\u0131r g\u00fcnl\u0259rini ya\u015fayan Az\u0259rbaycan\u0131 v\u0259t\u0259nda\u015f qar\u015f\u0131durmas\u0131ndan xilas edib, \u00f6lk\u0259ni dinc inki\u015faf yoluna \u00e7\u0131xar\u0131b\u201d. Deputat bildirdi ki, onun misilsiz bacar\u0131\u011f\u0131 say\u0259sind\u0259 imzalam\u0131\u015f \u201c\u018fsrin m\u00fcqavil\u0259si\u201d torpaqlar\u0131m\u0131z\u0131n i\u015f\u011faldan azad olunmas\u0131nda, \u00f6lk\u0259mizin yenid\u0259n qurulmas\u0131nda m\u00fcst\u0259sna rol oynamaqdad\u0131r: \u201cAllah ruhunu \u015fad etsin. Bu g\u00fcn Heyd\u0259r \u018fliyevin davam\u00e7\u0131lar\u0131n\u0131n \u0259sas i\u015fi Az\u0259rbaycan\u0131 g\u00fccl\u00fc iqtisadiyyata sahib, demokratik h\u00fcquqi d\u00f6vl\u0259t\u0259 \u00e7evirm\u0259k, \u0259dal\u0259tli c\u0259miyy\u0259t qurmaq olmal\u0131d\u0131r. Heyd\u0259r \u018fliyev irsin\u0259 \u0259n b\u00f6y\u00fck t\u00f6hf\u0259 bu ola bil\u0259r. \u00c7ox \u0259lam\u0259tdar hald\u0131r ki, b\u00f6y\u00fck d\u00f6vl\u0259t adam\u0131 Heyd\u0259r \u018fliyevin ad\u0131n\u0131 da\u015f\u0131yan Heyd\u0259r \u018fliyev Fondu bu g\u00fcn 20 ya\u015f\u0131n\u0131 qeyd edir v\u0259 Mehriban xan\u0131m \u018fliyevan\u0131n r\u0259hb\u0259rliyi alt\u0131nda onun irsinin \u00f6yr\u0259nilm\u0259si v\u0259 t\u0259bli\u011f edilm\u0259sind\u0259, \u00f6lk\u0259nin m\u0259d\u0259ni t\u0259r\u0259qqisi \u00fc\u00e7\u00fcn \u00e7oxsayl\u0131 elm, t\u0259hsil, s\u0259hiyy\u0259, idman, ekoloji sah\u0259l\u0259r\u0259 aid proqram v\u0259 humanitar layih\u0259l\u0259r h\u0259yata ke\u00e7irir\u201d. Q.H\u0259s\u0259nquliyev qeyd etdi ki, fond Qaraba\u011f h\u0259qiq\u0259tl\u0259rinin d\u00fcnyaya \u00e7atd\u0131r\u0131lmas\u0131 v\u0259 Az\u0259rbaycan\u0131n sivil v\u0259 d\u00fcny\u0259vi \u00f6lk\u0259 kimi beyn\u0259lxalq imicinin y\u00fcks\u0259ldilm\u0259si, m\u0259d\u0259niyy\u0259timizin t\u0259bli\u011f edilm\u0259sind\u0259 b\u00f6y\u00fck i\u015fl\u0259r g\u00f6r\u00fcr: \u201cM\u0259n \u00e7ox ist\u0259y\u0259rdim ki, Heyd\u0259r \u018fliyevin ad\u0131n\u0131 da\u015f\u0131d\u0131\u011f\u0131 fond \u00f6lk\u0259mizd\u0259 siyasi sistemin inki\u015faf\u0131na ciddi t\u00f6hf\u0259 versin. Siyasi ara\u015fd\u0131rmalar\u0131n apar\u0131ld\u0131\u011f\u0131 v\u0259 t\u0259hl\u00fck\u0259sizlik m\u0259s\u0259l\u0259l\u0259rinin m\u00fczakir\u0259 olundu\u011fu bir m\u0259rk\u0259z\u0259 \u00e7evrilsin\u201d.<\/strong><\/p>\n<p><strong><img src=\"https:\/\/meclis.gov.az\/photos\/DSC_4887_1612192541.JPG\" alt=\"Milli Meclis: Milli M\u0259clisin yaz sessiyas\u0131nda ilk plenar iclas\u0131 ke\u00e7irilib\" \/><\/strong><\/p>\n<p>\u0130clasda \u201cT\u0259hsil haqq\u0131nda\u201d Qanuna d\u0259yi\u015fiklik layih\u0259si \u00fc\u00e7\u00fcnc\u00fc oxunu\u015fda m\u00fczakir\u0259y\u0259 \u00e7\u0131xar\u0131laraq q\u0259bul edildi. Bel\u0259likl\u0259, parlament \u015f\u0259hid ail\u0259sinin \u00fczvl\u0259rinin \u00f6z\u0259l universitetl\u0259rd\u0259 pulsuz t\u0259hsil almas\u0131na dair layih\u0259ni t\u0259sdiql\u0259di. Komit\u0259 s\u0259dri B\u0259xtiyar \u018fliyevin t\u0259qdim etdiyi layih\u0259 sosial m\u00fcdafi\u0259y\u0259 x\u00fcsusi ehtiyac\u0131 olan bir s\u0131ra \u015f\u0259xsl\u0259rin t\u0259hsil m\u00fc\u0259ssis\u0259l\u0259rind\u0259 \u00f6d\u0259ni\u015fli \u0259saslarla t\u0259hsil ald\u0131qlar\u0131 m\u00fcdd\u0259td\u0259 t\u0259hsil haqq\u0131n\u0131n d\u00f6vl\u0259t b\u00fcdc\u0259si v\u0259saiti hesab\u0131na \u00f6d\u0259nilm\u0259si sah\u0259sind\u0259 normativ h\u00fcquqi aktlar\u0131n t\u0259kmill\u0259\u015fdirilm\u0259si m\u0259qs\u0259dil\u0259 haz\u0131rlan\u0131b. Layih\u0259y\u0259 \u0259sas\u0259n, \u201cT\u0259hsil haqq\u0131nda\u201d Qanunda madd\u0259nin yeni redaksiyada verilm\u0259si v\u0259 m\u00f6vcud qanunvericilikd\u0259 n\u0259z\u0259rd\u0259 tutulan t\u0259hsil x\u0259rcl\u0259ri il\u0259 ba\u011fl\u0131 azadolmalar\u0131n, o c\u00fcml\u0259d\u0259n bir s\u0131ra yeni imtiyazlar\u0131n qeyd edil\u0259n madd\u0259y\u0259 \u0259lav\u0259 edilm\u0259si t\u0259klif olunur. Bel\u0259 ki, yeni imtiyaz olaraq \u00f6z\u0259l ali, orta ixtisas v\u0259 pe\u015f\u0259 t\u0259hsili m\u00fc\u0259ssis\u0259l\u0259rind\u0259 \u015f\u0259hid ail\u0259sinin \u00fczvl\u0259rinin, pe\u015f\u0259 t\u0259hsili m\u00fc\u0259ssis\u0259l\u0259rind\u0259 \u201cM\u00fcharib\u0259 veteran\u0131\u201d ad\u0131 alm\u0131\u015f \u015f\u0259xsl\u0259rin, \u00f6z\u0259l pe\u015f\u0259 t\u0259hsili m\u00fc\u0259ssis\u0259l\u0259rind\u0259 is\u0259 \u0259lilliyi olan \u015f\u0259xsl\u0259rin, 20 ya\u015f\u0131na \u00e7atmam\u0131\u015f v\u0259 orqanizmin funksiyalar\u0131n\u0131n 81-100 faiz pozulmas\u0131na g\u00f6r\u0259 \u0259lilliyi m\u00fc\u0259yy\u0259n edilmi\u015f valideyni olan, ayl\u0131q g\u0259liri ya\u015fay\u0131\u015f minimumundan a\u015fa\u011f\u0131 olan \u015f\u0259xsl\u0259rin \u00f6d\u0259ni\u015fli \u0259saslarla t\u0259hsil ald\u0131qlar\u0131 m\u00fcdd\u0259td\u0259 t\u0259hsil x\u0259rcl\u0259rinin d\u00f6vl\u0259t b\u00fcdc\u0259sinin v\u0259saiti hesab\u0131na \u00f6d\u0259nilm\u0259si n\u0259z\u0259rd\u0259 tutulur.<\/p>\n<p>Milli M\u0259clisd\u0259 \u201cAz\u0259rbaycan Respublikas\u0131 Silahl\u0131 Q\u00fcvv\u0259l\u0259ri Daxili xidm\u0259t nizamnam\u0259sinin t\u0259sdiq edilm\u0259si haqq\u0131nda\u201d qanun layih\u0259si m\u00fczakir\u0259y\u0259 \u00e7\u0131xar\u0131laraq q\u0259bul edildi. Deputat Q\u00fcdr\u0259t H\u0259s\u0259nquliyev \u00e7\u0131x\u0131\u015f\u0131 zaman\u0131 bildirdi ki, qanun layih\u0259sin\u0259 s\u0259s ver\u0259c\u0259k. Ard\u0131nca o, m\u00fch\u00fcm m\u0259s\u0259l\u0259l\u0259r\u0259 diqq\u0259t \u00e7\u0259kdi: \u201cQar\u015f\u0131dan 9 May- \u0130kinci D\u00fcnya m\u00fcharib\u0259sind\u0259 q\u0259l\u0259b\u0259nin ild\u00f6n\u00fcm\u00fc g\u0259lir. Bu m\u00fcnasib\u0259tl\u0259 m\u0259n h\u0259r k\u0259si t\u0259brik edir\u0259m. H\u0259m d\u0259 m\u00fcharib\u0259d\u0259 d\u00fcnyas\u0131n\u0131 d\u0259yi\u015fmi\u015f insanlar\u0131 h\u00f6rm\u0259tl\u0259 an\u0131ram, Allah onlar\u0131n ruhunu \u015fad etsin. C\u0259nab Prezident may\u0131n 2-d\u0259 s\u0259r\u0259ncam imzalad\u0131 ki, \u0130kinci D\u00fcnya m\u00fcharib\u0259si veteranlar\u0131n\u0131n, onlar\u0131n dul qalm\u0131\u015f ail\u0259 \u00fczvl\u0259rinin, arxa c\u0259bh\u0259 veteranlar\u0131n\u0131n h\u0259r birin\u0259 min manat, \u00fcmumilikd\u0259 3 milyon manat v\u0259sait ayr\u0131l\u0131b. Buna g\u00f6r\u0259 c\u0259nab Prezident\u0259 t\u0259\u015f\u0259kk\u00fcr edir\u0259m. Amma m\u0259ni ba\u015fqa bir m\u0259s\u0259l\u0259 d\u0259 d\u00fc\u015f\u00fcnd\u00fcr\u00fcr &#8211; bir ne\u00e7\u0259 g\u00fcn bundan qabaq bizim \u00f6z V\u0259t\u0259n m\u00fcharib\u0259mizd\u0259 torpaqlar\u0131m\u0131z\u0131n i\u015f\u011faldan azad etmi\u015f bir qrup h\u0259rb\u00e7i m\u0259niml\u0259 g\u00f6r\u00fc\u015fd\u00fc v\u0259 m\u00fcraci\u0259t etdil\u0259r ki, onlar Prezidentin s\u0259r\u0259ncam\u0131na uy\u011fun olaraq, 2020-ci il sentyabr\u0131n 28-d\u0259 s\u0259f\u0259rb\u0259rlik olanda orduya \u00e7a\u011f\u0131r\u0131l\u0131blar, arxa c\u0259bh\u0259d\u0259 ordunun t\u0259chizat\u0131 il\u0259 m\u0259\u015f\u011ful olublar&#8221;. Deputat \u0259lav\u0259 etdi ki, buna baxmayaraq, t\u0259qrib\u0259n 4500 n\u0259f\u0259r m\u00fcharib\u0259 veteran\u0131 kimi tan\u0131nm\u0131r: \u201cBu, \u0259dal\u0259tsizlikdir ki, biz \u0130kinci D\u00fcnya m\u00fcharib\u0259sind\u0259 arxa c\u0259bh\u0259d\u0259 olanlar\u0131 veteran kimi tan\u0131y\u0131r\u0131q, amma V\u0259t\u0259n m\u00fcharib\u0259sind\u0259 olanlar\u0131 yox. S\u00f6hb\u0259t 80 manat veteran pulundan gedir. Onlar bildirdil\u0259r ki, h\u0259min puldan imtina edirl\u0259r. Sad\u0259c\u0259 olaraq, ola bilsin ki, &#8220;Arxa c\u0259bh\u0259 veteran\u0131&#8221; ad\u0131nda yeni statusda ad verilsin. Sad\u0259c\u0259, ist\u0259yirl\u0259r ki, bu m\u00fcharib\u0259d\u0259 i\u015ftirak el\u0259dikl\u0259ri d\u00f6vl\u0259t t\u0259r\u0259find\u0259n hans\u0131sa formada qeyd olunsun. Bunu da h\u0259mkarlar\u0131m\u0131n v\u0259 h\u00f6rm\u0259tli s\u0259dr, sizin diqq\u0259tiniz\u0259 \u00e7atd\u0131rd\u0131m&#8221;.<\/p>\n<p><strong>\u201cT\u00fct\u00fcn v\u0259 t\u00fct\u00fcn m\u0259mulat\u0131 haqq\u0131nda\u201d v\u0259 \u201cQida t\u0259hl\u00fck\u0259sizliyi haqq\u0131nda\u201d qanunlar\u0131na t\u0259klif edil\u0259n d\u0259yi\u015fiklikl\u0259r zaman\u0131 \u00e7\u0131x\u0131\u015f ed\u0259n deputat Sabir R\u00fcst\u0259mxanl\u0131 bunlar\u0131 s\u00f6yl\u0259di: \u201cAz\u0259rbaycan araq istehsal\u0131nda bu q\u0259d\u0259r m\u0259\u015fhurdursa, niy\u0259 \u00f6lk\u0259d\u0259n k\u0259nara \u00e7\u0131xa bilmirik? Vaxtil\u0259 Az\u0259rbaycan\u0131n &#8220;A\u011fdam&#8221; \u015f\u0259rab\u0131 var idi. Deyirdil\u0259r, \u201cA\u011fdam\u201d \u015f\u0259rab\u0131 il\u0259 Rusiyan\u0131 i\u015f\u011fal ed\u0259c\u0259yik&#8221;. Deputat bildirdi ki, indi d\u0259 Az\u0259rbaycan\u0131n yax\u015f\u0131 \u015f\u0259rablar\u0131 var: \u201cAmma idxal yoxdur. K\u0259nara \u00e7\u0131xara bilmirik. Dem\u0259li, ya bunun keyfiyy\u0259ti a\u015fa\u011f\u0131d\u0131r, ya da i\u015f d\u00fczg\u00fcn qurulmay\u0131b. Rayonlara ged\u0259nd\u0259 marketl\u0259r\u0259 bax\u0131rsan, q\u0259\u015f\u0259ng adl\u0131 araqlar\u0131 qoyublar, amma qiym\u0259ti 3 manat, 4 manat. Baxanda bilinir ki, saxtad\u0131r. B\u0259s buna lisenziyan\u0131 kim verib? M\u0259nim cavan dostum saxta araqdan r\u0259hm\u0259t\u0259 getdi\u201d.<\/strong><\/p>\n<p>Deputat Fazil Mustafa d\u0259fn \u00fczr\u0259 m\u00fcavin\u0259tin art\u0131r\u0131lmas\u0131 t\u0259klifi il\u0259 \u00e7\u0131x\u0131\u015f etdi. Bildirdi ki, d\u0259fn m\u00fcavin\u0259ti almaqda da probleml\u0259r var: \u201c\u0130st\u0259nil\u0259n Az\u0259rbaycan v\u0259t\u0259nda\u015f\u0131 i\u015fl\u0259yib-i\u015fl\u0259m\u0259m\u0259sind\u0259n as\u0131l\u0131 olmayaraq, bu m\u00fcavin\u0259ti almal\u0131d\u0131r. \u018fm\u0259k pensiyas\u0131 alanlar \u00fc\u00e7\u00fcn bu m\u0259bl\u0259\u011f 500 manatd\u0131r. B\u00fct\u00fcn v\u0259t\u0259nda\u015flara 300 manat da olsa, 500 manat da olsa, d\u0259fn m\u00fcavin\u0259ti verilm\u0259lidir\u201d.<\/p>\n<p>Deputat dig\u0259r problemin pullu \u201cQaynar x\u0259tt\u201dl\u0259rl\u0259 ba\u011fl\u0131 oldu\u011funu deyib: &#8220;Pullu \u0259saslarla \u201cQaynar x\u0259tt\u201d anlay\u0131\u015f\u0131 ortadan qalxmal\u0131d\u0131r. B\u0259zi qurumlarda, nazirlikl\u0259rd\u0259 bu \u201c\u0130l\u0131q x\u0259tt\u201ddir, \u201cSoyuq x\u0259tt\u201ddir. Bu problem h\u0259llini tapmal\u0131d\u0131r&#8221;.<\/p>\n","protected":false},"excerpt":{"rendered":"<p>Siyavu\u015f Novruzov d\u00fc\u015f\u00fcn\u00fcr ki, Az\u0259rbaycan\u0131 x\u0259rit\u0259d\u0259 tapa bilm\u0259y\u0259n Amerika konqresmenl\u0259rin\u0259 buradan yalan m\u0259lumatlar g\u00f6nd\u0259rilir; Sabir R\u00fcst\u0259mxanl\u0131 is\u0259 sual edir:\u00a0 \u201cAraq istehsal\u0131nda bu q\u0259d\u0259r m\u0259\u015fhuruqsa, niy\u0259&#8230;.\u201d May\u0131n 7-sind\u0259 Milli M\u0259clisin n\u00f6vb\u0259ti iclas\u0131 ke\u00e7irildi. Spiker Sahib\u0259 Qafarova giri\u015f nitqind\u0259 bildirdi ki, iclas \u00e7ox \u0259lam\u0259tdar g\u00fcn\u0259 t\u0259sad\u00fcf edir. S\u0259dr may\u0131n 10-da \u00dcmummilli lider Heyd\u0259r \u018fliyevin anadan olmas\u0131n\u0131n 101-ci ild\u00f6n\u00fcm\u00fc oldu\u011funu s\u00f6yl\u0259di, m\u0259rhum prezidentin Az\u0259rbaycana r\u0259hb\u0259rlik etdiyi, h\u0259m\u00e7inin Milli M\u0259clis\u0259 s\u0259drlik etdiyi d\u00f6n\u0259ml\u0259rd\u0259n b\u0259hs etdi. Spiker h\u0259m\u00e7inin 10 mayda Heyd\u0259r \u018fliyev Fondunun yarad\u0131lmas\u0131n\u0131n 20-ci ild\u00f6n\u00fcm\u00fcn\u00fcn oldu\u011funu vur\u011fulayaraq, fondun imza atd\u0131\u011f\u0131 tarixi u\u011furlardan b\u0259hs etdi.&hellip;<\/p>\n","protected":false},"author":2,"featured_media":719706,"comment_status":"closed","ping_status":"closed","sticky":false,"template":"","format":"standard","meta":{"om_disable_all_campaigns":false,"_monsterinsights_skip_tracking":false,"_monsterinsights_sitenote_active":false,"_monsterinsights_sitenote_note":"","_monsterinsights_sitenote_category":0},"categories":[19],"tags":[],"aioseo_notices":[],"gutentor_comment":0,"rttpg_featured_image_url":{"full":["https:\/\/arantv.az\/wp-content\/uploads\/2024\/05\/ee19385022e72867a67ba76bb1516937.jpg",620,413,false],"landscape":["https:\/\/arantv.az\/wp-content\/uploads\/2024\/05\/ee19385022e72867a67ba76bb1516937.jpg",620,413,false],"portraits":["https:\/\/arantv.az\/wp-content\/uploads\/2024\/05\/ee19385022e72867a67ba76bb1516937.jpg",620,413,false],"thumbnail":["https:\/\/arantv.az\/wp-content\/uploads\/2024\/05\/ee19385022e72867a67ba76bb1516937-500x280.jpg",500,280,true],"medium":["https:\/\/arantv.az\/wp-content\/uploads\/2024\/05\/ee19385022e72867a67ba76bb1516937-548x365.jpg",548,365,true],"large":["https:\/\/arantv.az\/wp-content\/uploads\/2024\/05\/ee19385022e72867a67ba76bb1516937.jpg",620,413,false],"1536x1536":["https:\/\/arantv.az\/wp-content\/uploads\/2024\/05\/ee19385022e72867a67ba76bb1516937.jpg",620,413,false],"2048x2048":["https:\/\/arantv.az\/wp-content\/uploads\/2024\/05\/ee19385022e72867a67ba76bb1516937.jpg",620,413,false],"post-thumbnail":["https:\/\/arantv.az\/wp-content\/uploads\/2024\/05\/ee19385022e72867a67ba76bb1516937-240x172.jpg",240,172,true],"advps-thumb-one":["https:\/\/arantv.az\/wp-content\/uploads\/2024\/05\/ee19385022e72867a67ba76bb1516937.jpg",620,413,false]},"rttpg_author":{"display_name":"V\u00fcsal Rafiqo\u011flu","author_link":"https:\/\/arantv.az\/?author=2"},"rttpg_comment":0,"rttpg_category":"<a href=\"https:\/\/arantv.az\/?cat=19\" rel=\"category\">G\u00fcnd\u0259m<\/a>","rttpg_excerpt":"Siyavu\u015f Novruzov d\u00fc\u015f\u00fcn\u00fcr ki, Az\u0259rbaycan\u0131 x\u0259rit\u0259d\u0259 tapa bilm\u0259y\u0259n Amerika konqresmenl\u0259rin\u0259 buradan yalan m\u0259lumatlar g\u00f6nd\u0259rilir; Sabir R\u00fcst\u0259mxanl\u0131 is\u0259 sual edir:\u00a0 \u201cAraq istehsal\u0131nda bu q\u0259d\u0259r m\u0259\u015fhuruqsa, niy\u0259&#8230;.\u201d May\u0131n 7-sind\u0259 Milli M\u0259clisin n\u00f6vb\u0259ti iclas\u0131 ke\u00e7irildi. Spiker Sahib\u0259 Qafarova giri\u015f nitqind\u0259 bildirdi ki, iclas \u00e7ox \u0259lam\u0259tdar g\u00fcn\u0259 t\u0259sad\u00fcf edir. S\u0259dr may\u0131n 10-da \u00dcmummilli lider Heyd\u0259r \u018fliyevin anadan olmas\u0131n\u0131n 101-ci&hellip;","_links":{"self":[{"href":"https:\/\/arantv.az\/index.php?rest_route=\/wp\/v2\/posts\/719705"}],"collection":[{"href":"https:\/\/arantv.az\/index.php?rest_route=\/wp\/v2\/posts"}],"about":[{"href":"https:\/\/arantv.az\/index.php?rest_route=\/wp\/v2\/types\/post"}],"author":[{"embeddable":true,"href":"https:\/\/arantv.az\/index.php?rest_route=\/wp\/v2\/users\/2"}],"replies":[{"embeddable":true,"href":"https:\/\/arantv.az\/index.php?rest_route=%2Fwp%2Fv2%2Fcomments&post=719705"}],"version-history":[{"count":0,"href":"https:\/\/arantv.az\/index.php?rest_route=\/wp\/v2\/posts\/719705\/revisions"}],"wp:featuredmedia":[{"embeddable":true,"href":"https:\/\/arantv.az\/index.php?rest_route=\/wp\/v2\/media\/719706"}],"wp:attachment":[{"href":"https:\/\/arantv.az\/index.php?rest_route=%2Fwp%2Fv2%2Fmedia&parent=719705"}],"wp:term":[{"taxonomy":"category","embeddable":true,"href":"https:\/\/arantv.az\/index.php?rest_route=%2Fwp%2Fv2%2Fcategories&post=719705"},{"taxonomy":"post_tag","embeddable":true,"href":"https:\/\/arantv.az\/index.php?rest_route=%2Fwp%2Fv2%2Ftags&post=719705"}],"curies":[{"name":"wp","href":"https:\/\/api.w.org\/{rel}","templated":true}]}}