{"id":719723,"date":"2024-05-08T10:30:26","date_gmt":"2024-05-08T06:30:26","guid":{"rendered":"https:\/\/arantv.az\/?p=719723"},"modified":"2024-05-08T10:30:26","modified_gmt":"2024-05-08T06:30:26","slug":"s%c9%99n%c9%99-sukur-susa","status":"publish","type":"post","link":"https:\/\/arantv.az\/?p=719723","title":{"rendered":"S\u0259n\u0259 \u015f\u00fck\u00fcr, \u015eu\u015fa&#8230;"},"content":{"rendered":"<h3><strong>\u0130ll\u0259r sonra 8 maya sevinm\u0259k m\u00f6c\u00fcz\u0259si haqda\u00a0<\/strong><\/h3>\n<p>8 may. 1992-ci il. \u015eu\u015fan\u0131n i\u015f\u011fal\u0131. Az\u0259rbaycan tarixinin \u0259n qara s\u0259hif\u0259l\u0259rind\u0259n biri&#8230; 29 il h\u0259r 8 mayda ya\u015fam\u0131\u015f\u0131q bu utanc tarixini. \u018fslind\u0259 utanc dem\u0259k d\u0259 b\u0259lk\u0259 do\u011fru deyil, Birinci Qaraba\u011f sava\u015f\u0131nda \u015eu\u015fa u\u011frunda can\u0131ndan ke\u00e7\u0259nl\u0259ri nec\u0259 unutmaq, bizim kimi \u201cutananlar\u201d s\u0131ras\u0131na\u00a0 aid etm\u0259k\u00a0olard\u0131 ki? Onlar\u0131n da boynumuzda haqlar\u0131 olub h\u0259mi\u015f\u0259, onlara da borcluyuq&#8230;<\/p>\n<p>8 may tarixini h\u0259mi\u015f\u0259 f\u0259rqli yad etmi\u015fik. F\u0259rqli m\u00fcnasib\u0259t olub \u015eu\u015faya. Pasportumuzda he\u00e7 d\u0259yi\u015fm\u0259y\u0259n \u015eu\u015fa qeydiyyat\u0131n\u0131 g\u00f6r\u0259n yol polisi d\u0259 d\u00f6vl\u0259tin c\u0259rim\u0259sini g\u00f6rm\u0259zd\u0259n g\u0259lib. H\u0259min adama g\u00f6r\u0259 yox, \u015eu\u015faya g\u00f6r\u0259&#8230; H\u0259l\u0259 \u201c\u015fu\u015fal\u0131yam\u201d ad\u0131n\u0131 qorumaq da vard\u0131- indi q\u0259rib\u0259 g\u0259l\u0259 bil\u0259r, amma bu da olub. \u015eu\u015fal\u0131 adam\u0131 aldatmaz, \u015fu\u015fal\u0131 toyda oynamaz&#8230; Sonuncusu etiraf edim ki, m\u0259nim \u201ck\u0259\u015ffimdir\u201d, oynaya bilm\u0259m\u0259yimi \u015eu\u015fa ad\u0131 alt\u0131nda gizl\u0259tdim ill\u0259rl\u0259. \u0130\u015f\u0259 yarad\u0131, ham\u0131 anlay\u0131\u015fla qar\u015f\u0131lay\u0131b, b\u0259lk\u0259 d\u0259 \u00fcz\u0259 dem\u0259s\u0259l\u0259r d\u0259, \u015fu\u015fal\u0131 oynayanda q\u0131raqdan bax\u0131b q\u0131nad\u0131lar da&#8230;\u015eu\u015fa i\u015f\u011faldayk\u0259n, nec\u0259 oynamaq olard\u0131 ax\u0131 Allah\u0131m?<\/p>\n<p><img loading=\"lazy\" src=\"https:\/\/cdn.musavat.com\/news\/thumbnails\/c258fcbbdfc0c8eda162f245a1907c3b.jpg\" alt=\"e9c813ae8531bb990e88621dcd006ae1.jpg (44 KB)\" width=\"690\" height=\"386\" \/><\/p>\n<p>8 may! H\u0259r bu tarix yer \u00f6z oxu \u0259traf\u0131nda f\u0131rlan\u0131b g\u0259l\u0259nd\u0259 d\u00fcnya adam\u0131n ba\u015f\u0131na y\u0131x\u0131lard\u0131. Son ill\u0259r \u00fcmumiyy\u0259tl\u0259, h\u0259min g\u00fcn he\u00e7 televizoru yand\u0131rma\u011fa daha hey d\u0259 qalm\u0131rd\u0131. N\u0259 q\u0259d\u0259r olard\u0131 bu h\u0259sr\u0259tl\u0259 ya\u015famaq? Erm\u0259nil\u0259rin\u00a0 \u015eu\u015fada yeyib-i\u00e7dikl\u0259rini, orada gen\u0259lib dinc\u0259lm\u0259kl\u0259rini, biz\u0259 ac\u0131q verm\u0259l\u0259rini he\u00e7 zaman unutmaq olmaz&#8230;S\u0259nin v\u0259t\u0259nind\u0259 yadellil\u0259rin qol g\u00f6t\u00fcr\u00fcb oynamas\u0131ndan daha b\u00f6y\u00fck utanc olard\u0131m\u0131? Ata-baban\u0131n i\u015f\u011faldak\u0131 q\u0259birl\u0259rind\u0259 s\u00fcm\u00fckl\u0259ri d\u0259 yan\u0131rsa, s\u0259n \u00fcmumiyy\u0259tl\u0259 nec\u0259 \u201cya\u015fay\u0131ram\u201d dey\u0259 bilmis\u0259n?<\/p>\n<p>Amma h\u0259r \u00f6t\u0259n il bizi \u015eu\u015fadan uzaqla\u015fd\u0131rm\u0131rd\u0131, \u0259ksin\u0259 bu d\u0259rd daha da adam\u0131 \u00f6z\u00fcn\u0259 \u00e7\u0259k\u0259r, yaxas\u0131ndan yap\u0131\u015far, \u00e7\u0259rl\u0259d\u0259rdi. Pir\u015fa\u011f\u0131dak\u0131 \u201c\u015fu\u015fal\u0131lar q\u0259biristanl\u0131\u011f\u0131\u201d son n\u0259f\u0259sind\u0259 \u201c\u015eu\u015fada \u00f6l\u0259 bilm\u0259dik\u201d dey\u0259nl\u0259rl\u0259 doludur&#8230;<\/p>\n<p>Hikm\u0259tin(Sabiro\u011flu) apreld\u0259 yazd\u0131\u011f\u0131 yaz\u0131dan sitat yerin\u0259 d\u00fc\u015f\u00fcr: \u201cAnam. Bir vaxt bel\u0259 yazm\u0131\u015fam: \u201cDaha qap\u0131n\u0131 \u00fcz\u00fcm\u0259 a\u00e7m\u0131r anam, \u201cTorpaqdan n\u0259 x\u0259b\u0259r?\u201d soru\u015fmur. Onun Torpaq davas\u0131 bitib art\u0131q. \u015eu\u015fan\u0131n 21-ci ilind\u0259 bitib.<\/p>\n<p>O 21 ild\u0259 he\u00e7 olmam\u0131\u015fd\u0131 ki, m\u0259nd\u0259n Torpa\u011f\u0131 x\u0259b\u0259r almas\u0131n anam. N\u0259 vaxt qap\u0131n\u0131 d\u00f6y\u00fcb ev\u0259 girirdim, Torpaqdan x\u0259b\u0259r ist\u0259yirdi. Qaraba\u011f demirdi, \u015eu\u015fa demirdi, el\u0259c\u0259 Torpaq deyirdi\u201d.<\/p>\n<p><img loading=\"lazy\" src=\"https:\/\/cdn.musavat.com\/news\/thumbnails\/2f388233ca480c12cf14765d9c69d12c.jpg\" alt=\"ff36da2e7f8813d703412e85ada9ff2c.jpg (82 KB)\" width=\"637\" height=\"400\" \/><\/p>\n<p>&#8230;He\u00e7 \u015eu\u015fan\u0131 g\u00f6rm\u0259y\u0259n u\u015faqlar\u0131m\u0131za h\u0259r \u015feyd\u0259n \u00f6nc\u0259 \u201c\u015fu\u015fal\u0131yam\u201d dem\u0259yi \u00f6yr\u0259dirdik. Amma \u201cm\u0259ni \u015eu\u015faya niy\u0259 aparm\u0131rsan\u201d sual\u0131 qar\u015f\u0131s\u0131nda \u00fcr\u0259yimizi ovu\u015fdurmaqdan ba\u015fqa \u00e7ar\u0259miz qalmazd\u0131. U\u015faqlar da b\u00f6y\u00fcy\u0259r, ger\u00e7\u0259yi \u00f6yr\u0259n\u0259r, el\u0259 biz q\u0259d\u0259r d\u0259rdl\u0259nm\u0259y\u0259 ba\u015flay\u0131rd\u0131lar. Biz u\u015faqlar\u0131m\u0131z\u0131 bu boyda a\u011f\u0131r y\u00fck\u00fcn alt\u0131nda qoyub getm\u0259m\u0259liydik!<\/p>\n<p>Son ill\u0259r tez-tez \u201c \u015eu\u015fa daha getdi&#8230;\u201d e\u015fitm\u0259kd\u0259ydik. G\u0259lib-ged\u0259n Minsk Qrupuna, m\u0259nas\u0131z dan\u0131\u015f\u0131qlara daha inam qalmam\u0131\u015fd\u0131. \u201c\u015eu\u015fan\u0131 erm\u0259ni m\u00fcharib\u0259siz qaytarmaz\u201d-bu da son ill\u0259rin \u0259n \u00e7ox\u00a0 i\u015fl\u0259dil\u0259n fikirl\u0259rind\u0259n biri, b\u0259lk\u0259 d\u0259 birincisi idi.<\/p>\n<p>2016-c\u0131 ilin aprel d\u00f6y\u00fc\u015fl\u0259rind\u0259 \u201cniy\u0259 h\u0259rbi \u0259m\u0259liyyatlar yar\u0131m\u00e7\u0131q dayand\u0131, niy\u0259 ir\u0259li getm\u0259dik\u201d dedik. Yen\u0259 \u00fcmidsizlik&#8230; \u015eu\u015fa s\u0259n dem\u0259, o h\u0259ms\u0259dr m\u00fczakir\u0259l\u0259rind\u0259\u00a0 masada he\u00e7 yoxmu\u015f! \u201c\u015eu\u015fada Az\u0259rbaycan bayra\u011f\u0131 o zaman dal\u011falanacaq ki, burada b\u0259lk\u0259 konsulluq binas\u0131 a\u00e7as\u0131z\u201d-erm\u0259nil\u0259r deyirmi\u015fl\u0259r bunu da. D\u00fc\u015fm\u0259n \u015eu\u015fan\u0131 \u0259b\u0259di caynaqlar\u0131na ke\u00e7irdikl\u0259rin\u0259 \u00f6zl\u0259rini el\u0259 inand\u0131rm\u0131\u015fd\u0131lar ki&#8230;<\/p>\n<p>27 sentyabrda ba\u015flayan V\u0259t\u0259n m\u00fcharib\u0259sinin h\u0259r saat\u0131n\u0131\u00a0 \u201c\u015eu\u015fa da i\u015f\u011faldan m\u00fctl\u0259q qurtulacaq\u201d \u00fcmidi il\u0259 ya\u015fad\u0131q. H\u0259r i\u015f\u011faldan azad k\u0259nd bizi \u015eu\u015faya yax\u0131nla\u015fd\u0131r\u0131rd\u0131. \u201cAmma\u201dlar, \u201cb\u0259lk\u0259&#8230;\u201dl\u0259r d\u0259 vard\u0131. Prezident \u0130lham \u018fliyev \u201c\u015eu\u015fas\u0131z i\u015fimiz yar\u0131m\u00e7\u0131q qalar\u201d dem\u0259kl\u0259 \u201camma\u201d v\u0259 \u201cb\u0259lk\u0259\u201dl\u0259rin \u00fcz\u0259rin\u0259 x\u0259tt \u00e7\u0259kdi.<\/p>\n<p>\u00c7\u0259tin oldu \u201c\u015eU\u015eA, S\u018fN AZADSAN!\u201d x\u0259b\u0259rini g\u00f6zl\u0259m\u0259k. O x\u0259b\u0259ri qula\u011f\u0131nla e\u015fitm\u0259k xo\u015fb\u0259xtliyi&#8230;29 illik ayr\u0131l\u0131\u011f\u0131n bitdiyini bildir\u0259n 8 noyabr g\u00fcn\u00fc! Q\u0259l\u0259b\u0259y\u0259 h\u0259sr\u0259t, \u015eu\u015faya h\u0259sr\u0259t xalq\u0131n bayram\u0131! M\u00f6c\u00fcz\u0259 kimi bir g\u00fcn&#8230;<\/p>\n<p><img loading=\"lazy\" src=\"https:\/\/cdn.musavat.com\/news\/thumbnails\/37ea193ff76925a922c9b1f9859f5058.jpg\" alt=\"dbb90b00808b5010cb49ddb4c319b9d6.jpg (47 KB)\" width=\"642\" height=\"355\" \/><\/p>\n<p>\u015eu\u015fa azadd\u0131r! Do\u011frudan, y\u0259ni?! Ali Ba\u015f Komandana \u015eu\u015fadan m\u0259ruz\u0259 edilir, bayra\u011f\u0131m\u0131z \u015eu\u015fada! G\u00f6vh\u0259r A\u011fa m\u0259scidind\u0259 x\u00fcsusi t\u0259yinatl\u0131m\u0131z azan oxuyur&#8230;Bel\u0259 bir m\u00f6c\u00fcz\u0259ni ya\u015famaq qism\u0259timizd\u0259 varm\u0131\u015f s\u0259n dem\u0259&#8230; 8 may utanc\u0131ndan, 8 noyabr z\u0259f\u0259rin\u0259 aparan yol uzun, a\u011fr\u0131l\u0131 oldu. Amma oldu!<\/p>\n<p>Biz ya\u015fayaq, ba\u015f\u0131m\u0131z\u0131 dik tutaq dey\u0259, canlar\u0131ndan ke\u00e7\u0259n \u015f\u0259hidl\u0259rimiz\u0259 borcluyuq, qazil\u0259rimiz\u0259 minn\u0259tdar\u0131q&#8230;Onlar \u015eu\u015fan\u0131 Az\u0259rbaycana qaytarmard\u0131lar t\u0259kc\u0259, xalq\u0131n 29 illik \u0259zilmi\u015f, t\u0259hqir edilmi\u015f q\u00fcrurunu xilas etdil\u0259r!<\/p>\n<p>\u015eu\u015fa v\u0259 dig\u0259r torpaqlar\u0131m\u0131z\u0131n azadl\u0131\u011f\u0131 u\u011frunda h\u0259lak olan \u015f\u0259hidl\u0259rimizin ruhu qar\u015f\u0131s\u0131nda ba\u015f \u0259yirik!\u00a0 Ba\u015f\u0131m\u0131z\u0131 onlar\u0131n qar\u015f\u0131s\u0131nda \u0259ym\u0259k n\u0259 b\u00f6y\u00fck q\u00fcrur!!!<\/p>\n<p>Bu g\u00fcn \u015eu\u015faya ilk k\u00f6\u00e7 ba\u015flay\u0131r. \u0130ll\u0259r sonra 8 maya sevinm\u0259k, \u015f\u00fck\u00fcr el\u0259m\u0259k d\u0259 m\u00f6c\u00fcz\u0259. S\u0259n\u0259 \u015f\u00fck\u00fcr, \u015eu\u015fa&#8230;<\/p>\n<p><strong>Nazim SAB\u0130RO\u011eLU,<br \/>\nMusavat.com<\/strong><\/p>\n<div class=\"news-author text-left\"><a href=\"https:\/\/musavat.com\/author\/nazim-sabiroglu_14\"><img class=\"img-responsive img-author\" src=\"https:\/\/cdn.musavat.com\/authors\/thumbnails\/0b1621208614b01a85702805e300e7b6.jpg\" \/>Nazim SAB\u0130RO\u011eLU<\/a><\/div>\n","protected":false},"excerpt":{"rendered":"<p>\u0130ll\u0259r sonra 8 maya sevinm\u0259k m\u00f6c\u00fcz\u0259si haqda\u00a0 8 may. 1992-ci il. \u015eu\u015fan\u0131n i\u015f\u011fal\u0131. Az\u0259rbaycan tarixinin \u0259n qara s\u0259hif\u0259l\u0259rind\u0259n biri&#8230; 29 il h\u0259r 8 mayda ya\u015fam\u0131\u015f\u0131q bu utanc tarixini. \u018fslind\u0259 utanc dem\u0259k d\u0259 b\u0259lk\u0259 do\u011fru deyil, Birinci Qaraba\u011f sava\u015f\u0131nda \u015eu\u015fa u\u011frunda can\u0131ndan ke\u00e7\u0259nl\u0259ri nec\u0259 unutmaq, bizim kimi \u201cutananlar\u201d s\u0131ras\u0131na\u00a0 aid etm\u0259k\u00a0olard\u0131 ki? Onlar\u0131n da boynumuzda haqlar\u0131 olub h\u0259mi\u015f\u0259, onlara da borcluyuq&#8230; 8 may tarixini h\u0259mi\u015f\u0259 f\u0259rqli yad etmi\u015fik. F\u0259rqli m\u00fcnasib\u0259t olub \u015eu\u015faya. Pasportumuzda he\u00e7 d\u0259yi\u015fm\u0259y\u0259n \u015eu\u015fa qeydiyyat\u0131n\u0131 g\u00f6r\u0259n yol polisi d\u0259 d\u00f6vl\u0259tin c\u0259rim\u0259sini g\u00f6rm\u0259zd\u0259n g\u0259lib. H\u0259min adama g\u00f6r\u0259 yox, \u015eu\u015faya g\u00f6r\u0259&#8230;&hellip;<\/p>\n","protected":false},"author":2,"featured_media":719724,"comment_status":"closed","ping_status":"closed","sticky":false,"template":"","format":"standard","meta":{"om_disable_all_campaigns":false,"_monsterinsights_skip_tracking":false,"_monsterinsights_sitenote_active":false,"_monsterinsights_sitenote_note":"","_monsterinsights_sitenote_category":0},"categories":[1],"tags":[],"aioseo_notices":[],"gutentor_comment":0,"rttpg_featured_image_url":{"full":["https:\/\/arantv.az\/wp-content\/uploads\/2024\/05\/4b686cabbcaecfc67e69b698111331ba.jpg",640,367,false],"landscape":["https:\/\/arantv.az\/wp-content\/uploads\/2024\/05\/4b686cabbcaecfc67e69b698111331ba.jpg",640,367,false],"portraits":["https:\/\/arantv.az\/wp-content\/uploads\/2024\/05\/4b686cabbcaecfc67e69b698111331ba.jpg",640,367,false],"thumbnail":["https:\/\/arantv.az\/wp-content\/uploads\/2024\/05\/4b686cabbcaecfc67e69b698111331ba-500x280.jpg",500,280,true],"medium":["https:\/\/arantv.az\/wp-content\/uploads\/2024\/05\/4b686cabbcaecfc67e69b698111331ba-637x365.jpg",637,365,true],"large":["https:\/\/arantv.az\/wp-content\/uploads\/2024\/05\/4b686cabbcaecfc67e69b698111331ba.jpg",640,367,false],"1536x1536":["https:\/\/arantv.az\/wp-content\/uploads\/2024\/05\/4b686cabbcaecfc67e69b698111331ba.jpg",640,367,false],"2048x2048":["https:\/\/arantv.az\/wp-content\/uploads\/2024\/05\/4b686cabbcaecfc67e69b698111331ba.jpg",640,367,false],"post-thumbnail":["https:\/\/arantv.az\/wp-content\/uploads\/2024\/05\/4b686cabbcaecfc67e69b698111331ba-240x172.jpg",240,172,true],"advps-thumb-one":["https:\/\/arantv.az\/wp-content\/uploads\/2024\/05\/4b686cabbcaecfc67e69b698111331ba.jpg",640,367,false]},"rttpg_author":{"display_name":"V\u00fcsal Rafiqo\u011flu","author_link":"https:\/\/arantv.az\/?author=2"},"rttpg_comment":0,"rttpg_category":"<a href=\"https:\/\/arantv.az\/?cat=1\" rel=\"category\">C\u0259miyy\u0259t<\/a>","rttpg_excerpt":"\u0130ll\u0259r sonra 8 maya sevinm\u0259k m\u00f6c\u00fcz\u0259si haqda\u00a0 8 may. 1992-ci il. \u015eu\u015fan\u0131n i\u015f\u011fal\u0131. Az\u0259rbaycan tarixinin \u0259n qara s\u0259hif\u0259l\u0259rind\u0259n biri&#8230; 29 il h\u0259r 8 mayda ya\u015fam\u0131\u015f\u0131q bu utanc tarixini. \u018fslind\u0259 utanc dem\u0259k d\u0259 b\u0259lk\u0259 do\u011fru deyil, Birinci Qaraba\u011f sava\u015f\u0131nda \u015eu\u015fa u\u011frunda can\u0131ndan ke\u00e7\u0259nl\u0259ri nec\u0259 unutmaq, bizim kimi \u201cutananlar\u201d s\u0131ras\u0131na\u00a0 aid etm\u0259k\u00a0olard\u0131 ki? Onlar\u0131n da boynumuzda haqlar\u0131&hellip;","_links":{"self":[{"href":"https:\/\/arantv.az\/index.php?rest_route=\/wp\/v2\/posts\/719723"}],"collection":[{"href":"https:\/\/arantv.az\/index.php?rest_route=\/wp\/v2\/posts"}],"about":[{"href":"https:\/\/arantv.az\/index.php?rest_route=\/wp\/v2\/types\/post"}],"author":[{"embeddable":true,"href":"https:\/\/arantv.az\/index.php?rest_route=\/wp\/v2\/users\/2"}],"replies":[{"embeddable":true,"href":"https:\/\/arantv.az\/index.php?rest_route=%2Fwp%2Fv2%2Fcomments&post=719723"}],"version-history":[{"count":0,"href":"https:\/\/arantv.az\/index.php?rest_route=\/wp\/v2\/posts\/719723\/revisions"}],"wp:featuredmedia":[{"embeddable":true,"href":"https:\/\/arantv.az\/index.php?rest_route=\/wp\/v2\/media\/719724"}],"wp:attachment":[{"href":"https:\/\/arantv.az\/index.php?rest_route=%2Fwp%2Fv2%2Fmedia&parent=719723"}],"wp:term":[{"taxonomy":"category","embeddable":true,"href":"https:\/\/arantv.az\/index.php?rest_route=%2Fwp%2Fv2%2Fcategories&post=719723"},{"taxonomy":"post_tag","embeddable":true,"href":"https:\/\/arantv.az\/index.php?rest_route=%2Fwp%2Fv2%2Ftags&post=719723"}],"curies":[{"name":"wp","href":"https:\/\/api.w.org\/{rel}","templated":true}]}}