{"id":719727,"date":"2024-05-08T10:32:36","date_gmt":"2024-05-08T06:32:36","guid":{"rendered":"https:\/\/arantv.az\/?p=719727"},"modified":"2024-05-08T10:32:36","modified_gmt":"2024-05-08T06:32:36","slug":"susa-z%c9%99f%c9%99rimizin-r%c9%99mzi-tacidir","status":"publish","type":"post","link":"https:\/\/arantv.az\/?p=719727","title":{"rendered":"\u015eu\u015fa Z\u0259f\u0259rimizin r\u0259mzi, tac\u0131d\u0131r"},"content":{"rendered":"<p><em><strong>Bu g\u00fcn harada ya\u015famas\u0131ndan as\u0131l\u0131 olmayaraq h\u0259r bir az\u0259rbaycanl\u0131 torpaqlar\u0131m\u0131z\u0131n, o c\u00fcml\u0259d\u0259n Qaraba\u011f\u0131n tac\u0131 \u015eu\u015fan\u0131n i\u015f\u011fal deyil, i\u015f\u011faldan azad edildiyi tarixl\u0259ri qeyd edir<\/strong><\/em><\/p>\n<p>D\u00f6vl\u0259t ba\u015f\u00e7\u0131s\u0131 \u0130lham \u018fliyevin 44 g\u00fcnl\u00fck \u0130kinci Qaraba\u011f m\u00fcharib\u0259sinin gedi\u015fi d\u00f6vr\u00fcnd\u0259 T\u00fcrkiy\u0259nin \u00abA Haber\u00bb televiziya kanal\u0131na m\u00fcsahib\u0259sind\u0259 \u00abQaraba\u011f\u0131n q\u0259lbi, g\u00f6z\u00fc \u015eu\u015fad\u0131r. Az\u0259rbaycanl\u0131lar\u0131n g\u00f6z\u00fc-qula\u011f\u0131 \u015eu\u015fadan g\u0259l\u0259c\u0259k x\u0259b\u0259rd\u0259dir. \u0130stiqam\u0259ti \u015eu\u015fa olaraqm\u0131 verdiniz, in\u015fallah\u00bb sual\u0131na cavab\u0131n\u0131 xat\u0131rlatmaq ist\u0259rdik: \u00ab\u0130stiqam\u0259t h\u0259r t\u0259r\u0259fdir. \u0130\u015f\u011fal edilmi\u015f torpaqlar\u0131n h\u0259r bir qar\u0131\u015f\u0131, h\u0259r bir \u015f\u0259h\u0259r bizim \u00fc\u00e7\u00fcn do\u011fmad\u0131r, \u0259zizdir. M\u0259nim \u00fc\u00e7\u00fcn h\u0259r bir k\u0259ndin d\u0259y\u0259ri, qiym\u0259ti o biri k\u0259ndl\u0259 m\u00fcqayis\u0259d\u0259, o biri \u015f\u0259h\u0259rl\u0259 m\u00fcqayis\u0259d\u0259 eynidir, b\u0259rab\u0259rdir. Ancaq siz d\u0259 yax\u015f\u0131 bilirsiniz ki, \u015eu\u015fan\u0131n Az\u0259rbaycan xalq\u0131n\u0131n q\u0259lbind\u0259 x\u00fcsusi yeri var. Bu, bizim tarixi \u015f\u0259h\u0259rimizdir, q\u0259dim m\u0259d\u0259niyy\u0259t oca\u011f\u0131d\u0131r. \u015eu\u015fa Az\u0259rbaycan xalq\u0131na bir \u00e7ox istedadl\u0131, dahi \u015f\u0259xsl\u0259r b\u0259x\u015f edibdir. \u018flb\u0259tt\u0259 ki, \u015eu\u015fas\u0131z bizim i\u015fimiz yar\u0131m\u00e7\u0131q olar. T\u0259bii ki, m\u00fczakir\u0259l\u0259r prosesind\u0259 d\u0259 h\u0259r zaman bu m\u0259s\u0259l\u0259 g\u00fcnd\u0259likd\u0259 idi.\u00bb \u00abY\u0259qin ki, Qaraba\u011f\u0131 azad etm\u0259k r\u0259hm\u0259tlik atan\u0131z\u0131n v\u0259siyy\u0259tidir\u00bb sual\u0131na cavab olaraq is\u0259 onu qeyd etmi\u015fdir ki, m\u0259n h\u0259r zaman \u00e7al\u0131\u015fm\u0131\u015fam ki, atam\u0131n yoluna sadiq olum. 2003-c\u00fc ild\u0259 ilk d\u0259f\u0259 Az\u0259rbaycan xalq\u0131 m\u0259n\u0259 etimad g\u00f6st\u0259r\u0259nd\u0259 se\u00e7kil\u0259rd\u0259n \u0259vv\u0259l m\u0259n demi\u015fdim ki, \u0259g\u0259r siz m\u0259n\u0259 bu inam\u0131, etimad\u0131 g\u00f6st\u0259rs\u0259niz, m\u0259n Heyd\u0259r \u018fliyev siyas\u0259tin\u0259 sadiq olaca\u011fam, b\u00fct\u00fcn istiqam\u0259tl\u0259r \u00fczr\u0259 onun yolu il\u0259 ged\u0259c\u0259y\u0259m. \u015eadam ki, s\u00f6z\u00fcm\u0259 sadiq oldum, s\u00f6z\u00fcm\u00fc tutdum. Bu g\u00fcn Az\u0259rbaycan\u0131n s\u00fcr\u0259tli v\u0259 u\u011furlu inki\u015faf\u0131, beyn\u0259lxalq m\u00fcst\u0259vid\u0259 b\u00f6y\u00fck h\u00f6rm\u0259t\u0259 malik olmas\u0131, \u00f6lk\u0259 daxilind\u0259 sosial, iqtisadi, dig\u0259r probleml\u0259rin h\u0259lli, b\u00f6y\u00fck layih\u0259l\u0259rin h\u0259yata ke\u00e7irilm\u0259si, \u0259lb\u0259tt\u0259 ki, Heyd\u0259r \u018fliyev yolunun davam\u0131d\u0131r. \u018flb\u0259tt\u0259 ki, \u0259razi b\u00fct\u00f6vl\u00fcy\u00fcm\u00fcz\u00fcn b\u0259rpas\u0131 bizim \u00fc\u00e7\u00fcn bir n\u00f6mr\u0259li v\u0259zif\u0259dir. Biz buna nail olmaq \u00fc\u00e7\u00fcn b\u00f6y\u00fck s\u0259y g\u00f6st\u0259rdik. Bu g\u00fcn ordumuzun potensial\u0131 b\u00fct\u00fcn d\u00fcnyan\u0131n g\u00f6z\u00fc \u00f6n\u00fcnd\u0259dir. \u0130nki\u015faf etmi\u015f b\u0259zi \u00f6lk\u0259l\u0259rin h\u0259rbi m\u00fct\u0259x\u0259ssisl\u0259ri d\u0259 art\u0131q t\u0259cr\u00fcb\u0259mizi \u00f6yr\u0259nirl\u0259r. Ona g\u00f6r\u0259 atam\u0131n yoluna sadiq qalaraq bu \u015f\u0259r\u0259fli missiyan\u0131 icra edirik. \u0130n\u015fallah, sona q\u0259d\u0259r ba\u015fa \u00e7atd\u0131raca\u011f\u0131q.<\/p>\n<p>2020-ci ild\u0259 44 g\u00fcnl\u00fck \u0130kinci Qaraba\u011f m\u00fcharib\u0259si n\u0259tic\u0259sind\u0259 tarixi Z\u0259f\u0259r\u0259 imza atd\u0131q. \u00ab\u0130kinci Qaraba\u011f m\u00fcharib\u0259si \u015fanl\u0131 tariximizdir\u00bb s\u00f6yl\u0259y\u0259n c\u0259nab \u0130lham \u018fliyev onu da bildirir ki, ancaq m\u00fcharib\u0259 olmaya bil\u0259rdi. \u018fg\u0259r Erm\u0259nistan v\u0259 onun r\u0259hb\u0259rliyi, onun arxas\u0131nda dayanan q\u00fcvv\u0259l\u0259r beyn\u0259lxalq h\u00fcquqa, BMT T\u0259hl\u00fck\u0259sizlik \u015euras\u0131n\u0131n d\u00f6rd q\u0259tnam\u0259sin\u0259 \u0259m\u0259l, b\u00f6y\u00fck d\u00f6vl\u0259tl\u0259r Erm\u0259nistana onun i\u015f\u011fal\u00e7\u0131l\u0131q siyas\u0259tin\u0259 g\u00f6r\u0259 sanksiyalar t\u0259tbiq ets\u0259ydil\u0259r, he\u00e7 olmasa, onlar\u0131n i\u015f\u011fal\u00e7\u0131l\u0131q siyas\u0259tini pisl\u0259s\u0259ydil\u0259r, b\u0259lk\u0259 d\u0259 m\u00fcharib\u0259y\u0259 ehtiyac qalmazd\u0131. Az\u0259rbaycan d\u00f6vl\u0259ti uzun ill\u0259r \u0259rzind\u0259 t\u0259mkinlilik, eyni zamanda, apar\u0131lan dan\u0131\u015f\u0131qlara sadiqlik g\u00f6st\u0259rirdi. Baxmayaraq ki, ill\u0259r ke\u00e7dikc\u0259 \u00fcmidl\u0259rimiz d\u0259 t\u00fck\u0259nirdi, i\u015f\u011fal\u00e7\u0131 d\u00f6vl\u0259t daha da az\u011f\u0131nla\u015f\u0131rd\u0131, hesab edirdi ki, torpaqlar\u0131m\u0131z\u0131 \u0259b\u0259di i\u015f\u011fal alt\u0131nda saxlaya bil\u0259r.<\/p>\n<p>Erm\u0259nistan\u0131n q\u0259bul etdiyi t\u0259cav\u00fczkar v\u0259 h\u00fccum xarakterli milli t\u0259hl\u00fck\u0259sizlik strategiyas\u0131 v\u0259 h\u0259rbi doktrina, i\u015f\u011fal edilmi\u015f \u0259razil\u0259rd\u0259 qeyri-qanuni m\u0259skunla\u015fd\u0131rma siyas\u0259tini geni\u015fl\u0259ndirm\u0259si, \u201cYeni \u0259razil\u0259r u\u011frunda yeni m\u00fcharib\u0259\u201d \u00e7a\u011f\u0131r\u0131\u015f\u0131, m\u00fclki \u015f\u0259xsl\u0259rd\u0259n ibar\u0259t \u201ck\u00f6n\u00fcll\u00fc d\u0259st\u0259l\u0259ri\u201d yaratmaq q\u0259rar\u0131, 2020-ci il iyulun 12-d\u0259 Erm\u0259nistan-Az\u0259rbaycan d\u00f6vl\u0259t s\u0259rh\u0259dinin Tovuz rayonu istiqam\u0259tind\u0259 t\u0259xribat t\u00f6r\u0259tm\u0259si, eyni zamanda, b\u00fct\u00f6vl\u00fckd\u0259 qo\u015funlar\u0131n t\u0259mas x\u0259ttind\u0259 g\u0259rginliyi art\u0131rmas\u0131, c\u0259bh\u0259 x\u0259ttin\u0259 yax\u0131n \u0259razil\u0259rd\u0259 qo\u015funlar\u0131n\u0131 c\u0259ml\u0259\u015fdirm\u0259si, b\u00f6y\u00fck h\u0259cmd\u0259 silah-sursat toplamas\u0131 Erm\u0259nistan\u0131n geni\u015fmiqyasl\u0131 h\u00fccuma haz\u0131rla\u015fd\u0131\u011f\u0131n\u0131 g\u00f6st\u0259rirdi. Az\u0259rbaycan d\u0259f\u0259l\u0259rl\u0259 b\u0259yan etmi\u015fdi ki, Erm\u0259nistan qo\u015funlar\u0131n\u0131n i\u015f\u011fal olunmu\u015f \u0259razil\u0259rd\u0259 qanunsuz m\u00f6vcudlu\u011fu regionda s\u00fclh v\u0259 t\u0259hl\u00fck\u0259sizlik \u00fc\u00e7\u00fcn \u0259sas t\u0259hdiddir v\u0259 h\u0259r zaman v\u0259ziyy\u0259tin g\u0259rginl\u0259\u015fm\u0259sin\u0259 s\u0259b\u0259b ola bil\u0259r.<\/p>\n<p>Erm\u0259nistan\u0131n t\u0259xribat\u0131na v\u0259 n\u00f6vb\u0259ti h\u0259rbi t\u0259cav\u00fcz\u00fcn\u0259 cavab olaraq Az\u0259rbaycan xalq\u0131 torpaqlar\u0131m\u0131z\u0131n i\u015f\u011faldan azad, Erm\u0259nistan\u0131n s\u00fclh\u0259 m\u0259cbur edilm\u0259si, BMT T\u0259hl\u00fck\u0259sizlik \u015euras\u0131n\u0131n m\u0259lum q\u0259tnam\u0259l\u0259rinin t\u0259l\u0259bl\u0259rinin yerin\u0259 yetirilm\u0259si, m\u0259cburi k\u00f6\u00e7k\u00fcnl\u0259rin \u00f6z do\u011fma torpaqlar\u0131na qay\u0131tmas\u0131 v\u0259 \u0259dal\u0259tin b\u0259rpas\u0131 \u00fc\u00e7\u00fcn V\u0259t\u0259n m\u00fcharib\u0259sin\u0259 ba\u015flad\u0131. Bu m\u00fcq\u0259dd\u0259s amal u\u011frunda b\u00fct\u00fcn Az\u0259rbaycan xalq\u0131 s\u0259f\u0259rb\u0259r v\u0259 h\u0259mr\u0259y oldu. 44 g\u00fcn davam ed\u0259n h\u0259rbi \u0259m\u0259liyyatlar n\u0259tic\u0259sind\u0259 m\u00fcz\u0259ff\u0259r Az\u0259rbaycan Ordusu C\u0259bray\u0131l, F\u00fczuli, Z\u0259ngilan, Qubadl\u0131 \u015f\u0259h\u0259rl\u0259rini, Az\u0259rbaycan xalq\u0131n\u0131n tarixind\u0259, m\u0259d\u0259niyy\u0259tind\u0259 v\u0259 q\u0259lbind\u0259 x\u00fcsusi yeri olan, Qaraba\u011f\u0131n tac\u0131 say\u0131lan \u015eu\u015fa \u015f\u0259h\u0259rini, Z\u0259ngilan rayonunun Mincivan, A\u011fb\u0259nd, Bartaz q\u0259s\u0259b\u0259l\u0259rini, Xocav\u0259nd rayonunun Hadrut q\u0259s\u0259b\u0259sini v\u0259 bir \u00e7ox k\u0259ndl\u0259rini, T\u0259rt\u0259r rayonunun Suqovu\u015fan k\u0259ndi, Xocal\u0131 v\u0259 La\u00e7\u0131n rayonlar\u0131n\u0131n bir ne\u00e7\u0259 k\u0259ndl\u0259ri daxil olmaqla, \u00fcmumilikd\u0259, 300-d\u0259n \u00e7ox ya\u015fay\u0131\u015f m\u0259nt\u0259q\u0259sini, h\u0259m\u00e7inin A\u011fd\u0259r\u0259, Murovda\u011f v\u0259 Z\u0259ngilan istiqam\u0259tl\u0259rind\u0259 m\u00fch\u00fcm strateji y\u00fcks\u0259klikl\u0259ri i\u015f\u011faldan azad etdi. R\u0259\u015fad\u0259tli Az\u0259rbaycan \u0259sg\u0259r v\u0259 zabitl\u0259ri add\u0131m-add\u0131m ir\u0259lil\u0259y\u0259r\u0259k, Erm\u0259nistan\u0131n uzun ill\u0259r \u0259rzind\u0259 qurdu\u011fu m\u00fch\u0259ndis-istehkam sisteml\u0259rini yar\u0131b ke\u00e7dil\u0259r, torpaqlar\u0131m\u0131z q\u0259hr\u0259man \u0259sg\u0259r v\u0259 zabitl\u0259rimizin, \u015f\u0259hidl\u0259rimizin qan\u0131 v\u0259 can\u0131 bahas\u0131na azad edildi.<\/p>\n<p>Az\u0259rbaycan\u0131n h\u0259rbi sah\u0259d\u0259 qazand\u0131\u011f\u0131 q\u0259l\u0259b\u0259l\u0259r, x\u00fcsusil\u0259 \u015eu\u015fan\u0131n d\u00fc\u015fm\u0259n \u0259sar\u0259tind\u0259n qurtar\u0131lmas\u0131 m\u00fcharib\u0259nin taleyind\u0259 h\u0259lledici rol oynad\u0131, Erm\u0259nistan\u0131n \u00f6z m\u0259\u011flubiyy\u0259tini etiraf etm\u0259si v\u0259 kapitulyasiyas\u0131 il\u0259 n\u0259tic\u0259l\u0259ndi, i\u015f\u011fal\u00e7\u0131n\u0131 K\u0259lb\u0259c\u0259r, A\u011fdam v\u0259 La\u00e7\u0131n rayonlar\u0131n\u0131 Az\u0259rbaycana qaytarma\u011fa m\u0259cbur etdi. Az\u0259rbaycan xalq\u0131n\u0131n \u0259zmi v\u0259 irad\u0259si, iqtisadi g\u00fcc\u00fc, m\u00fcasir ordu quruculu\u011fu v\u0259 xalq-iqtidar birliyi \u00f6lk\u0259mizin q\u0259l\u0259b\u0259sini t\u0259min ed\u0259n m\u00fch\u00fcm amill\u0259r oldu. Ulu \u0259cdadlar\u0131m\u0131z\u0131n z\u0259ngin d\u00f6vl\u0259t\u00e7ilik v\u0259 h\u0259rb tarixind\u0259n ilhamlanan Az\u0259rbaycan xalq\u0131 daha bir \u015fanl\u0131 q\u0259hr\u0259manl\u0131q salnam\u0259si yazaraq, \u00f6z\u00fcn\u00fcn qalib xalq oldu\u011funu b\u00fct\u00fcn d\u00fcnyaya s\u00fcbut etdi v\u0259 d\u00fc\u015fm\u0259n \u00fcz\u0259rind\u0259 tarixi z\u0259f\u0259r \u00e7ald\u0131.<\/p>\n<p>D\u00f6vl\u0259t ba\u015f\u00e7\u0131s\u0131, M\u00fcz\u0259ff\u0259r Ali Ba\u015f Komandan \u0130lham \u018fliyev 8 noyabr 2020-ci il tarixind\u0259 \u015eu\u015fan\u0131n i\u015f\u011faldan azad edilm\u0259si m\u00fcjd\u0259sini xalqa \u00e7atd\u0131rark\u0259n bildirdi: \u00abM\u0259n bu g\u00fcn ulu \u00f6nd\u0259r Heyd\u0259r \u018fliyevin m\u0259zar\u0131n\u0131 ziyar\u0259t etdim, onun ruhu qar\u015f\u0131s\u0131nda ba\u015f \u0259ydim. \u00dcr\u0259yimd\u0259 dedim, xo\u015fb\u0259xt adamam ki, ata v\u0259siyy\u0259tini yerin\u0259 yetirdim. \u015eu\u015fan\u0131 azad etdik! Bu, b\u00f6y\u00fck Q\u0259l\u0259b\u0259dir! Bu g\u00fcn \u015f\u0259hidl\u0259rimizin, Ulu \u00d6nd\u0259rin ruhu \u015fadd\u0131r! G\u00f6z\u00fcn ayd\u0131n olsun Az\u0259rbaycan! G\u00f6z\u00fcn\u00fcz ayd\u0131n olsun d\u00fcnya az\u0259rbaycanl\u0131lar\u0131!\u00bb Bu fikirl\u0259rin davam\u0131 olaraq onu da qeyd etdi ki, demi\u015fdim g\u00fcn g\u0259l\u0259c\u0259k biz \u015eu\u015fa \u015f\u0259h\u0259rind\u0259 erm\u0259ni vandallar\u0131 t\u0259r\u0259find\u0259n da\u011f\u0131d\u0131lm\u0131\u015f m\u0259scidl\u0259rimizi b\u0259rpa ed\u0259c\u0259yik v\u0259 bu g\u00fcn g\u0259lir. Bu g\u00fcn Az\u0259rbaycan bayra\u011f\u0131 \u015eu\u015fada dal\u011falan\u0131r. Bu g\u00fcn b\u00fct\u00fcn Az\u0259rbaycan xalq\u0131 q\u00fcrur hissi il\u0259 bu xo\u015f x\u0259b\u0259ri qar\u015f\u0131lay\u0131r.<\/p>\n<p>H\u0259min m\u00fcraci\u0259td\u0259 44 g\u00fcnl\u00fck \u0130kinci Qaraba\u011f m\u00fcharib\u0259sinin r\u0259mzin\u0259 \u00e7evril\u0259n \u00abD\u0259mir yumruq\u00bbdan b\u0259hs ed\u0259r\u0259k bildirdi ki, demi\u015fdim bu yumruq el\u0259 bel\u0259 yumruq deyil. Bu, d\u0259mir yumruqdur. Bu d\u0259mir yumruqla d\u00fc\u015fm\u0259nin ba\u015f\u0131n\u0131 \u0259zirik v\u0259 \u0259z\u0259c\u0259yik! Eyni zamanda, bu yumruq birliyimizin r\u0259mzidir: \u00abBax, bu g\u00fcn Az\u0259rbaycan xalq\u0131 bu yumruq kimi birl\u0259\u015fib! H\u0259mi\u015f\u0259 bel\u0259 olacaq! Bu birlik \u0259b\u0259di olacaq! Bu birlik biz\u0259 g\u0259l\u0259c\u0259kd\u0259 d\u0259 b\u00fct\u00fcn v\u0259zif\u0259l\u0259ri icra etm\u0259k \u00fc\u00e7\u00fcn imkan yaradacaq.\u00bb Bu tarixi bir g\u00fcnd\u0259 Az\u0259rbaycan xalq\u0131na bu m\u00fcjd\u0259ni verm\u0259yi h\u0259yat\u0131nda b\u0259lk\u0259 d\u0259 \u0259n xo\u015fb\u0259xt g\u00fcnl\u0259rd\u0259n biri oldu\u011funu x\u00fcsusi vur\u011fulayan c\u0259nab \u0130lham \u018fliyev \u0259minlikl\u0259 \u015eu\u015fan\u0131n dir\u00e7\u0259l\u0259c\u0259yini bildirdi.<\/p>\n<p>\u00d6t\u0259n \u00fc\u00e7 ild\u0259n art\u0131q d\u00f6vrd\u0259 i\u015f\u011faldan azad edilmi\u015f dig\u0259r \u0259razil\u0259rimiz kimi, Az\u0259rbaycan\u0131n d\u00f6y\u00fcn\u0259n \u00fcr\u0259yi \u015eu\u015fan\u0131n da d\u00fc\u015fm\u0259n tapda\u011f\u0131ndan t\u0259mizl\u0259nilm\u0259sind\u0259n b\u00f6y\u00fck q\u00fcrur hissi il\u0259 s\u00f6z a\u00e7\u0131r, M\u00fcz\u0259ff\u0259r Ali Ba\u015f Komandan \u0130lham \u018fliyev\u0259, r\u0259\u015fad\u0259tli Ordumuza minn\u0259tdarl\u0131\u011f\u0131m\u0131z\u0131 ifad\u0259 edirik. Dastana \u00e7evril\u0259n \u015eu\u015fa \u0259m\u0259liyyat\u0131 bu g\u00fcn d\u0259 d\u00fcnyan\u0131n h\u0259rbi ekspertl\u0259ri t\u0259r\u0259find\u0259n t\u0259hlil edilir, \u00f6yr\u0259nilir. M\u00fcasir texnologiyalar\u0131 \u00f6z\u00fcnd\u0259 \u0259ks etdir\u0259n m\u00fcharib\u0259 taktikas\u0131, son \u00fc\u00e7 ild\u0259n art\u0131q d\u00f6vrd\u0259 t\u0259kmil dir\u00e7\u0259li\u015f modeli bir daha imkanlar\u0131m\u0131z\u0131n t\u0259qdimat\u0131nda \u0259h\u0259miyy\u0259tli rol oynay\u0131r.<\/p>\n<p>M\u00fcz\u0259ff\u0259r Ali Ba\u015f Komandan \u0130lham \u018fliyevin v\u0259 birinci xan\u0131m Mehriban \u018fliyevan\u0131n \u015eu\u015faya s\u0259f\u0259rl\u0259rinin say t\u0259rkibi geni\u015fdir. C\u0259nab \u0130lham \u018fliyev m\u00fcasir m\u00fcst\u0259qil Az\u0259rbaycan d\u00f6vl\u0259tinin qurucusu, Ulu \u00d6nd\u0259r Heyd\u0259r \u018fliyevin anadan olmas\u0131n\u0131n 100 illiyi m\u00fcnasib\u0259til\u0259 xalqa m\u00fcraci\u0259tini d\u0259 m\u0259hz \u015eu\u015fadan etdi. \u201cM\u0259n bu t\u0259brik m\u00fcraci\u0259timi Bak\u0131dan da ed\u0259 bil\u0259rdim. Amma hesab etdim ki, m\u0259n bu g\u00fcn burada olmal\u0131yam, \u015eu\u015fada olmal\u0131yam, bu binan\u0131n \u00f6n\u00fcnd\u0259 olmal\u0131yam\u201d s\u00f6yl\u0259y\u0259n d\u00f6vl\u0259t ba\u015f\u00e7\u0131s\u0131 bildirdi ki, \u015eu\u015fa Z\u0259f\u0259rimizin r\u0259mzi, tac\u0131d\u0131r. \u015eu\u015fa i\u015f\u011faldan azad olunanda bu meydanda q\u0259hr\u0259man Az\u0259rbaycan h\u0259rb\u00e7il\u0259ri m\u0259n\u0259 \u015eu\u015fan\u0131n azad olunmas\u0131 il\u0259 ba\u011fl\u0131 raport vermi\u015fl\u0259r. Bu binan\u0131n dam\u0131nda Az\u0259rbaycan Bayra\u011f\u0131 qald\u0131r\u0131lm\u0131\u015fd\u0131r v\u0259 \u015eu\u015fan\u0131n azad olunmas\u0131 bizim tarixi Z\u0259f\u0259rimizin \u0259sas hiss\u0259si idi. Ondan bir g\u00fcn sonra Erm\u0259nistan kapitulyasiya akt\u0131na imza atm\u0131\u015fd\u0131r: \u201cQaraba\u011f\u0131 azad g\u00f6rm\u0259k Heyd\u0259r \u018fliyevin v\u0259 b\u00fct\u00fcn d\u00fcnya az\u0259rbaycanl\u0131lar\u0131n\u0131n \u0259sas arzusu idi. Biz bu arzunu, Az\u0259rbaycan xalq\u0131n\u0131n arzusunu yerin\u0259 yetirdik. 2020-ci il 8 noyabr tarixd\u0259 \u0259b\u0259di qalacaq. O g\u00fcn m\u0259n\u0259, bax, bu meydandan \u015eu\u015fan\u0131n azadl\u0131\u011f\u0131 il\u0259 ba\u011fl\u0131 h\u0259rbi raport veril\u0259nd\u0259n sonra, bu binan\u0131n \u00fcst\u00fcn\u0259 Bayra\u011f\u0131m\u0131z qald\u0131r\u0131landan sonra atam\u0131n m\u0259zar\u0131n\u0131 ziyar\u0259t etdim v\u0259 \u00fcr\u0259yimd\u0259 dedim ki, \u201cTap\u015f\u0131r\u0131q yerin\u0259 yetirildi. M\u0259ruz\u0259 edir Ali Ba\u015f Komandan \u0130lham \u018fliyev!\u201d. Ondan sonra \u015e\u0259hidl\u0259r xiyaban\u0131n\u0131 ziyar\u0259t etdim, \u015f\u0259hidl\u0259rimizin ruhu qar\u015f\u0131s\u0131nda ba\u015f \u0259ydim, \u00fcr\u0259yimd\u0259 dedim ki, qan\u0131n\u0131z yerd\u0259 qalmad\u0131.\u00bb<\/p>\n<p>D\u00f6vl\u0259t ba\u015f\u00e7\u0131s\u0131 \u0130lham \u018fliyev v\u0259 birinci xan\u0131m Mehriban \u018fliyevan\u0131n tarixi Z\u0259f\u0259rimizd\u0259n d\u0259rhal sonra 16 noyabr 2020-ci il tarixd\u0259 C\u0259bray\u0131l v\u0259 F\u00fczuli rayonlar\u0131na, o c\u00fcml\u0259d\u0259n C\u0259bray\u0131l v\u0259 F\u00fczuli \u015f\u0259h\u0259rl\u0259rin\u0259 s\u0259f\u0259rl\u0259ri b\u0259rpa-quruculuq i\u015fl\u0259rin\u0259 ba\u015flanmas\u0131 istiqam\u0259tind\u0259 ilk add\u0131m oldu. Bu s\u0259f\u0259r zaman\u0131 Z\u0259f\u0259r yolunun t\u0259m\u0259li qoyuldu. \u00c7ox q\u0131sa zamanda bu yolun tikintisi ba\u015fa \u00e7atd\u0131r\u0131laraq istifad\u0259y\u0259 verildi. Bel\u0259 ki, M\u00fcz\u0259ff\u0259r Ali Ba\u015f Komandan \u0130lham \u018fliyev v\u0259 birinci xan\u0131m Mehriban \u018fliyeva 2021-ci ilin 7 noyabr tarixind\u0259 \u015eu\u015faya s\u0259f\u0259r etdil\u0259r. \u00d6lk\u0259 Prezidenti v\u0259 birinci xan\u0131m \u0259vv\u0259lc\u0259 F\u00fczuli rayonunda Z\u0259f\u0259r yolunun a\u00e7\u0131l\u0131\u015f\u0131nda i\u015ftirak etmi\u015fdil\u0259r.<\/p>\n<p>Z\u0259f\u0259r yolunun tikintisinin q\u0131sa vaxtda h\u0259yata ke\u00e7irilm\u0259si Az\u0259rbaycan xalq\u0131n\u0131n qazand\u0131\u011f\u0131 parlaq Q\u0259l\u0259b\u0259nin simvoludur. Bu layih\u0259 ilin b\u00fct\u00fcn f\u0259sill\u0259rind\u0259 \u00e7\u0259tin relyef \u015f\u0259raitind\u0259, ke\u00e7ilm\u0259z da\u011f yollar\u0131 yar\u0131laraq h\u0259yata ke\u00e7irildi. Bel\u0259 bir q\u0131sa vaxtda icra olunan v\u0259 d\u00fcnyada analoqu olmayan layih\u0259 Az\u0259rbaycan d\u00f6vl\u0259tinin g\u00fcc\u00fcn\u00fc, onun malik oldu\u011fu potensial\u0131 v\u0259 \u0259n \u0259sas\u0131 Prezident \u0130lham \u018fliyevin q\u0259tiyy\u0259tini b\u00fct\u00fcn d\u00fcnyaya g\u00f6st\u0259rdi. \u015eanl\u0131 Ordumuzun \u00f6lk\u0259mizin m\u0259d\u0259niyy\u0259t paytaxt\u0131 olan \u015eu\u015fa \u015f\u0259h\u0259rini m\u0259nfur d\u00fc\u015fm\u0259nd\u0259n azad ed\u0259rk\u0259n istifad\u0259 etdiyi c\u0131\u011f\u0131r-yolun \u0259b\u0259dil\u0259\u015fdirilm\u0259si m\u0259qs\u0259dil\u0259 tikil\u0259n v\u0259 M\u00fcz\u0259ff\u0259r Ali Ba\u015f Komandan \u0130lham \u018fliyev t\u0259r\u0259find\u0259n \u201cZ\u0259f\u0259r yolu\u201d adland\u0131r\u0131lan avtomobil yolunun in\u015fas\u0131 d\u00f6vl\u0259timizin ba\u015f\u00e7\u0131s\u0131n\u0131n daimi n\u0259zar\u0259ti alt\u0131nda icra olundu. Ba\u015flan\u011f\u0131c\u0131n\u0131 Hac\u0131qabul-Mincivan-Z\u0259ng\u0259zur d\u0259hlizi magistral avtomobil yolundan g\u00f6t\u00fcr\u0259n 101 kilometrlik Z\u0259f\u0259r yolu Qaraba\u011f\u0131n tac\u0131 olan \u015eu\u015fa \u015f\u0259h\u0259rin\u0259 q\u0259d\u0259r uzan\u0131r. F\u00fczuli, Xocav\u0259nd, Xocal\u0131 v\u0259 \u015eu\u015fa rayonlar\u0131n\u0131n \u0259razisind\u0259n ke\u00e7m\u0259kl\u0259 in\u015fa edil\u0259n Z\u0259f\u0259r yolu F\u00fczuli v\u0259 \u015eu\u015fa \u015f\u0259h\u0259rl\u0259ri d\u0259 daxil olmaqla bu rayonlar\u0131n onlarla ya\u015fay\u0131\u015f m\u0259nt\u0259q\u0259sini \u0259hat\u0259 edir. Bu layih\u0259 h\u0259m d\u0259 ona g\u00f6r\u0259 m\u00fcst\u0259sna \u0259h\u0259miyy\u0259t da\u015f\u0131y\u0131r ki, o, ilk n\u00f6vb\u0259d\u0259, \u00f6z do\u011fma yurdlar\u0131na qay\u0131dacaq insanlar\u0131n rahatl\u0131\u011f\u0131n\u0131n t\u0259min olunmas\u0131na, onlar \u00fc\u00e7\u00fcn y\u00fcks\u0259k s\u0259viyy\u0259li h\u0259yat v\u0259 ya\u015fay\u0131\u015f standart\u0131n\u0131n yarad\u0131lmas\u0131na xidm\u0259t edir.<\/p>\n<p>D\u00f6vl\u0259t ba\u015f\u00e7\u0131s\u0131 \u0130lham \u018fliyev v\u0259 birinci xan\u0131m Mehriban \u018fliyeva 2021-ci ilin may ay\u0131nda \u015eu\u015faya s\u0259f\u0259r ed\u0259r\u0259k C\u0131d\u0131r d\u00fcz\u00fcnd\u0259 t\u0259\u015fkil edil\u0259n \u00abXar\u0131b\u00fclb\u00fcl\u00bb musiqi festival\u0131nda i\u015ftirak etdil\u0259r. Q\u0259dim m\u0259d\u0259niyy\u0259t be\u015fiyi olan \u015eu\u015fa 29 ild\u0259n sonra yen\u0259 do\u011fmalar\u0131n\u0131, qonaqlar\u0131n\u0131 qar\u015f\u0131lad\u0131. Prezident \u0130lham \u018fliyev musiqi festival\u0131n\u0131n a\u00e7\u0131l\u0131\u015f m\u0259rasimind\u0259 b\u00f6y\u00fck q\u00fcrur hissi il\u0259 bildirdi: \u00abBiz burada, C\u0131d\u0131r d\u00fcz\u00fcnd\u0259 &#8211; h\u0259r bir az\u0259rbaycanl\u0131 \u00fc\u00e7\u00fcn m\u00fcq\u0259dd\u0259s olan yerd\u0259 y\u0131\u011f\u0131\u015fm\u0131\u015f\u0131q v\u0259 bu musiqi bayram\u0131n\u0131, bu birlik bayram\u0131n\u0131, bu qay\u0131d\u0131\u015f bayram\u0131n\u0131, bu l\u0259yaq\u0259t bayram\u0131n\u0131 qeyd edirik. Ya\u015fas\u0131n \u015eu\u015fa! Ya\u015fas\u0131n Qaraba\u011f! Ya\u015fas\u0131n Az\u0259rbaycan!\u00bb<\/p>\n<p>H\u0259min ilin iyun ay\u0131nda is\u0259 \u015eu\u015fa daha bir m\u00fch\u00fcm hadis\u0259y\u0259 \u015fahidlik etdi. 15 iyun-Milli Qurtulu\u015f G\u00fcn\u00fcnd\u0259 Az\u0259rbaycan v\u0259 T\u00fcrkiy\u0259 dostlu\u011funun, qarda\u015fl\u0131\u011f\u0131n\u0131n, m\u00fctt\u0259fiqliyinin r\u0259smil\u0259\u015fdirilm\u0259si m\u0259rasimi ke\u00e7irildi. \u0130mzalanan m\u00fctt\u0259fiqlik s\u0259n\u0259di iki dost, qarda\u015f, m\u00fctt\u0259fiq \u00f6lk\u0259nin m\u00fcnasib\u0259tl\u0259rinin g\u0259l\u0259c\u0259k inki\u015faf\u0131 \u00fc\u00e7\u00fcn yol x\u0259rit\u0259si oldu.<\/p>\n<p>2021-ci ilin avqust ay\u0131 tariximiz\u0259 Vaqif Poeziya G\u00fcnl\u0259ri \u0259n\u0259n\u0259sinin b\u0259rpas\u0131 ay\u0131 kimi daxil oldu. C\u0259nab \u0130lham \u018fliyev a\u00e7\u0131l\u0131\u015f m\u0259rasimind\u0259 \u00e7\u0131x\u0131\u015f ed\u0259r\u0259k bu m\u00fch\u00fcm m\u0259qam\u0131 x\u00fcsusi qeyd etdi ki, i\u015f\u011fal d\u00f6vr\u00fcnd\u0259 bir \u00e7oxlar\u0131m\u0131z &#8211; h\u0259m ke\u00e7mi\u015f m\u0259cburi k\u00f6\u00e7k\u00fcnl\u0259r, h\u0259m b\u00fct\u00fcn Az\u0259rbaycan xalq\u0131, o c\u00fcml\u0259d\u0259n d\u0259 m\u0259n d\u0259f\u0259l\u0259rl\u0259 fikirl\u0259\u015firdik ki, d\u00fcnyada \u0259dal\u0259t yoxdur. \u00c7\u00fcnki \u0259dal\u0259t olsayd\u0131, biz bu v\u0259ziyy\u0259t\u0259 d\u00fc\u015fm\u0259zdik: \u00abM\u0259n d\u0259 o c\u00fcml\u0259d\u0259n bel\u0259 fikird\u0259 idim. Ancaq h\u0259yat g\u00f6st\u0259rdi ki, \u0259dal\u0259t var, sad\u0259c\u0259, d\u00f6z\u00fcml\u00fc olmaq laz\u0131md\u0131r, s\u0259birli olmaq laz\u0131md\u0131r, \u0259dal\u0259t\u0259 inanmaq laz\u0131md\u0131r v\u0259 \u0259dal\u0259t\u0259 nail olmaq \u00fc\u00e7\u00fcn \u00e7al\u0131\u015fmaq laz\u0131md\u0131r, h\u0259d\u0259f\u0259 do\u011fru getm\u0259k laz\u0131md\u0131r. \u018fdal\u0259ti b\u0259rpa etm\u0259k \u00fc\u00e7\u00fcn f\u0259dakarl\u0131q g\u00f6st\u0259rm\u0259k laz\u0131md\u0131r. Bu g\u00fcn biz ham\u0131m\u0131z \u00fcr\u0259yimizd\u0259 deyirik v\u0259 a\u00e7\u0131q deyirik ki, b\u0259li, \u0259dal\u0259t var, \u0259dal\u0259t b\u0259rpa edildi, biz bu g\u00fcn \u015eu\u015faday\u0131q v\u0259 bundan sonra \u015eu\u015fada \u0259b\u0259di ya\u015fayaca\u011f\u0131q.\u00bb O da vur\u011fuland\u0131 ki, noyabr\u0131n 8-d\u0259 Az\u0259rbaycan xalq\u0131na \u015eu\u015fa m\u00fcjd\u0259sini ver\u0259rk\u0259n demi\u015fdim \u015eu\u015fa art\u0131q azadd\u0131r, bu, h\u0259qiq\u0259tdir. Biz azad \u015eu\u015fada y\u0131\u011f\u0131\u015fm\u0131\u015f\u0131q: \u00abDemi\u015fdim ki, biz \u015eu\u015faya qay\u0131tm\u0131\u015f\u0131q. Bu da h\u0259qiq\u0259tdir. Festivallar, poeziya g\u00fcnl\u0259ri, m\u0259d\u0259ni t\u0259dbirl\u0259r v\u0259 bir \u00e7ox ba\u015fqa t\u0259dbirl\u0259r art\u0131q ke\u00e7irilir v\u0259 ke\u00e7iril\u0259c\u0259kdir. Demi\u015fdim ki, biz \u015eu\u015fan\u0131 dir\u00e7\u0259ld\u0259c\u0259yik. Bu da ba\u015f verir, biz \u015eu\u015fan\u0131 dir\u00e7\u0259ldirik.\u00bb<\/p>\n<p>T\u0259kc\u0259 bir il \u00e7\u0259r\u00e7iv\u0259sind\u0259 d\u00f6vl\u0259t ba\u015f\u00e7\u0131s\u0131 \u0130lham \u018fliyevin \u015eu\u015faya s\u0259f\u0259rl\u0259rin\u0259 v\u0259 bu s\u0259f\u0259rl\u0259r \u00e7\u0259r\u00e7iv\u0259sind\u0259 ya\u015fanan hadis\u0259l\u0259r\u0259, eyni zamanda, a\u00e7\u0131l\u0131\u015f\u0131 v\u0259 t\u0259m\u0259lqoyma m\u0259rasiml\u0259ri ke\u00e7iril\u0259n sosial obyektl\u0259r\u0259 n\u0259z\u0259r sald\u0131q. Bu g\u00fcn \u015eu\u015fa iqtisadi, siyasi, humanitar, diplomatik m\u0259rk\u0259z kimi d\u00fcnyan\u0131n diqq\u0259tind\u0259dir. Az\u0259rbaycan m\u00fct\u0259madi olaraq bu v\u0259 ya dig\u0259r sah\u0259l\u0259rd\u0259 m\u00f6vcud \u00e7a\u011f\u0131r\u0131\u015flar\u0131 m\u00fczakir\u0259 etm\u0259k \u00fc\u00e7\u00fcn t\u0259r\u0259fda\u015flar\u0131n\u0131, dostlar\u0131n\u0131 \u015eu\u015fada bir araya g\u0259tirir. \u015eu\u015fadan d\u00fcnyaya \u00fcnvanlanan h\u0259r mesaj \u00f6lk\u0259mizin postm\u00fcnaqi\u015f\u0259 d\u00f6vr\u00fcn\u00fcn reall\u0131qlar\u0131 fonunda beyn\u0259lxalq n\u00fcfuzunun artmas\u0131n\u0131 n\u00fcmayi\u015f etdirir. Az\u0259rbaycan\u0131n s\u00f6z\u00fcn\u00fcn imzas\u0131 q\u0259d\u0259r \u0259h\u0259miyy\u0259tli oldu\u011fu g\u00fcn\u00fcm\u00fcz\u00fcn reall\u0131qlar\u0131nda \u00f6z\u00fcn\u00fcn ayd\u0131n ifad\u0259sini tap\u0131r.<\/p>\n<p>D\u00f6vl\u0259t ba\u015f\u00e7\u0131s\u0131, M\u00fcz\u0259ff\u0259r Ali Ba\u015f Komandan \u0130lham \u018fliyevin \u00f6t\u0259n d\u00f6vr \u0259rzind\u0259 i\u015f\u011faldan azad edilmi\u015f \u0259razil\u0259rimiz\u0259, o c\u00fcml\u0259d\u0259n \u015eu\u015faya davaml\u0131 s\u0259f\u0259rl\u0259ri B\u00f6y\u00fck Qay\u0131d\u0131\u015f Proqram\u0131n\u0131n u\u011furlu icras\u0131n\u0131 t\u0259min edir. H\u0259r bir s\u0259f\u0259r m\u0259d\u0259niyy\u0259t paytaxt\u0131m\u0131z\u0131n simas\u0131n\u0131n s\u00fcr\u0259tl\u0259 d\u0259yi\u015fm\u0259sini, \u0259vv\u0259lki \u015fan-\u015f\u00f6hr\u0259tinin \u00f6z\u00fcn\u0259 qay\u0131tmas\u0131n\u0131, \u0259n\u0259n\u0259l\u0259rin b\u0259rpas\u0131n\u0131 \u015f\u0259rtl\u0259ndirirdi.<\/p>\n<p>Prezident \u0130lham \u018fliyevin tarixi Z\u0259f\u0259rimizd\u0259n sonra i\u015f\u011faldan azad edilmi\u015f \u0259razil\u0259rimiz\u0259 el\u0259 bir s\u0259f\u0259ri, eyni zamanda, K\u0130V-\u0259 el\u0259 bir m\u00fcsahib\u0259si yoxdur ki, m\u0259d\u0259niyy\u0259t paytaxt\u0131m\u0131zdan s\u00f6z a\u00e7mas\u0131n, onun dir\u00e7\u0259ldilm\u0259sinin vacibliyini b\u0259yan etm\u0259sin. Bu, \u015eu\u015fan\u0131n Az\u0259rbaycan xalq\u0131n\u0131n, \u00f6lk\u0259 Prezidentinin \u00fcr\u0259yind\u0259 hans\u0131 uca zirv\u0259d\u0259 dayand\u0131\u011f\u0131n\u0131 n\u00fcmayi\u015f etdirir. Diqq\u0259t yetirs\u0259k g\u00f6r\u0259rik ki, h\u0259r bir bayram, tarixi g\u00fcnl\u0259rd\u0259 \u015eu\u015faya s\u0259f\u0259rl\u0259r edilir v\u0259 buradan d\u00fcnyaya, i\u015f\u011fal\u00e7\u0131 d\u00f6vl\u0259t\u0259 postm\u00fcnaqi\u015f\u0259 d\u00f6vr\u00fcn\u00fcn reall\u0131qlar\u0131 il\u0259 ba\u011fl\u0131 \u00e7a\u011f\u0131r\u0131\u015flar olunur. D\u00f6vl\u0259t ba\u015f\u00e7\u0131s\u0131n\u0131n \u00e7\u0131x\u0131\u015flar\u0131nda bu fakt da diqq\u0259t\u0259 \u00e7atd\u0131r\u0131l\u0131r ki, \u0259slind\u0259, \u015eu\u015fan\u0131n m\u0259d\u0259ni dir\u00e7\u0259li\u015finin t\u0259m\u0259li h\u0259l\u0259 ill\u0259r \u00f6nc\u0259 \u00dcmummilli Lider Heyd\u0259r \u018fliyev t\u0259r\u0259find\u0259n qoyulub. Onun 1982-ci ild\u0259 \u015eu\u015faya 2 d\u0259f\u0259 s\u0259f\u0259r ed\u0259r\u0259k Vaqifin m\u0259qb\u0259r\u0259sinin, Poeziya Evinin a\u00e7\u0131l\u0131\u015f\u0131nda v\u0259 orada ke\u00e7iril\u0259n Vaqif Poeziya G\u00fcnl\u0259rind\u0259 i\u015ftirak etm\u0259si xalq\u0131m\u0131z\u0131n, \u015fu\u015fal\u0131lar\u0131n yadda\u015f\u0131na \u0259n xo\u015f xatir\u0259l\u0259r kimi h\u0259kk olunub. C\u0259nab \u0130lham \u018fliyev 2021-ci ilin yanvar\u0131nda ilk d\u0259f\u0259 \u015eu\u015faya s\u0259f\u0259r ed\u0259nd\u0259 h\u0259min m\u0259qamlar\u0131, h\u0259m\u00e7inin 39 il \u00f6nc\u0259 \u015eu\u015faya s\u0259f\u0259rini xat\u0131rlam\u0131\u015fd\u0131r. \u201cBu tarixi g\u00fcn m\u0259nim yad\u0131mdad\u0131r. \u00c7\u00fcnki o vaxt atamla b\u0259rab\u0259r, bax, bu yerd\u0259 m\u0259n d\u0259 durmu\u015fdum. Bu, tarixi videokadrlar da var. \u00c7ox \u015faxtal\u0131, qarl\u0131 bir hava idi. M\u00f6hk\u0259m qar ya\u011f\u0131rd\u0131. Amma buna baxmayaraq, bu t\u0259dbir\u0259 y\u0131\u011f\u0131\u015fm\u0131\u015f insanlar, Az\u0259rbaycan ziyal\u0131lar\u0131 he\u00e7 o soyu\u011fu hiss etmirdil\u0259r. \u00c7\u00fcnki Qaraba\u011f xan\u0131n\u0131n v\u0259ziri olan Molla P\u0259nah Vaqifin m\u00f6ht\u0259\u015f\u0259m m\u0259qb\u0259r\u0259si a\u00e7\u0131l\u0131rd\u0131. Bu t\u0259\u015f\u0259bb\u00fcs\u00fc Ulu \u00d6nd\u0259r Heyd\u0259r \u018fliyev ir\u0259li s\u00fcrm\u00fc\u015fd\u00fc, onun r\u0259hb\u0259rliyi il\u0259 in\u015faat i\u015fl\u0259ri apar\u0131lm\u0131\u015fd\u0131 v\u0259 g\u00f6z\u0259l, \u0259z\u0259m\u0259tli m\u0259qb\u0259r\u0259 ucald\u0131lm\u0131\u015fd\u0131.\u201d<\/p>\n<p>Qeyd etdiyimiz kimi, torpaqlar\u0131m\u0131z\u0131n sahibin\u0259 qovu\u015fmas\u0131ndan sonra \u0259sas m\u0259qs\u0259d bu \u0259razil\u0259ri yenid\u0259n b\u0259rpa etm\u0259k v\u0259 qurmaqd\u0131r. D\u00f6vl\u0259t ba\u015f\u00e7\u0131s\u0131n\u0131n tap\u015f\u0131r\u0131qlar\u0131na uy\u011fun olaraq bu \u0259razil\u0259rd\u0259 t\u0259kmil, m\u00fcasir idar\u0259\u00e7ilik sistemi yarad\u0131l\u0131r. O da m\u0259lumdur ki, c\u0259nab \u0130lham \u018fliyevin S\u0259r\u0259ncam\u0131 \u0259sas\u0131nda Prezidentin \u015f\u0259xsi n\u00fcmay\u0259nd\u0259liyi ilk olaraq \u015eu\u015fada yarad\u0131ld\u0131.<\/p>\n<p>D\u00f6vl\u0259t ba\u015f\u00e7\u0131s\u0131 \u0130lham \u018fliyevin S\u0259r\u0259ncam\u0131 il\u0259 2022-ci ilin \u00ab\u015eu\u015fa \u0130li\u00bb elan edilm\u0259si Qaraba\u011f\u0131n tac\u0131n\u0131n daha da dir\u00e7\u0259lm\u0259sin\u0259, b\u0259rpa v\u0259 quruculuq i\u015fl\u0259rinin s\u00fcr\u0259tin\u0259, miqyas\u0131na t\u0259sirsiz \u00f6t\u00fc\u015fm\u0259di. B\u00fct\u00fcn i\u015f\u011faldan azad edilmi\u015f \u0259razil\u0259rimiz m\u00fcasir d\u00f6vr\u00fcn t\u0259l\u0259bl\u0259ri \u0259sas\u0131nda yenid\u0259n qurulur, d\u00fcnya Az\u0259rbaycan\u0131n t\u0259qdim etdiyi yenilikl\u0259r s\u0131ras\u0131nda \u201ca\u011f\u0131ll\u0131 \u015f\u0259h\u0259r\u201d v\u0259 \u201ca\u011f\u0131ll\u0131 k\u0259nd\u201d layih\u0259l\u0259rinin \u015fahidin\u0259 \u00e7evrilir.<\/p>\n<p>Bu g\u00fcn m\u0259d\u0259niyy\u0259t paytaxt\u0131m\u0131z \u015eu\u015fada el\u0259 bir sah\u0259 yoxdur ki, bu \u0259srar\u0259ngiz \u015f\u0259h\u0259r onunla ba\u011fl\u0131 beyn\u0259lxalq \u0259h\u0259miyy\u0259tli t\u0259dbirl\u0259r\u0259 ev sahibliyi etm\u0259sin. 2022-ci ild\u0259 planetmizin m\u00fcxt\u0259lif gu\u015f\u0259l\u0259rind\u0259 ya\u015fayan soyda\u015flar\u0131m\u0131z\u0131n birliyin\u0259, h\u0259mr\u0259yliyin\u0259 \u015fahidlik ed\u0259n \u015eu\u015fada D\u00fcnya Az\u0131rbaycanl\u0131lar\u0131n\u0131n Z\u0259f\u0259r Qurultay\u0131 ke\u00e7irildi. \u00d6t\u0259n il \u00f6lk\u0259 Prezidenti \u0130lham \u018fliyevin tap\u015f\u0131r\u0131\u011f\u0131na \u0259sas\u0259n, \u201cHeyd\u0259r \u018fliyev \u0130li\u201d \u00e7\u0259r\u00e7iv\u0259sind\u0259 v\u0259 Az\u0259rbaycan Milli M\u0259tbuat\u0131n\u0131n 148-ci ild\u00f6n\u00fcm\u00fc il\u0259 ba\u011fl\u0131 \u201c4-c\u00fc S\u0259naye \u0130nqilab\u0131 d\u00f6vr\u00fcnd\u0259 Yeni Media\u201d Qlobal Media Forumu ba\u015f tutdu. T\u0259dbir\u0259 49 \u00f6lk\u0259d\u0259n 150 xarici qonaq, o c\u00fcml\u0259d\u0259n d\u00fcnyan\u0131n 34 \u00f6lk\u0259sinin d\u00f6vl\u0259t informasiya agentliyi, 12 beyn\u0259lxalq t\u0259\u015fkilat v\u0259 media qurumu qat\u0131l\u0131b. H\u0259m\u00e7inin Forumda 60 yerli media r\u0259hb\u0259ri v\u0259 n\u00fcmay\u0259nd\u0259si i\u015ftirak etdi. Bunlar\u0131 qeyd etm\u0259yimiz s\u0259b\u0259bsiz deyil. H\u0259r bir beyn\u0259lxalq \u0259h\u0259miyy\u0259tli t\u0259dbir \u0259hat\u0259 etdiyi m\u00f6vzu il\u0259 yana\u015f\u0131, i\u015ftirak\u00e7\u0131lar\u0131n hans\u0131 \u00f6lk\u0259l\u0259ri t\u0259msil etm\u0259si v\u0259 say t\u0259rkibi il\u0259 diqq\u0259td\u0259 olur. Bu t\u0259dbirl\u0259r tarixi Z\u0259f\u0259rimizin reall\u0131qlar\u0131n\u0131n d\u00fcnya ictimaiyy\u0259tin\u0259 \u00e7atd\u0131r\u0131lmas\u0131nda \u0259h\u0259miyy\u0259tli rol oynay\u0131r. D\u00f6vl\u0259t ba\u015f\u00e7\u0131s\u0131 \u0130lham \u018fliyevin Qlobal Media Forumundak\u0131 \u00e7\u0131x\u0131\u015f\u0131 v\u0259\u00a0xarici media n\u00fcmay\u0259nd\u0259l\u0259rini maraqland\u0131ran suallara cavab\u0131 Az\u0259rbaycan reall\u0131qlar\u0131n\u0131n t\u0259bli\u011find\u0259 v\u0259 \u00f6yr\u0259nilm\u0259sind\u0259 z\u0259ngin m\u0259nb\u0259 oldu. Qlobal Media Forumundak\u0131 \u00e7\u0131x\u0131\u015f\u0131nda \u201c\u015eu\u015fa \u015f\u0259h\u0259ri bizim c\u0259sar\u0259timizin r\u0259mzidir\u201d s\u00f6yl\u0259y\u0259n d\u00f6vl\u0259t ba\u015f\u00e7\u0131s\u0131 \u0130lham \u018fliyev onu da \u0259lav\u0259 etdi ki, \u015eu\u015fada art\u0131q bir ne\u00e7\u0259 beyn\u0259lxalq t\u0259dbir, \u201cXar\u0131b\u00fclb\u00fcl\u201d Beyn\u0259lxalq Musiqi Festival\u0131, Vaqif Poeziya G\u00fcnl\u0259ri ke\u00e7irilib. \u015eu\u015fa Qlobal Media Forumu \u00f6lk\u0259miz v\u0259 Qaraba\u011f b\u00f6lg\u0259si \u00fc\u00e7\u00fcn \u00e7ox m\u00f6ht\u0259\u015f\u0259m bir t\u0259dbirdir: \u201c\u015eu\u015fa r\u0259smi olaraq Az\u0259rbaycan\u0131n M\u0259d\u0259niyy\u0259t Paytaxt\u0131d\u0131r v\u0259 bizim q\u0259l\u0259b\u0259mizin r\u0259mzidir. \u015eu\u015fa, eyni zamanda, s\u00fclh\u00fcn r\u0259mzidir. \u015eu\u015fa azad olunduqdan sonra \u0130kinci Qaraba\u011f m\u00fcharib\u0259si ba\u015fa \u00e7atd\u0131.\u00bb<\/p>\n<p>Bu g\u00fcn i\u015f\u011faldan azad edilmi\u015f \u0259razil\u0259rimizd\u0259 B\u00f6y\u00fck Qay\u0131d\u0131\u015f Proqram\u0131 u\u011furla icra edilir. T\u0259kc\u0259 Qarba\u011f\u0131n tac\u0131 \u015eu\u015fan\u0131n timsal\u0131nda g\u00f6r\u00fcl\u0259n b\u0259rpa-quruculuq i\u015fl\u0259rinin ayd\u0131n t\u0259s\u0259vv\u00fcr\u00fcn\u00fc yaratmaq m\u00fcmk\u00fcnd\u00fcr. \u00dc\u00e7 ild\u0259n art\u0131q d\u00f6vrd\u0259 b\u0259rpa-quruculuq i\u015fl\u0259rinin miqyas\u0131 o q\u0259d\u0259r geni\u015fdir ki, onlar\u0131 bir yaz\u0131da bel\u0259 \u0259hat\u0259 etm\u0259k m\u00fcmk\u00fcns\u00fczd\u00fcr. Bu i\u015fl\u0259r Az\u0259rbaycan\u0131n malik oldu\u011fu maliyy\u0259 imkanlar\u0131n\u0131n d\u00fcnyaya t\u0259qdimat\u0131nda \u00f6z s\u00f6z\u00fcn\u00fc deyir.<\/p>\n<p>Art\u0131q b\u0259rpa-quruculuq i\u015fl\u0259ri soyda\u015flar\u0131m\u0131z\u0131n do\u011fma yurd-yuvalar\u0131na qay\u0131d\u0131\u015f\u0131 il\u0259 m\u00fc\u015fayi\u0259t olunur. A\u011fal\u0131, Tal\u0131\u015f, Zabux k\u0259ndl\u0259rinin, F\u00fczuli v\u0259 La\u00e7\u0131n \u015f\u0259h\u0259rl\u0259rinin s\u0131ras\u0131na bu il C\u0259bray\u0131l, K\u0259lb\u0259c\u0259r, \u015eu\u015fa, Xank\u0259ndi v\u0259 Xocal\u0131 \u015f\u0259h\u0259rl\u0259ri \u0259lav\u0259 olunacaq. \u00dcmumlilikd\u0259 B\u00f6y\u00fck Qay\u0131d\u0131\u015f Proqram\u0131n\u0131n ba\u015fa \u00e7ataca\u011f\u0131 2026-c\u0131 il\u0259d\u0259k 140 min m\u0259cburi k\u00f6\u00e7k\u00fcn\u00fcn qay\u0131d\u0131\u015f\u0131 n\u0259z\u0259rd\u0259 tutulub. Soyda\u015flar\u0131m\u0131z\u0131n do\u011fma yurd-yuvalar\u0131na m\u0259rh\u0259l\u0259-m\u0259rh\u0259l\u0259 qay\u0131d\u0131\u015f\u0131 h\u0259r birimizd\u0259 b\u00f6y\u00fck q\u00fcrur hissi yarad\u0131r.<\/p>\n<p>Qaraba\u011f\u0131n tac\u0131 \u015eu\u015fa yax\u0131n g\u00fcnl\u0259rd\u0259 n\u00f6vb\u0259ti d\u0259f\u0259 d\u00fcnyan\u0131n diqq\u0259tind\u0259 olacaq. May ay\u0131n\u0131n 11-13-d\u0259 burada Heyd\u0259r \u018fliyev Fondunun v\u0259 M\u0259d\u0259niyy\u0259t Nazirliyinin birg\u0259 t\u0259\u015fkilat\u00e7\u0131l\u0131\u011f\u0131 il\u0259 \u201cXar\u0131b\u00fclb\u00fcl\u201d VII Beyn\u0259lxalq Musiqi Festival\u0131 ke\u00e7iril\u0259c\u0259k. \u015eu\u015fa \u015f\u0259h\u0259ri 2024-c\u00fc il \u00fc\u00e7\u00fcn \u201c\u0130slam D\u00fcnyas\u0131n\u0131n M\u0259d\u0259niyy\u0259t Paytaxt\u0131\u201d elan olunub. Prezident \u0130lham \u018fliyev \u00f6t\u0259n ilin noyabr\u0131nda bununla ba\u011fl\u0131 t\u0259dbirl\u0259r haqq\u0131nda S\u0259r\u0259ncam imzalad\u0131. \u00d6z n\u00f6vb\u0259sind\u0259 \u201cXar\u0131b\u00fclb\u00fcl\u201d Beyn\u0259lxalq Musiqi Festival\u0131 da \u0130slam d\u00fcnyas\u0131 \u00f6lk\u0259l\u0259ri aras\u0131nda m\u0259d\u0259ni \u0259laq\u0259l\u0259rin inki\u015faf\u0131na t\u00f6hf\u0259 ver\u0259c\u0259k. Builki festival i\u015ftirak\u00e7\u0131lar\u0131 aras\u0131nda h\u0259m d\u0259 ICESCO-ya \u00fczv \u00f6lk\u0259l\u0259rd\u0259n ifa\u00e7\u0131lar v\u0259 yarad\u0131c\u0131 kollektivl\u0259r yer alacaq. May\u0131n 11-d\u0259 C\u0131d\u0131r d\u00fcz\u00fcnd\u0259 \u201c\u015eu\u015fa \u2013 \u0130slam D\u00fcnyas\u0131n\u0131n M\u0259d\u0259niyy\u0259t Paytaxt\u0131 2024\u201d ilinin v\u0259 \u201cXar\u0131b\u00fclb\u00fcl\u201d VII Beyn\u0259lxalq Musiqi Festival\u0131n\u0131n a\u00e7\u0131l\u0131\u015f konserti ke\u00e7iril\u0259c\u0259k. Festival may\u0131n 13-d\u0259 La\u00e7\u0131nda davam ed\u0259c\u0259k. H\u0259k\u0259ri \u00e7ay\u0131 \u0259traf\u0131nda qonaqlara f\u0259rqli \u00f6lk\u0259l\u0259rd\u0259n g\u0259l\u0259n ifa\u00e7\u0131lar\u0131n t\u0259qdimat\u0131nda konsert t\u0259qdim olunacaq.<\/p>\n<p>Bu g\u00fcn harada ya\u015famas\u0131ndan as\u0131l\u0131 olmayaraq h\u0259r bir az\u0259rbaycanl\u0131 q\u00fcrurludur. Art\u0131q torpaqlar\u0131m\u0131z\u0131n i\u015f\u011fal deyil, i\u015f\u011faldan azad edildikl\u0259ri tarixl\u0259ri qeyd edirik. Eyni zamanda, Prezident \u0130lham \u018fliyevin S\u0259r\u0259ncam\u0131 il\u0259 V\u0259t\u0259n m\u00fcharib\u0259sind\u0259 \u0259ld\u0259 olunmu\u015f tarixi Q\u0259l\u0259b\u0259ni \u0259b\u0259dil\u0259\u015fdirm\u0259k m\u0259qs\u0259dil\u0259 i\u015f\u011faldan azad edilmi\u015f \u015f\u0259h\u0259rl\u0259rin g\u00fcnl\u0259ri t\u0259sis edildi. \u015eu\u015fa 28 il d\u00fc\u015fm\u0259n tapda\u011f\u0131 alt\u0131nda qalsa da \u0259yilm\u0259di, daim azad olunaca\u011f\u0131 g\u00fcn\u00fc g\u00f6zl\u0259di. M\u0259hz h\u0259min g\u00fcn 2020-ci il 8 noyabr tarixind\u0259 g\u0259lib \u00e7\u0131xd\u0131. Bu g\u00fcn \u015eu\u015fa azadd\u0131r, dir\u00e7\u0259lir v\u0259 tezlikl\u0259 \u00f6z sakinl\u0259rini qar\u015f\u0131l\u0131yacaq. 2024-c\u00fc il \u015eu\u015fa sakinl\u0259rinin qay\u0131d\u0131\u015f ili kimi d\u0259 tarix\u0259 yaz\u0131lacaq.<\/p>\n","protected":false},"excerpt":{"rendered":"<p>Bu g\u00fcn harada ya\u015famas\u0131ndan as\u0131l\u0131 olmayaraq h\u0259r bir az\u0259rbaycanl\u0131 torpaqlar\u0131m\u0131z\u0131n, o c\u00fcml\u0259d\u0259n Qaraba\u011f\u0131n tac\u0131 \u015eu\u015fan\u0131n i\u015f\u011fal deyil, i\u015f\u011faldan azad edildiyi tarixl\u0259ri qeyd edir D\u00f6vl\u0259t ba\u015f\u00e7\u0131s\u0131 \u0130lham \u018fliyevin 44 g\u00fcnl\u00fck \u0130kinci Qaraba\u011f m\u00fcharib\u0259sinin gedi\u015fi d\u00f6vr\u00fcnd\u0259 T\u00fcrkiy\u0259nin \u00abA Haber\u00bb televiziya kanal\u0131na m\u00fcsahib\u0259sind\u0259 \u00abQaraba\u011f\u0131n q\u0259lbi, g\u00f6z\u00fc \u015eu\u015fad\u0131r. Az\u0259rbaycanl\u0131lar\u0131n g\u00f6z\u00fc-qula\u011f\u0131 \u015eu\u015fadan g\u0259l\u0259c\u0259k x\u0259b\u0259rd\u0259dir. \u0130stiqam\u0259ti \u015eu\u015fa olaraqm\u0131 verdiniz, in\u015fallah\u00bb sual\u0131na cavab\u0131n\u0131 xat\u0131rlatmaq ist\u0259rdik: \u00ab\u0130stiqam\u0259t h\u0259r t\u0259r\u0259fdir. \u0130\u015f\u011fal edilmi\u015f torpaqlar\u0131n h\u0259r bir qar\u0131\u015f\u0131, h\u0259r bir \u015f\u0259h\u0259r bizim \u00fc\u00e7\u00fcn do\u011fmad\u0131r, \u0259zizdir. M\u0259nim \u00fc\u00e7\u00fcn h\u0259r bir k\u0259ndin d\u0259y\u0259ri, qiym\u0259ti o biri k\u0259ndl\u0259 m\u00fcqayis\u0259d\u0259, o biri \u015f\u0259h\u0259rl\u0259 m\u00fcqayis\u0259d\u0259 eynidir,&hellip;<\/p>\n","protected":false},"author":2,"featured_media":719728,"comment_status":"closed","ping_status":"closed","sticky":false,"template":"","format":"standard","meta":{"om_disable_all_campaigns":false,"_monsterinsights_skip_tracking":false,"_monsterinsights_sitenote_active":false,"_monsterinsights_sitenote_note":"","_monsterinsights_sitenote_category":0},"categories":[1],"tags":[],"aioseo_notices":[],"gutentor_comment":0,"rttpg_featured_image_url":{"full":["https:\/\/arantv.az\/wp-content\/uploads\/2024\/05\/70162fe6170600079324967880510692125.jpg",975,540,false],"landscape":["https:\/\/arantv.az\/wp-content\/uploads\/2024\/05\/70162fe6170600079324967880510692125.jpg",975,540,false],"portraits":["https:\/\/arantv.az\/wp-content\/uploads\/2024\/05\/70162fe6170600079324967880510692125.jpg",975,540,false],"thumbnail":["https:\/\/arantv.az\/wp-content\/uploads\/2024\/05\/70162fe6170600079324967880510692125-500x280.jpg",500,280,true],"medium":["https:\/\/arantv.az\/wp-content\/uploads\/2024\/05\/70162fe6170600079324967880510692125-660x365.jpg",660,365,true],"large":["https:\/\/arantv.az\/wp-content\/uploads\/2024\/05\/70162fe6170600079324967880510692125-840x465.jpg",640,354,true],"1536x1536":["https:\/\/arantv.az\/wp-content\/uploads\/2024\/05\/70162fe6170600079324967880510692125.jpg",975,540,false],"2048x2048":["https:\/\/arantv.az\/wp-content\/uploads\/2024\/05\/70162fe6170600079324967880510692125.jpg",975,540,false],"post-thumbnail":["https:\/\/arantv.az\/wp-content\/uploads\/2024\/05\/70162fe6170600079324967880510692125-240x172.jpg",240,172,true],"advps-thumb-one":["https:\/\/arantv.az\/wp-content\/uploads\/2024\/05\/70162fe6170600079324967880510692125.jpg",975,540,false]},"rttpg_author":{"display_name":"V\u00fcsal Rafiqo\u011flu","author_link":"https:\/\/arantv.az\/?author=2"},"rttpg_comment":0,"rttpg_category":"<a href=\"https:\/\/arantv.az\/?cat=1\" rel=\"category\">C\u0259miyy\u0259t<\/a>","rttpg_excerpt":"Bu g\u00fcn harada ya\u015famas\u0131ndan as\u0131l\u0131 olmayaraq h\u0259r bir az\u0259rbaycanl\u0131 torpaqlar\u0131m\u0131z\u0131n, o c\u00fcml\u0259d\u0259n Qaraba\u011f\u0131n tac\u0131 \u015eu\u015fan\u0131n i\u015f\u011fal deyil, i\u015f\u011faldan azad edildiyi tarixl\u0259ri qeyd edir D\u00f6vl\u0259t ba\u015f\u00e7\u0131s\u0131 \u0130lham \u018fliyevin 44 g\u00fcnl\u00fck \u0130kinci Qaraba\u011f m\u00fcharib\u0259sinin gedi\u015fi d\u00f6vr\u00fcnd\u0259 T\u00fcrkiy\u0259nin \u00abA Haber\u00bb televiziya kanal\u0131na m\u00fcsahib\u0259sind\u0259 \u00abQaraba\u011f\u0131n q\u0259lbi, g\u00f6z\u00fc \u015eu\u015fad\u0131r. Az\u0259rbaycanl\u0131lar\u0131n g\u00f6z\u00fc-qula\u011f\u0131 \u015eu\u015fadan g\u0259l\u0259c\u0259k x\u0259b\u0259rd\u0259dir. \u0130stiqam\u0259ti \u015eu\u015fa olaraqm\u0131 verdiniz, in\u015fallah\u00bb sual\u0131na&hellip;","_links":{"self":[{"href":"https:\/\/arantv.az\/index.php?rest_route=\/wp\/v2\/posts\/719727"}],"collection":[{"href":"https:\/\/arantv.az\/index.php?rest_route=\/wp\/v2\/posts"}],"about":[{"href":"https:\/\/arantv.az\/index.php?rest_route=\/wp\/v2\/types\/post"}],"author":[{"embeddable":true,"href":"https:\/\/arantv.az\/index.php?rest_route=\/wp\/v2\/users\/2"}],"replies":[{"embeddable":true,"href":"https:\/\/arantv.az\/index.php?rest_route=%2Fwp%2Fv2%2Fcomments&post=719727"}],"version-history":[{"count":0,"href":"https:\/\/arantv.az\/index.php?rest_route=\/wp\/v2\/posts\/719727\/revisions"}],"wp:featuredmedia":[{"embeddable":true,"href":"https:\/\/arantv.az\/index.php?rest_route=\/wp\/v2\/media\/719728"}],"wp:attachment":[{"href":"https:\/\/arantv.az\/index.php?rest_route=%2Fwp%2Fv2%2Fmedia&parent=719727"}],"wp:term":[{"taxonomy":"category","embeddable":true,"href":"https:\/\/arantv.az\/index.php?rest_route=%2Fwp%2Fv2%2Fcategories&post=719727"},{"taxonomy":"post_tag","embeddable":true,"href":"https:\/\/arantv.az\/index.php?rest_route=%2Fwp%2Fv2%2Ftags&post=719727"}],"curies":[{"name":"wp","href":"https:\/\/api.w.org\/{rel}","templated":true}]}}