{"id":719747,"date":"2024-05-08T11:25:20","date_gmt":"2024-05-08T07:25:20","guid":{"rendered":"https:\/\/arantv.az\/?p=719747"},"modified":"2024-05-08T11:25:20","modified_gmt":"2024-05-08T07:25:20","slug":"102-yasli-veteran-t%c9%99ltif-edilib-foto","status":"publish","type":"post","link":"https:\/\/arantv.az\/?p=719747","title":{"rendered":"102 ya\u015fl\u0131 veteran t\u0259ltif edilib &#8211; FOTO"},"content":{"rendered":"<p>9 May &#8211;\u00a0fa\u015fizm \u00fcz\u0259rind\u0259 q\u0259l\u0259b\u0259 g\u00fcn\u00fc \u0259r\u0259f\u0259sind\u0259 S\u0259f\u0259rb\u0259rlik v\u0259 H\u0259rbi Xidm\u0259t\u0259 \u00c7a\u011f\u0131r\u0131\u015f \u00fczr\u0259 D\u00f6vl\u0259t Xidm\u0259tinin \u0259m\u0259kda\u015flar\u0131n\u0131n i\u015ftirak\u0131 il\u0259 M\u00fcharib\u0259, \u018fm\u0259k v\u0259 Silahl\u0131 Q\u00fcvv\u0259l\u0259r Veteranlar\u0131 T\u0259\u015fkilat\u0131nda g\u00f6r\u00fc\u015f ke\u00e7irilib.<\/p>\n<p>Bu bar\u0259d\u0259 S\u0259f\u0259rb\u0259rlik v\u0259 H\u0259rbi Xidm\u0259t\u0259 \u00c7a\u011f\u0131r\u0131\u015f \u00fczr\u0259 D\u00f6vl\u0259t Xidm\u0259ti m\u0259lumat yay\u0131b.<\/p>\n<p>Bildirilib ki, g\u00f6r\u00fc\u015f zaman\u0131 D\u00f6vl\u0259t Xidm\u0259ti r\u0259isinin m\u00fcavini general-leytenant May\u0131l \u015eahverdiyev t\u0259\u015fkilat\u0131n s\u0259dri Fatma S\u0259ttarovaya S\u0259f\u0259rb\u0259rlik v\u0259 H\u0259rbi Xidm\u0259t\u0259 \u00c7a\u011f\u0131r\u0131\u015f \u00fczr\u0259 D\u00f6vl\u0259t Xidm\u0259tinin r\u0259isi M\u00fcrs\u0259l \u0130brahimovun t\u0259brikini \u00e7atd\u0131r\u0131b.<\/p>\n<p>May\u0131l \u015eahverdiyev q\u0259l\u0259b\u0259nin \u0259ld\u0259 olunmas\u0131nda Az\u0259rbaycan xalq\u0131n\u0131n b\u00f6y\u00fck t\u00f6hf\u0259si v\u0259 rolunun olmas\u0131n\u0131, h\u0259mv\u0259t\u0259nl\u0259rimizin \u0130kinci D\u00fcnya m\u00fcharib\u0259sind\u0259 g\u00f6st\u0259rdikl\u0259ri q\u0259hr\u0259manl\u0131\u011f\u0131n g\u0259nc n\u0259sl\u0259 v\u0259t\u0259np\u0259rv\u0259rlik n\u00fcmun\u0259si oldu\u011funu qeyd edib.<\/p>\n<p>T\u0259\u015fkilat\u0131n s\u0259dri Fatma S\u0259ttarova \u0130kinci D\u00fcnya m\u00fcharib\u0259sind\u0259 fa\u015fizm \u00fcz\u0259rind\u0259 q\u0259l\u0259b\u0259 g\u00fcn\u00fc il\u0259 ba\u011fl\u0131 veteranlarla g\u00f6r\u00fc\u015fl\u0259rin \u0259h\u0259miyy\u0259tini vur\u011fulay\u0131b v\u0259 onlara g\u00f6st\u0259ril\u0259n diqq\u0259t v\u0259 qay\u011f\u0131ya g\u00f6r\u0259 d\u00f6vl\u0259timizin ba\u015f\u00e7\u0131s\u0131na minn\u0259tdarl\u0131\u011f\u0131n\u0131 bildirib.<\/p>\n<p>G\u00f6r\u00fc\u015f\u00fcn sonunda v\u0259t\u0259nda\u015flar\u0131n h\u0259rbi v\u0259t\u0259np\u0259rv\u0259rlik t\u0259rbiy\u0259sind\u0259 v\u0259 v\u0259t\u0259np\u0259rv\u0259rlik t\u0259bli\u011fat\u0131nda g\u00f6st\u0259rdiyi xidm\u0259tl\u0259r\u0259 g\u00f6r\u0259 Fatma H\u00fcseyn q\u0131z\u0131 S\u0259ttarova \u201cAz\u0259rbaycan Respublikas\u0131 S\u0259f\u0259rb\u0259rlik v\u0259 H\u0259rbi Xidm\u0259t\u0259 \u00c7a\u011f\u0131r\u0131\u015f \u00fczr\u0259 D\u00f6vl\u0259t Xidm\u0259tinin 10 illiyi (2012-2022)\u201d yubiley medal\u0131 il\u0259 t\u0259ltif edilib.<\/p>\n<p>&nbsp;<\/p>\n<div class=\"gallery\">\n<div class=\"gallery-i\"><img src=\"https:\/\/cdn.oxu.az\/uploads\/W1siZiIsIjIwMjQvMDUvMDgvMTAvNDcvNDEvY2FmYThjNjUtNzQxZS00YmM5LThmMjEtZmYzNzNjYTk1M2Q4LzY2M2IxZTc2ODRiY2Q2NjNiMWU3Njg0YmNlMTcxNTE1MDQ1NDY2M2IxZTc2ODRiYzk2NjNiMWU3Njg0YmNjLmpwZyJdLFsicCIsImVuY29kZSIsImpwZyIsIi1xdWFsaXR5IDgwIl0sWyJwIiwidGh1bWIiLCI1OTB4NTkwXHUwMDNlIl1d?sha=f27a4c5b17571e3a\" alt=\"\" \/><\/p>\n<div class=\"gallery-i-caption\"><\/div>\n<\/div>\n<div class=\"gallery-i\"><img src=\"https:\/\/cdn.oxu.az\/uploads\/W1siZiIsIjIwMjQvMDUvMDgvMTAvNDcvNDEvMzlkYjkxNmItYjNkYy00NTNkLWJmNjYtZTYwOTY0OWM4MWJlLzY2M2IxZTc2NzE0ODk2NjNiMWU3NjcxNDhhMTcxNTE1MDQ1NDY2M2IxZTc2NzE0ODU2NjNiMWU3NjcxNDg3LmpwZyJdLFsicCIsImVuY29kZSIsImpwZyIsIi1xdWFsaXR5IDgwIl0sWyJwIiwidGh1bWIiLCI1OTB4NTkwXHUwMDNlIl1d?sha=2e428db00455019a\" alt=\"\" \/><\/p>\n<div class=\"gallery-i-caption\"><\/div>\n<\/div>\n<div class=\"gallery-i\"><img src=\"https:\/\/cdn.oxu.az\/uploads\/W1siZiIsIjIwMjQvMDUvMDgvMTAvNDcvNDEvMGVhMDJlNjQtYzhiMy00YjExLWI4ZWEtYjJjYmFmODE2NmU2LzY2M2IxZTc2NWNkNzM2NjNiMWU3NjVjZDc0MTcxNTE1MDQ1NDY2M2IxZTc2NWNkNzE2NjNiMWU3NjVjZDcyLmpwZyJdLFsicCIsImVuY29kZSIsImpwZyIsIi1xdWFsaXR5IDgwIl0sWyJwIiwidGh1bWIiLCI1OTB4NTkwXHUwMDNlIl1d?sha=ad20bca484dc44a8\" alt=\"\" \/><\/div>\n<\/div>\n","protected":false},"excerpt":{"rendered":"<p>9 May &#8211;\u00a0fa\u015fizm \u00fcz\u0259rind\u0259 q\u0259l\u0259b\u0259 g\u00fcn\u00fc \u0259r\u0259f\u0259sind\u0259 S\u0259f\u0259rb\u0259rlik v\u0259 H\u0259rbi Xidm\u0259t\u0259 \u00c7a\u011f\u0131r\u0131\u015f \u00fczr\u0259 D\u00f6vl\u0259t Xidm\u0259tinin \u0259m\u0259kda\u015flar\u0131n\u0131n i\u015ftirak\u0131 il\u0259 M\u00fcharib\u0259, \u018fm\u0259k v\u0259 Silahl\u0131 Q\u00fcvv\u0259l\u0259r Veteranlar\u0131 T\u0259\u015fkilat\u0131nda g\u00f6r\u00fc\u015f ke\u00e7irilib. Bu bar\u0259d\u0259 S\u0259f\u0259rb\u0259rlik v\u0259 H\u0259rbi Xidm\u0259t\u0259 \u00c7a\u011f\u0131r\u0131\u015f \u00fczr\u0259 D\u00f6vl\u0259t Xidm\u0259ti m\u0259lumat yay\u0131b. Bildirilib ki, g\u00f6r\u00fc\u015f zaman\u0131 D\u00f6vl\u0259t Xidm\u0259ti r\u0259isinin m\u00fcavini general-leytenant May\u0131l \u015eahverdiyev t\u0259\u015fkilat\u0131n s\u0259dri Fatma S\u0259ttarovaya S\u0259f\u0259rb\u0259rlik v\u0259 H\u0259rbi Xidm\u0259t\u0259 \u00c7a\u011f\u0131r\u0131\u015f \u00fczr\u0259 D\u00f6vl\u0259t Xidm\u0259tinin r\u0259isi M\u00fcrs\u0259l \u0130brahimovun t\u0259brikini \u00e7atd\u0131r\u0131b. May\u0131l \u015eahverdiyev q\u0259l\u0259b\u0259nin \u0259ld\u0259 olunmas\u0131nda Az\u0259rbaycan xalq\u0131n\u0131n b\u00f6y\u00fck t\u00f6hf\u0259si v\u0259 rolunun olmas\u0131n\u0131, h\u0259mv\u0259t\u0259nl\u0259rimizin \u0130kinci D\u00fcnya m\u00fcharib\u0259sind\u0259 g\u00f6st\u0259rdikl\u0259ri q\u0259hr\u0259manl\u0131\u011f\u0131n g\u0259nc n\u0259sl\u0259 v\u0259t\u0259np\u0259rv\u0259rlik n\u00fcmun\u0259si oldu\u011funu&hellip;<\/p>\n","protected":false},"author":2,"featured_media":719748,"comment_status":"closed","ping_status":"closed","sticky":false,"template":"","format":"standard","meta":{"om_disable_all_campaigns":false,"_monsterinsights_skip_tracking":false,"_monsterinsights_sitenote_active":false,"_monsterinsights_sitenote_note":"","_monsterinsights_sitenote_category":0},"categories":[1],"tags":[],"aioseo_notices":[],"gutentor_comment":0,"rttpg_featured_image_url":{"full":["https:\/\/arantv.az\/wp-content\/uploads\/2024\/05\/663b1e769b1e2663b1e769b1e31715150454663b1e769b1df663b1e769b1e1.jpg",620,413,false],"landscape":["https:\/\/arantv.az\/wp-content\/uploads\/2024\/05\/663b1e769b1e2663b1e769b1e31715150454663b1e769b1df663b1e769b1e1.jpg",620,413,false],"portraits":["https:\/\/arantv.az\/wp-content\/uploads\/2024\/05\/663b1e769b1e2663b1e769b1e31715150454663b1e769b1df663b1e769b1e1.jpg",620,413,false],"thumbnail":["https:\/\/arantv.az\/wp-content\/uploads\/2024\/05\/663b1e769b1e2663b1e769b1e31715150454663b1e769b1df663b1e769b1e1-500x280.jpg",500,280,true],"medium":["https:\/\/arantv.az\/wp-content\/uploads\/2024\/05\/663b1e769b1e2663b1e769b1e31715150454663b1e769b1df663b1e769b1e1-548x365.jpg",548,365,true],"large":["https:\/\/arantv.az\/wp-content\/uploads\/2024\/05\/663b1e769b1e2663b1e769b1e31715150454663b1e769b1df663b1e769b1e1.jpg",620,413,false],"1536x1536":["https:\/\/arantv.az\/wp-content\/uploads\/2024\/05\/663b1e769b1e2663b1e769b1e31715150454663b1e769b1df663b1e769b1e1.jpg",620,413,false],"2048x2048":["https:\/\/arantv.az\/wp-content\/uploads\/2024\/05\/663b1e769b1e2663b1e769b1e31715150454663b1e769b1df663b1e769b1e1.jpg",620,413,false],"post-thumbnail":["https:\/\/arantv.az\/wp-content\/uploads\/2024\/05\/663b1e769b1e2663b1e769b1e31715150454663b1e769b1df663b1e769b1e1-240x172.jpg",240,172,true],"advps-thumb-one":["https:\/\/arantv.az\/wp-content\/uploads\/2024\/05\/663b1e769b1e2663b1e769b1e31715150454663b1e769b1df663b1e769b1e1.jpg",620,413,false]},"rttpg_author":{"display_name":"V\u00fcsal Rafiqo\u011flu","author_link":"https:\/\/arantv.az\/?author=2"},"rttpg_comment":0,"rttpg_category":"<a href=\"https:\/\/arantv.az\/?cat=1\" rel=\"category\">C\u0259miyy\u0259t<\/a>","rttpg_excerpt":"9 May &#8211;\u00a0fa\u015fizm \u00fcz\u0259rind\u0259 q\u0259l\u0259b\u0259 g\u00fcn\u00fc \u0259r\u0259f\u0259sind\u0259 S\u0259f\u0259rb\u0259rlik v\u0259 H\u0259rbi Xidm\u0259t\u0259 \u00c7a\u011f\u0131r\u0131\u015f \u00fczr\u0259 D\u00f6vl\u0259t Xidm\u0259tinin \u0259m\u0259kda\u015flar\u0131n\u0131n i\u015ftirak\u0131 il\u0259 M\u00fcharib\u0259, \u018fm\u0259k v\u0259 Silahl\u0131 Q\u00fcvv\u0259l\u0259r Veteranlar\u0131 T\u0259\u015fkilat\u0131nda g\u00f6r\u00fc\u015f ke\u00e7irilib. Bu bar\u0259d\u0259 S\u0259f\u0259rb\u0259rlik v\u0259 H\u0259rbi Xidm\u0259t\u0259 \u00c7a\u011f\u0131r\u0131\u015f \u00fczr\u0259 D\u00f6vl\u0259t Xidm\u0259ti m\u0259lumat yay\u0131b. Bildirilib ki, g\u00f6r\u00fc\u015f zaman\u0131 D\u00f6vl\u0259t Xidm\u0259ti r\u0259isinin m\u00fcavini general-leytenant May\u0131l \u015eahverdiyev t\u0259\u015fkilat\u0131n s\u0259dri Fatma S\u0259ttarovaya S\u0259f\u0259rb\u0259rlik&hellip;","_links":{"self":[{"href":"https:\/\/arantv.az\/index.php?rest_route=\/wp\/v2\/posts\/719747"}],"collection":[{"href":"https:\/\/arantv.az\/index.php?rest_route=\/wp\/v2\/posts"}],"about":[{"href":"https:\/\/arantv.az\/index.php?rest_route=\/wp\/v2\/types\/post"}],"author":[{"embeddable":true,"href":"https:\/\/arantv.az\/index.php?rest_route=\/wp\/v2\/users\/2"}],"replies":[{"embeddable":true,"href":"https:\/\/arantv.az\/index.php?rest_route=%2Fwp%2Fv2%2Fcomments&post=719747"}],"version-history":[{"count":0,"href":"https:\/\/arantv.az\/index.php?rest_route=\/wp\/v2\/posts\/719747\/revisions"}],"wp:featuredmedia":[{"embeddable":true,"href":"https:\/\/arantv.az\/index.php?rest_route=\/wp\/v2\/media\/719748"}],"wp:attachment":[{"href":"https:\/\/arantv.az\/index.php?rest_route=%2Fwp%2Fv2%2Fmedia&parent=719747"}],"wp:term":[{"taxonomy":"category","embeddable":true,"href":"https:\/\/arantv.az\/index.php?rest_route=%2Fwp%2Fv2%2Fcategories&post=719747"},{"taxonomy":"post_tag","embeddable":true,"href":"https:\/\/arantv.az\/index.php?rest_route=%2Fwp%2Fv2%2Ftags&post=719747"}],"curies":[{"name":"wp","href":"https:\/\/api.w.org\/{rel}","templated":true}]}}