{"id":719757,"date":"2024-05-08T11:28:34","date_gmt":"2024-05-08T07:28:34","guid":{"rendered":"https:\/\/arantv.az\/?p=719757"},"modified":"2024-05-08T11:28:34","modified_gmt":"2024-05-08T07:28:34","slug":"%c9%99r%c9%99b-investisiyasi-az%c9%99rbaycanda-payini-artirir","status":"publish","type":"post","link":"https:\/\/arantv.az\/?p=719757","title":{"rendered":"\u018fr\u0259b investisiyas\u0131 Az\u0259rbaycanda pay\u0131n\u0131 art\u0131r\u0131r"},"content":{"rendered":"<p><strong>B\u018f\u018f \u015firk\u0259tl\u0259ri X\u0259z\u0259rd\u0259 s\u00fcni \u0259razil\u0259rin yarad\u0131lmas\u0131 layih\u0259sind\u0259 d\u0259 i\u015ftirak ed\u0259c\u0259kl\u0259r<\/strong><\/p>\n<p>Prezident \u0130lham \u018fliyev \u00f6t\u0259n h\u0259ft\u0259sonu S\u0259udiyy\u0259 \u018fr\u0259bistan\u0131 Krall\u0131\u011f\u0131n\u0131n energetika naziri \u015eahzad\u0259 \u018fbd\u00fcl\u0259ziz bin Salman \u0259l-S\u0259udu q\u0259bul edib. Ondan bir g\u00fcn \u0259vv\u0259l is\u0259 Q\u0259t\u0259rin paytaxt\u0131nda \u201c\u018fr\u0259b D\u00f6vl\u0259tl\u0259ri Liqas\u0131 &#8211; M\u0259rk\u0259zi Asiya &#8211; Az\u0259rbaycan\u201d \u0130qtisadi Forumunun \u00fc\u00e7\u00fcnc\u00fc iclas\u0131 ke\u00e7irilib.<\/p>\n<p>Az\u0259rbaycanla \u0259r\u0259b \u00f6lk\u0259l\u0259ri aras\u0131nda \u0259laq\u0259l\u0259rin inki\u015faf\u0131nda B\u018f\u018f-nin r\u0259hb\u0259ri \u015eeyx M\u0259h\u0259mm\u0259d bin Zayed \u018fl N\u0259hyan\u0131n yanvarda Bak\u0131ya s\u0259f\u0259ri olub.<\/p>\n<p>\u0130lham \u018fliyev 2024-c\u00fc ilin mart\u0131nda g\u00fcc\u00fc 240 meqavat (MVt) olan X\u0131z\u0131-Ab\u015feron k\u00fcl\u0259k elektrik stansiyas\u0131n\u0131n (KES) tikintisi \u00fczr\u0259 pilot layih\u0259nin h\u0259yata ke\u00e7irilm\u0259si il\u0259 ba\u011fl\u0131 \u0259lav\u0259 t\u0259dbirl\u0259r haqq\u0131nda f\u0259rman imzalay\u0131b. Az\u0259rbaycanda yeni b\u0259rpa olunan enerji obyektinin layih\u0259l\u0259ndirilm\u0259si v\u0259 tikintisi S\u0259udiyy\u0259 \u018fr\u0259bistan\u0131n\u0131n \u201cACWA Power\u201d \u015firk\u0259ti t\u0259r\u0259find\u0259n h\u0259yata ke\u00e7irilir.<\/p>\n<p><em>\u018fg\u0259r S\u0259udiyy\u0259 layih\u0259si Az\u0259rbaycanda analoji stansiyan\u0131n t\u0259tbiqi \u00fc\u00e7\u00fcn pilot oldusa, o zaman B\u018f\u018f \u015firk\u0259tl\u0259ri Bak\u0131 il\u0259 \u0259m\u0259kda\u015fl\u0131qda daha da ir\u0259li gedibl\u0259r. B\u018f\u018f r\u0259hb\u0259rinin Az\u0259rbaycana s\u0259f\u0259rind\u0259n sonra geni\u015f s\u0259n\u0259dl\u0259r paketi imzalan\u0131b. O c\u00fcml\u0259d\u0259n SOCAR v\u0259 Abu Dabi Milli Neft \u015eirk\u0259ti (ADNOC) aras\u0131nda strateji \u0259m\u0259kda\u015fl\u0131q sazi\u015fi ba\u011flan\u0131b. B\u018f\u018f \u015firk\u0259tl\u0259ri X\u0259z\u0259rd\u0259 s\u00fcni \u0259razil\u0259rin yarad\u0131lmas\u0131 layih\u0259sind\u0259 d\u0259 i\u015ftirak ed\u0259c\u0259kl\u0259r.\u00a0<\/em><\/p>\n<p>Az\u0259rbaycan v\u0259 S\u0259udiyy\u0259 \u018fr\u0259bistan\u0131 aras\u0131nda \u0259m\u0259kda\u015fl\u0131\u011f\u0131n dig\u0259r istiqam\u0259ti qaz-kimya s\u0259nayesi il\u0259 ba\u011fl\u0131d\u0131r. Aprelin sonunda SOCAR v\u0259 &#8220;ACWA Power&#8221; aras\u0131nda ya\u015f\u0131l g\u00fcbr\u0259l\u0259r \u00fczr\u0259 \u018fm\u0259kda\u015fl\u0131q Sazi\u015fi imzalan\u0131b. \u018fr\u0259b investorlar\u0131 h\u0259m\u00e7inin Az\u0259rbaycanda regional qazdan (o c\u00fcml\u0259d\u0259n Rusiyadan) istifad\u0259 etm\u0259kl\u0259 karbamid v\u0259 b\u0259lk\u0259 d\u0259 dig\u0259r g\u00fcbr\u0259l\u0259rin istehsal\u0131 perspektivl\u0259rini g\u00f6r\u00fcrl\u0259r. Baxmayaraq ki, Az\u0259rbaycan \u0259r\u0259b s\u0259rmay\u0259darlar\u0131 \u00fc\u00e7\u00fcn yenic\u0259 maraq m\u0259rk\u0259zin\u0259 \u00e7evrilm\u0259y\u0259 ba\u015flasa da, turizm sah\u0259sind\u0259 K\u00f6rf\u0259z \u00f6lk\u0259l\u0259rinin v\u0259t\u0259nda\u015flar\u0131 art\u0131q Az\u0259rbaycan\u0131n turizm zonalar\u0131n\u0131 f\u0259al \u015f\u0259kild\u0259 inki\u015faf etdiribl\u0259r. 2023-c\u00fc ild\u0259 Az\u0259rbaycana s\u0259f\u0259rl\u0259r\u0259 dair m\u0259lumatlar\u0131 g\u00f6t\u00fcrs\u0259k, S\u0259udiyy\u0259 \u018fr\u0259bistan\u0131, B\u018f\u018f v\u0259 Omandan g\u0259l\u0259n turistl\u0259rin say\u0131 birlikd\u0259 turist ax\u0131n\u0131n\u0131n 10 faizini ke\u00e7\u0259r\u0259k Rusiya (27,5 faiz) v\u0259 T\u00fcrkiy\u0259d\u0259n (19,8 faiz) sonra \u00fc\u00e7\u00fcnc\u00fc yeri tutub.<\/p>\n<p>Ekspertl\u0259r\u0259 g\u00f6r\u0259, son 18 ild\u0259 \u00f6lk\u0259 iqtisadiyyat\u0131na 280 milyard dollara yax\u0131n investisiya qoyulub ki, bunun b\u00f6y\u00fck h\u0259cmini xarici investisiyalar t\u0259\u015fkil edir.<\/p>\n<p><img loading=\"lazy\" src=\"https:\/\/cdn.musavat.com\/news\/thumbnails\/c0ea8b6b6a216864a49ba9c546817819.png\" alt=\"Fikr\u0259t Yusifov da prezidentliy\u0259 namiz\u0259d oldu-A\u00c7IQLAMA\" width=\"749\" height=\"528\" \/><\/p>\n<p><strong>Fikr\u0259t Yusifov<\/strong><\/p>\n<p><strong>Sabiq maliyy\u0259 naziri, professor Fikr\u0259t Yusifov m\u00f6vzu il\u0259 ba\u011fl\u0131 \u201cYeni M\u00fcsavat\u201da dedi ki, Az\u0259rbaycanla \u0259r\u0259b d\u00fcnyas\u0131 \u00f6lk\u0259l\u0259ri aras\u0131nda son ill\u0259r iqtisadi \u0259laq\u0259l\u0259r y\u00fcks\u0259l\u0259n x\u0259tl\u0259 inki\u015faf edir. Bu s\u0131rada \u00f6lk\u0259mizin Birl\u0259\u015fmi\u015f \u018fr\u0259b \u018fmirlikl\u0259ri v\u0259 S\u0259udiyy\u0259 \u018fr\u0259bistan\u0131 il\u0259 energetika sah\u0259sind\u0259 \u0259m\u0259kda\u015fl\u0131\u011f\u0131 x\u00fcsusi qeyd olunmal\u0131d\u0131r:<\/strong>\u00a0\u201cAz\u0259rbaycan\u0131n bu \u00f6lk\u0259l\u0259rl\u0259 ya\u015f\u0131l energetika sah\u0259sind\u0259 \u0259m\u0259kda\u015fl\u0131q sah\u0259sind\u0259 g\u00f6t\u00fcrd\u00fcy\u00fc kursun maraql\u0131 t\u0259r\u0259fl\u0259rind\u0259n biri budur ki, h\u0259r \u00fc\u00e7 \u00f6lk\u0259nin iqtisadiyyat\u0131 neftl\u0259 ba\u011fl\u0131d\u0131r. Alternativ enerji m\u0259nb\u0259l\u0259rinin s\u00fcr\u0259tl\u0259 inki\u015faf etdiyi indiki m\u0259rh\u0259l\u0259d\u0259 alternativ enerji istehsal\u0131 sah\u0259sind\u0259 \u0259m\u0259kda\u015fl\u0131q x\u00fcsusi \u0259h\u0259miyy\u0259t k\u0259sb edir. Ya\u015f\u0131l energetikaya y\u00f6n\u0259ldil\u0259n kapital indi enerji sektorunda \u0259n s\u0259m\u0259r\u0259li yat\u0131r\u0131m dem\u0259kdir. T\u0259r\u0259fl\u0259r bunun f\u0259rqind\u0259dir.<\/p>\n<p>Bu ilin \u0259vv\u0259lind\u0259 Az\u0259rbaycanla Birl\u0259\u015fmi\u015f \u018fr\u0259b \u018fmirlikl\u0259ri (B\u018f\u018f) aras\u0131nda energetika sah\u0259sind\u0259 \u0259m\u0259kda\u015fl\u0131\u011fa dair d\u00f6rd s\u0259n\u0259d &#8211;\u00a0 \u201cBirl\u0259\u015fmi\u015f \u018fr\u0259b \u018fmirlikl\u0259rinin \u0130nvestisiya Nazirliyi v\u0259 Az\u0259rbaycan Respublikas\u0131n\u0131n Energetika Nazirliyi aras\u0131nda elektrik enerjisinin \u00f6t\u00fcr\u00fclm\u0259si layih\u0259l\u0259ri \u00fczr\u0259 \u0130nvestisiya \u018fm\u0259kda\u015fl\u0131\u011f\u0131na dair Anla\u015fma Memorandumu\u201d, \u201cAz\u0259rbaycan\u0131n b\u0259rpa olunan v\u0259 t\u0259miz enerji potensial\u0131ndan istifad\u0259nin daha da g\u00fccl\u0259ndirilm\u0259si v\u0259 Ya\u015f\u0131l Enerjinin \u0130xrac\u0131 \u018fm\u0259liyyatlar\u0131na imkan ver\u0259n Strateji \u018fm\u0259kda\u015fl\u0131q \u00fczr\u0259 \u00c7\u0259r\u00e7iv\u0259 M\u00fcqavil\u0259si\u201d, \u201cAz\u0259rbaycanda quruda qura\u015fd\u0131r\u0131lacaq 1 QVt g\u00fcc\u00fcnd\u0259 g\u00fcn\u0259\u015f v\u0259 k\u00fcl\u0259k layih\u0259l\u0259rinin in\u015fas\u0131 \u00fc\u00e7\u00fcn T\u0259dbirl\u0259r T\u0259qvimi (Yol X\u0259rit\u0259si)\u201d, h\u0259m\u00e7inin \u201cSOCAR v\u0259 ADNOC aras\u0131nda Strateji \u018fm\u0259kda\u015fl\u0131q Sazi\u015fi\u201d imzalan\u0131b&#8221;.<\/p>\n<p><strong>Professor \u0259lav\u0259 edib ki, Az\u0259rbaycan 2008-ci ill\u0259 m\u00fcqayis\u0259d\u0259 2023-c\u00fc ild\u0259 elektrik enerjisi ixrac\u0131n\u0131 4,0 d\u0259f\u0259 art\u0131ra bilib:<\/strong>\u00a0\u201cBu g\u00f6st\u0259ricinin g\u0259l\u0259c\u0259kd\u0259 alternativ enerji m\u0259nb\u0259l\u0259rind\u0259 istehsal olunan enerji hesab\u0131na daha da yax\u015f\u0131la\u015fd\u0131r\u0131lmas\u0131 h\u0259d\u0259fl\u0259nir v\u0259 \u00f6lk\u0259miz art\u0131q bu sah\u0259d\u0259 real add\u0131mlar atmaqdad\u0131r. Bel\u0259 ki, 17 dekabr 2022-ci il tarixd\u0259 Rum\u0131niyan\u0131n paytaxt\u0131 Buxarestd\u0259 &#8220;Az\u0259rbaycan Respublikas\u0131, G\u00fcrc\u00fcstan, Rum\u0131niya v\u0259 Macar\u0131stan h\u00f6kum\u0259tl\u0259ri aras\u0131nda ya\u015f\u0131l enerjinin inki\u015faf\u0131 v\u0259 \u00f6t\u00fcr\u00fclm\u0259si sah\u0259sind\u0259 strateji t\u0259r\u0259fda\u015fl\u0131q haqq\u0131nda Sazi\u015f&#8221; imzalan\u0131b.\u00a0 Yax\u0131n g\u0259l\u0259c\u0259kd\u0259 Az\u0259rbaycan Qara d\u0259nizin dibi il\u0259 \u00e7\u0259kil\u0259c\u0259k \u00f6t\u00fcr\u00fcc\u00fc kabel vasit\u0259sil\u0259 Avropan\u0131n \u015f\u0259rqind\u0259 yerl\u0259\u015f\u0259n \u00f6lk\u0259l\u0259r\u0259 \u201cya\u015f\u0131l enerji\u201d ixrac ed\u0259c\u0259k. \u0130\u015f\u011faldan azad olunan b\u00f6lg\u0259l\u0259r 7200 meqavat G\u00fcn\u0259\u015f, 2000 meqavat k\u00fcl\u0259k enerjisi potensial\u0131na malikdir. La\u00e7\u0131n v\u0259 K\u0259lb\u0259c\u0259rin da\u011fl\u0131q \u0259razil\u0259ri k\u00fcl\u0259k enerjisi, Z\u0259ngilan, F\u00fczuli, C\u0259bray\u0131l v\u0259 Qubadl\u0131 is\u0259 G\u00fcn\u0259\u015f enerjisi potensial\u0131 il\u0259 se\u00e7ilir. Bu \u0259razil\u0259rin \u201cya\u015f\u0131l enerji\u201d zonas\u0131na \u00e7evrilm\u0259si istiqam\u0259tind\u0259 g\u00f6r\u00fcl\u0259n i\u015fl\u0259r, G\u00fcn\u0259\u015f v\u0259 k\u00fcl\u0259k enerjisind\u0259n istifad\u0259 il\u0259 ba\u011fl\u0131 h\u0259yata ke\u00e7iril\u0259n t\u0259dbirl\u0259r Az\u0259rbaycan\u0131 regionda \u201cya\u015f\u0131l enerji\u201d istehsal\u0131 sah\u0259sind\u0259 lider \u00f6lk\u0259 m\u00f6vqeyin\u0259 \u00e7\u0131xar\u0131r. Az\u0259rbaycan bu il BMT-nin \u0130qlim D\u0259yi\u015fm\u0259l\u0259ri \u00fczr\u0259 \u00c7\u0259r\u00e7iv\u0259 Konvensiyas\u0131n\u0131n T\u0259r\u0259fl\u0259r Konfrans\u0131n\u0131n 29-cu sessiyas\u0131na\u00a0 &#8211;\u00a0 COP29-a ev sahibliyi ed\u0259c\u0259k. Miqyas\u0131na v\u0259 n\u00fcfuzuna g\u00f6r\u0259 se\u00e7il\u0259n bu sessiya BMT-nin Ba\u015f Assambleyas\u0131ndan geri qalmayan bir t\u0259dbirdir. Bu t\u0259dbirin Az\u0259rbaycanda ke\u00e7irilm\u0259si \u00f6lk\u0259mizin artan n\u00fcfuzunun \u0259n yax\u015f\u0131 n\u00fcmun\u0259sidir. Eyni zamanda bu t\u0259dbir \u00f6lk\u0259mizin \u201cya\u015f\u0131l enerji\u201d potensial\u0131ndan istifad\u0259 m\u0259qs\u0259dl\u0259rin\u0259 xarici investisiyalar\u0131n c\u0259lb edilm\u0259si \u00fc\u00e7\u00fcn tam uy\u011fun bir platformad\u0131r. Yax\u0131n g\u0259l\u0259c\u0259kd\u0259 Az\u0259rbaycan Avropan\u0131n t\u0259k etibarl\u0131 neft v\u0259 qaz t\u0259chizat\u00e7\u0131s\u0131 kimi deyil, eyni zamanda elektrik enerjisi t\u0259chizat\u00e7\u0131lar\u0131ndan biri kimi d\u0259 s\u00f6z v\u0259 n\u00fcfuz sahibi olacaq&#8221;.<\/p>\n","protected":false},"excerpt":{"rendered":"<p>B\u018f\u018f \u015firk\u0259tl\u0259ri X\u0259z\u0259rd\u0259 s\u00fcni \u0259razil\u0259rin yarad\u0131lmas\u0131 layih\u0259sind\u0259 d\u0259 i\u015ftirak ed\u0259c\u0259kl\u0259r Prezident \u0130lham \u018fliyev \u00f6t\u0259n h\u0259ft\u0259sonu S\u0259udiyy\u0259 \u018fr\u0259bistan\u0131 Krall\u0131\u011f\u0131n\u0131n energetika naziri \u015eahzad\u0259 \u018fbd\u00fcl\u0259ziz bin Salman \u0259l-S\u0259udu q\u0259bul edib. Ondan bir g\u00fcn \u0259vv\u0259l is\u0259 Q\u0259t\u0259rin paytaxt\u0131nda \u201c\u018fr\u0259b D\u00f6vl\u0259tl\u0259ri Liqas\u0131 &#8211; M\u0259rk\u0259zi Asiya &#8211; Az\u0259rbaycan\u201d \u0130qtisadi Forumunun \u00fc\u00e7\u00fcnc\u00fc iclas\u0131 ke\u00e7irilib. Az\u0259rbaycanla \u0259r\u0259b \u00f6lk\u0259l\u0259ri aras\u0131nda \u0259laq\u0259l\u0259rin inki\u015faf\u0131nda B\u018f\u018f-nin r\u0259hb\u0259ri \u015eeyx M\u0259h\u0259mm\u0259d bin Zayed \u018fl N\u0259hyan\u0131n yanvarda Bak\u0131ya s\u0259f\u0259ri olub. \u0130lham \u018fliyev 2024-c\u00fc ilin mart\u0131nda g\u00fcc\u00fc 240 meqavat (MVt) olan X\u0131z\u0131-Ab\u015feron k\u00fcl\u0259k elektrik stansiyas\u0131n\u0131n (KES) tikintisi \u00fczr\u0259 pilot layih\u0259nin h\u0259yata ke\u00e7irilm\u0259si il\u0259 ba\u011fl\u0131 \u0259lav\u0259 t\u0259dbirl\u0259r&hellip;<\/p>\n","protected":false},"author":2,"featured_media":719758,"comment_status":"closed","ping_status":"closed","sticky":false,"template":"","format":"standard","meta":{"om_disable_all_campaigns":false,"_monsterinsights_skip_tracking":false,"_monsterinsights_sitenote_active":false,"_monsterinsights_sitenote_note":"","_monsterinsights_sitenote_category":0},"categories":[19],"tags":[],"aioseo_notices":[],"gutentor_comment":0,"rttpg_featured_image_url":{"full":["https:\/\/arantv.az\/wp-content\/uploads\/2024\/05\/179ebc72d1946057d04acb510169ea9c.jpg",720,383,false],"landscape":["https:\/\/arantv.az\/wp-content\/uploads\/2024\/05\/179ebc72d1946057d04acb510169ea9c.jpg",720,383,false],"portraits":["https:\/\/arantv.az\/wp-content\/uploads\/2024\/05\/179ebc72d1946057d04acb510169ea9c.jpg",720,383,false],"thumbnail":["https:\/\/arantv.az\/wp-content\/uploads\/2024\/05\/179ebc72d1946057d04acb510169ea9c-500x280.jpg",500,280,true],"medium":["https:\/\/arantv.az\/wp-content\/uploads\/2024\/05\/179ebc72d1946057d04acb510169ea9c-660x351.jpg",660,351,true],"large":["https:\/\/arantv.az\/wp-content\/uploads\/2024\/05\/179ebc72d1946057d04acb510169ea9c.jpg",640,340,false],"1536x1536":["https:\/\/arantv.az\/wp-content\/uploads\/2024\/05\/179ebc72d1946057d04acb510169ea9c.jpg",720,383,false],"2048x2048":["https:\/\/arantv.az\/wp-content\/uploads\/2024\/05\/179ebc72d1946057d04acb510169ea9c.jpg",720,383,false],"post-thumbnail":["https:\/\/arantv.az\/wp-content\/uploads\/2024\/05\/179ebc72d1946057d04acb510169ea9c-240x172.jpg",240,172,true],"advps-thumb-one":["https:\/\/arantv.az\/wp-content\/uploads\/2024\/05\/179ebc72d1946057d04acb510169ea9c.jpg",720,383,false]},"rttpg_author":{"display_name":"V\u00fcsal Rafiqo\u011flu","author_link":"https:\/\/arantv.az\/?author=2"},"rttpg_comment":0,"rttpg_category":"<a href=\"https:\/\/arantv.az\/?cat=19\" rel=\"category\">G\u00fcnd\u0259m<\/a>","rttpg_excerpt":"B\u018f\u018f \u015firk\u0259tl\u0259ri X\u0259z\u0259rd\u0259 s\u00fcni \u0259razil\u0259rin yarad\u0131lmas\u0131 layih\u0259sind\u0259 d\u0259 i\u015ftirak ed\u0259c\u0259kl\u0259r Prezident \u0130lham \u018fliyev \u00f6t\u0259n h\u0259ft\u0259sonu S\u0259udiyy\u0259 \u018fr\u0259bistan\u0131 Krall\u0131\u011f\u0131n\u0131n energetika naziri \u015eahzad\u0259 \u018fbd\u00fcl\u0259ziz bin Salman \u0259l-S\u0259udu q\u0259bul edib. Ondan bir g\u00fcn \u0259vv\u0259l is\u0259 Q\u0259t\u0259rin paytaxt\u0131nda \u201c\u018fr\u0259b D\u00f6vl\u0259tl\u0259ri Liqas\u0131 &#8211; M\u0259rk\u0259zi Asiya &#8211; Az\u0259rbaycan\u201d \u0130qtisadi Forumunun \u00fc\u00e7\u00fcnc\u00fc iclas\u0131 ke\u00e7irilib. Az\u0259rbaycanla \u0259r\u0259b \u00f6lk\u0259l\u0259ri aras\u0131nda \u0259laq\u0259l\u0259rin inki\u015faf\u0131nda B\u018f\u018f-nin r\u0259hb\u0259ri&hellip;","_links":{"self":[{"href":"https:\/\/arantv.az\/index.php?rest_route=\/wp\/v2\/posts\/719757"}],"collection":[{"href":"https:\/\/arantv.az\/index.php?rest_route=\/wp\/v2\/posts"}],"about":[{"href":"https:\/\/arantv.az\/index.php?rest_route=\/wp\/v2\/types\/post"}],"author":[{"embeddable":true,"href":"https:\/\/arantv.az\/index.php?rest_route=\/wp\/v2\/users\/2"}],"replies":[{"embeddable":true,"href":"https:\/\/arantv.az\/index.php?rest_route=%2Fwp%2Fv2%2Fcomments&post=719757"}],"version-history":[{"count":0,"href":"https:\/\/arantv.az\/index.php?rest_route=\/wp\/v2\/posts\/719757\/revisions"}],"wp:featuredmedia":[{"embeddable":true,"href":"https:\/\/arantv.az\/index.php?rest_route=\/wp\/v2\/media\/719758"}],"wp:attachment":[{"href":"https:\/\/arantv.az\/index.php?rest_route=%2Fwp%2Fv2%2Fmedia&parent=719757"}],"wp:term":[{"taxonomy":"category","embeddable":true,"href":"https:\/\/arantv.az\/index.php?rest_route=%2Fwp%2Fv2%2Fcategories&post=719757"},{"taxonomy":"post_tag","embeddable":true,"href":"https:\/\/arantv.az\/index.php?rest_route=%2Fwp%2Fv2%2Ftags&post=719757"}],"curies":[{"name":"wp","href":"https:\/\/api.w.org\/{rel}","templated":true}]}}