{"id":719780,"date":"2024-05-08T12:18:22","date_gmt":"2024-05-08T08:18:22","guid":{"rendered":"https:\/\/arantv.az\/?p=719780"},"modified":"2024-05-08T12:18:22","modified_gmt":"2024-05-08T08:18:22","slug":"mehriban-%c9%99liyevanin-desislava-radeva-il%c9%99-gorusu-olub","status":"publish","type":"post","link":"https:\/\/arantv.az\/?p=719780","title":{"rendered":"Mehriban \u018fliyevan\u0131n Desislava Radeva il\u0259 g\u00f6r\u00fc\u015f\u00fc olub"},"content":{"rendered":"<p>May\u0131n 8-d\u0259 Az\u0259rbaycan Respublikas\u0131n\u0131n birinci xan\u0131m\u0131\u00a0<strong>Mehriban \u018fliyevan\u0131n<\/strong>\u00a0Bolqar\u0131stan Respublikas\u0131n\u0131n birinci xan\u0131m\u0131 Desislava Radeva il\u0259 g\u00f6r\u00fc\u015f\u00fc olub.<\/p>\n<p>Bu bar\u0259d\u0259\u00a0<a href=\"https:\/\/azertag.az\/xeber\/azerbaycanin_birinci_xanimi_mehriban_eliyevanin_bolqaristanin_birinci_xanimi_desislava_radeva_ile_gorusu_olub-2991466\" target=\"_blank\" rel=\"noopener\">AZ\u018fRTAC<\/a>\u00a0m\u0259lumat yay\u0131b.<\/p>\n","protected":false},"excerpt":{"rendered":"<p>May\u0131n 8-d\u0259 Az\u0259rbaycan Respublikas\u0131n\u0131n birinci xan\u0131m\u0131\u00a0Mehriban \u018fliyevan\u0131n\u00a0Bolqar\u0131stan Respublikas\u0131n\u0131n birinci xan\u0131m\u0131 Desislava Radeva il\u0259 g\u00f6r\u00fc\u015f\u00fc olub. Bu bar\u0259d\u0259\u00a0AZ\u018fRTAC\u00a0m\u0259lumat yay\u0131b.<\/p>\n","protected":false},"author":2,"featured_media":719781,"comment_status":"closed","ping_status":"closed","sticky":false,"template":"","format":"standard","meta":{"om_disable_all_campaigns":false,"_monsterinsights_skip_tracking":false,"_monsterinsights_sitenote_active":false,"_monsterinsights_sitenote_note":"","_monsterinsights_sitenote_category":0},"categories":[4],"tags":[],"aioseo_notices":[],"gutentor_comment":0,"rttpg_featured_image_url":{"full":["https:\/\/arantv.az\/wp-content\/uploads\/2024\/05\/42834534-225d-34e3-8651-23badbc45225_850-1.jpg",620,413,false],"landscape":["https:\/\/arantv.az\/wp-content\/uploads\/2024\/05\/42834534-225d-34e3-8651-23badbc45225_850-1.jpg",620,413,false],"portraits":["https:\/\/arantv.az\/wp-content\/uploads\/2024\/05\/42834534-225d-34e3-8651-23badbc45225_850-1.jpg",620,413,false],"thumbnail":["https:\/\/arantv.az\/wp-content\/uploads\/2024\/05\/42834534-225d-34e3-8651-23badbc45225_850-1-500x280.jpg",500,280,true],"medium":["https:\/\/arantv.az\/wp-content\/uploads\/2024\/05\/42834534-225d-34e3-8651-23badbc45225_850-1-548x365.jpg",548,365,true],"large":["https:\/\/arantv.az\/wp-content\/uploads\/2024\/05\/42834534-225d-34e3-8651-23badbc45225_850-1.jpg",620,413,false],"1536x1536":["https:\/\/arantv.az\/wp-content\/uploads\/2024\/05\/42834534-225d-34e3-8651-23badbc45225_850-1.jpg",620,413,false],"2048x2048":["https:\/\/arantv.az\/wp-content\/uploads\/2024\/05\/42834534-225d-34e3-8651-23badbc45225_850-1.jpg",620,413,false],"post-thumbnail":["https:\/\/arantv.az\/wp-content\/uploads\/2024\/05\/42834534-225d-34e3-8651-23badbc45225_850-1-240x172.jpg",240,172,true],"advps-thumb-one":["https:\/\/arantv.az\/wp-content\/uploads\/2024\/05\/42834534-225d-34e3-8651-23badbc45225_850-1.jpg",620,413,false]},"rttpg_author":{"display_name":"V\u00fcsal Rafiqo\u011flu","author_link":"https:\/\/arantv.az\/?author=2"},"rttpg_comment":0,"rttpg_category":"<a href=\"https:\/\/arantv.az\/?cat=4\" rel=\"category\">Siyas\u0259t<\/a>","rttpg_excerpt":"May\u0131n 8-d\u0259 Az\u0259rbaycan Respublikas\u0131n\u0131n birinci xan\u0131m\u0131\u00a0Mehriban \u018fliyevan\u0131n\u00a0Bolqar\u0131stan Respublikas\u0131n\u0131n birinci xan\u0131m\u0131 Desislava Radeva il\u0259 g\u00f6r\u00fc\u015f\u00fc olub. Bu bar\u0259d\u0259\u00a0AZ\u018fRTAC\u00a0m\u0259lumat yay\u0131b.","_links":{"self":[{"href":"https:\/\/arantv.az\/index.php?rest_route=\/wp\/v2\/posts\/719780"}],"collection":[{"href":"https:\/\/arantv.az\/index.php?rest_route=\/wp\/v2\/posts"}],"about":[{"href":"https:\/\/arantv.az\/index.php?rest_route=\/wp\/v2\/types\/post"}],"author":[{"embeddable":true,"href":"https:\/\/arantv.az\/index.php?rest_route=\/wp\/v2\/users\/2"}],"replies":[{"embeddable":true,"href":"https:\/\/arantv.az\/index.php?rest_route=%2Fwp%2Fv2%2Fcomments&post=719780"}],"version-history":[{"count":0,"href":"https:\/\/arantv.az\/index.php?rest_route=\/wp\/v2\/posts\/719780\/revisions"}],"wp:featuredmedia":[{"embeddable":true,"href":"https:\/\/arantv.az\/index.php?rest_route=\/wp\/v2\/media\/719781"}],"wp:attachment":[{"href":"https:\/\/arantv.az\/index.php?rest_route=%2Fwp%2Fv2%2Fmedia&parent=719780"}],"wp:term":[{"taxonomy":"category","embeddable":true,"href":"https:\/\/arantv.az\/index.php?rest_route=%2Fwp%2Fv2%2Fcategories&post=719780"},{"taxonomy":"post_tag","embeddable":true,"href":"https:\/\/arantv.az\/index.php?rest_route=%2Fwp%2Fv2%2Ftags&post=719780"}],"curies":[{"name":"wp","href":"https:\/\/api.w.org\/{rel}","templated":true}]}}