{"id":719786,"date":"2024-05-08T12:20:17","date_gmt":"2024-05-08T08:20:17","guid":{"rendered":"https:\/\/arantv.az\/?p=719786"},"modified":"2024-05-08T12:20:17","modified_gmt":"2024-05-08T08:20:17","slug":"ilham-%c9%99liyevin-rumen-radev-il%c9%99-t%c9%99kb%c9%99t%c9%99k-gorusu-olub-yenil%c9%99nib-foto","status":"publish","type":"post","link":"https:\/\/arantv.az\/?p=719786","title":{"rendered":"\u0130lham \u018fliyevin Rumen Radev il\u0259 t\u0259kb\u0259t\u0259k g\u00f6r\u00fc\u015f\u00fc olub &#8211; YEN\u0130L\u018fN\u0130B + FOTO"},"content":{"rendered":"<p>May\u0131n 8-d\u0259 Az\u0259rbaycan Respublikas\u0131n\u0131n Prezidenti\u00a0<strong>\u0130lham \u018fliyevin<\/strong>\u00a0Bolqar\u0131stan Respublikas\u0131n\u0131n Prezidenti Rumen Radev il\u0259 t\u0259kb\u0259t\u0259k g\u00f6r\u00fc\u015f\u00fc olub.<\/p>\n<p>Bu bar\u0259d\u0259\u00a0<a href=\"https:\/\/azertag.az\/xeber\/azerbaycan_prezidenti_ilham_eliyevin_bolqaristan_prezidenti_rumen_radev_ile_tekbetek_gorusu_olub__yenilenib-2991226\" target=\"_blank\" rel=\"noopener\">AZ\u018fRTAC<\/a>\u00a0m\u0259lumat yay\u0131b.<\/p>\n<p>&nbsp;<\/p>\n<div class=\"gallery\">\n<div class=\"gallery-i\"><img src=\"https:\/\/cdn.oxu.az\/uploads\/W1siZiIsIjIwMjQvMDUvMDgvMTIvMDQvMTkvNDM0YjIwMzMtNjkxZC00MTdlLWE3N2ItZWQ1YWJkMjE4YWQyLzE3MTUxNTUzMzYxOTgxOTY0NjE5XzEyMDB4NjMwLmpwZyJdLFsicCIsImVuY29kZSIsImpwZyIsIi1xdWFsaXR5IDgwIl0sWyJwIiwidGh1bWIiLCI1OTB4NTkwXHUwMDNlIl1d?sha=ffef126f168b7887\" alt=\"\" \/><\/p>\n<div class=\"gallery-i-caption\"><\/div>\n<\/div>\n<\/div>\n<p><strong>11:17<\/strong><\/p>\n<p>May\u0131n 8-d\u0259 Az\u0259rbaycan Respublikas\u0131n\u0131n Prezidenti\u00a0<strong>\u0130lham \u018fliyevin<\/strong>\u00a0Bolqar\u0131stan Respublikas\u0131n\u0131n Prezidenti Rumen Radev il\u0259 t\u0259kb\u0259t\u0259k g\u00f6r\u00fc\u015f\u00fc ba\u015flay\u0131b.<\/p>\n<p>Bu bar\u0259d\u0259\u00a0<a href=\"https:\/\/azertag.az\/xeber\/azerbaycan_prezidenti_ilham_eliyevin_bolqaristan_prezidenti_rumen_radev_ile_tekbetek_gorusu_baslayib__yenilenecek-2991226\" target=\"_blank\" rel=\"noopener\">AZ\u018fRTAC<\/a>\u00a0m\u0259lumat yay\u0131b.<\/p>\n","protected":false},"excerpt":{"rendered":"<p>May\u0131n 8-d\u0259 Az\u0259rbaycan Respublikas\u0131n\u0131n Prezidenti\u00a0\u0130lham \u018fliyevin\u00a0Bolqar\u0131stan Respublikas\u0131n\u0131n Prezidenti Rumen Radev il\u0259 t\u0259kb\u0259t\u0259k g\u00f6r\u00fc\u015f\u00fc olub. Bu bar\u0259d\u0259\u00a0AZ\u018fRTAC\u00a0m\u0259lumat yay\u0131b. &nbsp; 11:17 May\u0131n 8-d\u0259 Az\u0259rbaycan Respublikas\u0131n\u0131n Prezidenti\u00a0\u0130lham \u018fliyevin\u00a0Bolqar\u0131stan Respublikas\u0131n\u0131n Prezidenti Rumen Radev il\u0259 t\u0259kb\u0259t\u0259k g\u00f6r\u00fc\u015f\u00fc ba\u015flay\u0131b. Bu bar\u0259d\u0259\u00a0AZ\u018fRTAC\u00a0m\u0259lumat yay\u0131b.<\/p>\n","protected":false},"author":2,"featured_media":719787,"comment_status":"closed","ping_status":"closed","sticky":false,"template":"","format":"standard","meta":{"om_disable_all_campaigns":false,"_monsterinsights_skip_tracking":false,"_monsterinsights_sitenote_active":false,"_monsterinsights_sitenote_note":"","_monsterinsights_sitenote_category":0},"categories":[4],"tags":[],"aioseo_notices":[],"gutentor_comment":0,"rttpg_featured_image_url":{"full":["https:\/\/arantv.az\/wp-content\/uploads\/2024\/05\/1715155336715139631_1200x630.jpg",620,413,false],"landscape":["https:\/\/arantv.az\/wp-content\/uploads\/2024\/05\/1715155336715139631_1200x630.jpg",620,413,false],"portraits":["https:\/\/arantv.az\/wp-content\/uploads\/2024\/05\/1715155336715139631_1200x630.jpg",620,413,false],"thumbnail":["https:\/\/arantv.az\/wp-content\/uploads\/2024\/05\/1715155336715139631_1200x630-500x280.jpg",500,280,true],"medium":["https:\/\/arantv.az\/wp-content\/uploads\/2024\/05\/1715155336715139631_1200x630-548x365.jpg",548,365,true],"large":["https:\/\/arantv.az\/wp-content\/uploads\/2024\/05\/1715155336715139631_1200x630.jpg",620,413,false],"1536x1536":["https:\/\/arantv.az\/wp-content\/uploads\/2024\/05\/1715155336715139631_1200x630.jpg",620,413,false],"2048x2048":["https:\/\/arantv.az\/wp-content\/uploads\/2024\/05\/1715155336715139631_1200x630.jpg",620,413,false],"post-thumbnail":["https:\/\/arantv.az\/wp-content\/uploads\/2024\/05\/1715155336715139631_1200x630-240x172.jpg",240,172,true],"advps-thumb-one":["https:\/\/arantv.az\/wp-content\/uploads\/2024\/05\/1715155336715139631_1200x630.jpg",620,413,false]},"rttpg_author":{"display_name":"V\u00fcsal Rafiqo\u011flu","author_link":"https:\/\/arantv.az\/?author=2"},"rttpg_comment":0,"rttpg_category":"<a href=\"https:\/\/arantv.az\/?cat=4\" rel=\"category\">Siyas\u0259t<\/a>","rttpg_excerpt":"May\u0131n 8-d\u0259 Az\u0259rbaycan Respublikas\u0131n\u0131n Prezidenti\u00a0\u0130lham \u018fliyevin\u00a0Bolqar\u0131stan Respublikas\u0131n\u0131n Prezidenti Rumen Radev il\u0259 t\u0259kb\u0259t\u0259k g\u00f6r\u00fc\u015f\u00fc olub. Bu bar\u0259d\u0259\u00a0AZ\u018fRTAC\u00a0m\u0259lumat yay\u0131b. &nbsp; 11:17 May\u0131n 8-d\u0259 Az\u0259rbaycan Respublikas\u0131n\u0131n Prezidenti\u00a0\u0130lham \u018fliyevin\u00a0Bolqar\u0131stan Respublikas\u0131n\u0131n Prezidenti Rumen Radev il\u0259 t\u0259kb\u0259t\u0259k g\u00f6r\u00fc\u015f\u00fc ba\u015flay\u0131b. Bu bar\u0259d\u0259\u00a0AZ\u018fRTAC\u00a0m\u0259lumat yay\u0131b.","_links":{"self":[{"href":"https:\/\/arantv.az\/index.php?rest_route=\/wp\/v2\/posts\/719786"}],"collection":[{"href":"https:\/\/arantv.az\/index.php?rest_route=\/wp\/v2\/posts"}],"about":[{"href":"https:\/\/arantv.az\/index.php?rest_route=\/wp\/v2\/types\/post"}],"author":[{"embeddable":true,"href":"https:\/\/arantv.az\/index.php?rest_route=\/wp\/v2\/users\/2"}],"replies":[{"embeddable":true,"href":"https:\/\/arantv.az\/index.php?rest_route=%2Fwp%2Fv2%2Fcomments&post=719786"}],"version-history":[{"count":0,"href":"https:\/\/arantv.az\/index.php?rest_route=\/wp\/v2\/posts\/719786\/revisions"}],"wp:featuredmedia":[{"embeddable":true,"href":"https:\/\/arantv.az\/index.php?rest_route=\/wp\/v2\/media\/719787"}],"wp:attachment":[{"href":"https:\/\/arantv.az\/index.php?rest_route=%2Fwp%2Fv2%2Fmedia&parent=719786"}],"wp:term":[{"taxonomy":"category","embeddable":true,"href":"https:\/\/arantv.az\/index.php?rest_route=%2Fwp%2Fv2%2Fcategories&post=719786"},{"taxonomy":"post_tag","embeddable":true,"href":"https:\/\/arantv.az\/index.php?rest_route=%2Fwp%2Fv2%2Ftags&post=719786"}],"curies":[{"name":"wp","href":"https:\/\/api.w.org\/{rel}","templated":true}]}}