{"id":719790,"date":"2024-05-08T12:21:43","date_gmt":"2024-05-08T08:21:43","guid":{"rendered":"https:\/\/arantv.az\/?p=719790"},"modified":"2024-05-08T12:21:43","modified_gmt":"2024-05-08T08:21:43","slug":"s%c9%99id%c9%99-sultan-tiktoker-l%c9%99mani-bel%c9%99-susdurdu-foto","status":"publish","type":"post","link":"https:\/\/arantv.az\/?p=719790","title":{"rendered":"S\u0259id\u0259 Sultan tiktoker L\u0259man\u0131 bel\u0259 susdurdu &#8211; Foto"},"content":{"rendered":"<div class=\"text-content\" data-id=\"\" data-url=\"\">\n<p><strong>Tiktoker L\u0259man V\u0259liyevan\u0131n \u018fm\u0259kdar artist Ayg\u00fcn B\u0259yl\u0259rin \u00fcnvan\u0131na xo\u015faq\u0259lm\u0259z v\u0259 nalayiq ifad\u0259l\u0259r s\u0259sl\u0259ndirm\u0259si m\u00fczakir\u0259l\u0259r\u0259 s\u0259b\u0259b olub.<\/strong><\/p>\n<p>Yenisabah.az x\u0259b\u0259r verir ki, m\u0259rhumun ail\u0259si sosial \u015f\u0259b\u0259k\u0259 hesab\u0131 vasit\u0259sil\u0259 D\u0130N-\u0259 \u015fikay\u0259t m\u00fcraci\u0259ti payla\u015f\u0131b.<\/p>\n<p>M\u00f6vzuya m\u00fc\u011f\u0259nni S\u0259id\u0259 Sultan da s\u0259ssiz qalmay\u0131b. O, sosial \u015f\u0259b\u0259k\u0259 hesab\u0131nda A. B\u0259yl\u0259r\u0259 qar\u015f\u0131 at\u0131lan add\u0131m\u0131 t\u0259nqid edib:<\/p>\n<p>\u201cG\u0259r\u0259k bel\u0259 m\u0259qamlarda Az\u0259rbaycan musiqisini t\u0259hqir ed\u0259nl\u0259rin cavab\u0131n\u0131 ver\u0259k. \u00c7\u00fcnki Ayg\u00fcn B\u0259yl\u0259r Az\u0259rbaycan musiqisinin incil\u0259rind\u0259n biridir. S\u0259n Ayg\u00fcn B\u0259yl\u0259ri t\u0259hqir etm\u0259kl\u0259, musiqimizi t\u0259hqir etmi\u015f oldun. H\u0259r k\u0259s yerini bilsin. Laz\u0131m g\u0259l\u0259nd\u0259 bir olub b\u00f6y\u00fck s\u0259n\u0259tkarlara t\u0259rbiy\u0259sizlik ed\u0259nl\u0259ri susdurma\u011fa da haz\u0131r\u0131q\u201d.<\/p>\n<p>Xat\u0131rladaq ki, \u00f6t\u0259n gec\u0259 L.V\u0259liyeva sosial \u015f\u0259b\u0259k\u0259 hesab\u0131nda videom\u00fcraci\u0259t yay\u0131mlayaraq Ayg\u00fcn B\u0259yl\u0259rin ail\u0259sind\u0259n v\u0259 fanatlar\u0131ndan \u00fczr ist\u0259yib.<\/p>\n<\/div>\n<div>\n<div class=\"form-group\"><img class=\"img-responsive\" src=\"https:\/\/cdn.musavat.com\/news\/images\/ali\/resize.jpeg\" \/><\/div>\n<\/div>\n","protected":false},"excerpt":{"rendered":"<p>Tiktoker L\u0259man V\u0259liyevan\u0131n \u018fm\u0259kdar artist Ayg\u00fcn B\u0259yl\u0259rin \u00fcnvan\u0131na xo\u015faq\u0259lm\u0259z v\u0259 nalayiq ifad\u0259l\u0259r s\u0259sl\u0259ndirm\u0259si m\u00fczakir\u0259l\u0259r\u0259 s\u0259b\u0259b olub. Yenisabah.az x\u0259b\u0259r verir ki, m\u0259rhumun ail\u0259si sosial \u015f\u0259b\u0259k\u0259 hesab\u0131 vasit\u0259sil\u0259 D\u0130N-\u0259 \u015fikay\u0259t m\u00fcraci\u0259ti payla\u015f\u0131b. M\u00f6vzuya m\u00fc\u011f\u0259nni S\u0259id\u0259 Sultan da s\u0259ssiz qalmay\u0131b. O, sosial \u015f\u0259b\u0259k\u0259 hesab\u0131nda A. B\u0259yl\u0259r\u0259 qar\u015f\u0131 at\u0131lan add\u0131m\u0131 t\u0259nqid edib: \u201cG\u0259r\u0259k bel\u0259 m\u0259qamlarda Az\u0259rbaycan musiqisini t\u0259hqir ed\u0259nl\u0259rin cavab\u0131n\u0131 ver\u0259k. \u00c7\u00fcnki Ayg\u00fcn B\u0259yl\u0259r Az\u0259rbaycan musiqisinin incil\u0259rind\u0259n biridir. S\u0259n Ayg\u00fcn B\u0259yl\u0259ri t\u0259hqir etm\u0259kl\u0259, musiqimizi t\u0259hqir etmi\u015f oldun. H\u0259r k\u0259s yerini bilsin. Laz\u0131m g\u0259l\u0259nd\u0259 bir olub b\u00f6y\u00fck s\u0259n\u0259tkarlara t\u0259rbiy\u0259sizlik ed\u0259nl\u0259ri susdurma\u011fa da haz\u0131r\u0131q\u201d. Xat\u0131rladaq ki,&hellip;<\/p>\n","protected":false},"author":2,"featured_media":719791,"comment_status":"closed","ping_status":"closed","sticky":false,"template":"","format":"standard","meta":{"om_disable_all_campaigns":false,"_monsterinsights_skip_tracking":false,"_monsterinsights_sitenote_active":false,"_monsterinsights_sitenote_note":"","_monsterinsights_sitenote_category":0},"categories":[20],"tags":[],"aioseo_notices":[],"gutentor_comment":0,"rttpg_featured_image_url":{"full":["https:\/\/arantv.az\/wp-content\/uploads\/2024\/05\/a3b43314f0bde79814d47f9e8450d2bb.jpg",750,422,false],"landscape":["https:\/\/arantv.az\/wp-content\/uploads\/2024\/05\/a3b43314f0bde79814d47f9e8450d2bb.jpg",750,422,false],"portraits":["https:\/\/arantv.az\/wp-content\/uploads\/2024\/05\/a3b43314f0bde79814d47f9e8450d2bb.jpg",750,422,false],"thumbnail":["https:\/\/arantv.az\/wp-content\/uploads\/2024\/05\/a3b43314f0bde79814d47f9e8450d2bb-500x280.jpg",500,280,true],"medium":["https:\/\/arantv.az\/wp-content\/uploads\/2024\/05\/a3b43314f0bde79814d47f9e8450d2bb-649x365.jpg",649,365,true],"large":["https:\/\/arantv.az\/wp-content\/uploads\/2024\/05\/a3b43314f0bde79814d47f9e8450d2bb.jpg",640,360,false],"1536x1536":["https:\/\/arantv.az\/wp-content\/uploads\/2024\/05\/a3b43314f0bde79814d47f9e8450d2bb.jpg",750,422,false],"2048x2048":["https:\/\/arantv.az\/wp-content\/uploads\/2024\/05\/a3b43314f0bde79814d47f9e8450d2bb.jpg",750,422,false],"post-thumbnail":["https:\/\/arantv.az\/wp-content\/uploads\/2024\/05\/a3b43314f0bde79814d47f9e8450d2bb-240x172.jpg",240,172,true],"advps-thumb-one":["https:\/\/arantv.az\/wp-content\/uploads\/2024\/05\/a3b43314f0bde79814d47f9e8450d2bb.jpg",750,422,false]},"rttpg_author":{"display_name":"V\u00fcsal Rafiqo\u011flu","author_link":"https:\/\/arantv.az\/?author=2"},"rttpg_comment":0,"rttpg_category":"<a href=\"https:\/\/arantv.az\/?cat=20\" rel=\"category\">\u015eou biznes<\/a>","rttpg_excerpt":"Tiktoker L\u0259man V\u0259liyevan\u0131n \u018fm\u0259kdar artist Ayg\u00fcn B\u0259yl\u0259rin \u00fcnvan\u0131na xo\u015faq\u0259lm\u0259z v\u0259 nalayiq ifad\u0259l\u0259r s\u0259sl\u0259ndirm\u0259si m\u00fczakir\u0259l\u0259r\u0259 s\u0259b\u0259b olub. Yenisabah.az x\u0259b\u0259r verir ki, m\u0259rhumun ail\u0259si sosial \u015f\u0259b\u0259k\u0259 hesab\u0131 vasit\u0259sil\u0259 D\u0130N-\u0259 \u015fikay\u0259t m\u00fcraci\u0259ti payla\u015f\u0131b. M\u00f6vzuya m\u00fc\u011f\u0259nni S\u0259id\u0259 Sultan da s\u0259ssiz qalmay\u0131b. O, sosial \u015f\u0259b\u0259k\u0259 hesab\u0131nda A. B\u0259yl\u0259r\u0259 qar\u015f\u0131 at\u0131lan add\u0131m\u0131 t\u0259nqid edib: \u201cG\u0259r\u0259k bel\u0259 m\u0259qamlarda Az\u0259rbaycan musiqisini t\u0259hqir ed\u0259nl\u0259rin&hellip;","_links":{"self":[{"href":"https:\/\/arantv.az\/index.php?rest_route=\/wp\/v2\/posts\/719790"}],"collection":[{"href":"https:\/\/arantv.az\/index.php?rest_route=\/wp\/v2\/posts"}],"about":[{"href":"https:\/\/arantv.az\/index.php?rest_route=\/wp\/v2\/types\/post"}],"author":[{"embeddable":true,"href":"https:\/\/arantv.az\/index.php?rest_route=\/wp\/v2\/users\/2"}],"replies":[{"embeddable":true,"href":"https:\/\/arantv.az\/index.php?rest_route=%2Fwp%2Fv2%2Fcomments&post=719790"}],"version-history":[{"count":0,"href":"https:\/\/arantv.az\/index.php?rest_route=\/wp\/v2\/posts\/719790\/revisions"}],"wp:featuredmedia":[{"embeddable":true,"href":"https:\/\/arantv.az\/index.php?rest_route=\/wp\/v2\/media\/719791"}],"wp:attachment":[{"href":"https:\/\/arantv.az\/index.php?rest_route=%2Fwp%2Fv2%2Fmedia&parent=719790"}],"wp:term":[{"taxonomy":"category","embeddable":true,"href":"https:\/\/arantv.az\/index.php?rest_route=%2Fwp%2Fv2%2Fcategories&post=719790"},{"taxonomy":"post_tag","embeddable":true,"href":"https:\/\/arantv.az\/index.php?rest_route=%2Fwp%2Fv2%2Ftags&post=719790"}],"curies":[{"name":"wp","href":"https:\/\/api.w.org\/{rel}","templated":true}]}}