{"id":719804,"date":"2024-05-08T12:42:18","date_gmt":"2024-05-08T08:42:18","guid":{"rendered":"https:\/\/arantv.az\/?p=719804"},"modified":"2024-05-08T12:42:18","modified_gmt":"2024-05-08T08:42:18","slug":"1993-cu-ild%c9%99-%c9%99sasi-qoyulan-siyasi-ugurlar-v%c9%99-gerc%c9%99klikl%c9%99r-vuqar-s%c9%99rdarov-yazir","status":"publish","type":"post","link":"https:\/\/arantv.az\/?p=719804","title":{"rendered":"1993-c\u00fc ild\u0259 \u0259sas\u0131 qoyulan siyasi u\u011furlar v\u0259 ger\u00e7\u0259klikl\u0259r- V\u00fcqar S\u0259rdarov yaz\u0131r"},"content":{"rendered":"<p><strong>1993-c\u00fc ilin iyununda \u00dcmummilli lider Heyd\u0259r \u018fliyev xalq\u0131n t\u0259l\u0259bi il\u0259 yenid\u0259n hakimiyy\u0259t\u0259 qay\u0131td\u0131qdan sonra Az\u0259rbaycan\u0131n suverenliyinin v\u0259 m\u00fcst\u0259qilliyinin qorunub saxlanmas\u0131 istiqam\u0259tind\u0259 tarixi xidm\u0259tl\u0259r g\u00f6st\u0259rmi\u015f lider kimi insanlar\u0131n yadda\u015f\u0131nda \u0259b\u0259di ya\u015famaq h\u00fcququ qazan\u0131b.<\/strong><\/p>\n<p>\u00d6lk\u0259nin h\u0259yat\u0131nda \u00e7ox z\u0259ruri olan ictimai, siyasi sabitliy\u0259 nail olunduqdan sonra demokratik t\u0259sisatlar\u0131n yarad\u0131lmas\u0131 v\u0259 t\u0259kmill\u0259\u015fdirilm\u0259si, d\u00f6vl\u0259t aparat\u0131n\u0131n m\u00f6hk\u0259ml\u0259nm\u0259si, yeni- a\u00e7\u0131q v\u0259 demokratik v\u0259t\u0259nda\u015fl\u0131\u011f\u0131n formala\u015fd\u0131r\u0131lmas\u0131, qanunvericilik bazas\u0131n\u0131n t\u0259kmill\u0259\u015fdirilm\u0259si, h\u0259yat qabiliyy\u0259tli tarazl\u0131 xarici siyas\u0259t modelinin yarad\u0131lmas\u0131 istiqam\u0259tind\u0259 \u0259m\u0259li i\u015fl\u0259r\u0259 ba\u015flan\u0131ld\u0131. Az\u0259rbaycan\u0131n demokratik d\u0259y\u0259rl\u0259r \u0259sas\u0131nda dayan\u0131ql\u0131 inki\u015faf\u0131n\u0131 t\u0259min etm\u0259k istiqam\u0259tind\u0259 \u00dcmummilli Lider t\u0259r\u0259find\u0259n at\u0131lan \u0259n m\u00fch\u00fcm add\u0131mlardan biri Az\u0259rbaycan Respublikas\u0131n\u0131n Konstitusiyas\u0131n\u0131n q\u0259bulu sah\u0259sind\u0259 ilk t\u0259dbirl\u0259rd\u0259n biri- \u018fsas Qanun layih\u0259sinin haz\u0131rlanmas\u0131 haqq\u0131nda Milli M\u0259clisin 1993-c\u00fc il 6 dekabr tarixli q\u0259rar\u0131 oldu.<\/p>\n<p>Prezident Heyd\u0259r \u018fliyev hesab edirdi ki, Az\u0259rbaycan\u0131n m\u00fcst\u0259qilliyininn t\u0259minat\u0131 \u00fc\u00e7\u00fcn m\u00fcasir ruhda yaz\u0131lan v\u0259 xalq t\u0259r\u0259find\u0259n q\u0259bul edil\u0259n yeni Konstitusiyaya ehtiyac var. Yaln\u0131z bundan sonra 1995-ci il may\u0131n 2-d\u0259 Prezident Heyd\u0259r \u018fliyevin s\u0259drliyi il\u0259 37 n\u0259f\u0259rd\u0259n ibar\u0259t Konstitusiya Komissiyas\u0131 yarad\u0131ld\u0131. Milli M\u0259clisin q\u0259rar\u0131 il\u0259 bu komissiyaya Az\u0259rbaycan Respublikas\u0131n\u0131n yeni Konstitusiya layih\u0259si haz\u0131rlamaq tap\u015f\u0131r\u0131\u011f\u0131 verildi.<\/p>\n<p><img loading=\"lazy\" src=\"https:\/\/respublika-news.az\/uploads\/images\/news\/e3b8181e1e-Dovletcilik-tariximizin-en-parlaq-sehifesi-heyder-eliyevin-adi-ile-baglidir.jpg\" alt=\"D\u00f6vl\u0259t\u00e7ilik tariximizin \u0259n parlaq s\u0259hif\u0259si Heyd\u0259r \u018fliyevin ad\u0131 il\u0259 ba\u011fl\u0131d\u0131r\" width=\"860\" height=\"574\" \/><\/p>\n<p>Komissiyan\u0131n t\u0259rkibin\u0259 respublikam\u0131z\u0131n tan\u0131nm\u0131\u015f ictimai-siyasi xadiml\u0259ri, aliml\u0259r, pe\u015f\u0259kar h\u00fcquq\u015f\u00fcnaslar daxil edildi. \u00c7ox q\u0131sa m\u00fcdd\u0259td\u0259 inki\u015faf etmi\u015f demokratik \u00f6lk\u0259l\u0259rin konstitusion quruculuq t\u0259cr\u00fcb\u0259si \u00f6yr\u0259nildi, t\u0259hlil olundu, layih\u0259 haz\u0131rland\u0131 v\u0259 ictimai m\u00fczakir\u0259y\u0259 t\u0259qdim olundu.Geni\u015f ictimaiyy\u0259tin i\u015ftirak\u0131 il\u0259 apar\u0131lan m\u00fczakir\u0259l\u0259rd\u0259n sonra Konstitusiya layih\u0259si 1995-ci ilin noyabr\u0131n 12-d\u0259 \u00fcmumxalq s\u0259sverm\u0259sind\u0259 (referendum) 91,9 faiz s\u0259sl\u0259 q\u0259bul edildi. Bu Konstitusiya 1995-ci il noyabr\u0131n 27-d\u0259 q\u00fcvv\u0259y\u0259 mindi. Az\u0259rbaycan\u0131n ilk milli Konstitusiyas\u0131n\u0131n q\u0259bul edilm\u0259si xalq\u0131m\u0131z\u0131n d\u00f6vl\u0259t m\u00fcst\u0259qilliyi tarixind\u0259 konstitusionalizm m\u0259fkur\u0259sinin q\u0259ti q\u0259l\u0259b\u0259si idi.<\/p>\n<p>Heyd\u0259r \u018fliyev ikinci d\u0259f\u0259 hakimiyy\u0259t\u0259 qay\u0131td\u0131qdan sonra balansla\u015fd\u0131r\u0131lm\u0131\u015f xarici siyas\u0259ti say\u0259sind\u0259 Az\u0259rbaycan d\u00fcnyan\u0131n siyasi x\u0259rit\u0259sind\u0259 geostrateji m\u00f6vqeyini m\u00f6hk\u0259ml\u0259ndirm\u0259y\u0259 ba\u015flad\u0131 v\u0259 \u00f6lk\u0259miz C\u0259nubi Qafqaz\u0131n lokomotiv d\u00f6vl\u0259tin\u0259 \u00e7evrilm\u0259y\u0259 y\u00f6n ald\u0131. Ulu \u00f6nd\u0259rin \u00e7oxsayl\u0131 xarici s\u0259f\u0259rl\u0259ri, ikit\u0259r\u0259fli v\u0259 beyn\u0259lxalq s\u0259viyy\u0259d\u0259 imzalanm\u0131\u015f m\u00fch\u00fcm sazi\u015f v\u0259 s\u0259n\u0259dl\u0259r, beyn\u0259lxalq v\u0259 regional t\u0259\u015fkilatlarla apar\u0131lan g\u0259rgin i\u015f \u00f6lk\u0259mizin inki\u015faf\u0131n\u0131n s\u00fcr\u0259tl\u0259ndirilm\u0259sin\u0259 m\u00fch\u00fcm t\u00f6hf\u0259sini verm\u0259y\u0259 ba\u015flad\u0131.<\/p>\n<p><strong>Heyd\u0259r \u018fliyevin t\u0259\u015f\u0259bb\u00fcs\u00fc il\u0259 Birl\u0259\u015fmi\u015f Mill\u0259tl\u0259r T\u0259\u015fkilat\u0131n\u0131n qurumlar\u0131, Avropa \u0130ttifaq\u0131, \u0130qtisadi \u018fm\u0259kda\u015fl\u0131q T\u0259\u015fkilat\u0131, Avropa \u015euras\u0131 v\u0259 dig\u0259r beyn\u0259lxalq t\u0259\u015fkilatlarla s\u0259m\u0259r\u0259li \u0259m\u0259kda\u015fl\u0131q yarad\u0131ld\u0131.<\/strong><\/p>\n<p>\u00dcmummilli Lider Az\u0259rbaycan Respublikas\u0131n\u0131n Prezidenti oldu\u011fu d\u00f6vrd\u0259 (1993-2003-c\u00fc ill\u0259r) xalq\u0131m\u0131z\u0131n milli-m\u0259n\u0259vi d\u0259y\u0259rl\u0259rinin, onun ad\u0259t-\u0259n\u0259n\u0259l\u0259rinin \u00a0dir\u00e7\u0259ldilm\u0259si, x\u00fcsus\u0259n \u0130slam m\u0259d\u0259niyy\u0259ti n\u00fcmun\u0259l\u0259ri olan m\u0259scidl\u0259rin, tarixi memarl\u0131q abid\u0259l\u0259rinin, ziyar\u0259tgahlar\u0131n b\u0259rpas\u0131 il\u0259 ba\u011fl\u0131 t\u0259dbirl\u0259rin h\u0259yata ke\u00e7irilm\u0259si onun bir daha xalqa m\u0259n\u0259n ba\u011fl\u0131l\u0131\u011f\u0131n\u0131 v\u0259 islami d\u0259y\u0259rl\u0259r\u0259 s\u0259daq\u0259tini g\u00f6st\u0259r\u0259n parlaq misallard\u0131r.<\/p>\n<p><strong>Heyd\u0259r \u018fliyevin tez-tez dindarlarla g\u00f6r\u00fc\u015fm\u0259si, dini bayramlarda m\u0259scidl\u0259r\u0259 getm\u0259si, dindarlar\u0131n m\u0259n\u0259vi ehtiyaclar\u0131na h\u0259ssasl\u0131qla yana\u015fmas\u0131 xalq aras\u0131nda h\u0259mi\u015f\u0259 b\u00f6y\u00fck raz\u0131l\u0131q hissi il\u0259 qar\u015f\u0131lanm\u0131\u015fd\u0131r. M\u0259s\u0259l\u0259n, Az\u0259rbaycanda d\u00f6vl\u0259t m\u00fcst\u0259qilliyinin b\u0259rpas\u0131ndan sonra respublikam\u0131zda dini bayramlar\u0131n, o c\u00fcml\u0259d\u0259n Qurban bayram\u0131n\u0131n r\u0259smi \u015f\u0259kild\u0259 qeyd olunmas\u0131n\u0131 vur\u011fulayan Ulu \u00d6nd\u0259r bu bayram\u0131n b\u0259\u015f\u0259ri-m\u0259n\u0259vi d\u0259y\u0259rl\u0259rind\u0259n, insanlar\u0131n faydalanmas\u0131n\u0131n \u0259h\u0259miyy\u0259tind\u0259n b\u0259hs ed\u0259r\u0259k demi\u015fdir:<\/strong>\u00a0\u201cM\u00fcs\u0259lmanlar\u0131n b\u00f6y\u00fck bir t\u0259nt\u0259n\u0259 il\u0259 h\u0259mr\u0259ylik v\u0259 qarda\u015fl\u0131q r\u0259mzi kimi qeyd etdikl\u0259ri Qurban bayram\u0131 insanlar \u00fc\u00e7\u00fcn y\u00fcks\u0259k b\u0259\u015f\u0259ri-m\u0259n\u0259vi \u00a0d\u0259y\u0259rl\u0259rd\u0259n faydalanmaq imkanlar\u0131 yarad\u0131r. \u0130slam\u0131n insanp\u0259rv\u0259rlik, mehribanl\u0131q v\u0259 m\u0259rh\u0259m\u0259t prinsipl\u0259rin\u0259 h\u0259mi\u015f\u0259 sadiq qalm\u0131\u015f Az\u0259rbaycan xalq\u0131 tarixinin \u00e7\u0259tin d\u00f6vrl\u0259rind\u0259 bel\u0259, Qurban Bayram\u0131n\u0131 \u00f6z\u00fcn\u00fcn \u0259n \u0259ziz g\u00fcnl\u0259rind\u0259n biri kimi qeyd etmi\u015fdir. D\u00f6vl\u0259t m\u00fcst\u0259qilliyimizin b\u0259rpas\u0131ndan sonra bu g\u00fcn\u00fcn r\u0259smi \u015f\u0259kild\u0259 bayram edilm\u0259si xalq\u0131m\u0131z\u0131n \u00f6z milli v\u0259 dini \u0259m\u0259ll\u0259rin\u0259 s\u0259daq\u0259tinin parlaq ifad\u0259sidir\u201d.<\/p>\n<p>Heyd\u0259r \u018fliyev g\u00f6zl\u0259nilm\u0259z siyasi gedi\u015fl\u0259ri v\u0259 manevrl\u0259ri il\u0259 tarix yaradan siyasi liderl\u0259rd\u0259ndir. Az\u0259rbaycan yenid\u0259n m\u00fcst\u0259qillik qazand\u0131qdan sonra, o zamank\u0131 8iqtidar\u0131n s\u0259ri\u015ft\u0259sizliyi g\u00fcn\u00fc-g\u00fcnd\u0259n \u00f6lk\u0259ni xaosa s\u00fcrkl\u0259yirdi. Art\u0131q 1993-c\u00fc ilin ba\u015flan\u011f\u0131c\u0131ndan Az\u0259rbaycanda d\u0259rin siyasi b\u00f6hran ba\u015flam\u0131\u015fd\u0131. \u0130lin ortalar\u0131nda is\u0259 bu b\u00f6hran \u00f6z\u00fcn\u00fcn kulminasiya n\u00f6qt\u0259sin\u0259 \u00e7atd\u0131. Bel\u0259 olan sur\u0259td\u0259 g\u00f6zl\u0259r Az\u0259rbaycan\u0131n q\u0259dim \u015f\u0259h\u0259ri Nax\u00e7\u0131vana dikildi. Bu \u015f\u0259h\u0259rd\u0259 d\u00fcnyan\u0131n qos-qocaman bir ki\u015fisi, b\u00f6y\u00fck siyasi t\u0259cr\u00fcb\u0259y\u0259 malik Heyd\u0259r \u018fliyev ad\u0131nda bir dahi ya\u015fay\u0131rd\u0131. \u0130nsanlarda m\u00f6hk\u0259m \u0259minlik yaranm\u0131\u015fd\u0131: Az\u0259rbaycan\u0131 d\u00fc\u015fm\u00fc\u015f oldu\u011fu v\u0259ziyy\u0259td\u0259n yaln\u0131z O- Heyd\u0259r \u018fliyev \u00e7\u0131xarda bil\u0259rdi&#8230;<\/p>\n<p>Heyd\u0259r \u018fliyev \u00f6z xalq\u0131n\u0131 zaman\u0131n m\u00fcr\u0259kk\u0259b tarixi-siyasi s\u0131naqlar\u0131ndan u\u011furla \u00e7\u0131xarm\u0131\u015f v\u0259 ard\u0131c\u0131l m\u00fcbariz\u0259 apararaq onun m\u00fcst\u0259qilliyinin \u00f6mr\u00fcn\u00fc \u0259b\u0259di v\u0259 d\u00f6nm\u0259z etmi\u015f q\u00fcdr\u0259tli \u015f\u0259xsiyy\u0259tdir.<\/p>\n<p><strong>Az\u0259rbaycan xalq\u0131 yeni \u0259sr\u0259 v\u0259 yeni minilliy\u0259 m\u0259hz Heyd\u0259r \u018fliyev z\u0259kas\u0131n\u0131n i\u015f\u0131\u011f\u0131nda q\u0259d\u0259m qoymu\u015fdur. Davaml\u0131 y\u00fcks\u0259li\u015f yolunda inamla ir\u0259lil\u0259y\u0259n m\u00fcasir Az\u0259rbaycan \u00dcmummilli Lider Heyd\u0259r \u018fliyevin h\u0259yat amal\u0131n\u0131n t\u0259nt\u0259n\u0259sidir.<\/strong><\/p>\n<p><strong><img src=\"https:\/\/respublika-news.az\/uploads\/images\/news\/09743fe565-Muasir-azerbaycanin-xilaskari-ve-memari.jpg\" alt=\"M\u00fcasir Az\u0259rbaycan\u0131n xilaskar\u0131 v\u0259 memar\u0131\" \/><\/strong><\/p>\n<p>\u00dcmummilli Liderin \u015fah \u0259s\u0259ri olan g\u00fccl\u00fc Az\u0259rbaycan d\u00f6vl\u0259ti \u00f6z suverenliyini, m\u00fcst\u0259qilliyini qoruma\u011fa qadir oldu\u011funu 44 g\u00fcnl\u00fck V\u0259t\u0259n m\u00fcharib\u0259sind\u0259 \u015fanl\u0131 Z\u0259f\u0259r qazanmaqla s\u00fcbuta yetirmi\u015fdir.<\/p>\n<p><strong>Az\u0259rbaycan xalq\u0131 haql\u0131 olaraq \u00dcmummilli lideri xilaskar adland\u0131rm\u0131\u015fd\u0131r. \u018fb\u0259diya\u015far \u00f6nd\u0259r atd\u0131\u011f\u0131 m\u00fcdrik add\u0131mlarla respublikan\u0131 f\u0259lak\u0259t burul\u011fan\u0131ndan \u00e7\u0131xarma\u011f\u0131, sabitliy\u0259 v\u0259 inki\u015fafa istiqam\u0259tl\u0259ndirm\u0259yi bacard\u0131. 1993-c\u00fc ild\u0259 onun qay\u0131d\u0131\u015f\u0131 say\u0259sind\u0259 Az\u0259rbaycan par\u00e7alanmaqdan, xaos v\u0259 anarxiyadan, iqtisadi b\u00f6hrandan xilas oldu.<\/strong><\/p>\n<p>Ulu \u00d6nd\u0259r deyirdi: \u201cBiz nazik sap\u0131n \u00fcst\u00fc il\u0259 gedirik. Odur ki, biz g\u0259r\u0259k bu siyas\u0259ti o q\u0259d\u0259r a\u011f\u0131lla, o q\u0259d\u0259r m\u0259har\u0259tl\u0259 aparaq ki, Az\u0259rbaycan\u0131n milli m\u0259nafel\u0259ri m\u00fcdafi\u0259 olunsun, \u0259razi b\u00fct\u00f6vl\u00fcy\u00fcm\u00fcz t\u0259min edilsin. Az\u0259rbaycan m\u00fcharib\u0259 \u015f\u0259raitind\u0259n \u00e7\u0131xa bilsin\u201d.<\/p>\n<p><strong>15 \u0130yun Milli Qurtulu\u015f g\u00fcn\u00fc d\u00f6vl\u0259t\u00e7ilik salnam\u0259mizd\u0259 silinm\u0259z izl\u0259r qoymu\u015f, az\u0259rbaycanl\u0131 olmas\u0131 il\u0259 \u00f6m\u00fcr boyu f\u0259xr etmi\u015f, milli q\u00fcrur v\u0259 iftixar m\u0259nb\u0259yimiz olan Heyd\u0259r \u018fliyev b\u00fct\u00fcn d\u00fcnyada Az\u0259rbaycan\u0131n r\u0259mzi kimi q\u0259bul edilir&#8230;<\/strong><\/p>\n<p><img loading=\"lazy\" src=\"https:\/\/sia.az\/storage\/2021\/12\/08\/heyder11-fenomen765.jpg\" alt=\"Heyd\u0259r \u018fliyev v\u0259 Az\u0259rbaycan t\u0259bi\u0259ti\" width=\"804\" height=\"402\" \/><\/p>\n<p>Xalq\u0131m\u0131z onun \u0259ziz xatir\u0259sini h\u0259mi\u015f\u0259 uca tutur, yenid\u0259n hakimiyy\u0259t\u0259 g\u0259ldiyi g\u00fcn\u00fc Az\u0259rbaycan Respublikas\u0131n\u0131n d\u00f6vl\u0259t bayram\u0131- Milli Qurtulu\u015f g\u00fcn\u00fc kimi qeyd edir. 1993-c\u00fc ild\u0259 xalq b\u00f6y\u00fck s\u0259s \u00e7oxlu\u011fu il\u0259 \u00f6z se\u00e7imini etdi v\u0259 \u018fb\u0259diya\u015far \u00f6nd\u0259r Heyd\u0259r \u018fliyevi Prezident se\u00e7di. H\u0259min se\u00e7iml\u0259 b\u00fcg\u00fcnk\u00fc q\u00fcdr\u0259tli Az\u0259rbaycan d\u00f6vl\u0259tinin t\u0259m\u0259li qoyuldu. Xalq\u0131n m\u00fctl\u0259q \u0259ks\u0259riyy\u0259tinin s\u0259sini qazanaraq Az\u0259rbaycan Respublikas\u0131n\u0131n Prezidenti se\u00e7il\u0259n \u00dcmumilli Lider andi\u00e7m\u0259 m\u0259rasimind\u0259ki nitqind\u0259 deyib : \u201cBu g\u00fcn m\u0259nim \u00fc\u00e7\u00fcn tarixi, \u0259lam\u0259tdar bir g\u00fcnd\u00fcr. M\u0259n\u0259 g\u00f6st\u0259ril\u0259n bu b\u00f6y\u00fck etimada g\u00f6r\u0259 Az\u0259rbaycan v\u0259t\u0259nda\u015flar\u0131na, Az\u0259rbaycan xalq\u0131na h\u00f6rm\u0259timi, m\u0259h\u0259bb\u0259timi bildirir v\u0259 \u0259min etm\u0259k ist\u0259yir\u0259m ki, h\u0259yat\u0131m\u0131n sonuna q\u0259d\u0259r xalq\u0131ma s\u0259daq\u0259tl\u0259 xidm\u0259t ed\u0259c\u0259k v\u0259 b\u00fct\u00fcn f\u0259aliyy\u0259timi Az\u0259rbaycan Respublikas\u0131n\u0131n g\u0259l\u0259c\u0259k inki\u015faf\u0131na s\u0259rf ed\u0259c\u0259y\u0259m\u201d.<\/p>\n<p>Haz\u0131rda \u00dcmummilli liderimizin uzaqg\u00f6r\u0259n v\u0259 d\u00fczg\u00fcn siyas\u0259ti \u00f6lk\u0259 Prezidenti, M\u00fcz\u0259ff\u0259r Ali Ba\u015f Komandan c\u0259nab \u0130lham \u018fliyev t\u0259r\u0259find\u0259n pe\u015f\u0259karcas\u0131na v\u0259 l\u0259yaq\u0259tl\u0259 davam etdirilir. Bu m\u00fcdrik siyas\u0259t il\u0259 \u00f6lk\u0259miz b\u00f6y\u00fck u\u011furlara imza atm\u0131\u015f v\u0259 bundan sonra da atacaqd\u0131r.<\/p>\n<p><strong><br \/>\n<img loading=\"lazy\" src=\"https:\/\/cdn.musavat.com\/news\/video\/NewFolder\/ef%C3%BCf.jpg\" alt=\"ef\u00fcf.jpg (91 KB)\" width=\"350\" height=\"228\" \/><br \/>\nV\u00fcqar S\u0259rdarov,<\/p>\n<p><\/strong><strong>\u0130\u00e7\u0259ri\u015f\u0259h\u0259r D\u00f6vl\u0259t Tarix Memarl\u0131q Qoruq \u0130dar\u0259sinin Elmi-m\u0259d\u0259ni M\u0259rk\u0259zin direktor m\u00fcavini<br \/>\n<\/strong><strong>YAP S\u0259bail rayon \u0259razi partiya t\u0259\u015fkilat\u0131n\u0131n s\u0259dri<\/strong><\/p>\n","protected":false},"excerpt":{"rendered":"<p>1993-c\u00fc ilin iyununda \u00dcmummilli lider Heyd\u0259r \u018fliyev xalq\u0131n t\u0259l\u0259bi il\u0259 yenid\u0259n hakimiyy\u0259t\u0259 qay\u0131td\u0131qdan sonra Az\u0259rbaycan\u0131n suverenliyinin v\u0259 m\u00fcst\u0259qilliyinin qorunub saxlanmas\u0131 istiqam\u0259tind\u0259 tarixi xidm\u0259tl\u0259r g\u00f6st\u0259rmi\u015f lider kimi insanlar\u0131n yadda\u015f\u0131nda \u0259b\u0259di ya\u015famaq h\u00fcququ qazan\u0131b. \u00d6lk\u0259nin h\u0259yat\u0131nda \u00e7ox z\u0259ruri olan ictimai, siyasi sabitliy\u0259 nail olunduqdan sonra demokratik t\u0259sisatlar\u0131n yarad\u0131lmas\u0131 v\u0259 t\u0259kmill\u0259\u015fdirilm\u0259si, d\u00f6vl\u0259t aparat\u0131n\u0131n m\u00f6hk\u0259ml\u0259nm\u0259si, yeni- a\u00e7\u0131q v\u0259 demokratik v\u0259t\u0259nda\u015fl\u0131\u011f\u0131n formala\u015fd\u0131r\u0131lmas\u0131, qanunvericilik bazas\u0131n\u0131n t\u0259kmill\u0259\u015fdirilm\u0259si, h\u0259yat qabiliyy\u0259tli tarazl\u0131 xarici siyas\u0259t modelinin yarad\u0131lmas\u0131 istiqam\u0259tind\u0259 \u0259m\u0259li i\u015fl\u0259r\u0259 ba\u015flan\u0131ld\u0131. Az\u0259rbaycan\u0131n demokratik d\u0259y\u0259rl\u0259r \u0259sas\u0131nda dayan\u0131ql\u0131 inki\u015faf\u0131n\u0131 t\u0259min etm\u0259k istiqam\u0259tind\u0259 \u00dcmummilli Lider t\u0259r\u0259find\u0259n at\u0131lan \u0259n m\u00fch\u00fcm add\u0131mlardan biri Az\u0259rbaycan Respublikas\u0131n\u0131n&hellip;<\/p>\n","protected":false},"author":2,"featured_media":719805,"comment_status":"closed","ping_status":"closed","sticky":false,"template":"","format":"standard","meta":{"om_disable_all_campaigns":false,"_monsterinsights_skip_tracking":false,"_monsterinsights_sitenote_active":false,"_monsterinsights_sitenote_note":"","_monsterinsights_sitenote_category":0},"categories":[19],"tags":[],"aioseo_notices":[],"gutentor_comment":0,"rttpg_featured_image_url":{"full":["https:\/\/arantv.az\/wp-content\/uploads\/2024\/05\/c0baf4ef9f750ab8f206d2bbf45dfed9.jpg",620,460,false],"landscape":["https:\/\/arantv.az\/wp-content\/uploads\/2024\/05\/c0baf4ef9f750ab8f206d2bbf45dfed9.jpg",620,460,false],"portraits":["https:\/\/arantv.az\/wp-content\/uploads\/2024\/05\/c0baf4ef9f750ab8f206d2bbf45dfed9.jpg",620,460,false],"thumbnail":["https:\/\/arantv.az\/wp-content\/uploads\/2024\/05\/c0baf4ef9f750ab8f206d2bbf45dfed9-500x280.jpg",500,280,true],"medium":["https:\/\/arantv.az\/wp-content\/uploads\/2024\/05\/c0baf4ef9f750ab8f206d2bbf45dfed9-492x365.jpg",492,365,true],"large":["https:\/\/arantv.az\/wp-content\/uploads\/2024\/05\/c0baf4ef9f750ab8f206d2bbf45dfed9.jpg",620,460,false],"1536x1536":["https:\/\/arantv.az\/wp-content\/uploads\/2024\/05\/c0baf4ef9f750ab8f206d2bbf45dfed9.jpg",620,460,false],"2048x2048":["https:\/\/arantv.az\/wp-content\/uploads\/2024\/05\/c0baf4ef9f750ab8f206d2bbf45dfed9.jpg",620,460,false],"post-thumbnail":["https:\/\/arantv.az\/wp-content\/uploads\/2024\/05\/c0baf4ef9f750ab8f206d2bbf45dfed9-240x172.jpg",240,172,true],"advps-thumb-one":["https:\/\/arantv.az\/wp-content\/uploads\/2024\/05\/c0baf4ef9f750ab8f206d2bbf45dfed9.jpg",620,460,false]},"rttpg_author":{"display_name":"V\u00fcsal Rafiqo\u011flu","author_link":"https:\/\/arantv.az\/?author=2"},"rttpg_comment":0,"rttpg_category":"<a href=\"https:\/\/arantv.az\/?cat=19\" rel=\"category\">G\u00fcnd\u0259m<\/a>","rttpg_excerpt":"1993-c\u00fc ilin iyununda \u00dcmummilli lider Heyd\u0259r \u018fliyev xalq\u0131n t\u0259l\u0259bi il\u0259 yenid\u0259n hakimiyy\u0259t\u0259 qay\u0131td\u0131qdan sonra Az\u0259rbaycan\u0131n suverenliyinin v\u0259 m\u00fcst\u0259qilliyinin qorunub saxlanmas\u0131 istiqam\u0259tind\u0259 tarixi xidm\u0259tl\u0259r g\u00f6st\u0259rmi\u015f lider kimi insanlar\u0131n yadda\u015f\u0131nda \u0259b\u0259di ya\u015famaq h\u00fcququ qazan\u0131b. \u00d6lk\u0259nin h\u0259yat\u0131nda \u00e7ox z\u0259ruri olan ictimai, siyasi sabitliy\u0259 nail olunduqdan sonra demokratik t\u0259sisatlar\u0131n yarad\u0131lmas\u0131 v\u0259 t\u0259kmill\u0259\u015fdirilm\u0259si, d\u00f6vl\u0259t aparat\u0131n\u0131n m\u00f6hk\u0259ml\u0259nm\u0259si, yeni- a\u00e7\u0131q v\u0259 demokratik&hellip;","_links":{"self":[{"href":"https:\/\/arantv.az\/index.php?rest_route=\/wp\/v2\/posts\/719804"}],"collection":[{"href":"https:\/\/arantv.az\/index.php?rest_route=\/wp\/v2\/posts"}],"about":[{"href":"https:\/\/arantv.az\/index.php?rest_route=\/wp\/v2\/types\/post"}],"author":[{"embeddable":true,"href":"https:\/\/arantv.az\/index.php?rest_route=\/wp\/v2\/users\/2"}],"replies":[{"embeddable":true,"href":"https:\/\/arantv.az\/index.php?rest_route=%2Fwp%2Fv2%2Fcomments&post=719804"}],"version-history":[{"count":0,"href":"https:\/\/arantv.az\/index.php?rest_route=\/wp\/v2\/posts\/719804\/revisions"}],"wp:featuredmedia":[{"embeddable":true,"href":"https:\/\/arantv.az\/index.php?rest_route=\/wp\/v2\/media\/719805"}],"wp:attachment":[{"href":"https:\/\/arantv.az\/index.php?rest_route=%2Fwp%2Fv2%2Fmedia&parent=719804"}],"wp:term":[{"taxonomy":"category","embeddable":true,"href":"https:\/\/arantv.az\/index.php?rest_route=%2Fwp%2Fv2%2Fcategories&post=719804"},{"taxonomy":"post_tag","embeddable":true,"href":"https:\/\/arantv.az\/index.php?rest_route=%2Fwp%2Fv2%2Ftags&post=719804"}],"curies":[{"name":"wp","href":"https:\/\/api.w.org\/{rel}","templated":true}]}}