{"id":719826,"date":"2024-05-08T13:19:45","date_gmt":"2024-05-08T09:19:45","guid":{"rendered":"https:\/\/arantv.az\/?p=719826"},"modified":"2024-05-08T13:19:45","modified_gmt":"2024-05-08T09:19:45","slug":"prezident-ilham-%c9%99liyev-az%c9%99rbaycan-qazinin-bolqaristana-ixraci-ild%c9%99n-il%c9%99-artmaqdadir","status":"publish","type":"post","link":"https:\/\/arantv.az\/?p=719826","title":{"rendered":"Prezident \u0130lham \u018fliyev: \u201cAz\u0259rbaycan qaz\u0131n\u0131n Bolqar\u0131stana ixrac\u0131 ild\u0259n-il\u0259 artmaqdad\u0131r\u201d"},"content":{"rendered":"<p>\u201cAz\u0259rbaycan qaz\u0131n\u0131n Bolqar\u0131stana ixrac\u0131 ild\u0259n-il\u0259 artmaqdad\u0131r\u201d.<\/p>\n<p><a href=\"https:\/\/azertag.az\/xeber\/prezident_ilham_eliyev_azerbaycan_qazinin_bolqaristana_ixraci_ilden_ile_artmaqdadir-2991722\" target=\"_blank\" rel=\"noopener\">AZ\u018fRTAC<\/a>\u00a0x\u0259b\u0259r verir ki, bu s\u00f6zl\u0259ri Prezident\u00a0<strong>\u0130lham \u018fliyev<\/strong>\u00a0Bolqar\u0131stan Prezidenti Rumen Radevl\u0259 m\u0259tbuata b\u0259yanat\u0131nda deyib.<\/p>\n<p>\u201cKe\u00e7\u0259n il 1 milyard 250 milyon kubmetr Az\u0259rbaycan qaz\u0131 Bolqar\u0131stan bazar\u0131na n\u0259ql edilmi\u015fdir. M\u00fcqayis\u0259 \u00fc\u00e7\u00fcn dey\u0259 bil\u0259r\u0259m ki, 2022-ci ild\u0259 bu r\u0259q\u0259m c\u0259mi 600 milyon idi\u201d, &#8211; dey\u0259 d\u00f6vl\u0259timizin ba\u015f\u00e7\u0131s\u0131 \u0259lav\u0259 edib.<\/p>\n","protected":false},"excerpt":{"rendered":"<p>\u201cAz\u0259rbaycan qaz\u0131n\u0131n Bolqar\u0131stana ixrac\u0131 ild\u0259n-il\u0259 artmaqdad\u0131r\u201d. AZ\u018fRTAC\u00a0x\u0259b\u0259r verir ki, bu s\u00f6zl\u0259ri Prezident\u00a0\u0130lham \u018fliyev\u00a0Bolqar\u0131stan Prezidenti Rumen Radevl\u0259 m\u0259tbuata b\u0259yanat\u0131nda deyib. \u201cKe\u00e7\u0259n il 1 milyard 250 milyon kubmetr Az\u0259rbaycan qaz\u0131 Bolqar\u0131stan bazar\u0131na n\u0259ql edilmi\u015fdir. M\u00fcqayis\u0259 \u00fc\u00e7\u00fcn dey\u0259 bil\u0259r\u0259m ki, 2022-ci ild\u0259 bu r\u0259q\u0259m c\u0259mi 600 milyon idi\u201d, &#8211; dey\u0259 d\u00f6vl\u0259timizin ba\u015f\u00e7\u0131s\u0131 \u0259lav\u0259 edib.<\/p>\n","protected":false},"author":2,"featured_media":719827,"comment_status":"closed","ping_status":"closed","sticky":false,"template":"","format":"standard","meta":{"om_disable_all_campaigns":false,"_monsterinsights_skip_tracking":false,"_monsterinsights_sitenote_active":false,"_monsterinsights_sitenote_note":"","_monsterinsights_sitenote_category":0},"categories":[4],"tags":[],"aioseo_notices":[],"gutentor_comment":0,"rttpg_featured_image_url":{"full":["https:\/\/arantv.az\/wp-content\/uploads\/2024\/05\/16584722392788628721_1000x669-1.jpg",620,413,false],"landscape":["https:\/\/arantv.az\/wp-content\/uploads\/2024\/05\/16584722392788628721_1000x669-1.jpg",620,413,false],"portraits":["https:\/\/arantv.az\/wp-content\/uploads\/2024\/05\/16584722392788628721_1000x669-1.jpg",620,413,false],"thumbnail":["https:\/\/arantv.az\/wp-content\/uploads\/2024\/05\/16584722392788628721_1000x669-1-500x280.jpg",500,280,true],"medium":["https:\/\/arantv.az\/wp-content\/uploads\/2024\/05\/16584722392788628721_1000x669-1-548x365.jpg",548,365,true],"large":["https:\/\/arantv.az\/wp-content\/uploads\/2024\/05\/16584722392788628721_1000x669-1.jpg",620,413,false],"1536x1536":["https:\/\/arantv.az\/wp-content\/uploads\/2024\/05\/16584722392788628721_1000x669-1.jpg",620,413,false],"2048x2048":["https:\/\/arantv.az\/wp-content\/uploads\/2024\/05\/16584722392788628721_1000x669-1.jpg",620,413,false],"post-thumbnail":["https:\/\/arantv.az\/wp-content\/uploads\/2024\/05\/16584722392788628721_1000x669-1-240x172.jpg",240,172,true],"advps-thumb-one":["https:\/\/arantv.az\/wp-content\/uploads\/2024\/05\/16584722392788628721_1000x669-1.jpg",620,413,false]},"rttpg_author":{"display_name":"V\u00fcsal Rafiqo\u011flu","author_link":"https:\/\/arantv.az\/?author=2"},"rttpg_comment":0,"rttpg_category":"<a href=\"https:\/\/arantv.az\/?cat=4\" rel=\"category\">Siyas\u0259t<\/a>","rttpg_excerpt":"\u201cAz\u0259rbaycan qaz\u0131n\u0131n Bolqar\u0131stana ixrac\u0131 ild\u0259n-il\u0259 artmaqdad\u0131r\u201d. AZ\u018fRTAC\u00a0x\u0259b\u0259r verir ki, bu s\u00f6zl\u0259ri Prezident\u00a0\u0130lham \u018fliyev\u00a0Bolqar\u0131stan Prezidenti Rumen Radevl\u0259 m\u0259tbuata b\u0259yanat\u0131nda deyib. \u201cKe\u00e7\u0259n il 1 milyard 250 milyon kubmetr Az\u0259rbaycan qaz\u0131 Bolqar\u0131stan bazar\u0131na n\u0259ql edilmi\u015fdir. M\u00fcqayis\u0259 \u00fc\u00e7\u00fcn dey\u0259 bil\u0259r\u0259m ki, 2022-ci ild\u0259 bu r\u0259q\u0259m c\u0259mi 600 milyon idi\u201d, &#8211; dey\u0259 d\u00f6vl\u0259timizin ba\u015f\u00e7\u0131s\u0131 \u0259lav\u0259 edib.","_links":{"self":[{"href":"https:\/\/arantv.az\/index.php?rest_route=\/wp\/v2\/posts\/719826"}],"collection":[{"href":"https:\/\/arantv.az\/index.php?rest_route=\/wp\/v2\/posts"}],"about":[{"href":"https:\/\/arantv.az\/index.php?rest_route=\/wp\/v2\/types\/post"}],"author":[{"embeddable":true,"href":"https:\/\/arantv.az\/index.php?rest_route=\/wp\/v2\/users\/2"}],"replies":[{"embeddable":true,"href":"https:\/\/arantv.az\/index.php?rest_route=%2Fwp%2Fv2%2Fcomments&post=719826"}],"version-history":[{"count":0,"href":"https:\/\/arantv.az\/index.php?rest_route=\/wp\/v2\/posts\/719826\/revisions"}],"wp:featuredmedia":[{"embeddable":true,"href":"https:\/\/arantv.az\/index.php?rest_route=\/wp\/v2\/media\/719827"}],"wp:attachment":[{"href":"https:\/\/arantv.az\/index.php?rest_route=%2Fwp%2Fv2%2Fmedia&parent=719826"}],"wp:term":[{"taxonomy":"category","embeddable":true,"href":"https:\/\/arantv.az\/index.php?rest_route=%2Fwp%2Fv2%2Fcategories&post=719826"},{"taxonomy":"post_tag","embeddable":true,"href":"https:\/\/arantv.az\/index.php?rest_route=%2Fwp%2Fv2%2Ftags&post=719826"}],"curies":[{"name":"wp","href":"https:\/\/api.w.org\/{rel}","templated":true}]}}