{"id":719883,"date":"2024-05-08T16:12:13","date_gmt":"2024-05-08T12:12:13","guid":{"rendered":"https:\/\/arantv.az\/?p=719883"},"modified":"2024-05-08T16:12:13","modified_gmt":"2024-05-08T12:12:13","slug":"bir-qrup-h%c9%99rbi-qulluqcuya-ev-verilib-foto-video","status":"publish","type":"post","link":"https:\/\/arantv.az\/?p=719883","title":{"rendered":"Bir qrup h\u0259rbi qulluq\u00e7uya ev verilib &#8211; FOTO\/V\u0130DEO"},"content":{"rendered":"<p>\u201cAz\u0259rbaycan Respublikas\u0131 Silahl\u0131 Q\u00fcvv\u0259l\u0259rinin h\u0259rbi qulluq\u00e7ular\u0131n\u0131n sosial m\u00fcdafi\u0259sinin g\u00fccl\u0259ndirilm\u0259si t\u0259dbirl\u0259ri bar\u0259d\u0259\u201d Az\u0259rbaycan Respublikas\u0131 Prezidentinin 28 dekabr 2011-ci il tarixli F\u0259rman\u0131n\u0131n icras\u0131n\u0131n t\u0259min edilm\u0259si m\u0259qs\u0259dil\u0259 20 t\u0259qvim ili v\u0259 daha \u00e7ox q\u00fcsursuz xidm\u0259t etmi\u015f h\u0259rbi qulluq\u00e7ulara (h\u0259rbi xidm\u0259td\u0259 olan, ehtiyata burax\u0131lm\u0131\u015f h\u0259rbi qulluq\u00e7ular v\u0259 ya onlar\u0131n varisl\u0259rin\u0259) daimi m\u0259nzill\u0259rin verilm\u0259si prosesi davam edir.<\/p>\n<p>Bu bar\u0259d\u0259\u00a0<strong>Oxu.Az<\/strong>-a M\u00fcdafi\u0259 Nazirliyinin M\u0259tbuat Xidm\u0259tind\u0259n bildirilib.<\/p>\n<p>May\u0131n 8-d\u0259 Az\u0259rbaycan Ordusunun T\u0259lim v\u0259 T\u0259dris M\u0259rk\u0259zind\u0259 q\u00fcsursuz xidm\u0259t etmi\u015f bir qrup h\u0259rbi qulluq\u00e7uya n\u00f6vb\u0259ti daimi m\u0259nzill\u0259rin verilm\u0259si il\u0259 ba\u011fl\u0131 t\u0259dbir ke\u00e7irilib.<\/p>\n<p>T\u0259dbird\u0259 M\u00fcdafi\u0259 Nazirliyinin m\u00fcvafiq qurumlar\u0131n\u0131n n\u00fcmay\u0259nd\u0259l\u0259ri, media m\u0259nsublar\u0131, xidm\u0259td\u0259 v\u0259 ehtiyatda olan h\u0259rbi qulluq\u00e7ular v\u0259 onlar\u0131n ail\u0259 \u00fczvl\u0259ri i\u015ftirak edibl\u0259r.<\/p>\n<p>\u018fvv\u0259lc\u0259 xalq\u0131m\u0131z\u0131n \u00fcmummilli lideri Heyd\u0259r \u018fliyevin v\u0259 \u00f6lk\u0259mizin \u0259razi b\u00fct\u00f6vl\u00fcy\u00fc, m\u00fcst\u0259qilliyi u\u011frunda \u015f\u0259hid olanlar\u0131n xatir\u0259si bir d\u0259qiq\u0259lik s\u00fckutla yad edilib. Az\u0259rbaycan Respublikas\u0131n\u0131n D\u00f6vl\u0259t Himni s\u0259sl\u0259ndirilib.<\/p>\n<p>T\u0259dbird\u0259 \u00e7\u0131x\u0131\u015f ed\u0259nl\u0259r Az\u0259rbaycan Respublikas\u0131n\u0131n Prezidenti, Silahl\u0131 Q\u00fcvv\u0259l\u0259rin Ali Ba\u015f Komandan\u0131\u00a0<strong>\u0130lham \u018fliyev\u00a0<\/strong>v\u0259 Birinci vitse-prezident\u00a0<strong>Mehriban \u018fliyevan\u0131n\u00a0<\/strong>diqq\u0259t v\u0259 qay\u011f\u0131s\u0131 say\u0259sind\u0259 h\u0259rbi qulluq\u00e7ular\u0131n sosial-m\u0259i\u015f\u0259t \u015f\u0259raitinin g\u00fcnb\u0259g\u00fcn yax\u015f\u0131la\u015fd\u0131r\u0131lmas\u0131, qay\u011f\u0131 v\u0259 probleml\u0259rinin h\u0259lli istiqam\u0259tind\u0259 g\u00f6r\u00fcl\u0259n i\u015fl\u0259rin m\u00fcsb\u0259t n\u0259tic\u0259l\u0259rind\u0259n dan\u0131\u015f\u0131blar.<\/p>\n<p>Bildirilib ki, 2023-c\u00fc il dekabr\u0131n 8-d\u0259 Az\u0259rbaycan Ordusunun T\u0259lim v\u0259 T\u0259dris M\u0259rk\u0259zind\u0259 \u201cDaimi m\u0259nzill\u0259rin verilm\u0259si \u00fczr\u0259 m\u0259nzil komissiyas\u0131\u201d t\u0259r\u0259find\u0259n h\u0259rbi qulluq\u00e7ular\u0131n ail\u0259 t\u0259rkibi, \u015f\u0259ffafl\u0131q v\u0259 \u0259dal\u0259tlilik, el\u0259c\u0259 d\u0259 n\u00f6vb\u0259lik prinsipi n\u0259z\u0259r\u0259 al\u0131nmaqla p\u00fc\u015fkatma m\u0259rasimi ke\u00e7irilib. Se\u00e7im \u0259sas\u0131nda Ab\u015feron rayonu, Bak\u0131n\u0131n Sabun\u00e7u v\u0259 Suraxan\u0131 rayonlar\u0131nda \u00fcmumilikd\u0259 473 m\u0259nzil xidm\u0259td\u0259 olan v\u0259 ehtiyata burax\u0131lm\u0131\u015f h\u0259rbi qulluq\u00e7ular, el\u0259c\u0259 d\u0259 v\u0259fat etmi\u015f h\u0259rbi qulluq\u00e7ular\u0131n varisl\u0259ri aras\u0131nda b\u00f6l\u00fc\u015fd\u00fcr\u00fcl\u00fcb.<\/p>\n<p>H\u0259rbi qulluq\u00e7ular da \u00f6z n\u00f6vb\u0259l\u0259rind\u0259 g\u00f6st\u0259ril\u0259n h\u0259rt\u0259r\u0259fli diqq\u0259t v\u0259 qay\u011f\u0131ya g\u00f6r\u0259 Az\u0259rbaycan Respublikas\u0131n\u0131n Prezidenti, Silahl\u0131 Q\u00fcvv\u0259l\u0259rin Ali Ba\u015f Komandan\u0131 \u0130lham \u018fliyev\u0259 v\u0259 M\u00fcdafi\u0259 Nazirliyinin r\u0259hb\u0259rliyin\u0259 minn\u0259tdarl\u0131qlar\u0131n\u0131 bildiribl\u0259r.<\/p>\n<div><iframe loading=\"lazy\" title=\"YouTube video player\" src=\"https:\/\/www.youtube.com\/embed\/N8M3zilrp90?si=i69iXVRVIOBKtl5-\" width=\"560\" height=\"315\" frameborder=\"0\" allowfullscreen=\"allowfullscreen\" data-mce-fragment=\"1\"><\/iframe><\/div>\n<p>&nbsp;<\/p>\n<div class=\"gallery\">\n<div class=\"gallery-i\"><img src=\"https:\/\/cdn.oxu.az\/uploads\/W1siZiIsIjIwMjQvMDUvMDgvMTUvMDUvNDIvZWQxYWMyNjctN2RiMy00YzNiLWIxNmMtMGNkNDM3ODZlZjU4LzE3MTUxNjU0MThfYWZjNWYyNGIzNjVhNjJmOGFjYjI5ZjA5MWViYjhhOTkuanBnIl0sWyJwIiwiZW5jb2RlIiwianBnIiwiLXF1YWxpdHkgODAiXSxbInAiLCJ0aHVtYiIsIjU5MHg1OTBcdTAwM2UiXV0?sha=83c5ba74c2f2d404\" alt=\"\" \/><\/p>\n<div class=\"gallery-i-caption\"><\/div>\n<\/div>\n<div class=\"gallery-i\"><img src=\"https:\/\/cdn.oxu.az\/uploads\/W1siZiIsIjIwMjQvMDUvMDgvMTUvMDUvNDIvYWI0MTU1NDEtZjI4Ni00MmY4LThhZDMtNDRiNGExMmJkNGE0LzE3MTUxNjU0NTVfYWU1MDU0YzRhZDMyYWExODRjMjAxMDkwNjhjZDI5MmYuanBnIl0sWyJwIiwiZW5jb2RlIiwianBnIiwiLXF1YWxpdHkgODAiXSxbInAiLCJ0aHVtYiIsIjU5MHg1OTBcdTAwM2UiXV0?sha=7b24de8ceeba652e\" alt=\"\" \/><\/p>\n<div class=\"gallery-i-caption\"><\/div>\n<\/div>\n<div class=\"gallery-i\"><img src=\"https:\/\/cdn.oxu.az\/uploads\/W1siZiIsIjIwMjQvMDUvMDgvMTUvMDUvNDMvMGE1MjViNjMtMDJjMy00MWI3LTlmYzktNjRhMTdlNTRjYTg5LzE3MTUxNjU0MjdfOWNmZDgxZjAwMTBmMjI4ODZkMzIwMjU5YzhjNzdiMzkuanBnIl0sWyJwIiwiZW5jb2RlIiwianBnIiwiLXF1YWxpdHkgODAiXSxbInAiLCJ0aHVtYiIsIjU5MHg1OTBcdTAwM2UiXV0?sha=2c50dd46746e6bc2\" alt=\"\" \/><\/p>\n<div class=\"gallery-i-caption\"><\/div>\n<\/div>\n<div class=\"gallery-i\"><img src=\"https:\/\/cdn.oxu.az\/uploads\/W1siZiIsIjIwMjQvMDUvMDgvMTUvMDUvNDMvMDA0MGZkYzgtMzBjNS00Nzc2LTkzNmUtZTQ5ZTQzMTQ4MzFkLzE3MTUxNjU0NzRfMmNlMTQ3YjFmMTljYjRkNjA0ZmJhMTE3OWIwNGQxYTQuanBnIl0sWyJwIiwiZW5jb2RlIiwianBnIiwiLXF1YWxpdHkgODAiXSxbInAiLCJ0aHVtYiIsIjU5MHg1OTBcdTAwM2UiXV0?sha=81e95deb583a3d18\" alt=\"\" \/><\/div>\n<\/div>\n","protected":false},"excerpt":{"rendered":"<p>\u201cAz\u0259rbaycan Respublikas\u0131 Silahl\u0131 Q\u00fcvv\u0259l\u0259rinin h\u0259rbi qulluq\u00e7ular\u0131n\u0131n sosial m\u00fcdafi\u0259sinin g\u00fccl\u0259ndirilm\u0259si t\u0259dbirl\u0259ri bar\u0259d\u0259\u201d Az\u0259rbaycan Respublikas\u0131 Prezidentinin 28 dekabr 2011-ci il tarixli F\u0259rman\u0131n\u0131n icras\u0131n\u0131n t\u0259min edilm\u0259si m\u0259qs\u0259dil\u0259 20 t\u0259qvim ili v\u0259 daha \u00e7ox q\u00fcsursuz xidm\u0259t etmi\u015f h\u0259rbi qulluq\u00e7ulara (h\u0259rbi xidm\u0259td\u0259 olan, ehtiyata burax\u0131lm\u0131\u015f h\u0259rbi qulluq\u00e7ular v\u0259 ya onlar\u0131n varisl\u0259rin\u0259) daimi m\u0259nzill\u0259rin verilm\u0259si prosesi davam edir. Bu bar\u0259d\u0259\u00a0Oxu.Az-a M\u00fcdafi\u0259 Nazirliyinin M\u0259tbuat Xidm\u0259tind\u0259n bildirilib. May\u0131n 8-d\u0259 Az\u0259rbaycan Ordusunun T\u0259lim v\u0259 T\u0259dris M\u0259rk\u0259zind\u0259 q\u00fcsursuz xidm\u0259t etmi\u015f bir qrup h\u0259rbi qulluq\u00e7uya n\u00f6vb\u0259ti daimi m\u0259nzill\u0259rin verilm\u0259si il\u0259 ba\u011fl\u0131 t\u0259dbir ke\u00e7irilib. T\u0259dbird\u0259 M\u00fcdafi\u0259 Nazirliyinin m\u00fcvafiq qurumlar\u0131n\u0131n n\u00fcmay\u0259nd\u0259l\u0259ri, media m\u0259nsublar\u0131,&hellip;<\/p>\n","protected":false},"author":2,"featured_media":719884,"comment_status":"closed","ping_status":"closed","sticky":false,"template":"","format":"standard","meta":{"om_disable_all_campaigns":false,"_monsterinsights_skip_tracking":false,"_monsterinsights_sitenote_active":false,"_monsterinsights_sitenote_note":"","_monsterinsights_sitenote_category":0},"categories":[1],"tags":[],"aioseo_notices":[],"gutentor_comment":0,"rttpg_featured_image_url":{"full":["https:\/\/arantv.az\/wp-content\/uploads\/2024\/05\/1715165399_6f1d309e8e8ddfbf1b72a4b951aba884.jpg",620,413,false],"landscape":["https:\/\/arantv.az\/wp-content\/uploads\/2024\/05\/1715165399_6f1d309e8e8ddfbf1b72a4b951aba884.jpg",620,413,false],"portraits":["https:\/\/arantv.az\/wp-content\/uploads\/2024\/05\/1715165399_6f1d309e8e8ddfbf1b72a4b951aba884.jpg",620,413,false],"thumbnail":["https:\/\/arantv.az\/wp-content\/uploads\/2024\/05\/1715165399_6f1d309e8e8ddfbf1b72a4b951aba884-500x280.jpg",500,280,true],"medium":["https:\/\/arantv.az\/wp-content\/uploads\/2024\/05\/1715165399_6f1d309e8e8ddfbf1b72a4b951aba884-548x365.jpg",548,365,true],"large":["https:\/\/arantv.az\/wp-content\/uploads\/2024\/05\/1715165399_6f1d309e8e8ddfbf1b72a4b951aba884.jpg",620,413,false],"1536x1536":["https:\/\/arantv.az\/wp-content\/uploads\/2024\/05\/1715165399_6f1d309e8e8ddfbf1b72a4b951aba884.jpg",620,413,false],"2048x2048":["https:\/\/arantv.az\/wp-content\/uploads\/2024\/05\/1715165399_6f1d309e8e8ddfbf1b72a4b951aba884.jpg",620,413,false],"post-thumbnail":["https:\/\/arantv.az\/wp-content\/uploads\/2024\/05\/1715165399_6f1d309e8e8ddfbf1b72a4b951aba884-240x172.jpg",240,172,true],"advps-thumb-one":["https:\/\/arantv.az\/wp-content\/uploads\/2024\/05\/1715165399_6f1d309e8e8ddfbf1b72a4b951aba884.jpg",620,413,false]},"rttpg_author":{"display_name":"V\u00fcsal Rafiqo\u011flu","author_link":"https:\/\/arantv.az\/?author=2"},"rttpg_comment":0,"rttpg_category":"<a href=\"https:\/\/arantv.az\/?cat=1\" rel=\"category\">C\u0259miyy\u0259t<\/a>","rttpg_excerpt":"\u201cAz\u0259rbaycan Respublikas\u0131 Silahl\u0131 Q\u00fcvv\u0259l\u0259rinin h\u0259rbi qulluq\u00e7ular\u0131n\u0131n sosial m\u00fcdafi\u0259sinin g\u00fccl\u0259ndirilm\u0259si t\u0259dbirl\u0259ri bar\u0259d\u0259\u201d Az\u0259rbaycan Respublikas\u0131 Prezidentinin 28 dekabr 2011-ci il tarixli F\u0259rman\u0131n\u0131n icras\u0131n\u0131n t\u0259min edilm\u0259si m\u0259qs\u0259dil\u0259 20 t\u0259qvim ili v\u0259 daha \u00e7ox q\u00fcsursuz xidm\u0259t etmi\u015f h\u0259rbi qulluq\u00e7ulara (h\u0259rbi xidm\u0259td\u0259 olan, ehtiyata burax\u0131lm\u0131\u015f h\u0259rbi qulluq\u00e7ular v\u0259 ya onlar\u0131n varisl\u0259rin\u0259) daimi m\u0259nzill\u0259rin verilm\u0259si prosesi davam edir. Bu bar\u0259d\u0259\u00a0Oxu.Az-a M\u00fcdafi\u0259&hellip;","_links":{"self":[{"href":"https:\/\/arantv.az\/index.php?rest_route=\/wp\/v2\/posts\/719883"}],"collection":[{"href":"https:\/\/arantv.az\/index.php?rest_route=\/wp\/v2\/posts"}],"about":[{"href":"https:\/\/arantv.az\/index.php?rest_route=\/wp\/v2\/types\/post"}],"author":[{"embeddable":true,"href":"https:\/\/arantv.az\/index.php?rest_route=\/wp\/v2\/users\/2"}],"replies":[{"embeddable":true,"href":"https:\/\/arantv.az\/index.php?rest_route=%2Fwp%2Fv2%2Fcomments&post=719883"}],"version-history":[{"count":0,"href":"https:\/\/arantv.az\/index.php?rest_route=\/wp\/v2\/posts\/719883\/revisions"}],"wp:featuredmedia":[{"embeddable":true,"href":"https:\/\/arantv.az\/index.php?rest_route=\/wp\/v2\/media\/719884"}],"wp:attachment":[{"href":"https:\/\/arantv.az\/index.php?rest_route=%2Fwp%2Fv2%2Fmedia&parent=719883"}],"wp:term":[{"taxonomy":"category","embeddable":true,"href":"https:\/\/arantv.az\/index.php?rest_route=%2Fwp%2Fv2%2Fcategories&post=719883"},{"taxonomy":"post_tag","embeddable":true,"href":"https:\/\/arantv.az\/index.php?rest_route=%2Fwp%2Fv2%2Ftags&post=719883"}],"curies":[{"name":"wp","href":"https:\/\/api.w.org\/{rel}","templated":true}]}}