{"id":719891,"date":"2024-05-08T16:13:16","date_gmt":"2024-05-08T12:13:16","guid":{"rendered":"https:\/\/arantv.az\/?p=719891"},"modified":"2024-05-08T16:13:16","modified_gmt":"2024-05-08T12:13:16","slug":"erm%c9%99ni-kils%c9%99si-dasnaklarin-butun-b%c9%99lalarinin-m%c9%99nb%c9%99yi-video","status":"publish","type":"post","link":"https:\/\/arantv.az\/?p=719891","title":{"rendered":"Erm\u0259ni kils\u0259si &#8211; da\u015fnaklar\u0131n b\u00fct\u00fcn b\u0259lalar\u0131n\u0131n m\u0259nb\u0259yi &#8211; V\u0130DEO"},"content":{"rendered":"<p>\u201cXIX \u0259srin birinci r\u00fcb\u00fcnd\u0259 Rusiya imperiyas\u0131 t\u0259r\u0259find\u0259n C\u0259nubi Qafqazda yeni i\u015f\u011fal olunmu\u015f Az\u0259rbaycan xanl\u0131qlar\u0131na etnik erm\u0259nil\u0259r k\u00f6\u00e7\u00fcr\u00fcld\u00fckd\u0259n sonra ba\u015fda katolikoslar olmaqla erm\u0259ni Qriqoryan kils\u0259si m\u0259n\u0259vi sfera il\u0259 siyas\u0259t aras\u0131nda ayd\u0131n h\u0259ddi saxlama z\u0259hm\u0259tin\u0259 girm\u0259di\u201d.<\/p>\n<p>Bu bar\u0259d\u0259\u00a0<strong>Caliber.Az<\/strong>\u00a0\u201cYouTube\u201d kanal\u0131ndak\u0131 n\u00f6vb\u0259ti s\u00fcjetind\u0259 deyilir.<\/p>\n<p>Qeyd olunur ki, \u00f6zl\u0259rini bu \u015f\u00fcbh\u0259li dini institutun ruhanisi elan ed\u0259nl\u0259r \u00fc\u00e7\u00fcn \u00e7ox vaxt xristianl\u0131\u011f\u0131n fundamental ehkamlar\u0131n\u0131 pozmaq, h\u0259tta a\u00e7\u0131q-a\u015fkar g\u00fcnaha batmaq bahas\u0131na dind\u0259n yay\u0131nmaq v\u0259 c\u0259miyy\u0259tin siyasi h\u0259yat\u0131na birba\u015fa m\u00fcdaxil\u0259 etm\u0259k \u0259h\u0259miyy\u0259tsiz bir i\u015f say\u0131l\u0131r.<\/p>\n<p>\u201c\u0130mperator I Nikolay t\u0259r\u0259find\u0259n yarad\u0131lan v\u0259 qraf Aleksandr Benkendorfun ba\u015f\u00e7\u0131l\u0131q etdiyi, \u00f6lk\u0259d\u0259 n\u0259inki m\u00fcxt\u0259lif gizli siyasi dair\u0259l\u0259rin, h\u0259m d\u0259 dini strukturlar\u0131n, o c\u00fcml\u0259d\u0259n erm\u0259ni Qriqoryan kils\u0259sinin f\u0259aliyy\u0259tini yax\u0131ndan izl\u0259y\u0259n \u018flah\u0259zr\u0259t \u0130mperatorun \u015e\u0259xsi D\u0259ft\u0259rxanas\u0131n\u0131n III B\u00f6lm\u0259sin\u0259 \u201clal axan sudak\u0131 \u015feytanlar\u201d haqq\u0131nda yax\u015f\u0131 m\u0259lum idi\u201d, &#8211; dey\u0259 materialda vur\u011fulan\u0131b.<\/p>\n<p>\u018ftrafl\u0131 s\u00fcjetd\u0259:<\/p>\n<div><iframe loading=\"lazy\" title=\"YouTube video player\" src=\"https:\/\/www.youtube.com\/embed\/4UBxKZCRdM4?si=zrapHNNwAI8nJn_j\" width=\"560\" height=\"315\" frameborder=\"0\" allowfullscreen=\"allowfullscreen\" data-mce-fragment=\"1\"><\/iframe><\/div>\n<p>&nbsp;<\/p>\n","protected":false},"excerpt":{"rendered":"<p>\u201cXIX \u0259srin birinci r\u00fcb\u00fcnd\u0259 Rusiya imperiyas\u0131 t\u0259r\u0259find\u0259n C\u0259nubi Qafqazda yeni i\u015f\u011fal olunmu\u015f Az\u0259rbaycan xanl\u0131qlar\u0131na etnik erm\u0259nil\u0259r k\u00f6\u00e7\u00fcr\u00fcld\u00fckd\u0259n sonra ba\u015fda katolikoslar olmaqla erm\u0259ni Qriqoryan kils\u0259si m\u0259n\u0259vi sfera il\u0259 siyas\u0259t aras\u0131nda ayd\u0131n h\u0259ddi saxlama z\u0259hm\u0259tin\u0259 girm\u0259di\u201d. Bu bar\u0259d\u0259\u00a0Caliber.Az\u00a0\u201cYouTube\u201d kanal\u0131ndak\u0131 n\u00f6vb\u0259ti s\u00fcjetind\u0259 deyilir. Qeyd olunur ki, \u00f6zl\u0259rini bu \u015f\u00fcbh\u0259li dini institutun ruhanisi elan ed\u0259nl\u0259r \u00fc\u00e7\u00fcn \u00e7ox vaxt xristianl\u0131\u011f\u0131n fundamental ehkamlar\u0131n\u0131 pozmaq, h\u0259tta a\u00e7\u0131q-a\u015fkar g\u00fcnaha batmaq bahas\u0131na dind\u0259n yay\u0131nmaq v\u0259 c\u0259miyy\u0259tin siyasi h\u0259yat\u0131na birba\u015fa m\u00fcdaxil\u0259 etm\u0259k \u0259h\u0259miyy\u0259tsiz bir i\u015f say\u0131l\u0131r. \u201c\u0130mperator I Nikolay t\u0259r\u0259find\u0259n yarad\u0131lan v\u0259 qraf Aleksandr Benkendorfun ba\u015f\u00e7\u0131l\u0131q etdiyi, \u00f6lk\u0259d\u0259 n\u0259inki m\u00fcxt\u0259lif&hellip;<\/p>\n","protected":false},"author":2,"featured_media":719892,"comment_status":"closed","ping_status":"closed","sticky":false,"template":"","format":"standard","meta":{"om_disable_all_campaigns":false,"_monsterinsights_skip_tracking":false,"_monsterinsights_sitenote_active":false,"_monsterinsights_sitenote_note":"","_monsterinsights_sitenote_category":0},"categories":[4],"tags":[],"aioseo_notices":[],"gutentor_comment":0,"rttpg_featured_image_url":{"full":["https:\/\/arantv.az\/wp-content\/uploads\/2024\/05\/438171840_3545381362422446_4225955848125080420_n.jpg",620,413,false],"landscape":["https:\/\/arantv.az\/wp-content\/uploads\/2024\/05\/438171840_3545381362422446_4225955848125080420_n.jpg",620,413,false],"portraits":["https:\/\/arantv.az\/wp-content\/uploads\/2024\/05\/438171840_3545381362422446_4225955848125080420_n.jpg",620,413,false],"thumbnail":["https:\/\/arantv.az\/wp-content\/uploads\/2024\/05\/438171840_3545381362422446_4225955848125080420_n-500x280.jpg",500,280,true],"medium":["https:\/\/arantv.az\/wp-content\/uploads\/2024\/05\/438171840_3545381362422446_4225955848125080420_n-548x365.jpg",548,365,true],"large":["https:\/\/arantv.az\/wp-content\/uploads\/2024\/05\/438171840_3545381362422446_4225955848125080420_n.jpg",620,413,false],"1536x1536":["https:\/\/arantv.az\/wp-content\/uploads\/2024\/05\/438171840_3545381362422446_4225955848125080420_n.jpg",620,413,false],"2048x2048":["https:\/\/arantv.az\/wp-content\/uploads\/2024\/05\/438171840_3545381362422446_4225955848125080420_n.jpg",620,413,false],"post-thumbnail":["https:\/\/arantv.az\/wp-content\/uploads\/2024\/05\/438171840_3545381362422446_4225955848125080420_n-240x172.jpg",240,172,true],"advps-thumb-one":["https:\/\/arantv.az\/wp-content\/uploads\/2024\/05\/438171840_3545381362422446_4225955848125080420_n.jpg",620,413,false]},"rttpg_author":{"display_name":"V\u00fcsal Rafiqo\u011flu","author_link":"https:\/\/arantv.az\/?author=2"},"rttpg_comment":0,"rttpg_category":"<a href=\"https:\/\/arantv.az\/?cat=4\" rel=\"category\">Siyas\u0259t<\/a>","rttpg_excerpt":"\u201cXIX \u0259srin birinci r\u00fcb\u00fcnd\u0259 Rusiya imperiyas\u0131 t\u0259r\u0259find\u0259n C\u0259nubi Qafqazda yeni i\u015f\u011fal olunmu\u015f Az\u0259rbaycan xanl\u0131qlar\u0131na etnik erm\u0259nil\u0259r k\u00f6\u00e7\u00fcr\u00fcld\u00fckd\u0259n sonra ba\u015fda katolikoslar olmaqla erm\u0259ni Qriqoryan kils\u0259si m\u0259n\u0259vi sfera il\u0259 siyas\u0259t aras\u0131nda ayd\u0131n h\u0259ddi saxlama z\u0259hm\u0259tin\u0259 girm\u0259di\u201d. Bu bar\u0259d\u0259\u00a0Caliber.Az\u00a0\u201cYouTube\u201d kanal\u0131ndak\u0131 n\u00f6vb\u0259ti s\u00fcjetind\u0259 deyilir. Qeyd olunur ki, \u00f6zl\u0259rini bu \u015f\u00fcbh\u0259li dini institutun ruhanisi elan ed\u0259nl\u0259r \u00fc\u00e7\u00fcn \u00e7ox vaxt xristianl\u0131\u011f\u0131n&hellip;","_links":{"self":[{"href":"https:\/\/arantv.az\/index.php?rest_route=\/wp\/v2\/posts\/719891"}],"collection":[{"href":"https:\/\/arantv.az\/index.php?rest_route=\/wp\/v2\/posts"}],"about":[{"href":"https:\/\/arantv.az\/index.php?rest_route=\/wp\/v2\/types\/post"}],"author":[{"embeddable":true,"href":"https:\/\/arantv.az\/index.php?rest_route=\/wp\/v2\/users\/2"}],"replies":[{"embeddable":true,"href":"https:\/\/arantv.az\/index.php?rest_route=%2Fwp%2Fv2%2Fcomments&post=719891"}],"version-history":[{"count":0,"href":"https:\/\/arantv.az\/index.php?rest_route=\/wp\/v2\/posts\/719891\/revisions"}],"wp:featuredmedia":[{"embeddable":true,"href":"https:\/\/arantv.az\/index.php?rest_route=\/wp\/v2\/media\/719892"}],"wp:attachment":[{"href":"https:\/\/arantv.az\/index.php?rest_route=%2Fwp%2Fv2%2Fmedia&parent=719891"}],"wp:term":[{"taxonomy":"category","embeddable":true,"href":"https:\/\/arantv.az\/index.php?rest_route=%2Fwp%2Fv2%2Fcategories&post=719891"},{"taxonomy":"post_tag","embeddable":true,"href":"https:\/\/arantv.az\/index.php?rest_route=%2Fwp%2Fv2%2Ftags&post=719891"}],"curies":[{"name":"wp","href":"https:\/\/api.w.org\/{rel}","templated":true}]}}