{"id":719894,"date":"2024-05-08T16:13:54","date_gmt":"2024-05-08T12:13:54","guid":{"rendered":"https:\/\/arantv.az\/?p=719894"},"modified":"2024-05-08T16:13:54","modified_gmt":"2024-05-08T12:13:54","slug":"peskov-putin-v%c9%99-pasinyanin-gorusund%c9%99n-danisdi","status":"publish","type":"post","link":"https:\/\/arantv.az\/?p=719894","title":{"rendered":"Peskov Putin v\u0259 Pa\u015finyan\u0131n g\u00f6r\u00fc\u015f\u00fcnd\u0259n dan\u0131\u015fd\u0131"},"content":{"rendered":"<p>\u201cRusiya Prezidenti Vladimir Putinl\u0259 Erm\u0259nistan\u0131n ba\u015f naziri Nikol Pa\u015finyan aras\u0131nda Kremld\u0259 ke\u00e7iril\u0259c\u0259k dan\u0131\u015f\u0131qlar z\u0259ruri v\u0259 g\u00f6zl\u0259nil\u0259ndir\u201d.<\/p>\n<p>Bu s\u00f6zl\u0259ri Rusiya prezidentinin m\u0259tbuat katibi Dmitri Peskov deyib.<\/p>\n<p>\u201cG\u00f6r\u00fc\u015f z\u0259ruridir v\u0259 h\u0259r iki t\u0259r\u0259fd\u0259n g\u00f6zl\u0259nilir\u201d, &#8211; dey\u0259 o, qar\u015f\u0131dak\u0131 dan\u0131\u015f\u0131qlar\u0131 xarakteriz\u0259 edib. Qeyd ed\u0259k ki, daha \u0259vv\u0259l Kreml son vaxtlar Moskva il\u0259 \u0130r\u0259van aras\u0131nda problemli m\u0259s\u0259l\u0259l\u0259rin y\u0131\u011f\u0131l\u0131b qald\u0131\u011f\u0131n\u0131 bildirmi\u015fdi. Rusiya hakimiyy\u0259t orqanlar\u0131 \u00fcmid edirl\u0259r ki, qar\u015f\u0131dak\u0131 dan\u0131\u015f\u0131qlar bu m\u0259s\u0259l\u0259l\u0259r\u0259 son qoyulmas\u0131na imkan ver\u0259c\u0259k.<\/p>\n<p>Xat\u0131rladaq ki, Erm\u0259nistan ba\u015f naziri Nikol Pa\u015finyan Avrasiya \u0130qtisadi Birliyinin sammitind\u0259 s\u0259dr kimi i\u015ftirak etm\u0259k \u00fc\u00e7\u00fcn bu g\u00fcn Moskvaya s\u0259f\u0259r edib.<\/p>\n<p>M\u0259nb\u0259: MK.ru<\/p>\n","protected":false},"excerpt":{"rendered":"<p>\u201cRusiya Prezidenti Vladimir Putinl\u0259 Erm\u0259nistan\u0131n ba\u015f naziri Nikol Pa\u015finyan aras\u0131nda Kremld\u0259 ke\u00e7iril\u0259c\u0259k dan\u0131\u015f\u0131qlar z\u0259ruri v\u0259 g\u00f6zl\u0259nil\u0259ndir\u201d. Bu s\u00f6zl\u0259ri Rusiya prezidentinin m\u0259tbuat katibi Dmitri Peskov deyib. \u201cG\u00f6r\u00fc\u015f z\u0259ruridir v\u0259 h\u0259r iki t\u0259r\u0259fd\u0259n g\u00f6zl\u0259nilir\u201d, &#8211; dey\u0259 o, qar\u015f\u0131dak\u0131 dan\u0131\u015f\u0131qlar\u0131 xarakteriz\u0259 edib. Qeyd ed\u0259k ki, daha \u0259vv\u0259l Kreml son vaxtlar Moskva il\u0259 \u0130r\u0259van aras\u0131nda problemli m\u0259s\u0259l\u0259l\u0259rin y\u0131\u011f\u0131l\u0131b qald\u0131\u011f\u0131n\u0131 bildirmi\u015fdi. Rusiya hakimiyy\u0259t orqanlar\u0131 \u00fcmid edirl\u0259r ki, qar\u015f\u0131dak\u0131 dan\u0131\u015f\u0131qlar bu m\u0259s\u0259l\u0259l\u0259r\u0259 son qoyulmas\u0131na imkan ver\u0259c\u0259k. Xat\u0131rladaq ki, Erm\u0259nistan ba\u015f naziri Nikol Pa\u015finyan Avrasiya \u0130qtisadi Birliyinin sammitind\u0259 s\u0259dr kimi i\u015ftirak etm\u0259k \u00fc\u00e7\u00fcn bu g\u00fcn Moskvaya s\u0259f\u0259r&hellip;<\/p>\n","protected":false},"author":2,"featured_media":719895,"comment_status":"closed","ping_status":"closed","sticky":false,"template":"","format":"standard","meta":{"om_disable_all_campaigns":false,"_monsterinsights_skip_tracking":false,"_monsterinsights_sitenote_active":false,"_monsterinsights_sitenote_note":"","_monsterinsights_sitenote_category":0},"categories":[7],"tags":[],"aioseo_notices":[],"gutentor_comment":0,"rttpg_featured_image_url":{"full":["https:\/\/arantv.az\/wp-content\/uploads\/2024\/05\/FotoJet-2024-05-08T144858.963.jpg",620,413,false],"landscape":["https:\/\/arantv.az\/wp-content\/uploads\/2024\/05\/FotoJet-2024-05-08T144858.963.jpg",620,413,false],"portraits":["https:\/\/arantv.az\/wp-content\/uploads\/2024\/05\/FotoJet-2024-05-08T144858.963.jpg",620,413,false],"thumbnail":["https:\/\/arantv.az\/wp-content\/uploads\/2024\/05\/FotoJet-2024-05-08T144858.963-500x280.jpg",500,280,true],"medium":["https:\/\/arantv.az\/wp-content\/uploads\/2024\/05\/FotoJet-2024-05-08T144858.963-548x365.jpg",548,365,true],"large":["https:\/\/arantv.az\/wp-content\/uploads\/2024\/05\/FotoJet-2024-05-08T144858.963.jpg",620,413,false],"1536x1536":["https:\/\/arantv.az\/wp-content\/uploads\/2024\/05\/FotoJet-2024-05-08T144858.963.jpg",620,413,false],"2048x2048":["https:\/\/arantv.az\/wp-content\/uploads\/2024\/05\/FotoJet-2024-05-08T144858.963.jpg",620,413,false],"post-thumbnail":["https:\/\/arantv.az\/wp-content\/uploads\/2024\/05\/FotoJet-2024-05-08T144858.963-240x172.jpg",240,172,true],"advps-thumb-one":["https:\/\/arantv.az\/wp-content\/uploads\/2024\/05\/FotoJet-2024-05-08T144858.963.jpg",620,413,false]},"rttpg_author":{"display_name":"V\u00fcsal Rafiqo\u011flu","author_link":"https:\/\/arantv.az\/?author=2"},"rttpg_comment":0,"rttpg_category":"<a href=\"https:\/\/arantv.az\/?cat=7\" rel=\"category\">D\u00fcnya<\/a>","rttpg_excerpt":"\u201cRusiya Prezidenti Vladimir Putinl\u0259 Erm\u0259nistan\u0131n ba\u015f naziri Nikol Pa\u015finyan aras\u0131nda Kremld\u0259 ke\u00e7iril\u0259c\u0259k dan\u0131\u015f\u0131qlar z\u0259ruri v\u0259 g\u00f6zl\u0259nil\u0259ndir\u201d. Bu s\u00f6zl\u0259ri Rusiya prezidentinin m\u0259tbuat katibi Dmitri Peskov deyib. \u201cG\u00f6r\u00fc\u015f z\u0259ruridir v\u0259 h\u0259r iki t\u0259r\u0259fd\u0259n g\u00f6zl\u0259nilir\u201d, &#8211; dey\u0259 o, qar\u015f\u0131dak\u0131 dan\u0131\u015f\u0131qlar\u0131 xarakteriz\u0259 edib. Qeyd ed\u0259k ki, daha \u0259vv\u0259l Kreml son vaxtlar Moskva il\u0259 \u0130r\u0259van aras\u0131nda problemli m\u0259s\u0259l\u0259l\u0259rin y\u0131\u011f\u0131l\u0131b qald\u0131\u011f\u0131n\u0131&hellip;","_links":{"self":[{"href":"https:\/\/arantv.az\/index.php?rest_route=\/wp\/v2\/posts\/719894"}],"collection":[{"href":"https:\/\/arantv.az\/index.php?rest_route=\/wp\/v2\/posts"}],"about":[{"href":"https:\/\/arantv.az\/index.php?rest_route=\/wp\/v2\/types\/post"}],"author":[{"embeddable":true,"href":"https:\/\/arantv.az\/index.php?rest_route=\/wp\/v2\/users\/2"}],"replies":[{"embeddable":true,"href":"https:\/\/arantv.az\/index.php?rest_route=%2Fwp%2Fv2%2Fcomments&post=719894"}],"version-history":[{"count":0,"href":"https:\/\/arantv.az\/index.php?rest_route=\/wp\/v2\/posts\/719894\/revisions"}],"wp:featuredmedia":[{"embeddable":true,"href":"https:\/\/arantv.az\/index.php?rest_route=\/wp\/v2\/media\/719895"}],"wp:attachment":[{"href":"https:\/\/arantv.az\/index.php?rest_route=%2Fwp%2Fv2%2Fmedia&parent=719894"}],"wp:term":[{"taxonomy":"category","embeddable":true,"href":"https:\/\/arantv.az\/index.php?rest_route=%2Fwp%2Fv2%2Fcategories&post=719894"},{"taxonomy":"post_tag","embeddable":true,"href":"https:\/\/arantv.az\/index.php?rest_route=%2Fwp%2Fv2%2Ftags&post=719894"}],"curies":[{"name":"wp","href":"https:\/\/api.w.org\/{rel}","templated":true}]}}