{"id":719907,"date":"2024-05-08T16:16:43","date_gmt":"2024-05-08T12:16:43","guid":{"rendered":"https:\/\/arantv.az\/?p=719907"},"modified":"2024-05-08T16:16:43","modified_gmt":"2024-05-08T12:16:43","slug":"rusiya-az%c9%99rbaycan-erm%c9%99nistan-xin-bascilarinin-gorusunu-alqislayir-video","status":"publish","type":"post","link":"https:\/\/arantv.az\/?p=719907","title":{"rendered":"Rusiya Az\u0259rbaycan-Erm\u0259nistan X\u0130N ba\u015f\u00e7\u0131lar\u0131n\u0131n g\u00f6r\u00fc\u015f\u00fcn\u00fc alq\u0131\u015flay\u0131r &#8211; V\u0130DEO"},"content":{"rendered":"<article class=\"news\">\n<div class=\"news-inner\">\n<p>Rusiya Xarici \u0130\u015fl\u0259r Nazirliyi (X\u0130N) Az\u0259rbaycan v\u0259 Erm\u0259nistan xarici i\u015fl\u0259r nazirl\u0259ri Ceyhun Bayramov v\u0259 Ararat Mirzoyan\u0131n may\u0131n 10-da Almat\u0131da ke\u00e7iril\u0259c\u0259k g\u00f6r\u00fc\u015f\u00fcn\u00fc alq\u0131\u015flay\u0131r.<\/p>\n<p>Bunu Rusiya Xarici \u0130\u015fl\u0259r Nazirliyinin r\u0259smi n\u00fcmay\u0259nd\u0259si Mariya Zaxarova brifinqd\u0259 Baku TV-nin sual\u0131n\u0131 cavabland\u0131rark\u0259n deyib.<\/p>\n<p>\u201cMay\u0131n 10-da ba\u015f tutacaq bu g\u00f6r\u00fc\u015f\u00fc alq\u0131\u015flay\u0131r\u0131q. Rusiya Az\u0259rbaycan-Erm\u0259nistan aras\u0131nda normalla\u015fma prosesinin t\u0259\u015fviqi \u00fc\u00e7\u00fcn yard\u0131m g\u00f6st\u0259rm\u0259y\u0259 davam etm\u0259y\u0259 haz\u0131rd\u0131r. Xat\u0131rladaq ki, aprelin 22-d\u0259 Moskvada Rusiya v\u0259 Az\u0259rbaycan prezidentl\u0259ri aras\u0131nda dan\u0131\u015f\u0131qlar apar\u0131l\u0131b v\u0259 bu g\u00fcn Rusiya lideri il\u0259 Erm\u0259nistan\u0131n ba\u015f naziri aras\u0131nda g\u00f6r\u00fc\u015f olacaq. Bu dan\u0131\u015f\u0131qlar\u0131n g\u00fcnd\u0259liyind\u0259 C\u0259nubi Qafqazda s\u00fclh\u00fcn, sabitliyin v\u0259 t\u0259hl\u00fck\u0259sizliyin t\u0259min edilm\u0259si m\u0259s\u0259l\u0259l\u0259ri var\u201d, &#8211; dey\u0259 o vur\u011fulay\u0131b.<\/p>\n<div><iframe loading=\"lazy\" src=\"https:\/\/baku.tv\/embed\/136574\" width=\"560\" height=\"315\" frameborder=\"0\" allowfullscreen=\"allowfullscreen\" data-mce-fragment=\"1\"><\/iframe><\/div>\n<\/div>\n<\/article>\n","protected":false},"excerpt":{"rendered":"<p>Rusiya Xarici \u0130\u015fl\u0259r Nazirliyi (X\u0130N) Az\u0259rbaycan v\u0259 Erm\u0259nistan xarici i\u015fl\u0259r nazirl\u0259ri Ceyhun Bayramov v\u0259 Ararat Mirzoyan\u0131n may\u0131n 10-da Almat\u0131da ke\u00e7iril\u0259c\u0259k g\u00f6r\u00fc\u015f\u00fcn\u00fc alq\u0131\u015flay\u0131r. Bunu Rusiya Xarici \u0130\u015fl\u0259r Nazirliyinin r\u0259smi n\u00fcmay\u0259nd\u0259si Mariya Zaxarova brifinqd\u0259 Baku TV-nin sual\u0131n\u0131 cavabland\u0131rark\u0259n deyib. \u201cMay\u0131n 10-da ba\u015f tutacaq bu g\u00f6r\u00fc\u015f\u00fc alq\u0131\u015flay\u0131r\u0131q. Rusiya Az\u0259rbaycan-Erm\u0259nistan aras\u0131nda normalla\u015fma prosesinin t\u0259\u015fviqi \u00fc\u00e7\u00fcn yard\u0131m g\u00f6st\u0259rm\u0259y\u0259 davam etm\u0259y\u0259 haz\u0131rd\u0131r. Xat\u0131rladaq ki, aprelin 22-d\u0259 Moskvada Rusiya v\u0259 Az\u0259rbaycan prezidentl\u0259ri aras\u0131nda dan\u0131\u015f\u0131qlar apar\u0131l\u0131b v\u0259 bu g\u00fcn Rusiya lideri il\u0259 Erm\u0259nistan\u0131n ba\u015f naziri aras\u0131nda g\u00f6r\u00fc\u015f olacaq. Bu dan\u0131\u015f\u0131qlar\u0131n g\u00fcnd\u0259liyind\u0259 C\u0259nubi Qafqazda s\u00fclh\u00fcn, sabitliyin v\u0259 t\u0259hl\u00fck\u0259sizliyin t\u0259min&hellip;<\/p>\n","protected":false},"author":2,"featured_media":719908,"comment_status":"closed","ping_status":"closed","sticky":false,"template":"","format":"standard","meta":{"om_disable_all_campaigns":false,"_monsterinsights_skip_tracking":false,"_monsterinsights_sitenote_active":false,"_monsterinsights_sitenote_note":"","_monsterinsights_sitenote_category":0},"categories":[7],"tags":[],"aioseo_notices":[],"gutentor_comment":0,"rttpg_featured_image_url":{"full":["https:\/\/arantv.az\/wp-content\/uploads\/2024\/05\/436968121_237004639469680_1744565271926518822_n.jpg",620,413,false],"landscape":["https:\/\/arantv.az\/wp-content\/uploads\/2024\/05\/436968121_237004639469680_1744565271926518822_n.jpg",620,413,false],"portraits":["https:\/\/arantv.az\/wp-content\/uploads\/2024\/05\/436968121_237004639469680_1744565271926518822_n.jpg",620,413,false],"thumbnail":["https:\/\/arantv.az\/wp-content\/uploads\/2024\/05\/436968121_237004639469680_1744565271926518822_n-500x280.jpg",500,280,true],"medium":["https:\/\/arantv.az\/wp-content\/uploads\/2024\/05\/436968121_237004639469680_1744565271926518822_n-548x365.jpg",548,365,true],"large":["https:\/\/arantv.az\/wp-content\/uploads\/2024\/05\/436968121_237004639469680_1744565271926518822_n.jpg",620,413,false],"1536x1536":["https:\/\/arantv.az\/wp-content\/uploads\/2024\/05\/436968121_237004639469680_1744565271926518822_n.jpg",620,413,false],"2048x2048":["https:\/\/arantv.az\/wp-content\/uploads\/2024\/05\/436968121_237004639469680_1744565271926518822_n.jpg",620,413,false],"post-thumbnail":["https:\/\/arantv.az\/wp-content\/uploads\/2024\/05\/436968121_237004639469680_1744565271926518822_n-240x172.jpg",240,172,true],"advps-thumb-one":["https:\/\/arantv.az\/wp-content\/uploads\/2024\/05\/436968121_237004639469680_1744565271926518822_n.jpg",620,413,false]},"rttpg_author":{"display_name":"V\u00fcsal Rafiqo\u011flu","author_link":"https:\/\/arantv.az\/?author=2"},"rttpg_comment":0,"rttpg_category":"<a href=\"https:\/\/arantv.az\/?cat=7\" rel=\"category\">D\u00fcnya<\/a>","rttpg_excerpt":"Rusiya Xarici \u0130\u015fl\u0259r Nazirliyi (X\u0130N) Az\u0259rbaycan v\u0259 Erm\u0259nistan xarici i\u015fl\u0259r nazirl\u0259ri Ceyhun Bayramov v\u0259 Ararat Mirzoyan\u0131n may\u0131n 10-da Almat\u0131da ke\u00e7iril\u0259c\u0259k g\u00f6r\u00fc\u015f\u00fcn\u00fc alq\u0131\u015flay\u0131r. Bunu Rusiya Xarici \u0130\u015fl\u0259r Nazirliyinin r\u0259smi n\u00fcmay\u0259nd\u0259si Mariya Zaxarova brifinqd\u0259 Baku TV-nin sual\u0131n\u0131 cavabland\u0131rark\u0259n deyib. \u201cMay\u0131n 10-da ba\u015f tutacaq bu g\u00f6r\u00fc\u015f\u00fc alq\u0131\u015flay\u0131r\u0131q. Rusiya Az\u0259rbaycan-Erm\u0259nistan aras\u0131nda normalla\u015fma prosesinin t\u0259\u015fviqi \u00fc\u00e7\u00fcn yard\u0131m g\u00f6st\u0259rm\u0259y\u0259 davam etm\u0259y\u0259&hellip;","_links":{"self":[{"href":"https:\/\/arantv.az\/index.php?rest_route=\/wp\/v2\/posts\/719907"}],"collection":[{"href":"https:\/\/arantv.az\/index.php?rest_route=\/wp\/v2\/posts"}],"about":[{"href":"https:\/\/arantv.az\/index.php?rest_route=\/wp\/v2\/types\/post"}],"author":[{"embeddable":true,"href":"https:\/\/arantv.az\/index.php?rest_route=\/wp\/v2\/users\/2"}],"replies":[{"embeddable":true,"href":"https:\/\/arantv.az\/index.php?rest_route=%2Fwp%2Fv2%2Fcomments&post=719907"}],"version-history":[{"count":0,"href":"https:\/\/arantv.az\/index.php?rest_route=\/wp\/v2\/posts\/719907\/revisions"}],"wp:featuredmedia":[{"embeddable":true,"href":"https:\/\/arantv.az\/index.php?rest_route=\/wp\/v2\/media\/719908"}],"wp:attachment":[{"href":"https:\/\/arantv.az\/index.php?rest_route=%2Fwp%2Fv2%2Fmedia&parent=719907"}],"wp:term":[{"taxonomy":"category","embeddable":true,"href":"https:\/\/arantv.az\/index.php?rest_route=%2Fwp%2Fv2%2Fcategories&post=719907"},{"taxonomy":"post_tag","embeddable":true,"href":"https:\/\/arantv.az\/index.php?rest_route=%2Fwp%2Fv2%2Ftags&post=719907"}],"curies":[{"name":"wp","href":"https:\/\/api.w.org\/{rel}","templated":true}]}}