{"id":719911,"date":"2024-05-08T16:17:22","date_gmt":"2024-05-08T12:17:22","guid":{"rendered":"https:\/\/arantv.az\/?p=719911"},"modified":"2024-05-08T16:17:22","modified_gmt":"2024-05-08T12:17:22","slug":"ismayillida-birinci-qarabag-muharib%c9%99sinin-s%c9%99hidi-il%c9%99-vida-m%c9%99rasimi-kecirilir-foto","status":"publish","type":"post","link":"https:\/\/arantv.az\/?p=719911","title":{"rendered":"\u0130smay\u0131ll\u0131da Birinci Qaraba\u011f m\u00fcharib\u0259sinin \u015f\u0259hidi il\u0259 vida m\u0259rasimi ke\u00e7irilir &#8211; FOTO"},"content":{"rendered":"<p>Beyl\u0259qan rayonunun \u015e\u0259f\u0259q q\u0259s\u0259b\u0259sind\u0259 yerl\u0259\u015f\u0259n &#8220;Pey\u011f\u0259mb\u0259rlik&#8221; q\u0259biristanl\u0131\u011f\u0131nda nam\u0259lum \u015f\u0259hid kimi d\u0259fn edilmi\u015f Birinci Qaraba\u011f m\u00fcharib\u0259sind\u0259 itkin d\u00fc\u015fm\u00fc\u015f hesab olunan Ayaz H\u0259bibulla o\u011flu A\u011fayevin meyitinin qal\u0131qlar\u0131 \u0130smay\u0131ll\u0131 rayonuna g\u0259tirilib.<\/p>\n<p>\u201cReport\u201d x\u0259b\u0259r verir ki, \u015f\u0259hidin n\u0259\u015fi rayonun Hac\u0131h\u0259t\u0259mli k\u0259ndind\u0259 ail\u0259sin\u0259 t\u0259hvil verilib.<\/p>\n<p>Haz\u0131rda k\u0259ndd\u0259 \u015f\u0259hidl\u0259 vida m\u0259rasimi ke\u00e7irilir.<\/p>\n<p>Qeyd ed\u0259k ki, Ayaz H\u0259bibulla o\u011flu A\u011fayev 1975-ci il avqustun 29-da anadan olub. O, 1994-c\u00fc ilin yanvar\u0131n 26-da F\u00fczuli rayonunun A\u015fa\u011f\u0131 \u018fbd\u00fcrr\u0259hmanl\u0131 k\u0259ndi \u0259razisind\u0259 itkin d\u00fc\u015f\u00fcb.<\/p>\n<p>A.A\u011fayev Hac\u0131h\u0259t\u0259mli k\u0259nd q\u0259biristanl\u0131\u011f\u0131nda d\u0259fn olunacaq.<\/p>\n<p>&nbsp;<\/p>\n<div class=\"gallery\">\n<div class=\"gallery-i\"><img src=\"https:\/\/cdn.oxu.az\/uploads\/W1siZiIsIjIwMjQvMDUvMDgvMTQvMjIvMTUvODYzMWEyOWItNDBlMi00NWVmLWI4MDItNTZkMmNhNzllOGFmLzM3ZmYzNGVjLWQ5MDktMzNkMC04MGE4LTE3ZWRlMmU5OWI3MC5qcGciXSxbInAiLCJlbmNvZGUiLCJqcGciLCItcXVhbGl0eSA4MCJdLFsicCIsInRodW1iIiwiNTkweDU5MFx1MDAzZSJdXQ?sha=e78128d6353acadb\" alt=\"\" \/><\/p>\n<div class=\"gallery-i-caption\"><\/div>\n<\/div>\n<div class=\"gallery-i\"><img src=\"https:\/\/cdn.oxu.az\/uploads\/W1siZiIsIjIwMjQvMDUvMDgvMTQvMjIvMTUvZDRkM2MwNTktZGI5Yi00ZDUwLWJiNjMtNzhmMjcyMDIyZDMzLzlhMmVkNzE1LTcwZGQtMzUwYi1iNmVkLWI4MTk0M2U5NDZiYi5qcGciXSxbInAiLCJlbmNvZGUiLCJqcGciLCItcXVhbGl0eSA4MCJdLFsicCIsInRodW1iIiwiNTkweDU5MFx1MDAzZSJdXQ?sha=0756e46ebc5662d2\" alt=\"\" \/><\/p>\n<div class=\"gallery-i-caption\"><\/div>\n<\/div>\n<div class=\"gallery-i\"><img src=\"https:\/\/cdn.oxu.az\/uploads\/W1siZiIsIjIwMjQvMDUvMDgvMTQvMjIvMTUvM2VhZGY3NjQtODQ1Yi00NjI1LTliNjgtNWE0MWY2NTFkNmQ5L2ZmZjgyZmU0LTVkYjEtMzk5Yi1iYzE3LTBkZWE1Yzk0N2FjOC5qcGciXSxbInAiLCJlbmNvZGUiLCJqcGciLCItcXVhbGl0eSA4MCJdLFsicCIsInRodW1iIiwiNTkweDU5MFx1MDAzZSJdXQ?sha=a1b7c4815a84b612\" alt=\"\" \/><\/div>\n<\/div>\n","protected":false},"excerpt":{"rendered":"<p>Beyl\u0259qan rayonunun \u015e\u0259f\u0259q q\u0259s\u0259b\u0259sind\u0259 yerl\u0259\u015f\u0259n &#8220;Pey\u011f\u0259mb\u0259rlik&#8221; q\u0259biristanl\u0131\u011f\u0131nda nam\u0259lum \u015f\u0259hid kimi d\u0259fn edilmi\u015f Birinci Qaraba\u011f m\u00fcharib\u0259sind\u0259 itkin d\u00fc\u015fm\u00fc\u015f hesab olunan Ayaz H\u0259bibulla o\u011flu A\u011fayevin meyitinin qal\u0131qlar\u0131 \u0130smay\u0131ll\u0131 rayonuna g\u0259tirilib. \u201cReport\u201d x\u0259b\u0259r verir ki, \u015f\u0259hidin n\u0259\u015fi rayonun Hac\u0131h\u0259t\u0259mli k\u0259ndind\u0259 ail\u0259sin\u0259 t\u0259hvil verilib. Haz\u0131rda k\u0259ndd\u0259 \u015f\u0259hidl\u0259 vida m\u0259rasimi ke\u00e7irilir. Qeyd ed\u0259k ki, Ayaz H\u0259bibulla o\u011flu A\u011fayev 1975-ci il avqustun 29-da anadan olub. O, 1994-c\u00fc ilin yanvar\u0131n 26-da F\u00fczuli rayonunun A\u015fa\u011f\u0131 \u018fbd\u00fcrr\u0259hmanl\u0131 k\u0259ndi \u0259razisind\u0259 itkin d\u00fc\u015f\u00fcb. A.A\u011fayev Hac\u0131h\u0259t\u0259mli k\u0259nd q\u0259biristanl\u0131\u011f\u0131nda d\u0259fn olunacaq. &nbsp;<\/p>\n","protected":false},"author":2,"featured_media":719912,"comment_status":"closed","ping_status":"closed","sticky":false,"template":"","format":"standard","meta":{"om_disable_all_campaigns":false,"_monsterinsights_skip_tracking":false,"_monsterinsights_sitenote_active":false,"_monsterinsights_sitenote_note":"","_monsterinsights_sitenote_category":0},"categories":[1],"tags":[],"aioseo_notices":[],"gutentor_comment":0,"rttpg_featured_image_url":{"full":["https:\/\/arantv.az\/wp-content\/uploads\/2024\/05\/d22a1b8a-09a0-3cc1-8c6e-9d66d42f976f_850.jpg",620,413,false],"landscape":["https:\/\/arantv.az\/wp-content\/uploads\/2024\/05\/d22a1b8a-09a0-3cc1-8c6e-9d66d42f976f_850.jpg",620,413,false],"portraits":["https:\/\/arantv.az\/wp-content\/uploads\/2024\/05\/d22a1b8a-09a0-3cc1-8c6e-9d66d42f976f_850.jpg",620,413,false],"thumbnail":["https:\/\/arantv.az\/wp-content\/uploads\/2024\/05\/d22a1b8a-09a0-3cc1-8c6e-9d66d42f976f_850-500x280.jpg",500,280,true],"medium":["https:\/\/arantv.az\/wp-content\/uploads\/2024\/05\/d22a1b8a-09a0-3cc1-8c6e-9d66d42f976f_850-548x365.jpg",548,365,true],"large":["https:\/\/arantv.az\/wp-content\/uploads\/2024\/05\/d22a1b8a-09a0-3cc1-8c6e-9d66d42f976f_850.jpg",620,413,false],"1536x1536":["https:\/\/arantv.az\/wp-content\/uploads\/2024\/05\/d22a1b8a-09a0-3cc1-8c6e-9d66d42f976f_850.jpg",620,413,false],"2048x2048":["https:\/\/arantv.az\/wp-content\/uploads\/2024\/05\/d22a1b8a-09a0-3cc1-8c6e-9d66d42f976f_850.jpg",620,413,false],"post-thumbnail":["https:\/\/arantv.az\/wp-content\/uploads\/2024\/05\/d22a1b8a-09a0-3cc1-8c6e-9d66d42f976f_850-240x172.jpg",240,172,true],"advps-thumb-one":["https:\/\/arantv.az\/wp-content\/uploads\/2024\/05\/d22a1b8a-09a0-3cc1-8c6e-9d66d42f976f_850.jpg",620,413,false]},"rttpg_author":{"display_name":"V\u00fcsal Rafiqo\u011flu","author_link":"https:\/\/arantv.az\/?author=2"},"rttpg_comment":0,"rttpg_category":"<a href=\"https:\/\/arantv.az\/?cat=1\" rel=\"category\">C\u0259miyy\u0259t<\/a>","rttpg_excerpt":"Beyl\u0259qan rayonunun \u015e\u0259f\u0259q q\u0259s\u0259b\u0259sind\u0259 yerl\u0259\u015f\u0259n &#8220;Pey\u011f\u0259mb\u0259rlik&#8221; q\u0259biristanl\u0131\u011f\u0131nda nam\u0259lum \u015f\u0259hid kimi d\u0259fn edilmi\u015f Birinci Qaraba\u011f m\u00fcharib\u0259sind\u0259 itkin d\u00fc\u015fm\u00fc\u015f hesab olunan Ayaz H\u0259bibulla o\u011flu A\u011fayevin meyitinin qal\u0131qlar\u0131 \u0130smay\u0131ll\u0131 rayonuna g\u0259tirilib. \u201cReport\u201d x\u0259b\u0259r verir ki, \u015f\u0259hidin n\u0259\u015fi rayonun Hac\u0131h\u0259t\u0259mli k\u0259ndind\u0259 ail\u0259sin\u0259 t\u0259hvil verilib. Haz\u0131rda k\u0259ndd\u0259 \u015f\u0259hidl\u0259 vida m\u0259rasimi ke\u00e7irilir. Qeyd ed\u0259k ki, Ayaz H\u0259bibulla o\u011flu A\u011fayev 1975-ci il&hellip;","_links":{"self":[{"href":"https:\/\/arantv.az\/index.php?rest_route=\/wp\/v2\/posts\/719911"}],"collection":[{"href":"https:\/\/arantv.az\/index.php?rest_route=\/wp\/v2\/posts"}],"about":[{"href":"https:\/\/arantv.az\/index.php?rest_route=\/wp\/v2\/types\/post"}],"author":[{"embeddable":true,"href":"https:\/\/arantv.az\/index.php?rest_route=\/wp\/v2\/users\/2"}],"replies":[{"embeddable":true,"href":"https:\/\/arantv.az\/index.php?rest_route=%2Fwp%2Fv2%2Fcomments&post=719911"}],"version-history":[{"count":0,"href":"https:\/\/arantv.az\/index.php?rest_route=\/wp\/v2\/posts\/719911\/revisions"}],"wp:featuredmedia":[{"embeddable":true,"href":"https:\/\/arantv.az\/index.php?rest_route=\/wp\/v2\/media\/719912"}],"wp:attachment":[{"href":"https:\/\/arantv.az\/index.php?rest_route=%2Fwp%2Fv2%2Fmedia&parent=719911"}],"wp:term":[{"taxonomy":"category","embeddable":true,"href":"https:\/\/arantv.az\/index.php?rest_route=%2Fwp%2Fv2%2Fcategories&post=719911"},{"taxonomy":"post_tag","embeddable":true,"href":"https:\/\/arantv.az\/index.php?rest_route=%2Fwp%2Fv2%2Ftags&post=719911"}],"curies":[{"name":"wp","href":"https:\/\/api.w.org\/{rel}","templated":true}]}}