{"id":719923,"date":"2024-05-08T16:22:22","date_gmt":"2024-05-08T12:22:22","guid":{"rendered":"https:\/\/arantv.az\/?p=719923"},"modified":"2024-05-08T16:22:22","modified_gmt":"2024-05-08T12:22:22","slug":"milli-q%c9%99hr%c9%99manlar-albert-aqarunov-v%c9%99-ilqar-mirz%c9%99yevin-xatir%c9%99l%c9%99ri-yad-edilib","status":"publish","type":"post","link":"https:\/\/arantv.az\/?p=719923","title":{"rendered":"Milli q\u0259hr\u0259manlar Albert Aqarunov v\u0259 \u0130lqar Mirz\u0259yevin xatir\u0259l\u0259ri yad edilib"},"content":{"rendered":"<section>\n<div class=\"content lead font-weight-normal\">\n<p>Az\u0259rbaycan\u0131n Milli q\u0259hr\u0259manlar\u0131 Albert Aqarunov v\u0259 \u0130lqar Mirz\u0259yevin xatir\u0259l\u0259rin\u0259 h\u0259sr olunan an\u0131m m\u0259rasiml\u0259ri ke\u00e7irilib.<\/p>\n<p><strong>ARANTV.AZ\u00a0 x\u0259b\u0259r verir ki,<\/strong>\u00a0bu bar\u0259d\u0259 M\u00fcdafi\u0259 Nazirliyind\u0259n bildirilib. MN-in bir qrup h\u0259rbi qulluq\u00e7usu, V\u0259t\u0259n m\u00fcharib\u0259si i\u015ftirak\u00e7\u0131lar\u0131, ictimaiyy\u0259t n\u00fcmay\u0259nd\u0259l\u0259ri, Milli q\u0259hr\u0259manlar\u0131n ail\u0259 \u00fczvl\u0259ri v\u0259 d\u00f6y\u00fc\u015f yolda\u015flar\u0131 igidl\u0259rimizin m\u0259zarlar\u0131n\u0131 ziyar\u0259t edib, \u00fcz\u0259rl\u0259rin\u0259 g\u00fcl d\u0259st\u0259l\u0259ri d\u00fcz\u00fcbl\u0259r.<\/p>\n<p>An\u0131m m\u0259rasiml\u0259rind\u0259 \u0259vv\u0259lc\u0259 xalq\u0131m\u0131z\u0131n \u00dcmummilli Lideri Heyd\u0259r \u018fliyevin, Az\u0259rbaycan\u0131n suverenliyi, \u0259razi b\u00fct\u00f6vl\u00fcy\u00fc v\u0259 torpaqlar\u0131m\u0131z\u0131n azadl\u0131\u011f\u0131 u\u011frunda can\u0131ndan ke\u00e7\u0259n V\u0259t\u0259n \u00f6vladlar\u0131n\u0131n xatir\u0259si bir d\u0259qiq\u0259lik s\u00fckutla yad edilib. H\u0259rbi orkestrin m\u00fc\u015fayi\u0259ti il\u0259 Az\u0259rbaycan Respublikas\u0131n\u0131n D\u00f6vl\u0259t Himni s\u0259sl\u0259ndirilib.<\/p>\n<p>\u00c7\u0131x\u0131\u015f ed\u0259nl\u0259r \u015f\u0259hidl\u0259rimizin \u015f\u0259r\u0259fli h\u0259yat yolundan, d\u00f6y\u00fc\u015f \u0259m\u0259liyyatlar\u0131nda g\u00f6st\u0259rdikl\u0259ri \u015f\u00fcca\u0259t v\u0259 igidlik n\u00fcmun\u0259l\u0259rind\u0259n dan\u0131\u015f\u0131blar. Qeyd olunub ki, \u015f\u0259hidl\u0259rimizin xatir\u0259l\u0259ri xalq\u0131m\u0131z\u0131n yadda\u015f\u0131nda \u0259b\u0259di ya\u015fayacaq, igidl\u0259rimizin q\u0259hr\u0259manl\u0131\u011f\u0131 g\u0259nc n\u0259sl\u0259 \u00f6rn\u0259k olacaqd\u0131r.<\/p>\n<p>Milli q\u0259hr\u0259manlar\u0131n ail\u0259 \u00fczvl\u0259ri v\u0259 yax\u0131nlar\u0131 g\u00f6st\u0259ril\u0259n diqq\u0259t v\u0259 qay\u011f\u0131ya, el\u0259c\u0259 d\u0259 \u015f\u0259hidl\u0259rimizin xatir\u0259l\u0259rinin daim uca tutuldu\u011funa g\u00f6r\u0259 Az\u0259rbaycan Respublikas\u0131n\u0131n Prezidentin\u0259 v\u0259 M\u00fcdafi\u0259 Nazirliyinin r\u0259hb\u0259rliyin\u0259 d\u0259rin minn\u0259tdarl\u0131qlar\u0131n\u0131 bildiribl\u0259r.<\/p>\n<div class=\"clearfix\"><\/div>\n<\/div>\n<div class=\"fotorama--hidden\"><\/div>\n<div id=\"galleryList\" class=\"fotorama fotorama1715167269855\" data-nav=\"thumbs\" data-width=\"100%\" data-thumbwidth=\"90\" data-thumbheight=\"60\" data-allowfullscreen=\"true\" data-autoplay=\"3000\" data-ratio=\"1.5\" data-keyboard=\"true\" data-fit=\"contain\">\n<div class=\"fotorama__wrap fotorama__wrap--css3 fotorama__wrap--slide fotorama__wrap--toggle-arrows fotorama__wrap--no-controls\">\n<div class=\"fotorama__stage\">\n<div class=\"fotorama__fullscreen-icon\" tabindex=\"0\" role=\"button\"><\/div>\n<div class=\"fotorama__stage__shaft\">\n<div class=\"fotorama__stage__frame fotorama__loaded fotorama__loaded--img\"><img class=\"fotorama__img\" src=\"https:\/\/ikisahil.az\/photo\/0x0_2\/upload\/gallery\/2024\/05\/08\/-969ebecd171517009412884533310111609.jpg\" \/><\/div>\n<div class=\"fotorama__stage__frame fotorama__loaded fotorama__loaded--img fotorama__active\"><img class=\"fotorama__img\" src=\"https:\/\/ikisahil.az\/photo\/0x0_2\/upload\/gallery\/2024\/05\/08\/-e9dae45e171517009487044266510677728.jpg\" \/><\/div>\n<\/div>\n<div class=\"fotorama__arr fotorama__arr--prev\" tabindex=\"0\" role=\"button\"><\/div>\n<div class=\"fotorama__arr fotorama__arr--next fotorama__arr--disabled\" tabindex=\"-1\" role=\"button\"><\/div>\n<div class=\"fotorama__video-close\"><\/div>\n<\/div>\n<div class=\"fotorama__nav-wrap\">\n<div class=\"fotorama__nav fotorama__nav--thumbs\">\n<div class=\"fotorama__nav__shaft\">\n<div class=\"fotorama__thumb-border\"><\/div>\n<div class=\"fotorama__nav__frame fotorama__nav__frame--thumb\" tabindex=\"0\" role=\"button\">\n<div class=\"fotorama__thumb fotorama__loaded fotorama__loaded--img\"><img class=\"fotorama__img\" src=\"https:\/\/ikisahil.az\/photo\/150x100_2\/upload\/gallery\/2024\/05\/08\/-8e065119171517009471465569710629217.jpg\" \/><\/div>\n<\/div>\n<div class=\"fotorama__nav__frame fotorama__nav__frame--thumb\" tabindex=\"0\" role=\"button\">\n<div class=\"fotorama__thumb fotorama__loaded fotorama__loaded--img\"><img class=\"fotorama__img\" src=\"https:\/\/ikisahil.az\/photo\/150x100_2\/upload\/gallery\/2024\/05\/08\/-82138b1117151700942093504031055415.jpg\" \/><\/div>\n<\/div>\n<div class=\"fotorama__nav__frame fotorama__nav__frame--thumb\" tabindex=\"0\" role=\"button\">\n<div class=\"fotorama__thumb fotorama__loaded fotorama__loaded--img\"><img class=\"fotorama__img\" src=\"https:\/\/ikisahil.az\/photo\/150x100_2\/upload\/gallery\/2024\/05\/08\/-31917677171517009473736524310343750.jpg\" \/><\/div>\n<\/div>\n<div class=\"fotorama__nav__frame fotorama__nav__frame--thumb\" tabindex=\"0\" role=\"button\">\n<div class=\"fotorama__thumb fotorama__loaded fotorama__loaded--img\"><img class=\"fotorama__img\" src=\"https:\/\/ikisahil.az\/photo\/150x100_2\/upload\/gallery\/2024\/05\/08\/-969ebecd171517009412884533310111609.jpg\" \/><\/div>\n<\/div>\n<div class=\"fotorama__nav__frame fotorama__nav__frame--thumb fotorama__active\" tabindex=\"0\" role=\"button\">\n<div class=\"fotorama__thumb fotorama__loaded fotorama__loaded--img\"><img class=\"fotorama__img\" src=\"https:\/\/ikisahil.az\/photo\/150x100_2\/upload\/gallery\/2024\/05\/08\/-e9dae45e171517009487044266510677728.jpg\" \/><\/div>\n<\/div>\n<\/div>\n<\/div>\n<\/div>\n<\/div>\n<\/div>\n<div class=\"sharing my-2 row no-gutters d-print-none\">\n<div class=\"col-md-3\"><\/div>\n<\/div>\n<div class=\"d-none d-sm-block\"><\/div>\n<\/section>\n<section id=\"new_block_2\" class=\"mt-3 d-print-none\">\n<div class=\"row\">\n<div class=\"col-md-12\"><\/div>\n<\/div>\n<\/section>\n","protected":false},"excerpt":{"rendered":"<p>Az\u0259rbaycan\u0131n Milli q\u0259hr\u0259manlar\u0131 Albert Aqarunov v\u0259 \u0130lqar Mirz\u0259yevin xatir\u0259l\u0259rin\u0259 h\u0259sr olunan an\u0131m m\u0259rasiml\u0259ri ke\u00e7irilib. ARANTV.AZ\u00a0 x\u0259b\u0259r verir ki,\u00a0bu bar\u0259d\u0259 M\u00fcdafi\u0259 Nazirliyind\u0259n bildirilib. MN-in bir qrup h\u0259rbi qulluq\u00e7usu, V\u0259t\u0259n m\u00fcharib\u0259si i\u015ftirak\u00e7\u0131lar\u0131, ictimaiyy\u0259t n\u00fcmay\u0259nd\u0259l\u0259ri, Milli q\u0259hr\u0259manlar\u0131n ail\u0259 \u00fczvl\u0259ri v\u0259 d\u00f6y\u00fc\u015f yolda\u015flar\u0131 igidl\u0259rimizin m\u0259zarlar\u0131n\u0131 ziyar\u0259t edib, \u00fcz\u0259rl\u0259rin\u0259 g\u00fcl d\u0259st\u0259l\u0259ri d\u00fcz\u00fcbl\u0259r. An\u0131m m\u0259rasiml\u0259rind\u0259 \u0259vv\u0259lc\u0259 xalq\u0131m\u0131z\u0131n \u00dcmummilli Lideri Heyd\u0259r \u018fliyevin, Az\u0259rbaycan\u0131n suverenliyi, \u0259razi b\u00fct\u00f6vl\u00fcy\u00fc v\u0259 torpaqlar\u0131m\u0131z\u0131n azadl\u0131\u011f\u0131 u\u011frunda can\u0131ndan ke\u00e7\u0259n V\u0259t\u0259n \u00f6vladlar\u0131n\u0131n xatir\u0259si bir d\u0259qiq\u0259lik s\u00fckutla yad edilib. H\u0259rbi orkestrin m\u00fc\u015fayi\u0259ti il\u0259 Az\u0259rbaycan Respublikas\u0131n\u0131n D\u00f6vl\u0259t Himni s\u0259sl\u0259ndirilib. \u00c7\u0131x\u0131\u015f ed\u0259nl\u0259r \u015f\u0259hidl\u0259rimizin \u015f\u0259r\u0259fli h\u0259yat yolundan, d\u00f6y\u00fc\u015f \u0259m\u0259liyyatlar\u0131nda&hellip;<\/p>\n","protected":false},"author":2,"featured_media":719924,"comment_status":"closed","ping_status":"closed","sticky":false,"template":"","format":"standard","meta":{"om_disable_all_campaigns":false,"_monsterinsights_skip_tracking":false,"_monsterinsights_sitenote_active":false,"_monsterinsights_sitenote_note":"","_monsterinsights_sitenote_category":0},"categories":[1],"tags":[],"aioseo_notices":[],"gutentor_comment":0,"rttpg_featured_image_url":{"full":["https:\/\/arantv.az\/wp-content\/uploads\/2024\/05\/8346db44171517005690798067811069509.jpg",975,540,false],"landscape":["https:\/\/arantv.az\/wp-content\/uploads\/2024\/05\/8346db44171517005690798067811069509.jpg",975,540,false],"portraits":["https:\/\/arantv.az\/wp-content\/uploads\/2024\/05\/8346db44171517005690798067811069509.jpg",975,540,false],"thumbnail":["https:\/\/arantv.az\/wp-content\/uploads\/2024\/05\/8346db44171517005690798067811069509-500x280.jpg",500,280,true],"medium":["https:\/\/arantv.az\/wp-content\/uploads\/2024\/05\/8346db44171517005690798067811069509-660x365.jpg",660,365,true],"large":["https:\/\/arantv.az\/wp-content\/uploads\/2024\/05\/8346db44171517005690798067811069509-840x465.jpg",640,354,true],"1536x1536":["https:\/\/arantv.az\/wp-content\/uploads\/2024\/05\/8346db44171517005690798067811069509.jpg",975,540,false],"2048x2048":["https:\/\/arantv.az\/wp-content\/uploads\/2024\/05\/8346db44171517005690798067811069509.jpg",975,540,false],"post-thumbnail":["https:\/\/arantv.az\/wp-content\/uploads\/2024\/05\/8346db44171517005690798067811069509-240x172.jpg",240,172,true],"advps-thumb-one":["https:\/\/arantv.az\/wp-content\/uploads\/2024\/05\/8346db44171517005690798067811069509.jpg",975,540,false]},"rttpg_author":{"display_name":"V\u00fcsal Rafiqo\u011flu","author_link":"https:\/\/arantv.az\/?author=2"},"rttpg_comment":0,"rttpg_category":"<a href=\"https:\/\/arantv.az\/?cat=1\" rel=\"category\">C\u0259miyy\u0259t<\/a>","rttpg_excerpt":"Az\u0259rbaycan\u0131n Milli q\u0259hr\u0259manlar\u0131 Albert Aqarunov v\u0259 \u0130lqar Mirz\u0259yevin xatir\u0259l\u0259rin\u0259 h\u0259sr olunan an\u0131m m\u0259rasiml\u0259ri ke\u00e7irilib. ARANTV.AZ\u00a0 x\u0259b\u0259r verir ki,\u00a0bu bar\u0259d\u0259 M\u00fcdafi\u0259 Nazirliyind\u0259n bildirilib. MN-in bir qrup h\u0259rbi qulluq\u00e7usu, V\u0259t\u0259n m\u00fcharib\u0259si i\u015ftirak\u00e7\u0131lar\u0131, ictimaiyy\u0259t n\u00fcmay\u0259nd\u0259l\u0259ri, Milli q\u0259hr\u0259manlar\u0131n ail\u0259 \u00fczvl\u0259ri v\u0259 d\u00f6y\u00fc\u015f yolda\u015flar\u0131 igidl\u0259rimizin m\u0259zarlar\u0131n\u0131 ziyar\u0259t edib, \u00fcz\u0259rl\u0259rin\u0259 g\u00fcl d\u0259st\u0259l\u0259ri d\u00fcz\u00fcbl\u0259r. An\u0131m m\u0259rasiml\u0259rind\u0259 \u0259vv\u0259lc\u0259 xalq\u0131m\u0131z\u0131n \u00dcmummilli Lideri Heyd\u0259r \u018fliyevin,&hellip;","_links":{"self":[{"href":"https:\/\/arantv.az\/index.php?rest_route=\/wp\/v2\/posts\/719923"}],"collection":[{"href":"https:\/\/arantv.az\/index.php?rest_route=\/wp\/v2\/posts"}],"about":[{"href":"https:\/\/arantv.az\/index.php?rest_route=\/wp\/v2\/types\/post"}],"author":[{"embeddable":true,"href":"https:\/\/arantv.az\/index.php?rest_route=\/wp\/v2\/users\/2"}],"replies":[{"embeddable":true,"href":"https:\/\/arantv.az\/index.php?rest_route=%2Fwp%2Fv2%2Fcomments&post=719923"}],"version-history":[{"count":0,"href":"https:\/\/arantv.az\/index.php?rest_route=\/wp\/v2\/posts\/719923\/revisions"}],"wp:featuredmedia":[{"embeddable":true,"href":"https:\/\/arantv.az\/index.php?rest_route=\/wp\/v2\/media\/719924"}],"wp:attachment":[{"href":"https:\/\/arantv.az\/index.php?rest_route=%2Fwp%2Fv2%2Fmedia&parent=719923"}],"wp:term":[{"taxonomy":"category","embeddable":true,"href":"https:\/\/arantv.az\/index.php?rest_route=%2Fwp%2Fv2%2Fcategories&post=719923"},{"taxonomy":"post_tag","embeddable":true,"href":"https:\/\/arantv.az\/index.php?rest_route=%2Fwp%2Fv2%2Ftags&post=719923"}],"curies":[{"name":"wp","href":"https:\/\/api.w.org\/{rel}","templated":true}]}}