{"id":719932,"date":"2024-05-08T18:52:32","date_gmt":"2024-05-08T14:52:32","guid":{"rendered":"https:\/\/arantv.az\/?p=719932"},"modified":"2024-05-08T18:52:32","modified_gmt":"2024-05-08T14:52:32","slug":"s%c9%99hidin-qardasi-atam-son-n%c9%99f%c9%99sind%c9%99-onun-s%c9%99klini-qucaqlayib-dunyadan-kocdu","status":"publish","type":"post","link":"https:\/\/arantv.az\/?p=719932","title":{"rendered":"\u015e\u0259hidin qarda\u015f\u0131: \u201cAtam son n\u0259f\u0259sind\u0259 onun \u015f\u0259klini qucaqlay\u0131b d\u00fcnyadan k\u00f6\u00e7d\u00fc\u201d"},"content":{"rendered":"<p>\u201cAtam son n\u0259f\u0259sind\u0259 qarda\u015f\u0131m\u0131n \u015f\u0259klini qucaqlay\u0131b d\u00fcnyadan k\u00f6\u00e7d\u00fc\u201d.<\/p>\n<p>Bu s\u00f6zl\u0259ri \u201cReport\u201dun Yuxar\u0131 \u015eirvan b\u00fcrosuna may\u0131n 8-d\u0259 \u0130smay\u0131ll\u0131 rayonunun Hac\u0131h\u0259t\u0259mli k\u0259nd q\u0259biristanl\u0131\u011f\u0131nda d\u0259fn olunan Birinci Qaraba\u011f m\u00fcharib\u0259sind\u0259 itkin d\u00fc\u015fm\u00fc\u015f hesab edil\u0259n \u015f\u0259hid Ayaz H\u0259bibulla o\u011flu A\u011fayevin qarda\u015f\u0131 Eynulla A\u011fayev bildirib.<\/p>\n<p>O, atas\u0131n\u0131n \u00f6t\u0259n ill\u0259r \u0259rzind\u0259 bir d\u0259qiq\u0259 d\u0259 olsa, \u00fcmidini \u00fczm\u0259diyini v\u0259 o\u011flunun yolunu g\u00f6zl\u0259diyini bildirib:<\/p>\n<p>\u201cAtam\u0131n uzun ill\u0259r \u0259rzind\u0259 qarda\u015f\u0131m\u0131 tapmaq \u00fc\u00e7\u00fcn d\u00f6ym\u0259diyi qap\u0131, m\u00fcraci\u0259t etm\u0259diyi qurum qalmad\u0131. H\u0259mi\u015f\u0259 d\u0259 biz\u0259 d\u00f6n\u0259-d\u00f6n\u0259 deyirdi ki, \u0259g\u0259r \u00f6mr\u00fcm v\u0259fa etm\u0259s\u0259, m\u0259nd\u0259n sonra da qarda\u015f\u0131n\u0131z\u0131 axtar\u0131b tap\u0131n. Bu g\u00fcn art\u0131q atam\u0131n da ruhu \u015fad v\u0259 rahatd\u0131r\u201d.<\/p>\n","protected":false},"excerpt":{"rendered":"<p>\u201cAtam son n\u0259f\u0259sind\u0259 qarda\u015f\u0131m\u0131n \u015f\u0259klini qucaqlay\u0131b d\u00fcnyadan k\u00f6\u00e7d\u00fc\u201d. Bu s\u00f6zl\u0259ri \u201cReport\u201dun Yuxar\u0131 \u015eirvan b\u00fcrosuna may\u0131n 8-d\u0259 \u0130smay\u0131ll\u0131 rayonunun Hac\u0131h\u0259t\u0259mli k\u0259nd q\u0259biristanl\u0131\u011f\u0131nda d\u0259fn olunan Birinci Qaraba\u011f m\u00fcharib\u0259sind\u0259 itkin d\u00fc\u015fm\u00fc\u015f hesab edil\u0259n \u015f\u0259hid Ayaz H\u0259bibulla o\u011flu A\u011fayevin qarda\u015f\u0131 Eynulla A\u011fayev bildirib. O, atas\u0131n\u0131n \u00f6t\u0259n ill\u0259r \u0259rzind\u0259 bir d\u0259qiq\u0259 d\u0259 olsa, \u00fcmidini \u00fczm\u0259diyini v\u0259 o\u011flunun yolunu g\u00f6zl\u0259diyini bildirib: \u201cAtam\u0131n uzun ill\u0259r \u0259rzind\u0259 qarda\u015f\u0131m\u0131 tapmaq \u00fc\u00e7\u00fcn d\u00f6ym\u0259diyi qap\u0131, m\u00fcraci\u0259t etm\u0259diyi qurum qalmad\u0131. H\u0259mi\u015f\u0259 d\u0259 biz\u0259 d\u00f6n\u0259-d\u00f6n\u0259 deyirdi ki, \u0259g\u0259r \u00f6mr\u00fcm v\u0259fa etm\u0259s\u0259, m\u0259nd\u0259n sonra da qarda\u015f\u0131n\u0131z\u0131 axtar\u0131b tap\u0131n. Bu g\u00fcn art\u0131q atam\u0131n da ruhu&hellip;<\/p>\n","protected":false},"author":2,"featured_media":719933,"comment_status":"closed","ping_status":"closed","sticky":false,"template":"","format":"standard","meta":{"om_disable_all_campaigns":false,"_monsterinsights_skip_tracking":false,"_monsterinsights_sitenote_active":false,"_monsterinsights_sitenote_note":"","_monsterinsights_sitenote_category":0},"categories":[1],"tags":[],"aioseo_notices":[],"gutentor_comment":0,"rttpg_featured_image_url":{"full":["https:\/\/arantv.az\/wp-content\/uploads\/2024\/05\/FotoJet-7-2.jpg",620,413,false],"landscape":["https:\/\/arantv.az\/wp-content\/uploads\/2024\/05\/FotoJet-7-2.jpg",620,413,false],"portraits":["https:\/\/arantv.az\/wp-content\/uploads\/2024\/05\/FotoJet-7-2.jpg",620,413,false],"thumbnail":["https:\/\/arantv.az\/wp-content\/uploads\/2024\/05\/FotoJet-7-2-500x280.jpg",500,280,true],"medium":["https:\/\/arantv.az\/wp-content\/uploads\/2024\/05\/FotoJet-7-2-548x365.jpg",548,365,true],"large":["https:\/\/arantv.az\/wp-content\/uploads\/2024\/05\/FotoJet-7-2.jpg",620,413,false],"1536x1536":["https:\/\/arantv.az\/wp-content\/uploads\/2024\/05\/FotoJet-7-2.jpg",620,413,false],"2048x2048":["https:\/\/arantv.az\/wp-content\/uploads\/2024\/05\/FotoJet-7-2.jpg",620,413,false],"post-thumbnail":["https:\/\/arantv.az\/wp-content\/uploads\/2024\/05\/FotoJet-7-2-240x172.jpg",240,172,true],"advps-thumb-one":["https:\/\/arantv.az\/wp-content\/uploads\/2024\/05\/FotoJet-7-2.jpg",620,413,false]},"rttpg_author":{"display_name":"V\u00fcsal Rafiqo\u011flu","author_link":"https:\/\/arantv.az\/?author=2"},"rttpg_comment":0,"rttpg_category":"<a href=\"https:\/\/arantv.az\/?cat=1\" rel=\"category\">C\u0259miyy\u0259t<\/a>","rttpg_excerpt":"\u201cAtam son n\u0259f\u0259sind\u0259 qarda\u015f\u0131m\u0131n \u015f\u0259klini qucaqlay\u0131b d\u00fcnyadan k\u00f6\u00e7d\u00fc\u201d. Bu s\u00f6zl\u0259ri \u201cReport\u201dun Yuxar\u0131 \u015eirvan b\u00fcrosuna may\u0131n 8-d\u0259 \u0130smay\u0131ll\u0131 rayonunun Hac\u0131h\u0259t\u0259mli k\u0259nd q\u0259biristanl\u0131\u011f\u0131nda d\u0259fn olunan Birinci Qaraba\u011f m\u00fcharib\u0259sind\u0259 itkin d\u00fc\u015fm\u00fc\u015f hesab edil\u0259n \u015f\u0259hid Ayaz H\u0259bibulla o\u011flu A\u011fayevin qarda\u015f\u0131 Eynulla A\u011fayev bildirib. O, atas\u0131n\u0131n \u00f6t\u0259n ill\u0259r \u0259rzind\u0259 bir d\u0259qiq\u0259 d\u0259 olsa, \u00fcmidini \u00fczm\u0259diyini v\u0259 o\u011flunun yolunu g\u00f6zl\u0259diyini bildirib:&hellip;","_links":{"self":[{"href":"https:\/\/arantv.az\/index.php?rest_route=\/wp\/v2\/posts\/719932"}],"collection":[{"href":"https:\/\/arantv.az\/index.php?rest_route=\/wp\/v2\/posts"}],"about":[{"href":"https:\/\/arantv.az\/index.php?rest_route=\/wp\/v2\/types\/post"}],"author":[{"embeddable":true,"href":"https:\/\/arantv.az\/index.php?rest_route=\/wp\/v2\/users\/2"}],"replies":[{"embeddable":true,"href":"https:\/\/arantv.az\/index.php?rest_route=%2Fwp%2Fv2%2Fcomments&post=719932"}],"version-history":[{"count":0,"href":"https:\/\/arantv.az\/index.php?rest_route=\/wp\/v2\/posts\/719932\/revisions"}],"wp:featuredmedia":[{"embeddable":true,"href":"https:\/\/arantv.az\/index.php?rest_route=\/wp\/v2\/media\/719933"}],"wp:attachment":[{"href":"https:\/\/arantv.az\/index.php?rest_route=%2Fwp%2Fv2%2Fmedia&parent=719932"}],"wp:term":[{"taxonomy":"category","embeddable":true,"href":"https:\/\/arantv.az\/index.php?rest_route=%2Fwp%2Fv2%2Fcategories&post=719932"},{"taxonomy":"post_tag","embeddable":true,"href":"https:\/\/arantv.az\/index.php?rest_route=%2Fwp%2Fv2%2Ftags&post=719932"}],"curies":[{"name":"wp","href":"https:\/\/api.w.org\/{rel}","templated":true}]}}