{"id":719947,"date":"2024-05-08T18:55:47","date_gmt":"2024-05-08T14:55:47","guid":{"rendered":"https:\/\/arantv.az\/?p=719947"},"modified":"2024-05-08T18:55:47","modified_gmt":"2024-05-08T14:55:47","slug":"milli-m%c9%99clisin-s%c9%99dri-bolqaristan-prezidenti-il%c9%99-gorusub-foto","status":"publish","type":"post","link":"https:\/\/arantv.az\/?p=719947","title":{"rendered":"Milli M\u0259clisin s\u0259dri Bolqar\u0131stan Prezidenti il\u0259 g\u00f6r\u00fc\u015f\u00fcb &#8211; FOTO"},"content":{"rendered":"<article class=\"news\">\n<div class=\"news-inner\">\n<p>Milli M\u0259clisin s\u0259dri Sahib\u0259 Qafarova Az\u0259rbaycanda s\u0259f\u0259rd\u0259 olan Bolqar\u0131stan Prezidenti Rumen Radev il\u0259 g\u00f6r\u00fc\u015f\u00fcb.<\/p>\n<p>Bu bar\u0259d\u0259\u00a0<strong>Oxu.Az<\/strong>-a Milli M\u0259clisin M\u0259tbuat v\u0259 ictimaiyy\u0259tl\u0259 \u0259laq\u0259l\u0259r \u015f\u00f6b\u0259sind\u0259n m\u0259lumat verilib.<\/p>\n<p>Bildirilib ki, s\u00f6hb\u0259t zaman\u0131 Az\u0259rbaycan v\u0259 Bolqar\u0131stan\u0131n dost v\u0259 strateji t\u0259r\u0259fda\u015f \u00f6lk\u0259l\u0259r oldu\u011fu qeyd edil\u0259r\u0259k, m\u00fcnasib\u0259tl\u0259rin inki\u015faf\u0131nda h\u0259m ikit\u0259r\u0259fli s\u0259viyy\u0259d\u0259, h\u0259m d\u0259 m\u00fcxt\u0259lif t\u0259dbirl\u0259rd\u0259 i\u015ftirak \u00e7\u0259r\u00e7iv\u0259sind\u0259 ba\u015f tutmu\u015f \u00e7oxsayl\u0131 y\u00fcks\u0259k s\u0259viyy\u0259li s\u0259f\u0259rl\u0259rin v\u0259 g\u00f6r\u00fc\u015fl\u0259rin \u00f6n\u0259mi diqq\u0259t\u0259 \u00e7atd\u0131r\u0131l\u0131b. Bu m\u0259nada, d\u00f6vl\u0259t ba\u015f\u00e7\u0131lar\u0131n\u0131n qar\u015f\u0131l\u0131ql\u0131 s\u0259f\u0259rl\u0259rinin \u00f6n\u0259mi x\u00fcsusil\u0259 vur\u011fulan\u0131b.<\/p>\n<p>S\u00f6hb\u0259t zaman\u0131 bu g\u00fcn ikit\u0259r\u0259fli m\u00fcnasib\u0259tl\u0259rin daha da inki\u015faf\u0131na t\u0259kan ver\u0259c\u0259k bir s\u0131ra m\u00fch\u00fcm s\u0259n\u0259dl\u0259rin imzalanmas\u0131n\u0131n, bolqar i\u015f adamlar\u0131n\u0131n i\u015ftirak\u0131 il\u0259 ke\u00e7iril\u0259n Biznes forumun \u0259h\u0259miyy\u0259ti qeyd olunub. \u201cAz\u0259rbaycan v\u0259 Bolqar\u0131stan aras\u0131nda strateji t\u0259r\u0259fda\u015fl\u0131\u011f\u0131n g\u00fccl\u0259ndirilm\u0259si haqq\u0131nda Birg\u0259 B\u0259yannam\u0259\u201dnin ikit\u0259r\u0259fli m\u00fcnasib\u0259tl\u0259rin daha da m\u00f6hk\u0259ml\u0259ndirilm\u0259sin\u0259 v\u0259 d\u0259rinl\u0259\u015fdirilm\u0259sin\u0259 vacib t\u00f6hf\u0259 ver\u0259c\u0259yi bildirilib.<\/p>\n<p>G\u00f6r\u00fc\u015fd\u0259 iqtisadi \u0259laq\u0259l\u0259rin ikit\u0259r\u0259fli m\u00fcnasib\u0259tl\u0259rin \u0259sas komponentl\u0259rind\u0259n biri oldu\u011fu xat\u0131rlanaraq, qeyd olunub ki, \u00f6lk\u0259l\u0259r aras\u0131nda \u0259m\u0259kda\u015fl\u0131\u011f\u0131 daha da inki\u015faf etdirm\u0259k \u00fc\u00e7\u00fcn kifay\u0259t q\u0259d\u0259r b\u00f6y\u00fck potensial v\u0259 \u00e7oxlu imkanlar var. T\u0259r\u0259fl\u0259r x\u00fcsusil\u0259 enerji sah\u0259sind\u0259 \u0259m\u0259kda\u015fl\u0131\u011f\u0131n \u0259h\u0259miyy\u0259tini qeyd edibl\u0259r. Bildirilib ki, Prezident\u00a0<strong>\u0130lham \u018fliyevin<\/strong>\u00a02022-ci ild\u0259 r\u0259smi s\u0259f\u0259ri zaman\u0131 a\u00e7\u0131l\u0131\u015f\u0131 olan Yunan\u0131stan-Bolqar\u0131stan Qaz \u0130nterkonnektoru bu \u0259m\u0259kda\u015fl\u0131qda yeni s\u0259hif\u0259 a\u00e7\u0131b.<\/p>\n<p>Bolqar\u0131stan-Az\u0259rbaycan \u0259m\u0259kda\u015fl\u0131\u011f\u0131n\u0131n Avropan\u0131n enerji t\u0259hl\u00fck\u0259sizliyin\u0259 t\u00f6hf\u0259 verdiyini dey\u0259n Bolqar\u0131stan Prezidenti, Az\u0259rbaycan\u0131n Avropa t\u0259hl\u00fck\u0259sizlik arxitekturas\u0131n\u0131n etibarl\u0131 t\u0259r\u0259fda\u015f\u0131 kimi qit\u0259nin enerji t\u0259hl\u00fck\u0259sizliyinin t\u0259min olunmas\u0131nda vacib rolunu x\u00fcsusi qeyd edib. Diqq\u0259t\u0259 \u00e7atd\u0131r\u0131l\u0131b ki, Bolqar\u0131stan Prezidentinin t\u0259\u015f\u0259bb\u00fcs\u00fc il\u0259 h\u0259yata ke\u00e7iril\u0259n \u201cH\u0259mr\u0259ylik halqas\u0131\u201d is\u0259 enerji resurslar\u0131n\u0131n n\u0259qlinin daha da \u015fax\u0259l\u0259ndirilm\u0259si, Avropan\u0131n enerji t\u0259hl\u00fck\u0259sizliyinin g\u00fccl\u0259ndirilm\u0259si il\u0259 n\u0259tic\u0259l\u0259n\u0259c\u0259k. Rumen Radev bildirib ki, bu layih\u0259nin realla\u015fmas\u0131nda Az\u0259rbaycan m\u00fch\u00fcm rol oynay\u0131r.<\/p>\n<p>S\u00f6hb\u0259t zaman\u0131 \u0259n\u0259n\u0259vi enerji resurslar\u0131 il\u0259 yana\u015f\u0131, Az\u0259rbaycan\u0131n b\u0259rpa olunan enerji istehsal\u0131 v\u0259 ixrac potensial\u0131 n\u0259z\u0259r\u0259 al\u0131naraq, bu istiqam\u0259td\u0259 d\u0259 \u0259m\u0259kda\u015fl\u0131\u011f\u0131n daha da geni\u015fl\u0259n\u0259c\u0259yin\u0259 inam ifad\u0259 olunub.<\/p>\n<p>Milli M\u0259clisin s\u0259dri Sahib\u0259 Qafarova Az\u0259rbaycan il\u0259 Bolqar\u0131stan aras\u0131nda ikit\u0259r\u0259fli v\u0259 \u00e7oxt\u0259r\u0259fli m\u00fcnasib\u0259tl\u0259r\u0259 m\u00fch\u00fcm v\u0259 m\u00fcsb\u0259t t\u0259sir g\u00f6st\u0259r\u0259n amill\u0259rd\u0259n biri kimi parlamentl\u0259rimizin qar\u015f\u0131l\u0131ql\u0131 f\u0259aliyy\u0259tinin \u0259h\u0259miyy\u0259ti bar\u0259d\u0259 fikirl\u0259rini bildirib. O, \u00f6z\u00fcn\u00fcn \u00f6t\u0259n il Bolqar\u0131stana, bu ilin mart ay\u0131nda is\u0259 Bolqar\u0131stan Milli Assambleyas\u0131 s\u0259drinin Az\u0259rbaycana ba\u015f tutmu\u015f r\u0259smi s\u0259f\u0259rl\u0259rini xat\u0131rlayaraq, bu s\u0259f\u0259rl\u0259r \u00e7\u0259r\u00e7iv\u0259sind\u0259 ke\u00e7iril\u0259n g\u00f6r\u00fc\u015fl\u0259rd\u0259n raz\u0131l\u0131\u011f\u0131n\u0131 bildirib. Spiker qanunverici orqanlar\u0131m\u0131z aras\u0131nda m\u00fcnasib\u0259tl\u0259rin daha da d\u0259rinl\u0259\u015fdirilm\u0259si bax\u0131m\u0131ndan dostluq qruplar\u0131n\u0131n birg\u0259 f\u0259aliyy\u0259tinin \u0259h\u0259miyy\u0259tini qeyd edib.<\/p>\n<p>G\u00f6r\u00fc\u015fd\u0259, h\u0259m\u00e7inin Az\u0259rbaycan v\u0259 Bolqar\u0131stan xalqlar\u0131 aras\u0131nda dostlu\u011fu n\u0259z\u0259r\u0259 alaraq, \u00f6lk\u0259l\u0259rimiz aras\u0131nda humanitar \u0259m\u0259kda\u015fl\u0131\u011f\u0131n x\u00fcsusi m\u0259na v\u0259 \u0259h\u0259miyy\u0259t k\u0259sb etdiyi, son ill\u0259r bu sah\u0259d\u0259 \u0259laq\u0259l\u0259rin u\u011furla inki\u015faf etdiyi bildirilib. O c\u00fcml\u0259d\u0259n, Veliko T\u0131rnova v\u0259 \u015eu\u015fa \u015f\u0259h\u0259rl\u0259ri aras\u0131nda qarda\u015fla\u015fma haqq\u0131nda 2022-ci ild\u0259 imzalanm\u0131\u015f anla\u015fma memorandumunun \u0259h\u0259miyy\u0259ti diqq\u0259t\u0259 \u00e7atd\u0131r\u0131l\u0131b.<\/p>\n<p>S\u00f6hb\u0259t zaman\u0131 Az\u0259rbaycan\u0131n BMT-nin \u0130qlim D\u0259yi\u015fikliyi \u00fczr\u0259 \u00c7\u0259r\u00e7iv\u0259 Konvensiyas\u0131n\u0131n T\u0259r\u0259fl\u0259r Konfrans\u0131n\u0131n 29-cu sessiyas\u0131 &#8211; COP29-a ev sahibliyi haqq\u0131nda da fikir m\u00fcbadil\u0259si apar\u0131l\u0131b.<\/p>\n<p>Ali qonaq \u00f6lk\u0259mizin bel\u0259 m\u00f6t\u0259b\u0259r beyn\u0259lxalq t\u0259dbir\u0259 ev sahibliyi etm\u0259si m\u00fcnasib\u0259til\u0259 t\u0259brikl\u0259rini \u00e7atd\u0131r\u0131b, Bolqar\u0131stan\u0131n COP29-un h\u0259yata ke\u00e7irilm\u0259sind\u0259 Az\u0259rbaycana yax\u0131ndan d\u0259st\u0259k g\u00f6st\u0259rm\u0259y\u0259 haz\u0131r oldu\u011funu bildirib.<\/p>\n<p>G\u00f6r\u00fc\u015fd\u0259 d\u00f6vl\u0259tl\u0259raras\u0131 v\u0259 parlamentl\u0259raras\u0131 \u0259m\u0259kda\u015fl\u0131\u011f\u0131n inki\u015faf perspektivl\u0259ri v\u0259 dig\u0259r qar\u015f\u0131l\u0131ql\u0131 maraq do\u011furan m\u0259s\u0259l\u0259l\u0259r \u0259traf\u0131nda da fikir m\u00fcbadil\u0259si apar\u0131l\u0131b.<\/p>\n<div>\n<div class=\"twitter-tweet twitter-tweet-rendered\"><iframe id=\"twitter-widget-0\" class=\"\" title=\"X Post\" src=\"https:\/\/platform.twitter.com\/embed\/Tweet.html?creatorScreenName=oxuaz&amp;dnt=false&amp;embedId=twitter-widget-0&amp;features=eyJ0ZndfdGltZWxpbmVfbGlzdCI6eyJidWNrZXQiOltdLCJ2ZXJzaW9uIjpudWxsfSwidGZ3X2ZvbGxvd2VyX2NvdW50X3N1bnNldCI6eyJidWNrZXQiOnRydWUsInZlcnNpb24iOm51bGx9LCJ0ZndfdHdlZXRfZWRpdF9iYWNrZW5kIjp7ImJ1Y2tldCI6Im9uIiwidmVyc2lvbiI6bnVsbH0sInRmd19yZWZzcmNfc2Vzc2lvbiI6eyJidWNrZXQiOiJvbiIsInZlcnNpb24iOm51bGx9LCJ0ZndfZm9zbnJfc29mdF9pbnRlcnZlbnRpb25zX2VuYWJsZWQiOnsiYnVja2V0Ijoib24iLCJ2ZXJzaW9uIjpudWxsfSwidGZ3X21peGVkX21lZGlhXzE1ODk3Ijp7ImJ1Y2tldCI6InRyZWF0bWVudCIsInZlcnNpb24iOm51bGx9LCJ0ZndfZXhwZXJpbWVudHNfY29va2llX2V4cGlyYXRpb24iOnsiYnVja2V0IjoxMjA5NjAwLCJ2ZXJzaW9uIjpudWxsfSwidGZ3X3Nob3dfYmlyZHdhdGNoX3Bpdm90c19lbmFibGVkIjp7ImJ1Y2tldCI6Im9uIiwidmVyc2lvbiI6bnVsbH0sInRmd19kdXBsaWNhdGVfc2NyaWJlc190b19zZXR0aW5ncyI6eyJidWNrZXQiOiJvbiIsInZlcnNpb24iOm51bGx9LCJ0ZndfdXNlX3Byb2ZpbGVfaW1hZ2Vfc2hhcGVfZW5hYmxlZCI6eyJidWNrZXQiOiJvbiIsInZlcnNpb24iOm51bGx9LCJ0ZndfdmlkZW9faGxzX2R5bmFtaWNfbWFuaWZlc3RzXzE1MDgyIjp7ImJ1Y2tldCI6InRydWVfYml0cmF0ZSIsInZlcnNpb24iOm51bGx9LCJ0ZndfbGVnYWN5X3RpbWVsaW5lX3N1bnNldCI6eyJidWNrZXQiOnRydWUsInZlcnNpb24iOm51bGx9LCJ0ZndfdHdlZXRfZWRpdF9mcm9udGVuZCI6eyJidWNrZXQiOiJvbiIsInZlcnNpb24iOm51bGx9fQ%3D%3D&amp;frame=false&amp;hideCard=false&amp;hideThread=false&amp;id=1788190363879903561&amp;lang=en&amp;origin=https%3A%2F%2Foxu.az%2Fpolitics%2F869123&amp;sessionId=3b0301e8a010d4e36a0d688dbb54f9efeaebc420&amp;siteScreenName=oxuaz&amp;theme=light&amp;widgetsVersion=2615f7e52b7e0%3A1702314776716&amp;width=550px\" frameborder=\"0\" scrolling=\"no\" allowfullscreen=\"allowfullscreen\" data-tweet-id=\"1788190363879903561\" data-mce-fragment=\"1\"><\/iframe><\/div>\n<\/div>\n<\/div>\n<\/article>\n","protected":false},"excerpt":{"rendered":"<p>Milli M\u0259clisin s\u0259dri Sahib\u0259 Qafarova Az\u0259rbaycanda s\u0259f\u0259rd\u0259 olan Bolqar\u0131stan Prezidenti Rumen Radev il\u0259 g\u00f6r\u00fc\u015f\u00fcb. Bu bar\u0259d\u0259\u00a0Oxu.Az-a Milli M\u0259clisin M\u0259tbuat v\u0259 ictimaiyy\u0259tl\u0259 \u0259laq\u0259l\u0259r \u015f\u00f6b\u0259sind\u0259n m\u0259lumat verilib. Bildirilib ki, s\u00f6hb\u0259t zaman\u0131 Az\u0259rbaycan v\u0259 Bolqar\u0131stan\u0131n dost v\u0259 strateji t\u0259r\u0259fda\u015f \u00f6lk\u0259l\u0259r oldu\u011fu qeyd edil\u0259r\u0259k, m\u00fcnasib\u0259tl\u0259rin inki\u015faf\u0131nda h\u0259m ikit\u0259r\u0259fli s\u0259viyy\u0259d\u0259, h\u0259m d\u0259 m\u00fcxt\u0259lif t\u0259dbirl\u0259rd\u0259 i\u015ftirak \u00e7\u0259r\u00e7iv\u0259sind\u0259 ba\u015f tutmu\u015f \u00e7oxsayl\u0131 y\u00fcks\u0259k s\u0259viyy\u0259li s\u0259f\u0259rl\u0259rin v\u0259 g\u00f6r\u00fc\u015fl\u0259rin \u00f6n\u0259mi diqq\u0259t\u0259 \u00e7atd\u0131r\u0131l\u0131b. Bu m\u0259nada, d\u00f6vl\u0259t ba\u015f\u00e7\u0131lar\u0131n\u0131n qar\u015f\u0131l\u0131ql\u0131 s\u0259f\u0259rl\u0259rinin \u00f6n\u0259mi x\u00fcsusil\u0259 vur\u011fulan\u0131b. S\u00f6hb\u0259t zaman\u0131 bu g\u00fcn ikit\u0259r\u0259fli m\u00fcnasib\u0259tl\u0259rin daha da inki\u015faf\u0131na t\u0259kan ver\u0259c\u0259k bir s\u0131ra m\u00fch\u00fcm s\u0259n\u0259dl\u0259rin imzalanmas\u0131n\u0131n, bolqar i\u015f adamlar\u0131n\u0131n&hellip;<\/p>\n","protected":false},"author":2,"featured_media":719948,"comment_status":"closed","ping_status":"closed","sticky":false,"template":"","format":"standard","meta":{"om_disable_all_campaigns":false,"_monsterinsights_skip_tracking":false,"_monsterinsights_sitenote_active":false,"_monsterinsights_sitenote_note":"","_monsterinsights_sitenote_category":0},"categories":[4],"tags":[],"aioseo_notices":[],"gutentor_comment":0,"rttpg_featured_image_url":{"full":["https:\/\/arantv.az\/wp-content\/uploads\/2024\/05\/99ad50f2-cf17-3231-a6aa-e191ecd849ff.jpg",620,413,false],"landscape":["https:\/\/arantv.az\/wp-content\/uploads\/2024\/05\/99ad50f2-cf17-3231-a6aa-e191ecd849ff.jpg",620,413,false],"portraits":["https:\/\/arantv.az\/wp-content\/uploads\/2024\/05\/99ad50f2-cf17-3231-a6aa-e191ecd849ff.jpg",620,413,false],"thumbnail":["https:\/\/arantv.az\/wp-content\/uploads\/2024\/05\/99ad50f2-cf17-3231-a6aa-e191ecd849ff-500x280.jpg",500,280,true],"medium":["https:\/\/arantv.az\/wp-content\/uploads\/2024\/05\/99ad50f2-cf17-3231-a6aa-e191ecd849ff-548x365.jpg",548,365,true],"large":["https:\/\/arantv.az\/wp-content\/uploads\/2024\/05\/99ad50f2-cf17-3231-a6aa-e191ecd849ff.jpg",620,413,false],"1536x1536":["https:\/\/arantv.az\/wp-content\/uploads\/2024\/05\/99ad50f2-cf17-3231-a6aa-e191ecd849ff.jpg",620,413,false],"2048x2048":["https:\/\/arantv.az\/wp-content\/uploads\/2024\/05\/99ad50f2-cf17-3231-a6aa-e191ecd849ff.jpg",620,413,false],"post-thumbnail":["https:\/\/arantv.az\/wp-content\/uploads\/2024\/05\/99ad50f2-cf17-3231-a6aa-e191ecd849ff-240x172.jpg",240,172,true],"advps-thumb-one":["https:\/\/arantv.az\/wp-content\/uploads\/2024\/05\/99ad50f2-cf17-3231-a6aa-e191ecd849ff.jpg",620,413,false]},"rttpg_author":{"display_name":"V\u00fcsal Rafiqo\u011flu","author_link":"https:\/\/arantv.az\/?author=2"},"rttpg_comment":0,"rttpg_category":"<a href=\"https:\/\/arantv.az\/?cat=4\" rel=\"category\">Siyas\u0259t<\/a>","rttpg_excerpt":"Milli M\u0259clisin s\u0259dri Sahib\u0259 Qafarova Az\u0259rbaycanda s\u0259f\u0259rd\u0259 olan Bolqar\u0131stan Prezidenti Rumen Radev il\u0259 g\u00f6r\u00fc\u015f\u00fcb. Bu bar\u0259d\u0259\u00a0Oxu.Az-a Milli M\u0259clisin M\u0259tbuat v\u0259 ictimaiyy\u0259tl\u0259 \u0259laq\u0259l\u0259r \u015f\u00f6b\u0259sind\u0259n m\u0259lumat verilib. Bildirilib ki, s\u00f6hb\u0259t zaman\u0131 Az\u0259rbaycan v\u0259 Bolqar\u0131stan\u0131n dost v\u0259 strateji t\u0259r\u0259fda\u015f \u00f6lk\u0259l\u0259r oldu\u011fu qeyd edil\u0259r\u0259k, m\u00fcnasib\u0259tl\u0259rin inki\u015faf\u0131nda h\u0259m ikit\u0259r\u0259fli s\u0259viyy\u0259d\u0259, h\u0259m d\u0259 m\u00fcxt\u0259lif t\u0259dbirl\u0259rd\u0259 i\u015ftirak \u00e7\u0259r\u00e7iv\u0259sind\u0259 ba\u015f tutmu\u015f \u00e7oxsayl\u0131 y\u00fcks\u0259k&hellip;","_links":{"self":[{"href":"https:\/\/arantv.az\/index.php?rest_route=\/wp\/v2\/posts\/719947"}],"collection":[{"href":"https:\/\/arantv.az\/index.php?rest_route=\/wp\/v2\/posts"}],"about":[{"href":"https:\/\/arantv.az\/index.php?rest_route=\/wp\/v2\/types\/post"}],"author":[{"embeddable":true,"href":"https:\/\/arantv.az\/index.php?rest_route=\/wp\/v2\/users\/2"}],"replies":[{"embeddable":true,"href":"https:\/\/arantv.az\/index.php?rest_route=%2Fwp%2Fv2%2Fcomments&post=719947"}],"version-history":[{"count":0,"href":"https:\/\/arantv.az\/index.php?rest_route=\/wp\/v2\/posts\/719947\/revisions"}],"wp:featuredmedia":[{"embeddable":true,"href":"https:\/\/arantv.az\/index.php?rest_route=\/wp\/v2\/media\/719948"}],"wp:attachment":[{"href":"https:\/\/arantv.az\/index.php?rest_route=%2Fwp%2Fv2%2Fmedia&parent=719947"}],"wp:term":[{"taxonomy":"category","embeddable":true,"href":"https:\/\/arantv.az\/index.php?rest_route=%2Fwp%2Fv2%2Fcategories&post=719947"},{"taxonomy":"post_tag","embeddable":true,"href":"https:\/\/arantv.az\/index.php?rest_route=%2Fwp%2Fv2%2Ftags&post=719947"}],"curies":[{"name":"wp","href":"https:\/\/api.w.org\/{rel}","templated":true}]}}