{"id":719950,"date":"2024-05-08T18:56:41","date_gmt":"2024-05-08T14:56:41","guid":{"rendered":"https:\/\/arantv.az\/?p=719950"},"modified":"2024-05-08T18:56:41","modified_gmt":"2024-05-08T14:56:41","slug":"britaniyadan-moskvaya-guclu-c%c9%99kindirici-siqnal-mariya-zaxarova-cavab-verdi","status":"publish","type":"post","link":"https:\/\/arantv.az\/?p=719950","title":{"rendered":"Britaniyadan Moskvaya \u201cg\u00fccl\u00fc \u00e7\u0259kindirici siqnal\u201d: Mariya Zaxarova cavab verdi"},"content":{"rendered":"<p>\u201cMoskva Londonun Rusiya h\u0259rbi atta\u015fesini \u00f6lk\u0259d\u0259n \u00e7\u0131xarmaq q\u0259rar\u0131na adekvat cavab ver\u0259c\u0259k\u201d.<\/p>\n<p>Bu s\u00f6zl\u0259ri Rusiya Xarici \u0130\u015fl\u0259r Nazirliyinin r\u0259smi n\u00fcmay\u0259nd\u0259si Mariya Zaxarova m\u00fcvafiq suala cavab\u0131nda deyib.<\/p>\n<p>Qeyd ed\u0259k ki, may\u0131n 8-d\u0259 B\u00f6y\u00fck Britaniyan\u0131n Daxili \u0130\u015fl\u0259r Nazirliyi Rusiya h\u0259rbi atta\u015fesinin \u00f6lk\u0259d\u0259n \u00e7\u0131xar\u0131laca\u011f\u0131n\u0131 b\u0259yan edib.<\/p>\n<p>Bu bar\u0259d\u0259 Krall\u0131\u011f\u0131n Daxili \u0130\u015fl\u0259r Nazirliyinin r\u0259hb\u0259ri Ceyms Kleverli Britaniya parlamentinin \u0130cmalar Palatas\u0131nda \u00e7\u0131x\u0131\u015f\u0131 zaman\u0131 b\u0259yan edib.<\/p>\n<p>O, bu add\u0131m\u0131 Londonun Moskvaya g\u00f6nd\u0259rdiyi \u201cg\u00fccl\u00fc \u00e7\u0259kindirici siqnal\u201d adland\u0131r\u0131b. Qeyd edib ki, bu siqnal Moskvan\u0131n Britaniya t\u0259r\u0259find\u0259n Ukraynaya g\u00f6st\u0259ril\u0259n yard\u0131m\u0131n qar\u015f\u0131s\u0131n\u0131n al\u0131nmas\u0131na y\u00f6n\u0259lmi\u015f h\u0259r\u0259k\u0259tl\u0259rin\u0259 cavab olaraq g\u00f6nd\u0259rilir.<\/p>\n<p>\u201cBiz h\u0259rbi k\u0259\u015ffiyyat xidm\u0259tinin \u0259m\u0259kda\u015f\u0131 olan v\u0259 \u00f6z statusunu elan etm\u0259y\u0259n Rusiya h\u0259rbi atta\u015fesini \u00f6lk\u0259d\u0259n \u00e7\u0131xaraca\u011f\u0131q. Biz Sasseksd\u0259ki \u201cSikoks-xaus\u201d da daxil olmaqla, Birl\u0259\u015fmi\u015f Krall\u0131qdak\u0131 Rusiyaya m\u0259xsus bir s\u0131ra da\u015f\u0131nmaz \u0259mlaklar\u0131n, el\u0259c\u0259 d\u0259 ticar\u0259t n\u00fcmay\u0259nd\u0259liyinin v\u0259 Hayqeytd\u0259ki (London rayonu) h\u0259rbi atta\u015fe n\u00fcmay\u0259nd\u0259liyinin diplomatik statuslar\u0131n\u0131 l\u0259\u011fv edirik.<\/p>\n<p>Hesab edirik ki, bu obyektl\u0259rd\u0259n k\u0259\u015ffiyyat f\u0259aliyy\u0259tl\u0259rinin h\u0259yata ke\u00e7irilm\u0259si m\u0259qs\u0259dil\u0259 istifad\u0259 edilib.<\/p>\n<p>Biz, h\u0259m\u00e7inin rusiyal\u0131lar \u00fc\u00e7\u00fcn diplomatik vizalar\u0131n al\u0131nmas\u0131 il\u0259 ba\u011fl\u0131 da yeni m\u0259hdudiyy\u0259tl\u0259r t\u0259tbiq edirik\u201d, &#8211; dey\u0259 Ceyms Kleverli bildirib.<\/p>\n<p>Onun s\u00f6zl\u0259rin\u0259 g\u00f6r\u0259, yeni m\u0259hdudiyy\u0259tl\u0259r Rusiya x\u00fcsusi xidm\u0259t orqanlar\u0131n\u0131n krall\u0131qda f\u0259aliyy\u0259t g\u00f6st\u0259rm\u0259k imkanlar\u0131n\u0131 m\u0259hdudla\u015fd\u0131racaq.<\/p>\n<p>M\u0259nb\u0259: TASS<\/p>\n","protected":false},"excerpt":{"rendered":"<p>\u201cMoskva Londonun Rusiya h\u0259rbi atta\u015fesini \u00f6lk\u0259d\u0259n \u00e7\u0131xarmaq q\u0259rar\u0131na adekvat cavab ver\u0259c\u0259k\u201d. Bu s\u00f6zl\u0259ri Rusiya Xarici \u0130\u015fl\u0259r Nazirliyinin r\u0259smi n\u00fcmay\u0259nd\u0259si Mariya Zaxarova m\u00fcvafiq suala cavab\u0131nda deyib. Qeyd ed\u0259k ki, may\u0131n 8-d\u0259 B\u00f6y\u00fck Britaniyan\u0131n Daxili \u0130\u015fl\u0259r Nazirliyi Rusiya h\u0259rbi atta\u015fesinin \u00f6lk\u0259d\u0259n \u00e7\u0131xar\u0131laca\u011f\u0131n\u0131 b\u0259yan edib. Bu bar\u0259d\u0259 Krall\u0131\u011f\u0131n Daxili \u0130\u015fl\u0259r Nazirliyinin r\u0259hb\u0259ri Ceyms Kleverli Britaniya parlamentinin \u0130cmalar Palatas\u0131nda \u00e7\u0131x\u0131\u015f\u0131 zaman\u0131 b\u0259yan edib. O, bu add\u0131m\u0131 Londonun Moskvaya g\u00f6nd\u0259rdiyi \u201cg\u00fccl\u00fc \u00e7\u0259kindirici siqnal\u201d adland\u0131r\u0131b. Qeyd edib ki, bu siqnal Moskvan\u0131n Britaniya t\u0259r\u0259find\u0259n Ukraynaya g\u00f6st\u0259ril\u0259n yard\u0131m\u0131n qar\u015f\u0131s\u0131n\u0131n al\u0131nmas\u0131na y\u00f6n\u0259lmi\u015f h\u0259r\u0259k\u0259tl\u0259rin\u0259 cavab olaraq g\u00f6nd\u0259rilir. \u201cBiz h\u0259rbi k\u0259\u015ffiyyat&hellip;<\/p>\n","protected":false},"author":2,"featured_media":719951,"comment_status":"closed","ping_status":"closed","sticky":false,"template":"","format":"standard","meta":{"om_disable_all_campaigns":false,"_monsterinsights_skip_tracking":false,"_monsterinsights_sitenote_active":false,"_monsterinsights_sitenote_note":"","_monsterinsights_sitenote_category":0},"categories":[4],"tags":[],"aioseo_notices":[],"gutentor_comment":0,"rttpg_featured_image_url":{"full":["https:\/\/arantv.az\/wp-content\/uploads\/2024\/05\/FotoJet-2024-05-08T172714.901.jpg",620,413,false],"landscape":["https:\/\/arantv.az\/wp-content\/uploads\/2024\/05\/FotoJet-2024-05-08T172714.901.jpg",620,413,false],"portraits":["https:\/\/arantv.az\/wp-content\/uploads\/2024\/05\/FotoJet-2024-05-08T172714.901.jpg",620,413,false],"thumbnail":["https:\/\/arantv.az\/wp-content\/uploads\/2024\/05\/FotoJet-2024-05-08T172714.901-500x280.jpg",500,280,true],"medium":["https:\/\/arantv.az\/wp-content\/uploads\/2024\/05\/FotoJet-2024-05-08T172714.901-548x365.jpg",548,365,true],"large":["https:\/\/arantv.az\/wp-content\/uploads\/2024\/05\/FotoJet-2024-05-08T172714.901.jpg",620,413,false],"1536x1536":["https:\/\/arantv.az\/wp-content\/uploads\/2024\/05\/FotoJet-2024-05-08T172714.901.jpg",620,413,false],"2048x2048":["https:\/\/arantv.az\/wp-content\/uploads\/2024\/05\/FotoJet-2024-05-08T172714.901.jpg",620,413,false],"post-thumbnail":["https:\/\/arantv.az\/wp-content\/uploads\/2024\/05\/FotoJet-2024-05-08T172714.901-240x172.jpg",240,172,true],"advps-thumb-one":["https:\/\/arantv.az\/wp-content\/uploads\/2024\/05\/FotoJet-2024-05-08T172714.901.jpg",620,413,false]},"rttpg_author":{"display_name":"V\u00fcsal Rafiqo\u011flu","author_link":"https:\/\/arantv.az\/?author=2"},"rttpg_comment":0,"rttpg_category":"<a href=\"https:\/\/arantv.az\/?cat=4\" rel=\"category\">Siyas\u0259t<\/a>","rttpg_excerpt":"\u201cMoskva Londonun Rusiya h\u0259rbi atta\u015fesini \u00f6lk\u0259d\u0259n \u00e7\u0131xarmaq q\u0259rar\u0131na adekvat cavab ver\u0259c\u0259k\u201d. Bu s\u00f6zl\u0259ri Rusiya Xarici \u0130\u015fl\u0259r Nazirliyinin r\u0259smi n\u00fcmay\u0259nd\u0259si Mariya Zaxarova m\u00fcvafiq suala cavab\u0131nda deyib. Qeyd ed\u0259k ki, may\u0131n 8-d\u0259 B\u00f6y\u00fck Britaniyan\u0131n Daxili \u0130\u015fl\u0259r Nazirliyi Rusiya h\u0259rbi atta\u015fesinin \u00f6lk\u0259d\u0259n \u00e7\u0131xar\u0131laca\u011f\u0131n\u0131 b\u0259yan edib. Bu bar\u0259d\u0259 Krall\u0131\u011f\u0131n Daxili \u0130\u015fl\u0259r Nazirliyinin r\u0259hb\u0259ri Ceyms Kleverli Britaniya parlamentinin \u0130cmalar Palatas\u0131nda&hellip;","_links":{"self":[{"href":"https:\/\/arantv.az\/index.php?rest_route=\/wp\/v2\/posts\/719950"}],"collection":[{"href":"https:\/\/arantv.az\/index.php?rest_route=\/wp\/v2\/posts"}],"about":[{"href":"https:\/\/arantv.az\/index.php?rest_route=\/wp\/v2\/types\/post"}],"author":[{"embeddable":true,"href":"https:\/\/arantv.az\/index.php?rest_route=\/wp\/v2\/users\/2"}],"replies":[{"embeddable":true,"href":"https:\/\/arantv.az\/index.php?rest_route=%2Fwp%2Fv2%2Fcomments&post=719950"}],"version-history":[{"count":0,"href":"https:\/\/arantv.az\/index.php?rest_route=\/wp\/v2\/posts\/719950\/revisions"}],"wp:featuredmedia":[{"embeddable":true,"href":"https:\/\/arantv.az\/index.php?rest_route=\/wp\/v2\/media\/719951"}],"wp:attachment":[{"href":"https:\/\/arantv.az\/index.php?rest_route=%2Fwp%2Fv2%2Fmedia&parent=719950"}],"wp:term":[{"taxonomy":"category","embeddable":true,"href":"https:\/\/arantv.az\/index.php?rest_route=%2Fwp%2Fv2%2Fcategories&post=719950"},{"taxonomy":"post_tag","embeddable":true,"href":"https:\/\/arantv.az\/index.php?rest_route=%2Fwp%2Fv2%2Ftags&post=719950"}],"curies":[{"name":"wp","href":"https:\/\/api.w.org\/{rel}","templated":true}]}}