{"id":719964,"date":"2024-05-08T19:03:16","date_gmt":"2024-05-08T15:03:16","guid":{"rendered":"https:\/\/arantv.az\/?p=719964"},"modified":"2024-05-08T19:03:16","modified_gmt":"2024-05-08T15:03:16","slug":"yeni-sistem-kul%c9%99k-sel-v%c9%99-dasqinlarin-t%c9%99hluk%c9%99sini-x%c9%99b%c9%99rdarliq-r%c9%99ngl%c9%99rind%c9%99n-bilm%c9%99k-olacaq","status":"publish","type":"post","link":"https:\/\/arantv.az\/?p=719964","title":{"rendered":"Yeni sistem: K\u00fcl\u0259k, sel v\u0259 da\u015fq\u0131nlar\u0131n t\u0259hl\u00fck\u0259sini x\u0259b\u0259rdarl\u0131q r\u0259ngl\u0259rind\u0259n bilm\u0259k olacaq"},"content":{"rendered":"<p>\u201cMeteo.az mobil t\u0259tbiqini istifad\u0259 ed\u0259c\u0259k h\u0259r k\u0259s oldu\u011fu \u0259razi \u00fczr\u0259 hava durumu haqq\u0131nda m\u00fct\u0259madi m\u0259lumat alacaq\u201d.<\/p>\n<p><strong>ARANTV.AZ <\/strong>\u00a0x\u0259b\u0259r verir ki, bunu Milli Hidrometeorologiya Xidm\u0259tinin r\u0259isi Nazim Mahmudov bu g\u00fcn ke\u00e7iril\u0259n m\u0259tbuat konfrans\u0131nda bildirib.<\/p>\n<p>Onun s\u00f6zl\u0259rin\u0259 g\u00f6r\u0259, yeni t\u0259tbiq edil\u0259c\u0259k \u201cR\u0259ng x\u0259b\u0259rdarl\u0131q sistemi\u201d \u015fkalas\u0131 il\u0259 k\u00fcl\u0259yin s\u00fcr\u0259ti haqq\u0131nda qiym\u0259tl\u0259ndirm\u0259 h\u0259r k\u0259s\u0259 m\u00fct\u0259madi g\u00f6nd\u0259ril\u0259c\u0259k:<\/p>\n<p>\u201cK\u00fcl\u0259kl\u0259rl\u0259 ba\u011fl\u0131 t\u0259tbiq edil\u0259n bu sistem g\u0259l\u0259c\u0259kd\u0259 dig\u0259r t\u0259hl\u00fck\u0259li meteoroloji hadis\u0259l\u0259r \u00fc\u00e7\u00fcn d\u0259 sisteml\u0259\u015fdiril\u0259c\u0259k. Az\u0259rbaycanda \u0259n \u00e7ox k\u00fcl\u0259kli havalar m\u00fc\u015fahid\u0259 olundu\u011fundan ilk olaraq bunu pilot kimi g\u00f6t\u00fcrm\u00fc\u015f\u00fck. N\u00f6vb\u0259ti m\u0259rh\u0259l\u0259d\u0259 &#8211; ilin sonuna q\u0259d\u0259r g\u00fccl\u00fc istil\u0259r, da\u015fq\u0131nlar, dolu, leysan, sel xarakterli hava hadis\u0259l\u0259ri il\u0259 ba\u011fl\u0131 da r\u0259ng \u015fkalas\u0131 il\u0259 x\u0259b\u0259rdarl\u0131q sistemi t\u0259tbiq edil\u0259c\u0259k\u201d.<\/p>\n","protected":false},"excerpt":{"rendered":"<p>\u201cMeteo.az mobil t\u0259tbiqini istifad\u0259 ed\u0259c\u0259k h\u0259r k\u0259s oldu\u011fu \u0259razi \u00fczr\u0259 hava durumu haqq\u0131nda m\u00fct\u0259madi m\u0259lumat alacaq\u201d. ARANTV.AZ \u00a0x\u0259b\u0259r verir ki, bunu Milli Hidrometeorologiya Xidm\u0259tinin r\u0259isi Nazim Mahmudov bu g\u00fcn ke\u00e7iril\u0259n m\u0259tbuat konfrans\u0131nda bildirib. Onun s\u00f6zl\u0259rin\u0259 g\u00f6r\u0259, yeni t\u0259tbiq edil\u0259c\u0259k \u201cR\u0259ng x\u0259b\u0259rdarl\u0131q sistemi\u201d \u015fkalas\u0131 il\u0259 k\u00fcl\u0259yin s\u00fcr\u0259ti haqq\u0131nda qiym\u0259tl\u0259ndirm\u0259 h\u0259r k\u0259s\u0259 m\u00fct\u0259madi g\u00f6nd\u0259ril\u0259c\u0259k: \u201cK\u00fcl\u0259kl\u0259rl\u0259 ba\u011fl\u0131 t\u0259tbiq edil\u0259n bu sistem g\u0259l\u0259c\u0259kd\u0259 dig\u0259r t\u0259hl\u00fck\u0259li meteoroloji hadis\u0259l\u0259r \u00fc\u00e7\u00fcn d\u0259 sisteml\u0259\u015fdiril\u0259c\u0259k. Az\u0259rbaycanda \u0259n \u00e7ox k\u00fcl\u0259kli havalar m\u00fc\u015fahid\u0259 olundu\u011fundan ilk olaraq bunu pilot kimi g\u00f6t\u00fcrm\u00fc\u015f\u00fck. N\u00f6vb\u0259ti m\u0259rh\u0259l\u0259d\u0259 &#8211; ilin sonuna q\u0259d\u0259r g\u00fccl\u00fc istil\u0259r, da\u015fq\u0131nlar, dolu, leysan,&hellip;<\/p>\n","protected":false},"author":2,"featured_media":719965,"comment_status":"closed","ping_status":"closed","sticky":false,"template":"","format":"standard","meta":{"om_disable_all_campaigns":false,"_monsterinsights_skip_tracking":false,"_monsterinsights_sitenote_active":false,"_monsterinsights_sitenote_note":"","_monsterinsights_sitenote_category":0},"categories":[1],"tags":[],"aioseo_notices":[],"gutentor_comment":0,"rttpg_featured_image_url":{"full":["https:\/\/arantv.az\/wp-content\/uploads\/2024\/05\/440589593_774141868245820_8296786636144870644_n.jpg",620,413,false],"landscape":["https:\/\/arantv.az\/wp-content\/uploads\/2024\/05\/440589593_774141868245820_8296786636144870644_n.jpg",620,413,false],"portraits":["https:\/\/arantv.az\/wp-content\/uploads\/2024\/05\/440589593_774141868245820_8296786636144870644_n.jpg",620,413,false],"thumbnail":["https:\/\/arantv.az\/wp-content\/uploads\/2024\/05\/440589593_774141868245820_8296786636144870644_n-500x280.jpg",500,280,true],"medium":["https:\/\/arantv.az\/wp-content\/uploads\/2024\/05\/440589593_774141868245820_8296786636144870644_n-548x365.jpg",548,365,true],"large":["https:\/\/arantv.az\/wp-content\/uploads\/2024\/05\/440589593_774141868245820_8296786636144870644_n.jpg",620,413,false],"1536x1536":["https:\/\/arantv.az\/wp-content\/uploads\/2024\/05\/440589593_774141868245820_8296786636144870644_n.jpg",620,413,false],"2048x2048":["https:\/\/arantv.az\/wp-content\/uploads\/2024\/05\/440589593_774141868245820_8296786636144870644_n.jpg",620,413,false],"post-thumbnail":["https:\/\/arantv.az\/wp-content\/uploads\/2024\/05\/440589593_774141868245820_8296786636144870644_n-240x172.jpg",240,172,true],"advps-thumb-one":["https:\/\/arantv.az\/wp-content\/uploads\/2024\/05\/440589593_774141868245820_8296786636144870644_n.jpg",620,413,false]},"rttpg_author":{"display_name":"V\u00fcsal Rafiqo\u011flu","author_link":"https:\/\/arantv.az\/?author=2"},"rttpg_comment":0,"rttpg_category":"<a href=\"https:\/\/arantv.az\/?cat=1\" rel=\"category\">C\u0259miyy\u0259t<\/a>","rttpg_excerpt":"\u201cMeteo.az mobil t\u0259tbiqini istifad\u0259 ed\u0259c\u0259k h\u0259r k\u0259s oldu\u011fu \u0259razi \u00fczr\u0259 hava durumu haqq\u0131nda m\u00fct\u0259madi m\u0259lumat alacaq\u201d. ARANTV.AZ \u00a0x\u0259b\u0259r verir ki, bunu Milli Hidrometeorologiya Xidm\u0259tinin r\u0259isi Nazim Mahmudov bu g\u00fcn ke\u00e7iril\u0259n m\u0259tbuat konfrans\u0131nda bildirib. Onun s\u00f6zl\u0259rin\u0259 g\u00f6r\u0259, yeni t\u0259tbiq edil\u0259c\u0259k \u201cR\u0259ng x\u0259b\u0259rdarl\u0131q sistemi\u201d \u015fkalas\u0131 il\u0259 k\u00fcl\u0259yin s\u00fcr\u0259ti haqq\u0131nda qiym\u0259tl\u0259ndirm\u0259 h\u0259r k\u0259s\u0259 m\u00fct\u0259madi g\u00f6nd\u0259ril\u0259c\u0259k: \u201cK\u00fcl\u0259kl\u0259rl\u0259 ba\u011fl\u0131 t\u0259tbiq&hellip;","_links":{"self":[{"href":"https:\/\/arantv.az\/index.php?rest_route=\/wp\/v2\/posts\/719964"}],"collection":[{"href":"https:\/\/arantv.az\/index.php?rest_route=\/wp\/v2\/posts"}],"about":[{"href":"https:\/\/arantv.az\/index.php?rest_route=\/wp\/v2\/types\/post"}],"author":[{"embeddable":true,"href":"https:\/\/arantv.az\/index.php?rest_route=\/wp\/v2\/users\/2"}],"replies":[{"embeddable":true,"href":"https:\/\/arantv.az\/index.php?rest_route=%2Fwp%2Fv2%2Fcomments&post=719964"}],"version-history":[{"count":0,"href":"https:\/\/arantv.az\/index.php?rest_route=\/wp\/v2\/posts\/719964\/revisions"}],"wp:featuredmedia":[{"embeddable":true,"href":"https:\/\/arantv.az\/index.php?rest_route=\/wp\/v2\/media\/719965"}],"wp:attachment":[{"href":"https:\/\/arantv.az\/index.php?rest_route=%2Fwp%2Fv2%2Fmedia&parent=719964"}],"wp:term":[{"taxonomy":"category","embeddable":true,"href":"https:\/\/arantv.az\/index.php?rest_route=%2Fwp%2Fv2%2Fcategories&post=719964"},{"taxonomy":"post_tag","embeddable":true,"href":"https:\/\/arantv.az\/index.php?rest_route=%2Fwp%2Fv2%2Ftags&post=719964"}],"curies":[{"name":"wp","href":"https:\/\/api.w.org\/{rel}","templated":true}]}}