{"id":720087,"date":"2024-05-09T10:51:51","date_gmt":"2024-05-09T06:51:51","guid":{"rendered":"https:\/\/arantv.az\/?p=720087"},"modified":"2024-05-09T10:51:51","modified_gmt":"2024-05-09T06:51:51","slug":"hakimiyy%c9%99tl%c9%99-muxalif%c9%99t-arasinda-sazis-t%c9%99klifi-turkiy%c9%99-t%c9%99crub%c9%99si","status":"publish","type":"post","link":"https:\/\/arantv.az\/?p=720087","title":{"rendered":"Hakimiyy\u0259tl\u0259 m\u00fcxalif\u0259t aras\u0131nda sazi\u015f t\u0259klifi &#8211; T\u00fcrkiy\u0259 t\u0259cr\u00fcb\u0259si&#8230;"},"content":{"rendered":"<p><strong>\u201cD\u0259yi\u015fiklikl\u0259r t\u0259kam\u00fcl v\u0259 dinc yolla getm\u0259lidir. M\u0259n \u015f\u0259xs\u0259n bunun t\u0259r\u0259fdar\u0131yam. Hakimiyy\u0259tl\u0259 c\u0259miyy\u0259t, hakimiyy\u0259tl\u0259 m\u00fcxalif\u0259t aras\u0131nda ictimai sazi\u015f olmal\u0131d\u0131r. Media, v\u0259t\u0259nda\u015f c\u0259miyy\u0259ti, ziyal\u0131lar, siyasi q\u00fcvv\u0259l\u0259r birg\u0259 irad\u0259 ortaya qoyma\u011f\u0131 bacarmal\u0131d\u0131rlar. Hesab edir\u0259m ki, bu bar\u0259d\u0259 d\u00fc\u015f\u00fcnm\u0259y\u0259 d\u0259y\u0259r\u201d.<\/strong><\/p>\n<p>Bunu may\u0131n 4-d\u0259 M\u00fcsavat Partiyas\u0131n\u0131n XI qurultay\u0131nda partiyan\u0131n yeni ba\u015fqan\u0131 se\u00e7ilmi\u015f \u0130sa Q\u0259mb\u0259r \u00f6z \u00e7\u0131x\u0131\u015f\u0131nda deyib.<\/p>\n<p>B\u0259s bu, nec\u0259 bir sazi\u015f olmal\u0131d\u0131r, ona ehtiyac varm\u0131, faydas\u0131 n\u0259 olar? Ba\u015fqa partiyalar \u0130.Q\u0259mb\u0259rin t\u0259klifini d\u0259st\u0259kl\u0259yirmi?<\/p>\n<p>Yeri g\u0259lmi\u015fk\u0259n, \u00f6t\u0259n h\u0259ft\u0259 T\u00fcrkiy\u0259 prezidenti R\u0259c\u0259b Tayyib \u018frdo\u011fan m\u00fcxalif\u0259t lideri, C\u00fcmhuriyy\u0259t Xalq Partiyas\u0131n\u0131n (CHP) s\u0259dri \u00d6zg\u00fcr \u00d6z\u0259ll\u0259 8 ild\u0259n sonra ilk d\u0259f\u0259 g\u00f6r\u00fc\u015f\u00fcb. G\u00f6r\u00fc\u015fd\u0259 yeni konstitusiya il\u0259 ba\u011fl\u0131 m\u00fczakir\u0259l\u0259r apar\u0131l\u0131b. Qeyd olunur ki, g\u00f6r\u00fc\u015f hakim \u018fdal\u0259t v\u0259 \u0130nki\u015faf Partiyas\u0131n\u0131n q\u0259rargah\u0131nda ba\u015f tutub v\u0259 saat yar\u0131m davam edib. CHP m\u0259nb\u0259l\u0259ri \u018frdo\u011fanla \u00d6z\u0259l aras\u0131ndak\u0131 g\u00f6r\u00fc\u015f\u00fcn m\u00fcsb\u0259t v\u0259 m\u0259hsuldar ke\u00e7diyini bildirib. M\u0259lumata g\u00f6r\u0259, h\u0259r iki partiyan\u0131n lideri bir-birin\u0259 h\u0259diyy\u0259l\u0259r d\u0259 t\u0259qdim edibl\u0259r.<\/p>\n<p>Maraql\u0131d\u0131r ki, g\u00f6r\u00fc\u015f zaman\u0131 \u018frdo\u011fan daxild\u0259 siyas\u0259tin yum\u015fald\u0131lmas\u0131 prosesin\u0259 ba\u015flamaq ist\u0259diyini bildirib: \u201cC\u0259nab \u00d6z\u0259l\u0259 dedim ki, ilk f\u00fcrs\u0259td\u0259 cavab ziyar\u0259ti ed\u0259c\u0259y\u0259m&#8230; M\u0259n ilk f\u00fcrs\u0259td\u0259c\u0259 bu s\u0259f\u0259rl\u0259 T\u00fcrkiy\u0259d\u0259 siyas\u0259tin yum\u015fald\u0131lmas\u0131 prosesin\u0259 ba\u015flamaq ist\u0259rdim\u201d.<\/p>\n<p>T\u00fcrkiy\u0259 liderin\u0259 g\u00f6r\u0259, \u00f6lk\u0259nin buna ehtiyac\u0131 var.<\/p>\n<p><strong>Az\u0259rbaycanda da bu formatda dialoq, yaxud g\u00f6r\u00fc\u015f, siyasi yum\u015falma m\u00fcmk\u00fcnm\u00fc? Ox\u015far \u0259n\u0259n\u0259 yarana bil\u0259rmi? Bundan \u00f6tr\u00fc n\u0259l\u0259r etm\u0259lidir? Qarda\u015f \u00f6lk\u0259d\u0259ki daxili siyasi m\u00fcnasib\u0259tl\u0259r modelinin Az\u0259rbaycanda t\u0259tbiqi reald\u0131rm\u0131?<\/strong><\/p>\n<p><strong><img src=\"https:\/\/pravda.az\/cdn\/2022\/may\/30\/elman55.jpg\" alt=\"Elman N\u0259sirov: \u201c\u015earl de Qoll dirilib g\u00f6rs\u0259ydi ki\u2026\u201d Pravda.az\" \/><\/strong><\/p>\n<p><strong>Elman N\u0259sirov: \u201c\u0130qtidar-m\u00fcxalif\u0259t dialoqunun daha da d\u0259rinl\u0259\u015fdirilm\u0259si vacib m\u0259s\u0259l\u0259dir\u201d<\/strong><\/p>\n<p>M\u00f6vzu il\u0259 ba\u011fl\u0131 YAP-\u00e7\u0131 deputat Elman N\u0259sirov \u201cYeni M\u00fcsavat\u201da dan\u0131\u015f\u0131b. Deputat qeyd edib: \u201cT\u00fcrkiy\u0259 prezidenti R\u0259c\u0259b Tayyib \u018frdo\u011fan\u0131n \u0259sas ana m\u00fcxalif\u0259t lideri, C\u00fcmhuriyy\u0259t Xalq Partiyas\u0131n\u0131n (CHP) s\u0259dri \u00d6zg\u00fcr \u00d6z\u0259ll\u0259 s\u00f6hb\u0259ti, dialoqu oldu. Bu g\u00f6r\u00fc\u015f\u00a0 art\u0131q iqtidar v\u0259 m\u00fcxalif\u0259t aras\u0131nda h\u0259llini g\u00f6zl\u0259y\u0259n m\u0259s\u0259l\u0259l\u0259rin t\u0259nziml\u0259nm\u0259si\u00a0 bax\u0131m\u0131ndan \u00e7ox m\u00fch\u00fcm hadis\u0259 idi v\u0259 bir siyasi m\u0259d\u0259niyy\u0259t n\u00fcmun\u0259sidir.<\/p>\n<p><strong>Bel\u0259likl\u0259, bu dialoqun T\u00fcrkiy\u0259 d\u00f6vl\u0259ti v\u0259 d\u00f6vl\u0259t\u00e7iliyi qar\u0131s\u0131nda dayanan \u00e7ox m\u00fch\u00fcm m\u0259s\u0259l\u0259l\u0259rin t\u0259nziml\u0259nm\u0259sind\u0259 \u00e7ox m\u00fch\u00fcm m\u0259nas\u0131, \u0259h\u0259miyy\u0259ti var, c\u0259miyy\u0259ti birl\u0259\u015fdirir, par\u00e7alanman\u0131n qar\u015f\u0131s\u0131n\u0131 al\u0131r, d\u00f6vl\u0259ti g\u00fccl\u0259ndirir, beyn\u0259lxalq t\u0259zyiql\u0259r qar\u015f\u0131s\u0131nda potensial\u0131n\u0131 daha da art\u0131r\u0131r.\u00a0<\/strong><\/p>\n<p>B\u0259li, M\u00fcsavat Partiyas\u0131na yenid\u0259n ba\u015fqan se\u00e7kisi ke\u00e7irildi v\u0259 \u0130sa Q\u0259mb\u0259r yenid\u0259n bu partiyan\u0131n ba\u015fqan\u0131 oldu. \u0130sa Q\u0259mb\u0259r t\u0259cr\u00fcb\u0259li siyas\u0259t\u00e7idir v\u0259 partiyan\u0131n r\u0259hb\u0259ri olmad\u0131\u011f\u0131 d\u00f6vrd\u0259 hans\u0131 prosesl\u0259rin getdiyinin f\u0259rqind\u0259dir. F\u0259rqind\u0259dir ki, h\u0259min d\u00f6vrd\u0259 vaxtil\u0259 s\u0259dri oldu\u011fu partiya \u00fcmummilli m\u0259s\u0259l\u0259l\u0259rd\u0259 ortaq m\u00f6vqed\u0259n \u00e7\u0131x\u0131\u015f ed\u0259, d\u00f6vl\u0259tin yan\u0131nda yer ala bilm\u0259di. Bel\u0259 ki, \u0130kinci\u00a0 Qaraba\u011f m\u00fcharib\u0259si v\u0259 ondan \u0259vv\u0259lki d\u00f6vrd\u0259 siyasi partiyalar \u00fcmummilli m\u0259s\u0259l\u0259l\u0259rl\u0259 ba\u011fl\u0131 yekdil m\u00f6vqed\u0259 oldular v\u0259 yekdil imzalar\u0131 il\u0259 Az\u0259rbaycan\u0131, Az\u0259rbaycan d\u00f6vl\u0259tini, onun prezidentini m\u00fcdafi\u0259 etdil\u0259r, beyn\u0259lxalq qurumlara m\u00fcraci\u0259t etdil\u0259r, bunu imzalar\u0131 il\u0259 t\u0259sdiql\u0259dil\u0259r. Lakin b\u00fct\u00fcn bu prosesd\u0259n AXCP, Milli\u00a0 \u015eura v\u0259 eyni zamanda M\u00fcsavat Partiyas\u0131 k\u0259narda qald\u0131. Amma indi \u0130sa Q\u0259mb\u0259rin son \u00e7\u0131x\u0131\u015flar\u0131 onu g\u00f6st\u0259rir ki, o, b\u00fct\u00fcn bunlar\u0131 yanl\u0131\u015f hesab edir hesab edir ki, m\u00fcxalif\u0259t iqtidara\u00a0 qar\u015f\u0131 t\u0259nqidi m\u00f6vqeyini ortaya qoymal\u0131d\u0131r, amma t\u0259nqid konstruktiv olmal\u0131d\u0131r. T\u0259nqid etdiyi m\u0259s\u0259l\u0259l\u0259rl\u0259 ba\u011fl\u0131 t\u0259klifl\u0259r edilm\u0259li, \u00fcmummilli m\u0259s\u0259l\u0259l\u0259rd\u0259 ortaq\u00a0 m\u00f6vqe s\u0259rgil\u0259m\u0259lidir v\u0259 iqtidar\u0131n qazand\u0131\u011f\u0131 tarixi u\u011furlar\u0131 t\u0259qdir etm\u0259li, b\u0259y\u0259nm\u0259li v\u0259 d\u00f6vl\u0259tin, d\u00f6vl\u0259t\u00e7iliyin yan\u0131nda olmal\u0131d\u0131r. M\u00fcxalif\u0259t iqtidara m\u00fcxalif ola bil\u0259r, bu onun funksiyas\u0131d\u0131r, amma d\u00f6vl\u0259t\u0259, d\u00f6vl\u0259t\u00e7iliy\u0259 qar\u015f\u0131 m\u00fcxalif olmaq olmaz.<\/p>\n<p>Bu bax\u0131mdan, b\u0259li, iqtidarla m\u00fcxalif\u0259t aras\u0131ndak\u0131 dialoqun daha da d\u0259rinl\u0259\u015fdirilm\u0259si vacib m\u0259s\u0259l\u0259dir. Ona g\u00f6r\u0259 daha da d\u0259rind\u0259n ifad\u0259sini i\u015fl\u0259dir\u0259m ki, art\u0131q bu istiqam\u0259td\u0259 add\u0131mlar at\u0131l\u0131b v\u0259 m\u0259lum oldu\u011fu kimi, Prezident Administrasiyas\u0131nda Siyasi partiyalarla v\u0259 qanunverici hakimiyy\u0259tl\u0259 i\u015f \u015f\u00f6b\u0259si yarad\u0131l\u0131b, bu istiqam\u0259td\u0259 \u00e7ox ciddi f\u0259aliyy\u0259t g\u00f6st\u0259rir. Dem\u0259k olar ki, b\u00fct\u00fcn partiya s\u0259drl\u0259ri il\u0259 \u015f\u00f6b\u0259 r\u0259hb\u0259rliyinin g\u00f6r\u00fc\u015fl\u0259ri olub, h\u0259tta saat m\u0259hdudiyy\u0259ti olmay\u0131b. Y\u0259ni b\u0259z\u0259n bu g\u00f6r\u00fc\u015fl\u0259r 5-6 saat davam edib, partiya s\u0259drl\u0259rini narahat ed\u0259n m\u0259s\u0259l\u0259l\u0259r m\u00fczakir\u0259 olunub, partiyalar\u0131n i\u015f \u015f\u0259raitinin yax\u015f\u0131la\u015fd\u0131r\u0131lmas\u0131 m\u0259s\u0259l\u0259l\u0259ri \u00f6z h\u0259llini tap\u0131b, \u00fcmummilli m\u0259s\u0259l\u0259l\u0259r \u0259traf\u0131nda ortaq m\u00f6vqed\u0259n \u00e7\u0131x\u0131\u015f etm\u0259k \u0259traf\u0131nda fikir m\u00fcbadil\u0259si apar\u0131l\u0131b. Y\u0259ni bu g\u00fcn c\u0259nab Prezidentin m\u00fc\u0259yy\u0259n etdiyi kurs &#8211;\u00a0 y\u0259ni\u00a0 iqtidarla m\u00fcxalif\u0259t aras\u0131nda siyasi dialoqun yaranmas\u0131 v\u0259 inki\u015faf\u0131 kursu davam etdirilir. Ola bilsin ki, indiki m\u0259qamda bunun daha da d\u0259rinl\u0259\u015fdirilm\u0259sin\u0259 x\u00fcsusi ehtiyac var.<\/p>\n<p>Bel\u0259likl\u0259, hesab edir\u0259m ki, \u0130sa Q\u0259mb\u0259r yenid\u0259n ba\u015fqan se\u00e7il\u0259nd\u0259n sonra iqtidar-m\u00fcxalif\u0259t dan\u0131\u015f\u0131qlar\u0131, bu istiqam\u0259td\u0259 m\u0259sl\u0259h\u0259tl\u0259\u015fm\u0259l\u0259r daha da intensiv xarakter ala bil\u0259r v\u0259 bu, d\u00f6vl\u0259timiz, d\u00f6vl\u0259t\u00e7iliyimiz \u00fc\u00e7\u00fcn \u00e7ox \u0259h\u0259miyy\u0259tlidir. Bil\u0259nd\u0259 ki, M\u00fcsavat Partiyas\u0131 da bu m\u0259s\u0259l\u0259d\u0259 maraql\u0131d\u0131r, \u015f\u00fcbh\u0259siz ki, bel\u0259 olan halda ist\u0259kl\u0259r v\u0259 maraqlar \u00fcst-\u00fcst\u0259 d\u00fc\u015f\u00fcr ki, bu da \u00e7ox m\u00fcsb\u0259t hadis\u0259dir&#8221;.<\/p>\n<p><img src=\"https:\/\/konkret.az\/cloud\/uploads\/2023\/12\/tural66.jpg\" alt=\"Tural Abbasl\u0131 kim\u0259 s\u0259s ver\u0259c\u0259yini a\u00e7\u0131qlad\u0131 - V\u0130DEO | KONKRET\" \/><\/p>\n<p><strong>Tural Abbasl\u0131: \u201cBiz bu m\u0259s\u0259l\u0259d\u0259 gerid\u0259 qalm\u0131\u015f\u0131q\u201d<\/strong><\/p>\n<p><strong>A\u011e Partiya lideri Tural Abbasl\u0131 is\u0259 m\u00f6vzuya bu c\u00fcr \u015f\u0259rh bildirdi:<\/strong>\u00a0\u201cBu m\u0259s\u0259l\u0259 il\u0259 ba\u011fl\u0131 indi sazi\u015f t\u0259klif ed\u0259nl\u0259r vaxtil\u0259 Az\u0259rbaycanda yanl\u0131\u015f \u0259n\u0259n\u0259ni qoyub, siyasi m\u00fcnasib\u0259tl\u0259r sistemini &#8220;c\u0259ng\u0259llik qanunlar\u0131&#8221;na uy\u011funla\u015fd\u0131r\u0131blar. Amma d\u00fcnyan\u0131n b\u00fct\u00fcn normal inki\u015faf etmi\u015f, sivil \u00f6lk\u0259l\u0259rind\u0259 iqtidar-m\u00fcxalif\u0259t m\u00fcnasib\u0259tl\u0259ri s\u0259mimidir v\u0259 burada d\u00fc\u015fm\u0259n\u00e7ilik yoxdur. M\u0259s\u0259l\u0259n, sonuncu b\u0259l\u0259diyy\u0259 se\u00e7kil\u0259rind\u0259 CHP s\u0259dri \u00d6zg\u00fcr \u00d6z\u0259l qalib g\u0259lmi\u015fdi, bel\u0259 olan t\u0259qdird\u0259 g\u0259r\u0259k \u018frdo\u011fan ona qar\u015f\u0131 daha kinli olmal\u0131 idi, onunla g\u00f6r\u00fc\u015fm\u0259li deyildi. Amma \u018frdo\u011fan g\u00f6r\u00fc\u015fd\u0259 bu fikirl\u0259ri s\u0259sl\u0259ndirdi ki, \u201cc\u0259miyy\u0259ti par\u00e7alamaq olmaz\u201d. Se\u00e7kil\u0259rd\u0259 bu v\u0259 dig\u0259r t\u0259r\u0259fl\u0259r qalib ola bil\u0259r, amma bu m\u0259s\u0259l\u0259 c\u0259miyy\u0259ti par\u00e7alayan amil\u0259 \u00e7evrilm\u0259m\u0259lidir. Amma qeyd etdiyim kimi, indi \u00f6zl\u0259rini b\u00f6y\u00fck lider hesab ed\u0259nl\u0259rin yanl\u0131\u015f siyas\u0259ti n\u0259tic\u0259sind\u0259 \u00f6lk\u0259mizd\u0259 siyasi r\u0259qab\u0259t d\u00fc\u015fm\u0259n\u00e7ilik s\u0259viyy\u0259sin\u0259 enib. N\u0259tic\u0259d\u0259 \u201cv\u0259h\u015fi d\u00f6n\u0259m\u201d yaran\u0131b.<\/p>\n<p>\u00dcmumiyy\u0259tl\u0259, iqtidar v\u0259 m\u00fcxalif\u0259t h\u0259r ikisi birlikd\u0259 d\u00f6vl\u0259tdir, onlar\u0131 ay\u0131r\u0131b, \u201cbu d\u00f6vl\u0259tdir, o birisi d\u00fc\u015fm\u0259ndir\u201d dem\u0259k olmaz. Bu g\u00fcn sazi\u015fd\u0259n dan\u0131\u015fanlar zaman\u0131nda i\u015f\u011faldan azad olunan \u0259razil\u0259r\u0259 ged\u0259n siyasil\u0259r\u0259 s\u0259viyy\u0259siz \u015f\u0259kild\u0259 ad, \u201cayama\u201d qo\u015furdular, hans\u0131 ki, n\u0259inki siyas\u0259t\u0259, insanl\u0131\u011fa yara\u015fmayan add\u0131m idi. Amma indi deyirl\u0259r ki, sazi\u015f\u0259 g\u0259l\u0259k.<\/p>\n<p>Biz siyasi m\u00fcnasib\u0259tl\u0259r sistemimizi T\u00fcrkiy\u0259 modelin\u0259 uy\u011fun qurmal\u0131y\u0131q. Qarda\u015f \u00f6lk\u0259d\u0259 siyasi, r\u0259qib\u00a0 partiyalar var v\u0259 onlar k\u0259skin r\u0259qab\u0259t apar\u0131rlar, amma bir-biril\u0259rini inkar etmirl\u0259r. Biz is\u0259 bu m\u0259s\u0259l\u0259d\u0259 gerid\u0259 qalm\u0131\u015f\u0131q&#8221;.<\/p>\n","protected":false},"excerpt":{"rendered":"<p>\u201cD\u0259yi\u015fiklikl\u0259r t\u0259kam\u00fcl v\u0259 dinc yolla getm\u0259lidir. M\u0259n \u015f\u0259xs\u0259n bunun t\u0259r\u0259fdar\u0131yam. Hakimiyy\u0259tl\u0259 c\u0259miyy\u0259t, hakimiyy\u0259tl\u0259 m\u00fcxalif\u0259t aras\u0131nda ictimai sazi\u015f olmal\u0131d\u0131r. Media, v\u0259t\u0259nda\u015f c\u0259miyy\u0259ti, ziyal\u0131lar, siyasi q\u00fcvv\u0259l\u0259r birg\u0259 irad\u0259 ortaya qoyma\u011f\u0131 bacarmal\u0131d\u0131rlar. Hesab edir\u0259m ki, bu bar\u0259d\u0259 d\u00fc\u015f\u00fcnm\u0259y\u0259 d\u0259y\u0259r\u201d. Bunu may\u0131n 4-d\u0259 M\u00fcsavat Partiyas\u0131n\u0131n XI qurultay\u0131nda partiyan\u0131n yeni ba\u015fqan\u0131 se\u00e7ilmi\u015f \u0130sa Q\u0259mb\u0259r \u00f6z \u00e7\u0131x\u0131\u015f\u0131nda deyib. B\u0259s bu, nec\u0259 bir sazi\u015f olmal\u0131d\u0131r, ona ehtiyac varm\u0131, faydas\u0131 n\u0259 olar? Ba\u015fqa partiyalar \u0130.Q\u0259mb\u0259rin t\u0259klifini d\u0259st\u0259kl\u0259yirmi? Yeri g\u0259lmi\u015fk\u0259n, \u00f6t\u0259n h\u0259ft\u0259 T\u00fcrkiy\u0259 prezidenti R\u0259c\u0259b Tayyib \u018frdo\u011fan m\u00fcxalif\u0259t lideri, C\u00fcmhuriyy\u0259t Xalq Partiyas\u0131n\u0131n (CHP) s\u0259dri \u00d6zg\u00fcr \u00d6z\u0259ll\u0259 8 ild\u0259n sonra&hellip;<\/p>\n","protected":false},"author":2,"featured_media":720088,"comment_status":"closed","ping_status":"closed","sticky":false,"template":"","format":"standard","meta":{"om_disable_all_campaigns":false,"_monsterinsights_skip_tracking":false,"_monsterinsights_sitenote_active":false,"_monsterinsights_sitenote_note":"","_monsterinsights_sitenote_category":0},"categories":[4],"tags":[],"aioseo_notices":[],"gutentor_comment":0,"rttpg_featured_image_url":{"full":["https:\/\/arantv.az\/wp-content\/uploads\/2024\/05\/6196636e65ad34e2951b83a062d91edb.jpg",864,486,false],"landscape":["https:\/\/arantv.az\/wp-content\/uploads\/2024\/05\/6196636e65ad34e2951b83a062d91edb.jpg",864,486,false],"portraits":["https:\/\/arantv.az\/wp-content\/uploads\/2024\/05\/6196636e65ad34e2951b83a062d91edb.jpg",864,486,false],"thumbnail":["https:\/\/arantv.az\/wp-content\/uploads\/2024\/05\/6196636e65ad34e2951b83a062d91edb-500x280.jpg",500,280,true],"medium":["https:\/\/arantv.az\/wp-content\/uploads\/2024\/05\/6196636e65ad34e2951b83a062d91edb-649x365.jpg",649,365,true],"large":["https:\/\/arantv.az\/wp-content\/uploads\/2024\/05\/6196636e65ad34e2951b83a062d91edb-840x473.jpg",640,360,true],"1536x1536":["https:\/\/arantv.az\/wp-content\/uploads\/2024\/05\/6196636e65ad34e2951b83a062d91edb.jpg",864,486,false],"2048x2048":["https:\/\/arantv.az\/wp-content\/uploads\/2024\/05\/6196636e65ad34e2951b83a062d91edb.jpg",864,486,false],"post-thumbnail":["https:\/\/arantv.az\/wp-content\/uploads\/2024\/05\/6196636e65ad34e2951b83a062d91edb-240x172.jpg",240,172,true],"advps-thumb-one":["https:\/\/arantv.az\/wp-content\/uploads\/2024\/05\/6196636e65ad34e2951b83a062d91edb.jpg",864,486,false]},"rttpg_author":{"display_name":"V\u00fcsal Rafiqo\u011flu","author_link":"https:\/\/arantv.az\/?author=2"},"rttpg_comment":0,"rttpg_category":"<a href=\"https:\/\/arantv.az\/?cat=4\" rel=\"category\">Siyas\u0259t<\/a>","rttpg_excerpt":"\u201cD\u0259yi\u015fiklikl\u0259r t\u0259kam\u00fcl v\u0259 dinc yolla getm\u0259lidir. M\u0259n \u015f\u0259xs\u0259n bunun t\u0259r\u0259fdar\u0131yam. Hakimiyy\u0259tl\u0259 c\u0259miyy\u0259t, hakimiyy\u0259tl\u0259 m\u00fcxalif\u0259t aras\u0131nda ictimai sazi\u015f olmal\u0131d\u0131r. Media, v\u0259t\u0259nda\u015f c\u0259miyy\u0259ti, ziyal\u0131lar, siyasi q\u00fcvv\u0259l\u0259r birg\u0259 irad\u0259 ortaya qoyma\u011f\u0131 bacarmal\u0131d\u0131rlar. Hesab edir\u0259m ki, bu bar\u0259d\u0259 d\u00fc\u015f\u00fcnm\u0259y\u0259 d\u0259y\u0259r\u201d. Bunu may\u0131n 4-d\u0259 M\u00fcsavat Partiyas\u0131n\u0131n XI qurultay\u0131nda partiyan\u0131n yeni ba\u015fqan\u0131 se\u00e7ilmi\u015f \u0130sa Q\u0259mb\u0259r \u00f6z \u00e7\u0131x\u0131\u015f\u0131nda deyib. B\u0259s bu, nec\u0259&hellip;","_links":{"self":[{"href":"https:\/\/arantv.az\/index.php?rest_route=\/wp\/v2\/posts\/720087"}],"collection":[{"href":"https:\/\/arantv.az\/index.php?rest_route=\/wp\/v2\/posts"}],"about":[{"href":"https:\/\/arantv.az\/index.php?rest_route=\/wp\/v2\/types\/post"}],"author":[{"embeddable":true,"href":"https:\/\/arantv.az\/index.php?rest_route=\/wp\/v2\/users\/2"}],"replies":[{"embeddable":true,"href":"https:\/\/arantv.az\/index.php?rest_route=%2Fwp%2Fv2%2Fcomments&post=720087"}],"version-history":[{"count":0,"href":"https:\/\/arantv.az\/index.php?rest_route=\/wp\/v2\/posts\/720087\/revisions"}],"wp:featuredmedia":[{"embeddable":true,"href":"https:\/\/arantv.az\/index.php?rest_route=\/wp\/v2\/media\/720088"}],"wp:attachment":[{"href":"https:\/\/arantv.az\/index.php?rest_route=%2Fwp%2Fv2%2Fmedia&parent=720087"}],"wp:term":[{"taxonomy":"category","embeddable":true,"href":"https:\/\/arantv.az\/index.php?rest_route=%2Fwp%2Fv2%2Fcategories&post=720087"},{"taxonomy":"post_tag","embeddable":true,"href":"https:\/\/arantv.az\/index.php?rest_route=%2Fwp%2Fv2%2Ftags&post=720087"}],"curies":[{"name":"wp","href":"https:\/\/api.w.org\/{rel}","templated":true}]}}