{"id":720094,"date":"2024-05-09T10:54:02","date_gmt":"2024-05-09T06:54:02","guid":{"rendered":"https:\/\/arantv.az\/?p=720094"},"modified":"2024-05-09T10:54:02","modified_gmt":"2024-05-09T06:54:02","slug":"sulh-cop-29-%c9%99r%c9%99f%c9%99si-bas-tuta-bil%c9%99r-gozl%c9%99r-c%c9%99nubi-qafqazda-ik%c9%99n","status":"publish","type":"post","link":"https:\/\/arantv.az\/?p=720094","title":{"rendered":"S\u00fclh COP 29 \u0259r\u0259f\u0259si ba\u015f tuta bil\u0259r &#8211; g\u00f6zl\u0259r C\u0259nubi Qafqazda ik\u0259n&#8230;"},"content":{"rendered":"<p><strong>R\u0259smi \u0130r\u0259van\u0131n d\u0259yi\u015f\u0259n m\u00f6vqeyi m\u00fcsb\u0259t dinamikaya \u00fcmid yarad\u0131r, amma revan\u015fistl\u0259r pozuculuq meyll\u0259rind\u0259n \u0259l \u00e7\u0259kmir; deputatlar v\u0259 siyas\u0259t adamlar\u0131ndan ilginc a\u00e7\u0131qlamalar<\/strong><\/p>\n<p>2024-c\u00fc ild\u0259 s\u00fclh m\u00fcqavil\u0259sinin imzalanmas\u0131na \u00fcmidl\u0259r art\u0131r. \u018fslind\u0259 Az\u0259rbaycan \u00e7oxdan s\u00fclh m\u00fcqavil\u0259si imzalama\u011fa haz\u0131rd\u0131r v\u0259 bunu d\u0259f\u0259l\u0259rl\u0259 b\u0259yan edib. Ancaq Erm\u0259nistan\u0131n vaxta\u015f\u0131r\u0131 t\u0259xribatlar\u0131, s\u00fclhd\u0259n yay\u0131nmas\u0131 s\u0259b\u0259bind\u0259n postm\u00fcharib\u0259 d\u00f6vr\u00fcnd\u0259 buna nail olunmay\u0131b.<\/p>\n<p>\u0130ndi is\u0259 g\u00f6r\u00fcn\u0259n budur ki, Az\u0259rbaycan\u0131n apard\u0131\u011f\u0131 ard\u0131c\u0131l v\u0259 do\u011fru siyas\u0259t n\u0259tic\u0259sind\u0259 Erm\u0259nistan v\u0259 onun havadarlar\u0131 s\u00fclh m\u00fcqavil\u0259sini imzalamaqdan ba\u015fqa \u00e7\u0131x\u0131\u015f yolu qalmad\u0131\u011f\u0131n\u0131 d\u0259rk edirl\u0259r. Bu y\u00f6nd\u0259 Erm\u0259nistan\u0131n ba\u015f naziri Nikol Pa\u015finyan\u0131n may\u0131n 7-d\u0259 verdiyi a\u00e7\u0131qlama da diqq\u0259t\u00e7\u0259k\u0259ndir. \u201cErm\u0259nistan v\u0259 Az\u0259rbaycan aras\u0131nda s\u00fclh m\u00fcqavil\u0259si noyabr ay\u0131na q\u0259d\u0259r ba\u011flana bil\u0259r\u201d, &#8211; dey\u0259 Pa\u015finyan m\u0259tbuat konfrans\u0131nda bildirib. Onun s\u00f6zl\u0259rin\u0259 g\u00f6r\u0259, Erm\u0259nistan m\u0259lum prinsipl\u0259r \u00e7\u0259r\u00e7iv\u0259sind\u0259 noyabr ay\u0131na q\u0259d\u0259r Az\u0259rbaycanla s\u00fclh sazi\u015fini imzalama\u011fa haz\u0131rd\u0131r. Erm\u0259nistan\u0131n ba\u015f naziri h\u0259m\u00e7inin iki \u00f6lk\u0259 X\u0130N ba\u015f\u00e7\u0131s\u0131n\u0131n Almat\u0131da ke\u00e7iril\u0259c\u0259k g\u00f6r\u00fc\u015f\u00fcn\u00fcn yekunlar\u0131na dair ir\u0259lil\u0259yi\u015f\u0259 \u00fcmid edir (nazirl\u0259rin g\u00f6r\u00fc\u015f\u00fc may\u0131n 10-da ba\u015f tutacaq-red.) N\u0259z\u0259r\u0259 \u00e7atd\u0131raq ki, Prezident \u0130lham \u018fliyev h\u0259l\u0259 mart ay\u0131nda s\u00fclh\u00fcn anonsunu vermi\u015fdi. \u201c\u0130ndi biz Erm\u0259nistanla he\u00e7 vaxt olmad\u0131\u011f\u0131m\u0131z q\u0259d\u0259r s\u00fclh\u0259 yax\u0131n\u0131q. C\u0259nubi Qafqaz\u0131n m\u00fcst\u0259qillik tarixind\u0259 he\u00e7 vaxt s\u00fclh bu q\u0259d\u0259r yax\u0131n olmay\u0131b. Bu, \u0130kinci Qaraba\u011f m\u00fcharib\u0259sinin n\u0259tic\u0259sidir. Bu, bizim \u00f6t\u0259n ilin sentyabr\u0131nda 24 saatdan da az vaxt \u0259rzind\u0259 h\u0259yata ke\u00e7irdiyimiz antiterror \u0259m\u0259liyyat\u0131n\u0131n n\u0259tic\u0259sidir ki, Az\u0259rbaycanda separat\u00e7\u0131l\u0131\u011fa bird\u0259f\u0259lik son qoyduq v\u0259 suverenliyimizi, \u0259razi b\u00fct\u00f6vl\u00fcy\u00fcm\u00fcz\u00fc b\u0259rpa etdik\u201d, &#8211; dey\u0259 Prezident \u0130lham \u018fliyev XI Qlobal Bak\u0131 Forumunda \u00e7\u0131x\u0131\u015f\u0131 zaman\u0131 bildirmi\u015fdi: \u201cAz\u0259rbaycan s\u00fclh prosesini davam etdirm\u0259y\u0259 haz\u0131rd\u0131r. H\u0259r iki \u00f6lk\u0259nin xarici i\u015fl\u0259r nazirl\u0259ri s\u0259viyy\u0259sind\u0259 g\u00f6r\u00fc\u015fl\u0259r b\u0259rpa olunub v\u0259 indi biz d\u00fc\u015f\u00fcn\u00fcr\u00fck ki, s\u00fclh\u0259 nail olmaq m\u00fcmk\u00fcnd\u00fcr. Biz bunu ist\u0259yirik. Biz tarixi \u0259dal\u0259ti v\u0259 beyn\u0259lxalq h\u00fcququ b\u0259rpa etdik v\u0259 indi regionda d\u00fc\u015fm\u0259n\u00e7iliy\u0259 son qoyma\u011f\u0131n vaxt\u0131 yeti\u015fib\u201d. Bel\u0259likl\u0259, d\u00fc\u015f\u00fcnm\u0259k olur ki, Az\u0259rbaycan v\u0259 Erm\u0259nistan aras\u0131nda s\u00fclhl\u0259 ba\u011fl\u0131 prinsipial raz\u0131l\u0131qlar var. T\u0259bii, diplomatik bax\u0131mdan detallar\u0131n a\u00e7\u0131qlanmamas\u0131 normald\u0131r. Fakt bundan ibar\u0259tdir ki, Az\u0259rbaycana Erm\u0259nistan s\u00fclhl\u0259 ba\u011fl\u0131 bug\u00fcn\u0259d\u0259k d\u0259f\u0259l\u0259rl\u0259 t\u0259klifl\u0259r verib v\u0259 cavablar al\u0131blar. \u018fsas m\u0259s\u0259l\u0259l\u0259rin raz\u0131la\u015fd\u0131r\u0131ld\u0131\u011f\u0131 da b\u0259yan edilib. May\u0131n 10-da X\u0130N ba\u015f\u00e7\u0131lar\u0131n\u0131n g\u00f6r\u00fc\u015f\u00fcnd\u0259 d\u0259 m\u00fc\u0259yy\u0259n raz\u0131la\u015fmalar olaca\u011f\u0131n\u0131 g\u00f6zl\u0259m\u0259k olar. Daha sonrak\u0131 m\u0259rh\u0259l\u0259d\u0259 is\u0259 s\u00fcr\u0259tli bir proses apar\u0131la bil\u0259r &#8211; \u0259g\u0259r noyabr ay\u0131nad\u0259k s\u00fclh\u0259 nail olmaqdan s\u00f6hb\u0259t gedirs\u0259, bunun COP29 \u0259r\u0259f\u0259sind\u0259 ba\u015f tutmas\u0131 daha praqmatikdir. D\u00fcnyan\u0131n b\u00fct\u00fcn diqq\u0259tinin Az\u0259rbaycanda oldu\u011fu bir vaxtda s\u00fclh\u00fcn imzalanmas\u0131 olduqca m\u00fch\u00fcm bir proses kimi qiym\u0259tl\u0259ndirilir. R\u0259smi \u0130r\u0259van\u0131n d\u0259yi\u015f\u0259n m\u00f6vqeyi m\u00fcsb\u0259t dinamikaya \u00fcmid yarad\u0131r, amma revan\u015fistl\u0259r pozuculuq meyll\u0259rind\u0259n \u0259l \u00e7\u0259kmir. Ekspertl\u0259rimizn g\u00f6zl\u0259ntil\u0259ri n\u0259dir? S\u00fclh prosesinin bu d\u0259f\u0259 pozulmamas\u0131, xarici t\u0259sir dair\u0259l\u0259rinin Erm\u0259nistana m\u00fcdaxil\u0259sinin olmamas\u0131 \u00fc\u00e7\u00fcn t\u0259r\u0259fl\u0259r hans\u0131 add\u0131mlar\u0131 atmal\u0131d\u0131r?<\/p>\n<p><img src=\"https:\/\/1news.az\/images\/2020\/06\/24\/20200624103408405\/1591702210_sahib-aliyev-deputat.jpg?2021-02-17+09%3A23%3A32\" alt=\"Deputat Sahib Al\u0131yev: &quot;Sa\u011falmaq \u00fczr\u0259y\u0259m&quot; | 1news.az | X\u0259b\u0259rl\u0259r\" \/><\/p>\n<p><strong>Sahib Al\u0131yev\u00a0<\/strong><\/p>\n<p><strong>Deputat Sahib Al\u0131yev \u201cYeni M\u00fcsavat\u201da a\u00e7\u0131qlamas\u0131nda maraql\u0131 m\u0259qamlara toxundu:<\/strong>\u00a0\u201cErm\u0259nistan\u0131n ba\u015f naziri son m\u0259tbuat konfrans\u0131nda h\u0259r yerd\u0259 olmasa da, \u00e7ox yerd\u0259, obrazl\u0131 des\u0259k, az\u0259rbaycanca dan\u0131\u015fd\u0131. Y\u0259ni h\u0259m ba\u015f ver\u0259nl\u0259ri d\u00fczg\u00fcn qiym\u0259tl\u0259ndirdi, h\u0259m d\u0259 do\u011frudan da s\u00fclh\u0259 haz\u0131r olduqlar\u0131n\u0131 s\u0259rgil\u0259di. O, delimitasiya haqda a\u00e7\u0131qlamalar\u0131 il\u0259 a\u00e7\u0131qca bildirdi ki, Az\u0259rbaycan\u0131n indiy\u0259d\u0259k apard\u0131\u011f\u0131 sava\u015f v\u0259 d\u00f6y\u00fc\u015fl\u0259r tam legitim olub. G\u00f6r\u00fcn\u00fcr, qar\u015f\u0131 t\u0259r\u0259fin reall\u0131\u011f\u0131 b\u00fct\u00fcn \u00e7\u0131lpaql\u0131\u011f\u0131 il\u0259 d\u0259rk etm\u0259y\u0259 ba\u015flad\u0131\u011f\u0131n\u0131 sezm\u0259nin n\u0259tic\u0259si idi ki, Az\u0259rbaycan Prezidenti d\u0259 son zamanlar bir ne\u00e7\u0259 d\u0259f\u0259 he\u00e7 vaxt olmad\u0131\u011f\u0131m\u0131z q\u0259d\u0259r s\u00fclh\u0259 yax\u0131nla\u015fd\u0131\u011f\u0131m\u0131z\u0131 bildirirdi. V\u0259 bu, m\u0259hz Az\u0259rbaycan\u0131n yaratd\u0131\u011f\u0131 reall\u0131qlar, AB\u015e s\u0259firinin \u015eu\u015faya s\u0259f\u0259rind\u0259n d\u0259 g\u00f6r\u00fcnd\u00fcy\u00fc kimi, onu h\u0259zm etm\u0259y\u0259nl\u0259r\u0259 h\u0259zm etdirm\u0259si n\u0259tic\u0259sind\u0259, qar\u015f\u0131 t\u0259r\u0259f\u0259 revan\u015fizm \u00fc\u00e7\u00fcn f\u00fcrs\u0259t tan\u0131mamaq, onun havadarlar\u0131na is\u0259 iki \u00f6lk\u0259 aras\u0131nda &#8220;konflikt idar\u0259\u00e7iliyi&#8221;nin d\u0259 statusun arxas\u0131nca g\u00f6nd\u0259rildiyini anlatmaqla ba\u015f verir. Bel\u0259likl\u0259, dem\u0259k olar ki, Pa\u015finyan v\u0259 komandas\u0131 do\u011frudan da s\u00fclh\u0259, \u0259n az\u0131ndan \u00e7\u0259r\u00e7iv\u0259 s\u0259n\u0259dinin imzalanmas\u0131na haz\u0131r kimi g\u00f6r\u00fcn\u00fcrl\u0259r. V\u0259 h\u0259r iki \u00f6lk\u0259nin xarici i\u015fl\u0259r nazirl\u0259rinin may\u0131n 10-da Ulu \u00f6nd\u0259rin anadan oldu\u011fu g\u00fcnd\u0259 bir araya g\u0259lm\u0259l\u0259rind\u0259 m\u0259n bu bax\u0131mdan bir r\u0259mzilik g\u00f6r\u00fcr\u0259m. M\u00fcmk\u00fcnd\u00fcr ki, m\u0259hz bu g\u00f6r\u00fc\u015fd\u0259n sonra s\u00fclh anla\u015fmas\u0131 il\u0259 ba\u011fl\u0131 daha konkret a\u00e7\u0131qlamalar olacaq&#8221;. S.Al\u0131yevin s\u00f6zl\u0259rin\u0259 g\u00f6r\u0259, Qriqorian kils\u0259sinin qara ke\u015fi\u015fl\u0259rinin h\u0259r\u0259k\u0259t\u0259 g\u0259tirilm\u0259si, eyni zamanda Fransan\u0131n m\u00fc\u0259mmal\u0131 \u015f\u0259kild\u0259 susmas\u0131 onu g\u00f6st\u0259rir ki, Minsk Qrupuna h\u0259ms\u0259drlik etmi\u015f d\u00f6vl\u0259tl\u0259r d\u0259 bundan x\u0259b\u0259rdard\u0131rlar v\u0259 onlardan \u0259n az\u0131 ikisi ikit\u0259r\u0259fli dan\u0131\u015f\u0131qlar format\u0131 \u00e7\u0259r\u00e7iv\u0259sind\u0259 \u0259ld\u0259 edil\u0259n u\u011furlardan q\u0259tiyy\u0259n raz\u0131 deyill\u0259r: \u201cY\u0259ni mane\u00e7ilikl\u0259r olacaq, indi h\u0259r \u015fey Pa\u015finyanla komandas\u0131n\u0131n bu mane\u00e7ilikl\u0259ri d\u0259f edib-ed\u0259 bilm\u0259y\u0259c\u0259kl\u0259rind\u0259n as\u0131l\u0131d\u0131r\u201d.<\/p>\n<p><img src=\"https:\/\/1news.az\/images\/2023\/07\/26\/20230726042322614\/thumb.jpg?2023-07-26+16%3A24%3A44\" alt=\"Deputat Arzu Na\u011f\u0131yev t\u0259ltif edildi | 1news.az | X\u0259b\u0259rl\u0259r\" \/><\/p>\n<p><strong>\u00a0Arzu Na\u011f\u0131yev\u00a0<\/strong><\/p>\n<p><strong>Deputat Arzu Na\u011f\u0131yev bu bar\u0259d\u0259 a\u00e7qlamas\u0131nda \u00f6nc\u0259 r\u0259smi \u0130r\u0259van\u0131n m\u00f6vqeyind\u0259n b\u0259hs etdi:<\/strong>\u00a0\u201cErm\u0259nistan t\u0259r\u0259fi d\u0259f\u0259l\u0259rl\u0259 qeyd edib ki, s\u00fclh sazi\u015finin imzalanmas\u0131na \u00e7atmaq \u00fc\u00e7\u00fcn dan\u0131\u015f\u0131qlar zaman\u0131 raz\u0131la\u015fd\u0131r\u0131lm\u0131\u015f b\u00fct\u00fcn prinsipl\u0259ri s\u0259n\u0259dd\u0259 qeyd etm\u0259k laz\u0131md\u0131r v\u0259 bu prinsipl\u0259r a\u00e7\u0131qd\u0131r. \u0130ki \u00f6lk\u0259nin xarici i\u015fl\u0259r nazirl\u0259rinin Almat\u0131da ke\u00e7iril\u0259c\u0259k g\u00f6r\u00fc\u015f\u00fcnd\u0259n sonra ir\u0259lil\u0259yi\u015fin olaca\u011f\u0131na da \u00fcmidl\u0259 bax\u0131l\u0131r. M\u0259lumdur ki, tam s\u00fclh\u0259 nail olmaq v\u0259 onu qanuni \u015f\u0259kild\u0259 t\u0259nziml\u0259m\u0259k \u00fc\u00e7\u00fcn Qaraba\u011f\u0131n separat\u00e7\u0131 qurumlar\u0131n\u0131n n\u00fcmay\u0259nd\u0259liyi l\u0259\u011fv olunmal\u0131, konstitusiyada m\u00fcvafiq d\u0259yi\u015fiklikl\u0259r edilm\u0259lidir. Bu istiqam\u0259td\u0259 d\u0259 bir s\u0131ra i\u015fl\u0259r g\u00f6r\u00fcl\u00fcr. Bel\u0259 ki, Pa\u015finyan hakimiyy\u0259ti elan edib ki, k\u00f6\u00e7k\u00fcnl\u0259r\u0259 d\u0259st\u0259k \u00fc\u00e7 istiqam\u0259td\u0259 h\u0259yata ke\u00e7iril\u0259c\u0259k: m\u0259nzil tikintisi, ev v\u0259 ya m\u0259nzill\u0259rin al\u0131nmas\u0131 v\u0259 k\u00f6\u00e7k\u00fcnl\u0259r\u0259 \u00f6d\u0259nilm\u0259mi\u015f ipoteka kreditl\u0259ri \u00fc\u00e7\u00fcn d\u0259st\u0259yin g\u00f6st\u0259rilm\u0259si. Bundan ba\u015fqa, son t\u0259xribatlara qo\u015fulmamaq onlara t\u00f6vsiy\u0259 edilib, \u0259ks halda, bu t\u0259zminatlar dayand\u0131r\u0131la bil\u0259r. T\u0259bii ki, konstitusiya il\u0259 ba\u011fl\u0131 da vaxt g\u0259l\u0259nd\u0259 d\u0259yi\u015fiklikl\u0259r edilm\u0259lidir, \u0259ks halda, s\u00fclh\u00fcn b\u0259rq\u0259rar olmas\u0131 \u00e7\u0259tin olacaq\u201d.<\/p>\n<p><strong>A.Na\u011f\u0131yevin s\u00f6zl\u0259rin\u0259 g\u00f6r\u0259, s\u00fclh m\u00fcqavil\u0259sinin imzalanmas\u0131 vasit\u0259\u00e7il\u0259rsiz daha tez ba\u015f ver\u0259c\u0259k:<\/strong>\u00a0\u201cBuna baxmayaraq, art\u0131q ayd\u0131n olur ki, ciddi prosesl\u0259r gedir v\u0259 bunlar da a\u015fa\u011f\u0131dak\u0131 kimi g\u00f6r\u00fcn\u00fcr: Erm\u0259nistan-Az\u0259rbaycan s\u0259rh\u0259dinin delimitasiyas\u0131; 40-a yax\u0131n s\u0259rh\u0259d dir\u0259kl\u0259rinin basd\u0131r\u0131lmas\u0131 v\u0259 \u0259sass\u0131z etirazlar\u0131n h\u00f6kum\u0259t t\u0259r\u0259find\u0259n yat\u0131r\u0131lmas\u0131. T\u0259bii ki, g\u00f6zl\u0259nil\u0259n Az\u0259rbaycan v\u0259 Erm\u0259nistan xarici i\u015fl\u0259r nazirl\u0259rinin Almat\u0131da g\u00f6r\u00fc\u015f\u00fc, art\u0131q Erm\u0259nistan-Az\u0259rbaycan dan\u0131\u015f\u0131qlar\u0131nda AB\u015e-\u0131n dolay\u0131 \u015f\u0259kild\u0259 i\u015ftirak\u0131 v\u0259 Blinken prosesd\u0259 \u00f6z z\u0259ngl\u0259ri il\u0259 \u015f\u0259xs\u0259n i\u015ftirak etm\u0259si. Bir s\u00f6zl\u0259, s\u00fclh m\u00fcqavil\u0259sinin imzalanmas\u0131na \u00fcmidl\u0259r art\u0131b v\u0259 s\u00fclh m\u00fcqavil\u0259sinin imzalanmas\u0131n\u0131n COP29 \u0259r\u0259f\u0259sind\u0259 ba\u015f tutmas\u0131 m\u00fcmk\u00fcnd\u00fcr&#8230;\u201d<\/p>\n<p><img src=\"https:\/\/dogruxeber.az\/uploads\/posts\/2022-08\/1660737883_1660737121.1660656719_akifakifqat.jpg\" alt=\"Akif Na\u011f\u0131 partiya s\u0259dri oldu \u00bb Dogruxeber.az\" \/><\/p>\n<p><strong>Akif Na\u011f\u0131<\/strong><\/p>\n<p><strong>Azad V\u0259t\u0259n Partiyas\u0131n\u0131n s\u0259dri Akif Na\u011f\u0131 is\u0259 qeyd etdi ki, bu g\u00fcn\u0259 q\u0259d\u0259r s\u00fclh prosesi Erm\u0259nistan\u0131n \u0259sass\u0131z iddialar\u0131 v\u0259 b\u0259zi xarici m\u00fcdaxil\u0259l\u0259r s\u0259b\u0259bi il\u0259 n\u0259tic\u0259 verm\u0259yib:<\/strong>\u00a0\u201c\u0130ndi v\u0259ziyy\u0259tin xeyli d\u0259yi\u015fdiyi m\u00fc\u015fahid\u0259 olunur. Erm\u0259nistan r\u0259hb\u0259rliyi s\u00fclh\u00fcn onlar\u0131n t\u0259hl\u00fck\u0259sizliyi \u00fc\u00e7\u00fcn vacib oldu\u011funu ba\u015fa d\u00fc\u015f\u00fcr. D\u00fczd\u00fcr, onlar bu t\u0259hl\u00fck\u0259ni h\u0259mi\u015f\u0259 Az\u0259rbaycan v\u0259 T\u00fcrkiy\u0259 il\u0259 ba\u011flama\u011fa \u00e7al\u0131\u015f\u0131blar. \u018fslind\u0259 onlara bizim t\u0259r\u0259fimizd\u0259n he\u00e7 vaxt t\u0259hl\u00fck\u0259 olmay\u0131b. H\u0259r halda, art\u0131q bunu anlama\u011fa ba\u015flay\u0131blar, h\u0259tta biziml\u0259 &#8220;d\u00fc\u015fm\u0259n\u00e7iliyi s\u0131f\u0131r h\u0259ddin\u0259 endirm\u0259k&#8221;d\u0259n dan\u0131\u015f\u0131rlar. Pa\u015finyan v\u0259 komandas\u0131 daxild\u0259ki hay-k\u00fcy salanlara \u0259h\u0259miyy\u0259t verm\u0259d\u0259n prosesi davam etdirir. Onlar\u0131n anlam\u0131nda delimitasiya v\u0259 demarkasiya s\u00fclh \u00fc\u00e7\u00fcn \u0259sas olacaq, bunu ba\u015fa d\u00fc\u015fm\u0259l\u0259ri yax\u015f\u0131d\u0131r. Dem\u0259li, Erm\u0259nistan\u0131n daxilind\u0259 s\u00fclh\u0259 do\u011fru add\u0131mlar\u0131n at\u0131laca\u011f\u0131 ehtimal\u0131 b\u00f6y\u00fckd\u00fcr. Xarici amill\u0259rl\u0259 ba\u011fl\u0131 da uy\u011fun \u015f\u0259rait yaran\u0131b, proses\u0259 bu g\u00fcn\u0259 q\u0259d\u0259r mane olablar geri \u00e7\u0259kilib. Rusiya Az\u0131rbaycan v\u0259 T\u00fcrkiy\u0259 amilinin t\u0259siri alt\u0131nda \u0259vv\u0259lki m\u00f6vqeyini d\u0259yi\u015fib&#8221;. A.Na\u011f\u0131 dig\u0259r q\u00fcvv\u0259l\u0259rd\u0259n d\u0259 b\u0259hs etdi: \u201cAB\u015e s\u00fclh\u0259 mane olmaq imkan\u0131nda deyil. Fransa inadl\u0131 g\u00f6r\u00fcn\u00fcr, amma n\u0259s\u0259 etm\u0259y\u0259 g\u00fcc\u00fc \u00e7atmayacaq. Ona g\u00f6r\u0259 d\u0259 xeyli optimist ola bil\u0259rik. \u00dcst\u0259lik, Pa\u015finyan art\u0131q Az\u0259rbaycan Prezidentinin m\u00fc\u0259yy\u0259n etdiyi m\u00f6vqey\u0259 uy\u011fun h\u0259r\u0259k\u0259t etm\u0259y\u0259 ba\u015flay\u0131b. Prezident \u0130lham \u018fliyev bir m\u00fcdd\u0259t \u0259vv\u0259l bildirdi ki, noyabra q\u0259d\u0259r s\u00fclh m\u00fcqavil\u0259si imzalana bil\u0259r. Pa\u015finyan d\u00fcn\u0259n h\u0259min tezisi oldu\u011fu kimi t\u0259krar etdi. Almat\u0131 g\u00f6r\u00fc\u015f\u00fcnd\u0259 bu y\u00f6nd\u0259 ciddi s\u0131\u00e7ray\u0131\u015f ola bil\u0259r. \u018fn az\u0131ndan yekun s\u0259n\u0259din haz\u0131rlanmas\u0131 \u00fc\u00e7\u00fcn i\u015f\u00e7i qrupun yarad\u0131laca\u011f\u0131 g\u00f6zl\u0259nil\u0259ndir. B\u00fct\u00fcn hallarda, prosesin ir\u0259li ged\u0259c\u0259yin\u0259 \u00fcmidl\u0259r \u00e7oxdur. Bunun \u00fc\u00e7\u00fcn t\u0259r\u0259fl\u0259r vasit\u0259\u00e7isiz prosesi davam etdirm\u0259li, k\u0259nar m\u00fcdaxil\u0259l\u0259r\u0259 imkan verm\u0259m\u0259lidir\u201d.<\/p>\n","protected":false},"excerpt":{"rendered":"<p>R\u0259smi \u0130r\u0259van\u0131n d\u0259yi\u015f\u0259n m\u00f6vqeyi m\u00fcsb\u0259t dinamikaya \u00fcmid yarad\u0131r, amma revan\u015fistl\u0259r pozuculuq meyll\u0259rind\u0259n \u0259l \u00e7\u0259kmir; deputatlar v\u0259 siyas\u0259t adamlar\u0131ndan ilginc a\u00e7\u0131qlamalar 2024-c\u00fc ild\u0259 s\u00fclh m\u00fcqavil\u0259sinin imzalanmas\u0131na \u00fcmidl\u0259r art\u0131r. \u018fslind\u0259 Az\u0259rbaycan \u00e7oxdan s\u00fclh m\u00fcqavil\u0259si imzalama\u011fa haz\u0131rd\u0131r v\u0259 bunu d\u0259f\u0259l\u0259rl\u0259 b\u0259yan edib. Ancaq Erm\u0259nistan\u0131n vaxta\u015f\u0131r\u0131 t\u0259xribatlar\u0131, s\u00fclhd\u0259n yay\u0131nmas\u0131 s\u0259b\u0259bind\u0259n postm\u00fcharib\u0259 d\u00f6vr\u00fcnd\u0259 buna nail olunmay\u0131b. \u0130ndi is\u0259 g\u00f6r\u00fcn\u0259n budur ki, Az\u0259rbaycan\u0131n apard\u0131\u011f\u0131 ard\u0131c\u0131l v\u0259 do\u011fru siyas\u0259t n\u0259tic\u0259sind\u0259 Erm\u0259nistan v\u0259 onun havadarlar\u0131 s\u00fclh m\u00fcqavil\u0259sini imzalamaqdan ba\u015fqa \u00e7\u0131x\u0131\u015f yolu qalmad\u0131\u011f\u0131n\u0131 d\u0259rk edirl\u0259r. Bu y\u00f6nd\u0259 Erm\u0259nistan\u0131n ba\u015f naziri Nikol Pa\u015finyan\u0131n may\u0131n 7-d\u0259 verdiyi a\u00e7\u0131qlama da diqq\u0259t\u00e7\u0259k\u0259ndir. \u201cErm\u0259nistan&hellip;<\/p>\n","protected":false},"author":2,"featured_media":720095,"comment_status":"closed","ping_status":"closed","sticky":false,"template":"","format":"standard","meta":{"om_disable_all_campaigns":false,"_monsterinsights_skip_tracking":false,"_monsterinsights_sitenote_active":false,"_monsterinsights_sitenote_note":"","_monsterinsights_sitenote_category":0},"categories":[4],"tags":[],"aioseo_notices":[],"gutentor_comment":0,"rttpg_featured_image_url":{"full":["https:\/\/arantv.az\/wp-content\/uploads\/2024\/05\/b5a9ee69405a955d6f701ab9d0c3be70.jpg",800,454,false],"landscape":["https:\/\/arantv.az\/wp-content\/uploads\/2024\/05\/b5a9ee69405a955d6f701ab9d0c3be70.jpg",800,454,false],"portraits":["https:\/\/arantv.az\/wp-content\/uploads\/2024\/05\/b5a9ee69405a955d6f701ab9d0c3be70.jpg",800,454,false],"thumbnail":["https:\/\/arantv.az\/wp-content\/uploads\/2024\/05\/b5a9ee69405a955d6f701ab9d0c3be70-500x280.jpg",500,280,true],"medium":["https:\/\/arantv.az\/wp-content\/uploads\/2024\/05\/b5a9ee69405a955d6f701ab9d0c3be70-643x365.jpg",643,365,true],"large":["https:\/\/arantv.az\/wp-content\/uploads\/2024\/05\/b5a9ee69405a955d6f701ab9d0c3be70.jpg",640,363,false],"1536x1536":["https:\/\/arantv.az\/wp-content\/uploads\/2024\/05\/b5a9ee69405a955d6f701ab9d0c3be70.jpg",800,454,false],"2048x2048":["https:\/\/arantv.az\/wp-content\/uploads\/2024\/05\/b5a9ee69405a955d6f701ab9d0c3be70.jpg",800,454,false],"post-thumbnail":["https:\/\/arantv.az\/wp-content\/uploads\/2024\/05\/b5a9ee69405a955d6f701ab9d0c3be70-240x172.jpg",240,172,true],"advps-thumb-one":["https:\/\/arantv.az\/wp-content\/uploads\/2024\/05\/b5a9ee69405a955d6f701ab9d0c3be70.jpg",800,454,false]},"rttpg_author":{"display_name":"V\u00fcsal Rafiqo\u011flu","author_link":"https:\/\/arantv.az\/?author=2"},"rttpg_comment":0,"rttpg_category":"<a href=\"https:\/\/arantv.az\/?cat=4\" rel=\"category\">Siyas\u0259t<\/a>","rttpg_excerpt":"R\u0259smi \u0130r\u0259van\u0131n d\u0259yi\u015f\u0259n m\u00f6vqeyi m\u00fcsb\u0259t dinamikaya \u00fcmid yarad\u0131r, amma revan\u015fistl\u0259r pozuculuq meyll\u0259rind\u0259n \u0259l \u00e7\u0259kmir; deputatlar v\u0259 siyas\u0259t adamlar\u0131ndan ilginc a\u00e7\u0131qlamalar 2024-c\u00fc ild\u0259 s\u00fclh m\u00fcqavil\u0259sinin imzalanmas\u0131na \u00fcmidl\u0259r art\u0131r. \u018fslind\u0259 Az\u0259rbaycan \u00e7oxdan s\u00fclh m\u00fcqavil\u0259si imzalama\u011fa haz\u0131rd\u0131r v\u0259 bunu d\u0259f\u0259l\u0259rl\u0259 b\u0259yan edib. Ancaq Erm\u0259nistan\u0131n vaxta\u015f\u0131r\u0131 t\u0259xribatlar\u0131, s\u00fclhd\u0259n yay\u0131nmas\u0131 s\u0259b\u0259bind\u0259n postm\u00fcharib\u0259 d\u00f6vr\u00fcnd\u0259 buna nail olunmay\u0131b. \u0130ndi is\u0259 g\u00f6r\u00fcn\u0259n budur&hellip;","_links":{"self":[{"href":"https:\/\/arantv.az\/index.php?rest_route=\/wp\/v2\/posts\/720094"}],"collection":[{"href":"https:\/\/arantv.az\/index.php?rest_route=\/wp\/v2\/posts"}],"about":[{"href":"https:\/\/arantv.az\/index.php?rest_route=\/wp\/v2\/types\/post"}],"author":[{"embeddable":true,"href":"https:\/\/arantv.az\/index.php?rest_route=\/wp\/v2\/users\/2"}],"replies":[{"embeddable":true,"href":"https:\/\/arantv.az\/index.php?rest_route=%2Fwp%2Fv2%2Fcomments&post=720094"}],"version-history":[{"count":0,"href":"https:\/\/arantv.az\/index.php?rest_route=\/wp\/v2\/posts\/720094\/revisions"}],"wp:featuredmedia":[{"embeddable":true,"href":"https:\/\/arantv.az\/index.php?rest_route=\/wp\/v2\/media\/720095"}],"wp:attachment":[{"href":"https:\/\/arantv.az\/index.php?rest_route=%2Fwp%2Fv2%2Fmedia&parent=720094"}],"wp:term":[{"taxonomy":"category","embeddable":true,"href":"https:\/\/arantv.az\/index.php?rest_route=%2Fwp%2Fv2%2Fcategories&post=720094"},{"taxonomy":"post_tag","embeddable":true,"href":"https:\/\/arantv.az\/index.php?rest_route=%2Fwp%2Fv2%2Ftags&post=720094"}],"curies":[{"name":"wp","href":"https:\/\/api.w.org\/{rel}","templated":true}]}}