{"id":720097,"date":"2024-05-09T10:55:29","date_gmt":"2024-05-09T06:55:29","guid":{"rendered":"https:\/\/arantv.az\/?p=720097"},"modified":"2024-05-09T10:55:29","modified_gmt":"2024-05-09T06:55:29","slug":"kils%c9%99l%c9%99rin-siyas%c9%99td%c9%99-rolu-ii-qareginin-t%c9%99xribat-ssenarisi","status":"publish","type":"post","link":"https:\/\/arantv.az\/?p=720097","title":{"rendered":"Kils\u0259l\u0259rin siyas\u0259td\u0259 rolu -II Qareginin t\u0259xribat ssenarisi&#8230;"},"content":{"rendered":"<p><strong>Erm\u0259ni kils\u0259si tarix\u0259n oynad\u0131\u011f\u0131 iblis rolunu yen\u0259 davam etdirir v\u0259 bununla g\u00f6st\u0259rir ki, onlar\u0131n g\u00f6z\u00fc qandan doymur; Pa\u015finyan a\u00e7\u0131q \u015f\u0259kild\u0259 katolikosu ittiham etdi &#8211; t\u0259hlil<\/strong><\/p>\n<p>Xristian d\u00fcnyas\u0131nda kils\u0259l\u0259rin siyas\u0259td\u0259 rolu dan\u0131lmazd\u0131r. \u018fslind\u0259 b\u00fct\u00fcn d\u00fcnyada bel\u0259 bir yaz\u0131lm\u0131\u015f v\u0259 yaz\u0131lmam\u0131\u015f qaydalar var ki, din siyas\u0259td\u0259n, d\u00f6vl\u0259td\u0259n ayr\u0131 olmal\u0131d\u0131r. Buna g\u00f6r\u0259 b\u0259zi g\u00fcc m\u0259rk\u0259zl\u0259ri m\u00fcs\u0259lman d\u00fcnyas\u0131na m\u00fc\u0259yy\u0259n t\u0259nqidl\u0259r d\u0259 s\u0259sl\u0259ndirirl\u0259r.<\/p>\n<p>Ancaq fakt bundan ibar\u0259tdir ki, xristian d\u00fcnyas\u0131nda kils\u0259l\u0259r siyas\u0259td\u0259, d\u00f6vl\u0259ti prosesl\u0259rd\u0259 ciddi rol al\u0131r, m\u00fcdaxil\u0259 edir v\u0259 h\u0259tta t\u0259xribatlar da yarad\u0131rlar. Vatikan burada x\u00fcsusi rol oynay\u0131r. Biz haz\u0131rda bel\u0259 bir prosesin Erm\u0259nistanda getdiyini g\u00f6r\u00fcr\u00fck. \u00d6z\u00fc d\u0259 bu m\u00fcdaxil\u0259 b\u00fct\u00f6vl\u00fckd\u0259 C\u0259nubi Qafqazda sabitliyi pozma\u011fa y\u00f6n\u0259lib. Erm\u0259nistan\u0131n ba\u015f naziri Nikol Pa\u015finyan \u00f6z\u00fc etiraf edib ki, b\u00fct\u00fcn Erm\u0259nil\u0259rin Katolikosu II Qaregin bu g\u00fcn siyasi h\u0259r\u0259kata r\u0259hb\u0259rlik edir, h\u0259r\u0259kat\u0131n benefisiar\u0131 is\u0259 Robert K\u00f6\u00e7\u0259ryand\u0131r: \u201cErm\u0259ni ke\u015fi\u015f Baqrat Qalstyan\u0131n r\u0259hb\u0259rlik etdiyi &#8220;V\u0259t\u0259n namin\u0259 Tavu\u015f&#8221; h\u0259r\u0259kat\u0131n\u0131n m\u0259qs\u0259di onun s\u0259l\u0259fl\u0259rini hakimiyy\u0259t\u0259 qaytarmaqd\u0131r. H\u0259l\u0259 2021-ci ild\u0259 Robert K\u00f6\u00e7\u0259ryan kils\u0259nin k\u00f6m\u0259yi il\u0259 hakimiyy\u0259tin d\u0259yi\u015fm\u0259si ssenarisini t\u0259qdim edib&#8221;.<\/p>\n<p><strong>II Qareginin xaricd\u0259n idar\u0259 edildiyi ehtimal\u0131 da var. Bu fitn\u0259karl\u0131\u011fa d\u00fcnyan\u0131n n\u00fcfuzlu din m\u0259rk\u0259zl\u0259ri niy\u0259 susur? Kils\u0259nin t\u0259xribat\u00e7\u0131 m\u00fcdaxil\u0259sini nec\u0259 dayand\u0131rmaq olar? \u00dcmumiyy\u0259tl\u0259, erm\u0259ni kils\u0259si tarix\u0259n oynad\u0131\u011f\u0131 iblis rolunu davam etdirir. Qaraba\u011fdan qa\u00e7m\u0131\u015f \u201cQaraba\u011f yeparxiyas\u0131n\u0131n r\u0259hb\u0259ri\u201d, yepiskop Vrtanes Abramyan Qaza\u011f\u0131n i\u015f\u011fal alt\u0131ndak\u0131 k\u0259ndl\u0259ri \u0259traf\u0131nda ke\u00e7iril\u0259n aksiyalara qo\u015fulub. G\u00f6r\u00fcnd\u00fcy\u00fc kimi, erm\u0259ni kils\u0259sinin g\u00f6z\u00fc qandan doymur v\u0259 \u00f6z \u00e7irkin niyy\u0259tl\u0259ri namin\u0259 yen\u0259 minl\u0259rl\u0259 erm\u0259nini q\u0131r\u011f\u0131na verm\u0259y\u0259 haz\u0131rd\u0131r. Kils\u0259 erm\u0259nil\u0259rin tarixi Az\u0259rbaycan torpaqlar\u0131na k\u00f6\u00e7\u00fcr\u00fclm\u0259sind\u0259n az sonra &#8211; 1875-1880-ci ill\u0259rd\u0259n ba\u015flayaraq, haylar aras\u0131nda t\u00fcrkl\u0259r\u0259 v\u0259 az\u0259rbaycanl\u0131lara qar\u015f\u0131 nifr\u0259t hissi a\u015f\u0131lama\u011fa, etnik v\u0259 dini z\u0259mind\u0259 \u0259dav\u0259t salma\u011fa, d\u00fc\u015fm\u0259n\u00e7ilik toxumu s\u0259pm\u0259y\u0259 ba\u015flay\u0131b. Din xadimi adlanan h\u0259min \u015f\u0259xsl\u0259rin f\u0259aliyy\u0259ti tezlikl\u0259 \u00f6z \u201cb\u0259hr\u0259si\u201dni verib. Apar\u0131lan k\u00fctl\u0259vi t\u0259bli\u011fat, erm\u0259ni xalq\u0131n\u0131n \u201cbeyin yuma \u0259m\u0259liyyat\u0131na\u201d m\u0259ruz qoyulmas\u0131, onlarda psixoz v\u0259ziyy\u0259tinin yarad\u0131lmas\u0131 \u201cDa\u015fnaks\u00fctyun\u201d, \u201cHn\u00e7ak\u201d kimi partiyalar\u0131n t\u0259\u015fkilin\u0259 g\u0259tirib \u00e7\u0131xar\u0131b.<\/strong><\/p>\n<p>Erm\u0259ni kils\u0259si yen\u0259 i\u015f ba\u015f\u0131ndad\u0131r. 2024-c\u00fc il aprelin 19-da Az\u0259rbaycan v\u0259 Erm\u0259nistan aras\u0131nda delimitasiya sah\u0259sind\u0259 u\u011furlu n\u0259tic\u0259nin \u0259ld\u0259 olunmas\u0131, ard\u0131nca demarkasiya prosesinin ba\u015flanmas\u0131 kils\u0259nin iqam\u0259tgah\u0131nda &#8211; E\u00e7mi\u0259dzind\u0259 \u0259yl\u0259\u015f\u0259nl\u0259rin, o c\u00fcml\u0259d\u0259n b\u00fct\u00fcn erm\u0259nil\u0259rin katolikosu II Qareginin, nec\u0259 dey\u0259rl\u0259r, \u201ck\u00fcrk\u00fcn\u0259 bir\u0259 sal\u0131b\u201d. \u00dcmumiyy\u0259tl\u0259, kils\u0259nin x\u00fcsusi konstitusion statusu l\u0259\u011fv edilm\u0259lidir. Hayastan konstitusiyas\u0131n\u0131n 18.1-ci madd\u0259sind\u0259 erm\u0259ni apostol kils\u0259sinin milli kils\u0259 kimi \u201cerm\u0259ni xalq\u0131n\u0131n m\u0259n\u0259vi h\u0259yat\u0131nda, onun milli m\u0259d\u0259niyy\u0259tinin inki\u015faf\u0131nda v\u0259 milli kimliyinin qorunub saxlan\u0131lmas\u0131nda m\u00fcst\u0259sna missiyas\u0131\u201d t\u0259sbit edilib. Halbuki konstitusiyaya g\u00f6r\u0259, Erm\u0259nistan d\u00fcny\u0259vi d\u00f6vl\u0259tdir. H\u0259min madd\u0259 is\u0259 demokratiklik v\u0259 d\u00fcny\u0259vilik prinsipl\u0259rin\u0259 ziddir.<\/p>\n<p><img src=\"https:\/\/bizim.media\/file\/articles\/2022\/12\/14\/1671011468_photo_2022-12-14_12-45-42.jpg\" alt=\"F\u0259rhad M\u0259mm\u0259dov: \u201cBu g\u00fcn \u00e7ox vacib m\u0259s\u0259l\u0259l\u0259rin n\u00f6qt\u0259si qoyulacaq\u201d\" \/><\/p>\n<p><strong>F\u0259rhad M\u0259mm\u0259dov<\/strong><\/p>\n<p><strong>C\u0259nubi Qafqaz T\u0259dqiqatlar M\u0259rk\u0259zinin direktoru F\u0259rhad M\u0259mm\u0259dovun s\u00f6zl\u0259rin\u0259 g\u00f6r\u0259, Rusiya v\u0259 Erm\u0259ni Apostol Kils\u0259sinin yeparxiyas\u0131n\u0131n ba\u015f\u00e7\u0131s\u0131 Mkrti\u00e7 Qriqoryevi\u00e7 Nersisyanla (ad\u0131 Yezras Nersisyan kimi d\u0259 qeyd olunur &#8211; red.) erm\u0259nil\u0259rin katolikosu II Qaregin qarda\u015fd\u0131r:<\/strong>\u00a0\u201cEtiraz aksiyalar\u0131nda \u0259sas\u0259n Rusiyada ya\u015fayan erm\u0259nil\u0259r v\u0259 Erm\u0259nistanda ya\u015fayan rusmeyilli q\u00fcvv\u0259l\u0259r f\u0259all\u0131q g\u00f6st\u0259rir. Onlar hans\u0131sa formada prosesin dayand\u0131r\u0131lmas\u0131n\u0131 ist\u0259yirl\u0259r. 9 mayda y\u00fcr\u00fc\u015f \u0130r\u0259vana \u00e7atmal\u0131 v\u0259 orada yekun mitinq ke\u00e7irilm\u0259lidir. Yaln\u0131z oradak\u0131 aksiyan\u0131n yekununu g\u00f6rd\u00fckd\u0259n sonra etirazlar\u0131n davaml\u0131l\u0131\u011f\u0131 v\u0259 erm\u0259ni c\u0259miyy\u0259tind\u0259 Pa\u015finyana qar\u015f\u0131 g\u00fccl\u00fc m\u00fcqavim\u0259tin olub-olmad\u0131\u011f\u0131 haqq\u0131nda m\u00fc\u0259yy\u0259n fikir s\u00f6yl\u0259m\u0259k m\u00fcmk\u00fcnd\u00fcr. \u018fg\u0259r bu ba\u015f verm\u0259s\u0259, Pa\u015finyan indiy\u0259d\u0259k g\u00f6st\u0259rdiyi siyasi irad\u0259ni davam etdir\u0259c\u0259k\u201d.<\/p>\n<p><img src=\"https:\/\/avropa.info\/ckfinder\/userfiles\/images\/siyas%C9%99t\/elxan%20%C5%9Fahino%C4%9Flu%201579594048.jpeg\" alt=\"Elxan \u015eahino\u011flu: &quot;Formala\u015facaq parlament \u00f6lk\u0259mizd\u0259ki yeni \u00e7a\u011f\u0131r\u0131\u015flara cavab  verm\u0259lidir&quot;\" \/><\/p>\n<p><strong>\u00a0Elxan \u015eahino\u011flu<\/strong><\/p>\n<p><strong>Analitik Elxan \u015eahino\u011flu hesab edir ki, s\u00fclh sazi\u015fin\u0259 q\u0259d\u0259r Nikol Pa\u015finyan erm\u0259ni radikallar\u0131 v\u0259 kils\u0259 il\u0259 m\u00fcbariz\u0259sini davam etdirm\u0259lidir: \u201cAyd\u0131nd\u0131r ki, Nikol Pa\u015finyan iki qon\u015fusu il\u0259 s\u00fclh\u0259 nail olarsa bel\u0259, da\u015fnaklar, Qaraba\u011f klan\u0131n\u0131n \u00fczvl\u0259ri, separat\u00e7\u0131lar v\u0259 ke\u015fi\u015fl\u0259r Az\u0259rbaycana v\u0259 T\u00fcrk d\u00fcnyas\u0131na qar\u015f\u0131 d\u00fc\u015fm\u0259n\u00e7ilikd\u0259n \u0259l \u00e7\u0259km\u0259y\u0259c\u0259kl\u0259r. \u00d6n\u0259mli olan erm\u0259ni c\u0259miyy\u0259tinin \u0259ks\u0259r hiss\u0259sinin Nikol Pa\u015finyan\u0131n siyas\u0259tini d\u0259st\u0259yi davam etdirm\u0259sidir. S\u00fclhd\u0259n sonra Erm\u0259nistan\u0131n Az\u0259rbaycan\u0131n v\u0259 T\u00fcrkiy\u0259nin i\u015ftirak\u00e7\u0131s\u0131 oldu\u011fu regional layih\u0259l\u0259r\u0259 qat\u0131lmas\u0131 bu \u00f6lk\u0259ni antit\u00fcrk m\u0259rk\u0259zl\u0259rd\u0259n daha da uzaqla\u015fmas\u0131na \u015f\u0259rait yaradacaq\u201d.<\/strong><\/p>\n<p><strong><img src=\"https:\/\/hurriyyet.az\/frontend\/uploads\/files\/mehemmed%20esedullazadeee.jpg\" alt=\"Art\u0131q Tehranda s\u0259firliyimizin a\u00e7\u0131lmas\u0131 g\u00f6zl\u0259nilmir&quot; - M\u018fH\u018fMM\u018fD \u018fS\u018fDULLAZAD\u018f\" \/><\/strong><\/p>\n<p><strong>M\u0259h\u0259mm\u0259d \u018fs\u0259dullazad\u0259<\/strong><\/p>\n<p><strong>Siyasi \u015f\u0259rh\u00e7i M\u0259h\u0259mm\u0259d \u018fs\u0259dullazad\u0259nin fikrinc\u0259, Erm\u0259nistanda kils\u0259nin Pa\u015finyana qar\u015f\u0131 s\u0259rh\u0259dl\u0259rin delimitasiya v\u0259 demarkasiyas\u0131ndan istifad\u0259 ed\u0259r\u0259k etiraz aksiyalar\u0131n\u0131 davam etdirm\u0259sin\u0259 baxmayaraq, xalq\u0131n d\u0259st\u0259yini ala bilmir:<\/strong>\u00a0\u201cAz\u0259rbaycana geri veril\u0259n d\u00f6rd k\u0259ndl\u0259 ba\u011fl\u0131 bu kimi etirazlara Q\u0259rb etirazlar\u0131 d\u0259st\u0259kl\u0259mir. Revan\u015fist ke\u015fi\u015f Baqrat Qalstyan\u0131n Tavu\u015fdan ba\u015flatd\u0131\u011f\u0131 etiraz y\u00fcr\u00fc\u015f\u00fc \u0130r\u0259vanda hakimiyy\u0259t \u0259leyhin\u0259 \u00fcmummilli mitinq elan etm\u0259sin\u0259 hesablan\u0131b. Erm\u0259nistan m\u00fcxalif\u0259ti xalq\u0131n d\u0259st\u0259yini ala bilm\u0259diyind\u0259n kils\u0259y\u0259 d\u0259st\u0259k verir. Kils\u0259nin bu etiraz\u0131na xalq\u0131n d\u0259st\u0259k verm\u0259si g\u00f6zl\u0259nilmir. \u00c7\u00fcnki xalq n\u00f6vb\u0259ti m\u00fcharib\u0259d\u0259 maraql\u0131 deyil\u201d.<\/p>\n<p><strong>Ekspertin fikrinc\u0259, bir qrup ke\u015fi\u015f revan\u015fistl\u0259rin ortaya \u00e7\u0131xmas\u0131 Pa\u015finyan\u0131n \u0259lini g\u00fccl\u0259ndirir:<\/strong>\u00a0\u201cHakimiyy\u0259t kils\u0259nin etiraz\u0131na ona g\u00f6r\u0259 ciddi m\u00fcdaxil\u0259 etmir ki, xalq\u0131n kils\u0259y\u0259 d\u0259st\u0259k verm\u0259diyi ortaya \u00e7\u0131xs\u0131n. Hesab edilirdi ki, m\u00fcxalif\u0259t\u0259 d\u0259st\u0259k verm\u0259y\u0259n xalq kils\u0259nin siyasi etirazlar\u0131na d\u0259st\u0259k ver\u0259c\u0259k. Amma bel\u0259 bir k\u00fctl\u0259vilik yoxdur. Bundan sonra Pa\u015finyan kils\u0259nin xalq d\u0259st\u0259yin\u0259 malik olmad\u0131\u011f\u0131n\u0131 n\u00fcmayi\u015f etdir\u0259r\u0259k onlara qar\u015f\u0131 ciddi t\u0259zyiql\u0259ri art\u0131racaq. May\u0131n 9-na t\u0259yin edil\u0259n mitinq kils\u0259 v\u0259 revan\u015fistl\u0259rin fiasko mitinqi olacaq. Qeyd edim ki, Erm\u0259nistan\u0131n katalikosu 2-ci Qaregin prosesl\u0259ri idar\u0259 edir v\u0259 Pa\u015finyan\u0131 devirm\u0259yi h\u0259d\u0259fl\u0259yib. Ba\u015f ver\u0259nl\u0259r Az\u0259rbaycanla delimitasiya v\u0259 demarkasiya prosesin\u0259 t\u0259sir etm\u0259y\u0259c\u0259k. Erm\u0259nistanda m\u00fc\u0259yy\u0259n n\u00fcfuza malik kils\u0259d\u0259 \u00f6z t\u0259sir g\u00fcc\u00fcn\u00fc itir\u0259c\u0259k. Bundan sonra Pa\u015finyan\u0131n islahatlar\u0131n\u0131n qar\u015f\u0131s\u0131nda g\u00fcc olmayacaq\u201d.<\/p>\n","protected":false},"excerpt":{"rendered":"<p>Erm\u0259ni kils\u0259si tarix\u0259n oynad\u0131\u011f\u0131 iblis rolunu yen\u0259 davam etdirir v\u0259 bununla g\u00f6st\u0259rir ki, onlar\u0131n g\u00f6z\u00fc qandan doymur; Pa\u015finyan a\u00e7\u0131q \u015f\u0259kild\u0259 katolikosu ittiham etdi &#8211; t\u0259hlil Xristian d\u00fcnyas\u0131nda kils\u0259l\u0259rin siyas\u0259td\u0259 rolu dan\u0131lmazd\u0131r. \u018fslind\u0259 b\u00fct\u00fcn d\u00fcnyada bel\u0259 bir yaz\u0131lm\u0131\u015f v\u0259 yaz\u0131lmam\u0131\u015f qaydalar var ki, din siyas\u0259td\u0259n, d\u00f6vl\u0259td\u0259n ayr\u0131 olmal\u0131d\u0131r. Buna g\u00f6r\u0259 b\u0259zi g\u00fcc m\u0259rk\u0259zl\u0259ri m\u00fcs\u0259lman d\u00fcnyas\u0131na m\u00fc\u0259yy\u0259n t\u0259nqidl\u0259r d\u0259 s\u0259sl\u0259ndirirl\u0259r. Ancaq fakt bundan ibar\u0259tdir ki, xristian d\u00fcnyas\u0131nda kils\u0259l\u0259r siyas\u0259td\u0259, d\u00f6vl\u0259ti prosesl\u0259rd\u0259 ciddi rol al\u0131r, m\u00fcdaxil\u0259 edir v\u0259 h\u0259tta t\u0259xribatlar da yarad\u0131rlar. Vatikan burada x\u00fcsusi rol oynay\u0131r. Biz haz\u0131rda bel\u0259 bir prosesin Erm\u0259nistanda&hellip;<\/p>\n","protected":false},"author":2,"featured_media":720098,"comment_status":"closed","ping_status":"closed","sticky":false,"template":"","format":"standard","meta":{"om_disable_all_campaigns":false,"_monsterinsights_skip_tracking":false,"_monsterinsights_sitenote_active":false,"_monsterinsights_sitenote_note":"","_monsterinsights_sitenote_category":0},"categories":[19],"tags":[],"aioseo_notices":[],"gutentor_comment":0,"rttpg_featured_image_url":{"full":["https:\/\/arantv.az\/wp-content\/uploads\/2024\/05\/a9bcfeb7df842cf75d6f5588e7b58fe0.jpg",870,500,false],"landscape":["https:\/\/arantv.az\/wp-content\/uploads\/2024\/05\/a9bcfeb7df842cf75d6f5588e7b58fe0.jpg",870,500,false],"portraits":["https:\/\/arantv.az\/wp-content\/uploads\/2024\/05\/a9bcfeb7df842cf75d6f5588e7b58fe0.jpg",870,500,false],"thumbnail":["https:\/\/arantv.az\/wp-content\/uploads\/2024\/05\/a9bcfeb7df842cf75d6f5588e7b58fe0-500x280.jpg",500,280,true],"medium":["https:\/\/arantv.az\/wp-content\/uploads\/2024\/05\/a9bcfeb7df842cf75d6f5588e7b58fe0-635x365.jpg",635,365,true],"large":["https:\/\/arantv.az\/wp-content\/uploads\/2024\/05\/a9bcfeb7df842cf75d6f5588e7b58fe0-840x483.jpg",640,368,true],"1536x1536":["https:\/\/arantv.az\/wp-content\/uploads\/2024\/05\/a9bcfeb7df842cf75d6f5588e7b58fe0.jpg",870,500,false],"2048x2048":["https:\/\/arantv.az\/wp-content\/uploads\/2024\/05\/a9bcfeb7df842cf75d6f5588e7b58fe0.jpg",870,500,false],"post-thumbnail":["https:\/\/arantv.az\/wp-content\/uploads\/2024\/05\/a9bcfeb7df842cf75d6f5588e7b58fe0-240x172.jpg",240,172,true],"advps-thumb-one":["https:\/\/arantv.az\/wp-content\/uploads\/2024\/05\/a9bcfeb7df842cf75d6f5588e7b58fe0.jpg",870,500,false]},"rttpg_author":{"display_name":"V\u00fcsal Rafiqo\u011flu","author_link":"https:\/\/arantv.az\/?author=2"},"rttpg_comment":0,"rttpg_category":"<a href=\"https:\/\/arantv.az\/?cat=19\" rel=\"category\">G\u00fcnd\u0259m<\/a>","rttpg_excerpt":"Erm\u0259ni kils\u0259si tarix\u0259n oynad\u0131\u011f\u0131 iblis rolunu yen\u0259 davam etdirir v\u0259 bununla g\u00f6st\u0259rir ki, onlar\u0131n g\u00f6z\u00fc qandan doymur; Pa\u015finyan a\u00e7\u0131q \u015f\u0259kild\u0259 katolikosu ittiham etdi &#8211; t\u0259hlil Xristian d\u00fcnyas\u0131nda kils\u0259l\u0259rin siyas\u0259td\u0259 rolu dan\u0131lmazd\u0131r. \u018fslind\u0259 b\u00fct\u00fcn d\u00fcnyada bel\u0259 bir yaz\u0131lm\u0131\u015f v\u0259 yaz\u0131lmam\u0131\u015f qaydalar var ki, din siyas\u0259td\u0259n, d\u00f6vl\u0259td\u0259n ayr\u0131 olmal\u0131d\u0131r. Buna g\u00f6r\u0259 b\u0259zi g\u00fcc m\u0259rk\u0259zl\u0259ri m\u00fcs\u0259lman d\u00fcnyas\u0131na m\u00fc\u0259yy\u0259n&hellip;","_links":{"self":[{"href":"https:\/\/arantv.az\/index.php?rest_route=\/wp\/v2\/posts\/720097"}],"collection":[{"href":"https:\/\/arantv.az\/index.php?rest_route=\/wp\/v2\/posts"}],"about":[{"href":"https:\/\/arantv.az\/index.php?rest_route=\/wp\/v2\/types\/post"}],"author":[{"embeddable":true,"href":"https:\/\/arantv.az\/index.php?rest_route=\/wp\/v2\/users\/2"}],"replies":[{"embeddable":true,"href":"https:\/\/arantv.az\/index.php?rest_route=%2Fwp%2Fv2%2Fcomments&post=720097"}],"version-history":[{"count":0,"href":"https:\/\/arantv.az\/index.php?rest_route=\/wp\/v2\/posts\/720097\/revisions"}],"wp:featuredmedia":[{"embeddable":true,"href":"https:\/\/arantv.az\/index.php?rest_route=\/wp\/v2\/media\/720098"}],"wp:attachment":[{"href":"https:\/\/arantv.az\/index.php?rest_route=%2Fwp%2Fv2%2Fmedia&parent=720097"}],"wp:term":[{"taxonomy":"category","embeddable":true,"href":"https:\/\/arantv.az\/index.php?rest_route=%2Fwp%2Fv2%2Fcategories&post=720097"},{"taxonomy":"post_tag","embeddable":true,"href":"https:\/\/arantv.az\/index.php?rest_route=%2Fwp%2Fv2%2Ftags&post=720097"}],"curies":[{"name":"wp","href":"https:\/\/api.w.org\/{rel}","templated":true}]}}