{"id":720101,"date":"2024-05-09T10:56:20","date_gmt":"2024-05-09T06:56:20","guid":{"rendered":"https:\/\/arantv.az\/?p=720101"},"modified":"2024-05-09T10:56:20","modified_gmt":"2024-05-09T06:56:20","slug":"heyd%c9%99r-%c9%99liyev-fondu-insanp%c9%99rv%c9%99rlik-v%c9%99-humanizmin-etibarli-t%c9%99minatcisidir","status":"publish","type":"post","link":"https:\/\/arantv.az\/?p=720101","title":{"rendered":"Heyd\u0259r \u018fliyev Fondu insanp\u0259rv\u0259rlik v\u0259 humanizmin etibarl\u0131 t\u0259minat\u00e7\u0131s\u0131d\u0131r"},"content":{"rendered":"<p><strong>Heyd\u0259r \u018fliyev Fondunun f\u0259aliyy\u0259t\u0259 ba\u015flamas\u0131n\u0131n 20 ili tamam olur. Birinci vitse-prezident, Heyd\u0259r \u018fliyev Fondunun prezidenti, ICESCO-nun xo\u015fm\u0259raml\u0131 s\u0259firi Mehriban xan\u0131m \u018fliyevan\u0131n r\u0259hb\u0259rlik etdiyi fond f\u0259aliyy\u0259t\u0259 ba\u015flad\u0131\u011f\u0131 2004-c\u00fc il may ay\u0131n\u0131n 10-dan bu g\u00fcn\u0259 kimi-20 il \u0259rzind\u0259 insanp\u0259rv\u0259rlik, humanizm, insan h\u00fcquq v\u0259 azadl\u0131qlar\u0131n\u0131n etibarl\u0131 t\u0259minat\u0131s\u0131 kimi tan\u0131n\u0131b. Fondun yarad\u0131lmas\u0131 Heyd\u0259r \u018fliyevin xatir\u0259sin\u0259 xalq\u0131m\u0131z\u0131n ehtiram\u0131n\u0131 ifad\u0259 etm\u0259k arzusundan, onun z\u0259ngin m\u0259n\u0259vi irsini \u0259ks etdirm\u0259k, milli d\u00f6vl\u0259t\u00e7ilik ideyalar\u0131n\u0131 yeni n\u0259sill\u0259r\u0259 a\u015f\u0131lamaq z\u0259rur\u0259tind\u0259n ir\u0259li g\u0259lib. Ulu \u00f6nd\u0259r \u00f6z h\u0259yat\u0131n\u0131n m\u0259nas\u0131n\u0131 V\u0259t\u0259n\u0259 xidm\u0259t etm\u0259kd\u0259, xalq, mill\u0259t yolunda h\u0259r bir \u00e7\u0259tinliy\u0259 haz\u0131r olmaqda g\u00f6r\u00fcrd\u00fc. Onun ad\u0131n\u0131 da\u015f\u0131yan fond da \u00f6z f\u0259aliyy\u0259tind\u0259 bu ali ideallar\u0131 daim r\u0259hb\u0259r tutub. Fondun f\u0259aliyy\u0259ti \u00e7ox\u015fax\u0259lidir &#8211; t\u0259hsil, s\u0259hiyy\u0259, elm v\u0259 texnologiya, m\u0259d\u0259niyy\u0259t, ekologiya, idman, sosial probleml\u0259rin h\u0259lli.<\/strong><\/p>\n<p>Bu fikirl\u0259ri Demokrat.az-a Heyd\u0259r \u018fliyev Fondunun f\u0259aliyy\u0259t\u0259 ba\u015flamas\u0131n\u0131n 20 illiyi il\u0259 \u0259laq\u0259dar Demokratiya v\u0259 \u0130nsan H\u00fcquqlar\u0131 Komit\u0259sinin s\u0259dri, h\u00fcquq \u00fczr\u0259 f\u0259ls\u0259f\u0259 doktoru \u00c7ingiz Q\u0259nizad\u0259 bildirib.<\/p>\n<p>Tan\u0131nm\u0131\u015f h\u00fcquq\u015f\u00fcnas deyib ki, Heyd\u0259r \u018fliyev Fondu n\u0259inki Az\u0259rbaycanda, h\u0259tta d\u00fcnyan\u0131n bir s\u0131ra \u00f6lk\u0259l\u0259rind\u0259 d\u0259 insanp\u0259rv\u0259rlik v\u0259 xeyriyy\u0259\u00e7ilik n\u00fcmun\u0259si h\u0259yata ke\u00e7irir. Prezident \u0130lham \u018fliyev Heyd\u0259r \u018fliyev Fondunun f\u0259aliyy\u0259tini \u00e7ox y\u00fcks\u0259k qiym\u0259tl\u0259ndir\u0259r\u0259k deyib: \u201cFondun x\u0259tti il\u0259 apar\u0131lan i\u015fl\u0259r, g\u00f6r\u00fcl\u0259n t\u0259dbirl\u0259r, ir\u0259li s\u00fcr\u00fclm\u00fc\u015f t\u0259\u015f\u0259bb\u00fcsl\u0259r g\u00f6z qaba\u011f\u0131ndad\u0131r&#8230; Bu fond s\u00fcbut etdi ki, \u0259g\u0259r ist\u0259k olarsa, \u0259g\u0259r irad\u0259 olarsa v\u0259 \u0259g\u0259r xo\u015f niyy\u0259t olarsa, ist\u0259nil\u0259n sah\u0259d\u0259 ist\u0259nil\u0259n m\u0259s\u0259l\u0259 h\u0259ll oluna bil\u0259r. Fondun \u00e7ox\u015fax\u0259li f\u0259aliyy\u0259tini \u0259g\u0259r bir s\u00f6zl\u0259 xarakteriz\u0259 etm\u0259k m\u00fcmk\u00fcnd\u00fcrs\u0259, m\u0259n \u201cXo\u015f niyy\u0259t\u201d dey\u0259rdim. \u00c7\u00fcnki b\u00fct\u00fcn sah\u0259l\u0259rd\u0259 biz bunu g\u00f6r\u00fcr\u00fck\u201d.<\/p>\n<p>H\u00fcquq m\u00fcdafi\u0259\u00e7isi bildirib ki, m\u0259rh\u0259m\u0259t v\u0259 humanizm m\u0259fkur\u0259sind\u0259n \u00e7\u0131x\u0131\u015f ed\u0259r\u0259k insanlara daim qay\u011f\u0131, yard\u0131ma ehtiyac\u0131 olanlara k\u00f6m\u0259k g\u00f6st\u0259rm\u0259k Heyd\u0259r \u018fliyev Fondunun ba\u015fl\u0131ca m\u0259ramlar\u0131ndand\u0131r. \u00dcmummilli liderin humanizm prinsipl\u0259rini layiqinc\u0259 davam etdir\u0259n Heyd\u0259r \u018fliyev Fondu yarand\u0131g\u0131 g\u00fcnd\u0259n etibar\u0259n xeyirxahl\u0131q v\u0259 m\u0259rh\u0259m\u0259tlilik g\u00f6st\u0259r\u0259r\u0259k yard\u0131ma ehtiyac\u0131 olan insanlar\u0131 daim diqq\u0259t m\u0259rk\u0259zind\u0259 saxlay\u0131r, onlar\u0131n probleml\u0259rinin h\u0259llin\u0259 yax\u0131ndan k\u00f6m\u0259k edir. Milyonlar\u0131n sevgisini qazanm\u0131\u015f Heyd\u0259r \u018fliyev Fondunun nailiyy\u0259tl\u0259rinin t\u0259m\u0259lind\u0259 fondun prezidenti, Birinci vitse-prezident, Az\u0259rbaycan\u0131n birinci xan\u0131m\u0131, Mehriban xan\u0131m \u018fliyevan\u0131n m\u00fcst\u0259sna z\u0259hm\u0259ti v\u0259 f\u0259dakarl\u0131\u011f\u0131 dayan\u0131r. Onun h\u0259r bir m\u0259s\u0259l\u0259y\u0259 yarad\u0131c\u0131 m\u00fcnasib\u0259ti, kimliyind\u0259n, milliyy\u0259tind\u0259n as\u0131l\u0131 olmayaraq ona m\u00fcraci\u0259t ed\u0259n h\u0259r bir k\u0259s\u0259 diqq\u0259t v\u0259 qay\u011f\u0131 g\u00f6st\u0259rm\u0259si, humanizmi v\u0259 s\u0259mimiyy\u0259ti insanlar\u0131n fonda inam v\u0259 etibar\u0131n\u0131, g\u00fcv\u0259ncini daha da art\u0131r\u0131b. Heyd\u0259r \u018fliyev Fondu f\u0259aliyy\u0259tind\u0259 h\u0259m d\u0259 \u00fcmumb\u0259\u015f\u0259ri d\u0259y\u0259rl\u0259ri uca tutmaqla beyn\u0259lxalq miqyasl\u0131 qeyri-h\u00f6kum\u0259t t\u0259\u015fkilat\u0131na \u00e7evrilmi\u015f, f\u0259aliyy\u0259ti il\u0259 m\u00fcxt\u0259lif \u00f6lk\u0259l\u0259rin ictimai, elmi, m\u0259d\u0259ni h\u0259yat\u0131na f\u0259al t\u0259sir imkanlar\u0131 \u0259ld\u0259 etmi\u015fdir. Fondun t\u0259\u015f\u0259bb\u00fcs\u00fc il\u0259 Beyn\u0259lxalq Mu\u011fam M\u0259rk\u0259zi, M\u00fcasir \u0130nc\u0259s\u0259n\u0259t Muzeyi, Az\u0259rbaycan Xal\u00e7a Muzeyi v\u0259 bir s\u0131ra dig\u0259r m\u0259d\u0259niyy\u0259t obyektl\u0259ri in\u015fa olunub, d\u00fcnyan\u0131n bir s\u0131ra \u00f6lk\u0259l\u0259rind\u0259 Az\u0259rbaycan M\u0259d\u0259niyy\u0259t M\u0259rk\u0259zl\u0259ri yarad\u0131l\u0131b. Fondun t\u0259\u015fkil etdiyi beyn\u0259lxalq festivallar m\u0259d\u0259niyy\u0259tl\u0259raras\u0131 dialoqun m\u00f6hk\u0259ml\u0259ndirilm\u0259sin\u0259 \u00f6z t\u00f6hf\u0259sini verir. Sivilizasiyalar aras\u0131nda dialoqun d\u0259rinl\u0259\u015fm\u0259sin\u0259 xidm\u0259t ed\u0259n \u201cTolerantl\u0131\u011f\u0131n \u00fcnvan\u0131 &#8211; Az\u0259rbaycan\u201d layih\u0259si x\u00fcsusi \u0259h\u0259miyy\u0259t k\u0259sb edir.<\/p>\n<p><img loading=\"lazy\" src=\"https:\/\/cdn.musavat.com\/news\/video\/NewFolder\/cingiz.jpg\" alt=\"cingiz.jpg (75 KB)\" width=\"750\" height=\"493\" \/><br \/>\n\u201cM\u0259rh\u0259m\u0259t v\u0259 humanizm m\u0259fkur\u0259sind\u0259n \u00e7\u0131x\u0131\u015f ed\u0259r\u0259k insanlara daim qay\u011f\u0131, yard\u0131ma ehtiyac\u0131 olanlara k\u00f6m\u0259k g\u00f6st\u0259rm\u0259k Heyd\u0259r \u018fliyev Fondunun ba\u015fl\u0131ca m\u0259ramlar\u0131ndand\u0131r\u201d- dey\u0259n h\u00fcquq\u015f\u00fcnas \u0259lav\u0259 edib ki, \u00fcmummilli liderin humanizm prinsipl\u0259rini layiqinc\u0259 davam etdir\u0259n Heyd\u0259r \u018fliyev Fondu yarand\u0131g\u0131 g\u00fcnd\u0259n etibar\u0259n xeyirxahl\u0131q v\u0259 m\u0259rh\u0259m\u0259tlilik g\u00f6st\u0259r\u0259r\u0259k yard\u0131ma ehtiyac\u0131 olan insanlar\u0131 daim diqq\u0259t m\u0259rk\u0259zind\u0259 saxlay\u0131r, onlar\u0131n probleml\u0259rinin h\u0259llin\u0259 yax\u0131ndan k\u00f6m\u0259k edir.<\/p>\n<p>H\u00fcquq m\u00fcdafi\u0259\u00e7isi fondun insan h\u00fcquq v\u0259 azadl\u0131\u011f\u0131na g\u00f6st\u0259rdiyi diqq\u0259t v\u0259 qay\u011f\u0131dan s\u00f6hb\u0259t a\u00e7araq deyib ki, m\u00fcxt\u0259lif s\u0259b\u0259bl\u0259r \u00fcz\u00fcnd\u0259n azadl\u0131qdan m\u0259hrum edilmi\u015f \u015f\u0259xsl\u0259rin v\u0259 onlar\u0131n yax\u0131nlar\u0131n\u0131n, ail\u0259 \u00fczvl\u0259rinin fonda \u00e7oxsayl\u0131 m\u00fcraci\u0259tl\u0259r etm\u0259si v\u0259t\u0259nda\u015flar\u0131n Heyd\u0259r \u018fliyev Fondunun ali prinsipl\u0259rin\u0259 olan ictimai etimad\u0131n\u0131n m\u00fch\u00fcm g\u00f6st\u0259ricisidir. Mehriban xan\u0131m \u018fliyevan\u0131n t\u0259\u015f\u0259bb\u00fcs\u00fc il\u0259 2007-ci ilin may ay\u0131nda parlamentd\u0259 q\u0259bul edilmi\u015f amnistiya akt\u0131 \u00fcmummilli lider Heyd\u0259r \u018fliyevin humanist siyas\u0259tin\u0259 sadilqliyin bariz n\u00fcmun\u0259si idi. Amnistiya akt\u0131 d\u00fcnya \u00f6lk\u0259l\u0259ri, n\u00fcfuzlu beyn\u0259lxalq t\u0259\u015fkilatlar t\u0259r\u0259find\u0259n alq\u0131\u015flanm\u0131\u015fd\u0131r.<\/p>\n<p>\u00c7.Q\u0259nizad\u0259 deyib ki, Heyd\u0259r \u018fliyev Fondu \u0130kinci Qaraba\u011f m\u00fcharib\u0259sind\u0259 q\u0259l\u0259b\u0259miz\u0259 m\u00fch\u00fcm t\u00f6hf\u0259l\u0259r verib. Xalq\u0131n d\u00f6vl\u0259t ba\u015f\u00e7\u0131s\u0131 \u0259traf\u0131nda yumruq kimi birl\u0259\u015fm\u0259y\u0259 \u00e7a\u011f\u0131r\u0131lmas\u0131, c\u0259bh\u0259d\u0259 i\u015f\u011fal\u00e7\u0131lara qar\u015f\u0131 d\u00f6y\u00fc\u015f\u0259n, \u015f\u0259hid olan v\u0259 yaralanan \u0259sg\u0259r v\u0259 zabitl\u0259rin valideynl\u0259rin\u0259 h\u0259rt\u0259r\u0259fli d\u0259st\u0259k g\u00f6st\u0259rilm\u0259si tarixi Z\u0259f\u0259rimizi t\u0259min ed\u0259n amill\u0259rd\u0259n biridir: \u201cTorpaqlar\u0131m\u0131z i\u015f\u011faldan azad edildikd\u0259n sonra Birinci vitse-prezident, Heyd\u0259r \u018fliyev Fondunun prezidenti Mehriban \u018fliyev\u0259, Prezident \u0130lham \u018fliyevl\u0259 \u00e7iyin-\u00e7iyin\u0259 m\u00fct\u0259madi olaraq h\u0259min \u0259razil\u0259r\u0259 s\u0259f\u0259r etmi\u015f, erm\u0259nil\u0259r t\u0259r\u0259find\u0259n v\u0259h\u015fic\u0259sin\u0259 talan olunmu\u015f m\u0259d\u0259ni irsimizin, tarixi abid\u0259l\u0259rin b\u0259rpas\u0131n\u0131 \u00f6z \u00fcz\u0259rin\u0259 g\u00f6t\u00fcrm\u00fc\u015fd\u00fcr. Fondun t\u0259\u015f\u0259bb\u00fcs\u00fc il\u0259 azad edilmi\u015f torpaqlarda haz\u0131rda dini abid\u0259l\u0259rimizin \u0259sasl\u0131 t\u0259miri, b\u0259rpa edilm\u0259si v\u0259 in\u015fas\u0131 prosesin\u0259 start verilib. \u015eu\u015fa \u015f\u0259h\u0259rind\u0259 Yuxar\u0131 G\u00f6vh\u0259ra\u011fa, A\u015fa\u011f\u0131 G\u00f6vh\u0259ra\u011fa, Saatl\u0131 m\u0259scidl\u0259ri, A\u011fdam \u015f\u0259h\u0259r m\u0259scidi Heyd\u0259r \u018fliyev Fondu t\u0259r\u0259find\u0259n \u0259sasl\u0131 b\u0259rpa edilib, Z\u0259ngilan \u015f\u0259h\u0259r m\u0259scidi d\u0259 h\u0259m\u00e7inin. Eyni zamanda, Da\u015falt\u0131da, Hadrutda v\u0259 \u015eu\u015fa \u015f\u0259h\u0259rind\u0259 yeni m\u0259scidl\u0259rin tikintisi d\u0259 m\u0259hz Heyd\u0259r \u018fliyev Fondunun t\u0259\u015f\u0259bb\u00fcs\u00fc il\u0259 h\u0259yata ke\u00e7irilir. Heyd\u0259r \u018fliyev Fondu tarixi b\u0259rpa i\u015fl\u0259rind\u0259 d\u00f6vl\u0259t t\u0259r\u0259find\u0259n h\u0259yata ke\u00e7iril\u0259n layih\u0259l\u0259r\u0259 v\u0259t\u0259nda\u015f c\u0259miyy\u0259tinin \u00fczv\u00fc kimi \u00f6z d\u0259st\u0259yini g\u00f6st\u0259rir. Fondun prezidenti Mehriban xan\u0131m \u018fliyevan\u0131n g\u00f6st\u0259ri\u015fi il\u0259 regionda icras\u0131na ba\u015flan\u0131lan layih\u0259y\u0259 yerli m\u00fct\u0259x\u0259ssisl\u0259rl\u0259 yana\u015f\u0131, xarici ekspertl\u0259r d\u0259 d\u0259v\u0259t olunublar. Haz\u0131rda b\u0259rpa prosesin\u0259 Avstriya, B\u00f6y\u00fck Britaniya, Bolqar\u0131stan, \u0130taliya, Latviya, Rusiya, T\u00fcrkiy\u0259, G\u00fcrc\u00fcstan v\u0259 dig\u0259r \u00f6lk\u0259l\u0259rd\u0259n m\u00fct\u0259x\u0259ssisl\u0259r c\u0259lb edilib. Abid\u0259l\u0259rin yenid\u0259n qurulmas\u0131 zaman\u0131 onlar\u0131n ilkin simas\u0131n\u0131n pozulmamas\u0131 prinsipi \u0259sas g\u00f6t\u00fcr\u00fcl\u00fcr\u201d.<\/p>\n<p>\u201cBu g\u00fcn Heyd\u0259r \u018fliyev Fondu milyonlar\u0131n \u00fcmid, g\u00fcv\u0259nc yerin\u0259 \u00e7evrilib. V\u0259t\u0259n m\u00fcharib\u0259sind\u0259 \u015f\u0259hid olanlar\u0131n ail\u0259 \u00fczvl\u0259ri, u\u015faqlar\u0131, \u0259lill\u0259r, qazil\u0259r, m\u00fcharib\u0259 veteranlar\u0131, h\u0259m\u00e7inin imkans\u0131z ail\u0259l\u0259r fondun diqq\u0259t v\u0259 qay\u011fa\u0131s\u0131 il\u0259 tam \u0259hat\u0259 olunublar\u201d-dey\u0259 \u00c7.Q\u0259nizad\u0259 bildirib.<\/p>\n","protected":false},"excerpt":{"rendered":"<p>Heyd\u0259r \u018fliyev Fondunun f\u0259aliyy\u0259t\u0259 ba\u015flamas\u0131n\u0131n 20 ili tamam olur. Birinci vitse-prezident, Heyd\u0259r \u018fliyev Fondunun prezidenti, ICESCO-nun xo\u015fm\u0259raml\u0131 s\u0259firi Mehriban xan\u0131m \u018fliyevan\u0131n r\u0259hb\u0259rlik etdiyi fond f\u0259aliyy\u0259t\u0259 ba\u015flad\u0131\u011f\u0131 2004-c\u00fc il may ay\u0131n\u0131n 10-dan bu g\u00fcn\u0259 kimi-20 il \u0259rzind\u0259 insanp\u0259rv\u0259rlik, humanizm, insan h\u00fcquq v\u0259 azadl\u0131qlar\u0131n\u0131n etibarl\u0131 t\u0259minat\u0131s\u0131 kimi tan\u0131n\u0131b. Fondun yarad\u0131lmas\u0131 Heyd\u0259r \u018fliyevin xatir\u0259sin\u0259 xalq\u0131m\u0131z\u0131n ehtiram\u0131n\u0131 ifad\u0259 etm\u0259k arzusundan, onun z\u0259ngin m\u0259n\u0259vi irsini \u0259ks etdirm\u0259k, milli d\u00f6vl\u0259t\u00e7ilik ideyalar\u0131n\u0131 yeni n\u0259sill\u0259r\u0259 a\u015f\u0131lamaq z\u0259rur\u0259tind\u0259n ir\u0259li g\u0259lib. Ulu \u00f6nd\u0259r \u00f6z h\u0259yat\u0131n\u0131n m\u0259nas\u0131n\u0131 V\u0259t\u0259n\u0259 xidm\u0259t etm\u0259kd\u0259, xalq, mill\u0259t yolunda h\u0259r bir \u00e7\u0259tinliy\u0259 haz\u0131r olmaqda g\u00f6r\u00fcrd\u00fc. Onun ad\u0131n\u0131&hellip;<\/p>\n","protected":false},"author":2,"featured_media":720102,"comment_status":"closed","ping_status":"closed","sticky":false,"template":"","format":"standard","meta":{"om_disable_all_campaigns":false,"_monsterinsights_skip_tracking":false,"_monsterinsights_sitenote_active":false,"_monsterinsights_sitenote_note":"","_monsterinsights_sitenote_category":0},"categories":[19],"tags":[],"aioseo_notices":[],"gutentor_comment":0,"rttpg_featured_image_url":{"full":["https:\/\/arantv.az\/wp-content\/uploads\/2024\/05\/75ad43c2a92559052068559daa97178f.jpg",400,267,false],"landscape":["https:\/\/arantv.az\/wp-content\/uploads\/2024\/05\/75ad43c2a92559052068559daa97178f.jpg",400,267,false],"portraits":["https:\/\/arantv.az\/wp-content\/uploads\/2024\/05\/75ad43c2a92559052068559daa97178f.jpg",400,267,false],"thumbnail":["https:\/\/arantv.az\/wp-content\/uploads\/2024\/05\/75ad43c2a92559052068559daa97178f.jpg",400,267,false],"medium":["https:\/\/arantv.az\/wp-content\/uploads\/2024\/05\/75ad43c2a92559052068559daa97178f.jpg",400,267,false],"large":["https:\/\/arantv.az\/wp-content\/uploads\/2024\/05\/75ad43c2a92559052068559daa97178f.jpg",400,267,false],"1536x1536":["https:\/\/arantv.az\/wp-content\/uploads\/2024\/05\/75ad43c2a92559052068559daa97178f.jpg",400,267,false],"2048x2048":["https:\/\/arantv.az\/wp-content\/uploads\/2024\/05\/75ad43c2a92559052068559daa97178f.jpg",400,267,false],"post-thumbnail":["https:\/\/arantv.az\/wp-content\/uploads\/2024\/05\/75ad43c2a92559052068559daa97178f-240x172.jpg",240,172,true],"advps-thumb-one":["https:\/\/arantv.az\/wp-content\/uploads\/2024\/05\/75ad43c2a92559052068559daa97178f.jpg",400,267,false]},"rttpg_author":{"display_name":"V\u00fcsal Rafiqo\u011flu","author_link":"https:\/\/arantv.az\/?author=2"},"rttpg_comment":0,"rttpg_category":"<a href=\"https:\/\/arantv.az\/?cat=19\" rel=\"category\">G\u00fcnd\u0259m<\/a>","rttpg_excerpt":"Heyd\u0259r \u018fliyev Fondunun f\u0259aliyy\u0259t\u0259 ba\u015flamas\u0131n\u0131n 20 ili tamam olur. Birinci vitse-prezident, Heyd\u0259r \u018fliyev Fondunun prezidenti, ICESCO-nun xo\u015fm\u0259raml\u0131 s\u0259firi Mehriban xan\u0131m \u018fliyevan\u0131n r\u0259hb\u0259rlik etdiyi fond f\u0259aliyy\u0259t\u0259 ba\u015flad\u0131\u011f\u0131 2004-c\u00fc il may ay\u0131n\u0131n 10-dan bu g\u00fcn\u0259 kimi-20 il \u0259rzind\u0259 insanp\u0259rv\u0259rlik, humanizm, insan h\u00fcquq v\u0259 azadl\u0131qlar\u0131n\u0131n etibarl\u0131 t\u0259minat\u0131s\u0131 kimi tan\u0131n\u0131b. Fondun yarad\u0131lmas\u0131 Heyd\u0259r \u018fliyevin xatir\u0259sin\u0259 xalq\u0131m\u0131z\u0131n ehtiram\u0131n\u0131 ifad\u0259 etm\u0259k&hellip;","_links":{"self":[{"href":"https:\/\/arantv.az\/index.php?rest_route=\/wp\/v2\/posts\/720101"}],"collection":[{"href":"https:\/\/arantv.az\/index.php?rest_route=\/wp\/v2\/posts"}],"about":[{"href":"https:\/\/arantv.az\/index.php?rest_route=\/wp\/v2\/types\/post"}],"author":[{"embeddable":true,"href":"https:\/\/arantv.az\/index.php?rest_route=\/wp\/v2\/users\/2"}],"replies":[{"embeddable":true,"href":"https:\/\/arantv.az\/index.php?rest_route=%2Fwp%2Fv2%2Fcomments&post=720101"}],"version-history":[{"count":0,"href":"https:\/\/arantv.az\/index.php?rest_route=\/wp\/v2\/posts\/720101\/revisions"}],"wp:featuredmedia":[{"embeddable":true,"href":"https:\/\/arantv.az\/index.php?rest_route=\/wp\/v2\/media\/720102"}],"wp:attachment":[{"href":"https:\/\/arantv.az\/index.php?rest_route=%2Fwp%2Fv2%2Fmedia&parent=720101"}],"wp:term":[{"taxonomy":"category","embeddable":true,"href":"https:\/\/arantv.az\/index.php?rest_route=%2Fwp%2Fv2%2Fcategories&post=720101"},{"taxonomy":"post_tag","embeddable":true,"href":"https:\/\/arantv.az\/index.php?rest_route=%2Fwp%2Fv2%2Ftags&post=720101"}],"curies":[{"name":"wp","href":"https:\/\/api.w.org\/{rel}","templated":true}]}}