{"id":720460,"date":"2024-05-10T16:13:33","date_gmt":"2024-05-10T12:13:33","guid":{"rendered":"https:\/\/arantv.az\/?p=720460"},"modified":"2024-05-10T16:13:33","modified_gmt":"2024-05-10T12:13:33","slug":"ay-kimi-ay-may-kimi-may","status":"publish","type":"post","link":"https:\/\/arantv.az\/?p=720460","title":{"rendered":"AY K\u0130M\u0130 AY: May kimi May!"},"content":{"rendered":"<p><strong>Yen\u0259 aylardan mayd\u0131r: \u0259ziz ay, g\u00f6z\u0259l ay, ya\u015f\u0131l ay! &#8211; C\u00fcmhuriyy\u0259timizi elan etdiyimiz, \u00dcmummilli Liderimizin do\u011fuldu\u011fu, fa\u015fizm \u00fcz\u0259rind\u0259 q\u0259l\u0259b\u0259 \u00e7ald\u0131\u011f\u0131m\u0131z ay!<\/strong><\/p>\n<p><strong><img loading=\"lazy\" src=\"https:\/\/cdn.musavat.com\/news\/thumbnails\/c882bbd639ad423dd9cd5e09b192d592.jpg\" alt=\"L\u0130DER YEN\u0130.jpg (92 KB)\" width=\"700\" height=\"436\" \/><\/strong><\/p>\n<p>\u018fzizdir, g\u00f6z\u0259ldir &#8211; amma n\u0259 m\u00fcdd\u0259tdir bu ay \u00f6lk\u0259mizd\u0259 toylar\u0131n s\u0259ngiyini g\u00f6r\u00fcr\u00fck &#8211; k\u00f6k\u00fcnd\u0259n yanl\u0131\u015fd\u0131r; ax\u0131 may niy\u0259 toy edilm\u0259si yasaq ay olsun ki?! Toyu el\u0259 mayda ed\u0259rl\u0259r! &#8211; M\u0259g\u0259r haylar bu ay toy etm\u0259zmi\u015f (Allah a\u011fz\u0131m\u0131 \u0259ym\u0259sin, bizim camaat M\u0259h\u0259rr\u0259mlikd\u0259 toy etm\u0259diyi kimi)\u2026 &#8211; Haylar toy etmir &#8211; ba\u011f\u0131\u015flay\u0131n m\u0259ni, c\u0259h\u0259nn\u0259m\u0259 etsin, ondan biz\u0259 n\u0259?! N\u0259ymi\u015f, \u0259f\u0259ndim, guya 1915-ci il aprelin 24-d\u0259 \u201cerm\u0259ni soyq\u0131r\u0131m\u0131\u201d olubmu\u015f, onlar\u0131n olmayan \u201c40\u201d-\u0131 \u00e7\u0131x\u0131ncayad\u0259k d\u0259 toy etm\u0259zl\u0259rmi\u015f v\u0259 bu, soyxan\u0131 da bizim sad\u0259l\u00f6hv insanlar a\u011f\u0131na-bozuna baxmadan m\u0259nims\u0259yibmi\u015f\u2026 Sonra \u201c\u0259sl s\u0259b\u0259b\u201d unudulub, ancaq ad\u0259t qal\u0131b: mayda toy etm\u0259zl\u0259rmi\u015f! Qoy, tarix\u00e7il\u0259r, etnoqraflar, m\u0259rasim m\u00fct\u0259x\u0259ssisl\u0259ri daha d\u0259qiqini yazs\u0131n\/desin amma m\u0259n bel\u0259 e\u015fitmi\u015f\u0259m v\u0259 \u0259g\u0259r do\u011frudan da bel\u0259s\u0259, bacaran soyda\u015fkar\u0131m\u0131z m\u0259hz bu maydan etibar\u0259n toylara ba\u015flas\u0131n dey\u0259rdim! Olmayan bir \u201csoyq\u0131r\u0131m\u201da g\u00f6r\u0259 yadelli v\u0259 d\u0259 vandal bir tayfaq\u0131r\u0131\u011f\u0131n\u0131n \u201cqara g\u00fcn\u201d\u00fcn\u00fc, h\u0259l\u0259-h\u0259l\u0259 onun da \u201c40\u201d-n\u0131 g\u00f6zl\u0259m\u0259k biz\u0259mi qal\u0131b?!<\/p>\n<p><strong>\u00dcmumiyy\u0259tc\u0259 qaramatdan, yaslardan \u00e7\u0131xmaq laz\u0131md\u0131r!<\/strong><\/p>\n<p>B\u0259li, 20 Yanvar, 26 Fevral, 31 Mart, 27 Sentyabr kimi x\u00fcsusi g\u00fcnl\u0259rimizin \u00f6z d\u0259rinliyi var &#8211; q\u0259bulumuzdur; lakin biz m\u0259hz bu x\u00fcsusi g\u00fcnl\u0259rimizd\u0259ki \u015f\u0259hidl\u0259rin u\u011frunda qurban oldu\u011fu, dil\u0259kl\u0259rinin \u00e7i\u00e7\u0259kl\u0259diyi, ideallar\u0131n\u0131n g\u00fcl a\u00e7d\u0131\u011f\u0131, \u0259tir sa\u00e7d\u0131\u011f\u0131 m\u00f6ht\u0259\u015f\u0259m 8 Noyabr &#8211; Z\u0259f\u0259r G\u00fcn\u00fc olan xalq\u0131q! Bu xalq ba\u015f\u0131 dik, aln\u0131a\u00e7\u0131q g\u0259zm\u0259yi haqq edir!<\/p>\n<p><img loading=\"lazy\" src=\"https:\/\/cdn.musavat.com\/news\/thumbnails\/edd0ed40d798cd7e212d1a54cefd29d4.jpg\" alt=\"\u0130LHAM ESGER.jpg (246 KB)\" width=\"700\" height=\"402\" \/><\/p>\n<p>B\u0259li, 8 may (\u015eu\u015fan\u0131n i\u015f\u011fal g\u00fcn\u00fc), 18 may (La\u00e7\u0131n\u0131n i\u015f\u011fal g\u00fcn\u00fc) kimi qaramat g\u00fcnl\u0259r vard\u0131 &#8211; onlar da dig\u0259r qaramat g\u00fcnl\u0259r kimi bir 8 Noyabrla s\u0131radan \u00e7\u0131xd\u0131!<\/p>\n<p><strong>9 May, 10 May, 28 May &#8211; bu \u00fc\u00e7 m\u00f6ht\u0259\u015f\u0259m g\u00fcn 8 Noyabrdan sonra bir ba\u015fqa \u00fcf\u00fcq qazan\u0131b, h\u0259r \u00fc\u00e7 \u0259lam\u0259tdar g\u00fcn\u00fc art\u0131q \u00fcr\u0259kdolusu vur\u011fulaya bilirik!<\/strong><\/p>\n<p>T\u0259s\u0259vv\u00fcr edin: 8 may &#8211; \u015eu\u015fan\u0131n i\u015f\u011fal g\u00fcn\u00fcn\u00fcn k\u0259d\u0259rind\u0259n s\u0131yr\u0131lmam\u0131\u015f fa\u015fizm \u00fcz\u0259rind\u0259 q\u0259l\u0259b\u0259y\u0259 nec\u0259 \u00fcr\u0259kd\u0259n sevin\u0259rdik? Ax\u0131 o fa\u015fizm ki, biz XX y\u00fczilin sonu-XXI y\u00fczilin \u0259vv\u0259ll\u0259rind\u0259 m\u0259hz onun g\u00f6r\u00fcnm\u0259mi\u015f t\u0259zah\u00fcrl\u0259rin\u0259, vandall\u0131\u011f\u0131na m\u0259ruz qalm\u0131\u015fd\u0131q.<br \/>\n9 May -Fa\u015fist Almaniyas\u0131 \u00fcz\u0259rind\u0259 Q\u0259l\u0259b\u0259 G\u00fcn\u00fc kimi tarixl\u0259\u015fib &#8211; ba\u015fa d\u00fc\u015f\u00fcr\u00fck, ancaq biz 8 may da daxil olmaqla v\u0259 30 il boyunca \u201cya\u015fayan, b\u00f6y\u00fcy\u0259n erm\u0259ni fa\u015fizmi\u201dnin a\u011f\u0131r g\u00fcnl\u0259rini ya\u015fay\u0131rd\u0131q\u2026 3 milyonluq \u0259halimizin 600 mininin c\u0259bh\u0259l\u0259rd\u0259 d\u00f6y\u00fc\u015fd\u00fcy\u00fc, onun 300 mininin h\u0259lak (v\u0259 ya itkin) oldu\u011fu 1941-45-ci ill\u0259rin \u00f6z m\u0259na-m\u00fczakir\u0259si var;<\/p>\n<p>30 illik i\u015f\u011fal\u0131n v\u0259 minl\u0259rl\u0259 \u015f\u0259hidimizin, itkin, \u0259sir v\u0259 girov soyda\u015f\u0131m\u0131z\u0131n taleyinin d\u0259 \u00f6z m\u0259na-m\u0259suliyy\u0259ti var\u2026 Bu m\u00fczakir\u0259, m\u0259suliyy\u0259t v\u0259 m\u0259nalar bir parlaq G\u00fcn say\u0259sind\u0259, 8 Noyabr e\u015fqi il\u0259 ayd\u0131nl\u0131\u011fa, \u00e7\u00f6z\u00fcm\u0259 qovu\u015fdu! Nec\u0259 dey\u0259rl\u0259r, isti qucaqlardak\u0131 i\u015f\u011fal\u00e7\u0131 c\u00fcc\u0259l\u0259ri pay\u0131zda sayd\u0131q!<\/p>\n<p><strong>Biz May\u0131n ecaz\u0131na, \u015f\u00f6vq\u00fcn\u0259, z\u00f6vq-s\u0259fas\u0131na h\u0259mi\u015f\u0259 inanm\u0131\u015f\u0131q, t\u0259bi\u0259t inand\u0131r\u0131b, kainat inand\u0131r\u0131b, tarix inand\u0131r\u0131b, d\u0259d\u0259l\u0259rimiz inand\u0131r\u0131b!<\/strong><\/p>\n<p>Biz maya b\u00fct\u00fcn pozitivl\u0259ri yara\u015fd\u0131rma haqq\u0131na sahibik.<\/p>\n<p>Bax, Qalib \u00d6lk\u0259 v\u0259t\u0259nda\u015f\u0131 olmaq b\u00f6yl\u0259 bir haqq d\u0259xi tan\u0131r bizl\u0259r\u0259!<\/p>\n<p>Bu g\u00fcn \u00dcmummilli lider Heyd\u0259r \u018fliyevin anadan olmas\u0131n\u0131n 101-ci ild\u00f6n\u00fcm\u00fcd\u00fcr!<\/p>\n<p><img loading=\"lazy\" src=\"https:\/\/cdn.musavat.com\/news\/thumbnails\/f1e1f62ca75c760b04d835229e8facf5.jpg\" alt=\"HEYDER.jpeg (81 KB)\" width=\"700\" height=\"436\" \/><\/p>\n<p>\u00d6t\u0259n il 100 illik \u015fanl\u0131 yubileyi, Az\u0259rbaycanda \u201cHeyd\u0259r \u018fliyev \u0130li\u201dni b\u00f6y\u00fck m\u0259h\u0259bb\u0259tl\u0259 ke\u00e7irdik.<\/p>\n<p>\u00d6t\u0259n il m\u0259lum \u015fanl\u0131 v\u0259 undulmaz tarixi hadis\u0259l\u0259r\u0259 s\u0259hn\u0259 oldu! Ad\u0131n, \u00d6mr\u00fcn, \u0130lin k\u0259ram\u0259ti \u00f6z\u00fcn\u00fc g\u00f6st\u0259rdi! Bu ils\u0259, 10 May &#8211; \u0259razi b\u00fct\u00f6vl\u00fcy\u00fcn\u00fcn b\u0259rpa olunmas\u0131, suverenliyin t\u0259min olunmas\u0131, Qazax\u0131n k\u0259ndl\u0259rinin qaytar\u0131lma prosesinin ba\u015flanmas\u0131 kimi \u00f6n\u0259mli hadis\u0259l\u0259rin sevincin\u0259, q\u00fcruruna b\u0259l\u0259nib. Bax, Heyd\u0259r \u018fliyev bu \u015fanl\u0131 g\u00fcnl\u0259ri g\u00f6r\u00fcrd\u00fc, bilirdi, inan\u0131rd\u0131 v\u0259 bizi inand\u0131r\u0131rd\u0131! Zat\u0259n, inam olmas\u0131 ya\u015fama\u011f\u0131n bir m\u0259zmunu olmazd\u0131, formal olaraq ya\u015famaq ya\u015famaq deyil.<\/p>\n<p>Do\u011frudan da, inam &#8211; k\u0259skin q\u0131l\u0131cd\u0131r do\u011fray\u0131r, m\u00f6hk\u0259m qalxand\u0131r qoruyur!<\/p>\n<p><strong>Qar\u015f\u0131dan 28 May &#8211; D\u00f6vl\u0259t M\u00fcst\u0259qilliyi G\u00fcn\u00fcm\u00fcz g\u0259lir!<\/strong><\/p>\n<p>Qoy, bayram bayrama, sevinc sevinc\u0259, q\u00fcrur q\u00fcrura qar\u0131\u015fs\u0131n! Biz \u00e7\u0259kdiyimizi \u00e7\u0259kmi\u015fik, g\u0259l\u0259c\u0259k n\u0259sill\u0259r d\u0259rd \u00e7\u0259km\u0259sin \u015f\u0259kil \u00e7\u0259ksin &#8211; bir d\u0259, \u015f\u0259kil niy\u0259? &#8211; B\u00fct\u00f6v Az\u0259rbaycan\u0131n b\u00f6y\u00fck x\u0259rit\u0259sini \u00e7\u0259ksin!<\/p>\n<p><strong>D\u00d6VL\u018fT\u0130M\u0130Z ZAVAL G\u00d6RM\u018fS\u0130N!<\/strong><\/p>\n<p>Ankara, 10 may 2024<\/p>\n<h3>(\u00f6z\u0259l olaraq \u201cYeni M\u00fcsavat\u201d \u00fc\u00e7\u00fcn)<\/h3>\n<div class=\"news-author text-left\"><a href=\"https:\/\/musavat.com\/author\/ekber-qosali_162\"><img class=\"img-responsive img-author\" src=\"https:\/\/cdn.musavat.com\/authors\/thumbnails\/336d8cc81c306b1767ed671548b9f182.jpeg\" \/>\u018fkb\u0259r Qo\u015fal\u0131<\/a><\/div>\n","protected":false},"excerpt":{"rendered":"<p>Yen\u0259 aylardan mayd\u0131r: \u0259ziz ay, g\u00f6z\u0259l ay, ya\u015f\u0131l ay! &#8211; C\u00fcmhuriyy\u0259timizi elan etdiyimiz, \u00dcmummilli Liderimizin do\u011fuldu\u011fu, fa\u015fizm \u00fcz\u0259rind\u0259 q\u0259l\u0259b\u0259 \u00e7ald\u0131\u011f\u0131m\u0131z ay! \u018fzizdir, g\u00f6z\u0259ldir &#8211; amma n\u0259 m\u00fcdd\u0259tdir bu ay \u00f6lk\u0259mizd\u0259 toylar\u0131n s\u0259ngiyini g\u00f6r\u00fcr\u00fck &#8211; k\u00f6k\u00fcnd\u0259n yanl\u0131\u015fd\u0131r; ax\u0131 may niy\u0259 toy edilm\u0259si yasaq ay olsun ki?! Toyu el\u0259 mayda ed\u0259rl\u0259r! &#8211; M\u0259g\u0259r haylar bu ay toy etm\u0259zmi\u015f (Allah a\u011fz\u0131m\u0131 \u0259ym\u0259sin, bizim camaat M\u0259h\u0259rr\u0259mlikd\u0259 toy etm\u0259diyi kimi)\u2026 &#8211; Haylar toy etmir &#8211; ba\u011f\u0131\u015flay\u0131n m\u0259ni, c\u0259h\u0259nn\u0259m\u0259 etsin, ondan biz\u0259 n\u0259?! N\u0259ymi\u015f, \u0259f\u0259ndim, guya 1915-ci il aprelin 24-d\u0259 \u201cerm\u0259ni soyq\u0131r\u0131m\u0131\u201d olubmu\u015f, onlar\u0131n olmayan \u201c40\u201d-\u0131&hellip;<\/p>\n","protected":false},"author":2,"featured_media":720461,"comment_status":"closed","ping_status":"closed","sticky":false,"template":"","format":"standard","meta":{"om_disable_all_campaigns":false,"_monsterinsights_skip_tracking":false,"_monsterinsights_sitenote_active":false,"_monsterinsights_sitenote_note":"","_monsterinsights_sitenote_category":0},"categories":[19],"tags":[],"aioseo_notices":[],"gutentor_comment":0,"rttpg_featured_image_url":{"full":["https:\/\/arantv.az\/wp-content\/uploads\/2024\/05\/b264808440df979f751981b063f8995a.jpg",850,500,false],"landscape":["https:\/\/arantv.az\/wp-content\/uploads\/2024\/05\/b264808440df979f751981b063f8995a.jpg",850,500,false],"portraits":["https:\/\/arantv.az\/wp-content\/uploads\/2024\/05\/b264808440df979f751981b063f8995a.jpg",850,500,false],"thumbnail":["https:\/\/arantv.az\/wp-content\/uploads\/2024\/05\/b264808440df979f751981b063f8995a-500x280.jpg",500,280,true],"medium":["https:\/\/arantv.az\/wp-content\/uploads\/2024\/05\/b264808440df979f751981b063f8995a-621x365.jpg",621,365,true],"large":["https:\/\/arantv.az\/wp-content\/uploads\/2024\/05\/b264808440df979f751981b063f8995a-840x494.jpg",640,376,true],"1536x1536":["https:\/\/arantv.az\/wp-content\/uploads\/2024\/05\/b264808440df979f751981b063f8995a.jpg",850,500,false],"2048x2048":["https:\/\/arantv.az\/wp-content\/uploads\/2024\/05\/b264808440df979f751981b063f8995a.jpg",850,500,false],"post-thumbnail":["https:\/\/arantv.az\/wp-content\/uploads\/2024\/05\/b264808440df979f751981b063f8995a-240x172.jpg",240,172,true],"advps-thumb-one":["https:\/\/arantv.az\/wp-content\/uploads\/2024\/05\/b264808440df979f751981b063f8995a.jpg",850,500,false]},"rttpg_author":{"display_name":"V\u00fcsal Rafiqo\u011flu","author_link":"https:\/\/arantv.az\/?author=2"},"rttpg_comment":0,"rttpg_category":"<a href=\"https:\/\/arantv.az\/?cat=19\" rel=\"category\">G\u00fcnd\u0259m<\/a>","rttpg_excerpt":"Yen\u0259 aylardan mayd\u0131r: \u0259ziz ay, g\u00f6z\u0259l ay, ya\u015f\u0131l ay! &#8211; C\u00fcmhuriyy\u0259timizi elan etdiyimiz, \u00dcmummilli Liderimizin do\u011fuldu\u011fu, fa\u015fizm \u00fcz\u0259rind\u0259 q\u0259l\u0259b\u0259 \u00e7ald\u0131\u011f\u0131m\u0131z ay! \u018fzizdir, g\u00f6z\u0259ldir &#8211; amma n\u0259 m\u00fcdd\u0259tdir bu ay \u00f6lk\u0259mizd\u0259 toylar\u0131n s\u0259ngiyini g\u00f6r\u00fcr\u00fck &#8211; k\u00f6k\u00fcnd\u0259n yanl\u0131\u015fd\u0131r; ax\u0131 may niy\u0259 toy edilm\u0259si yasaq ay olsun ki?! Toyu el\u0259 mayda ed\u0259rl\u0259r! &#8211; M\u0259g\u0259r haylar bu ay toy&hellip;","_links":{"self":[{"href":"https:\/\/arantv.az\/index.php?rest_route=\/wp\/v2\/posts\/720460"}],"collection":[{"href":"https:\/\/arantv.az\/index.php?rest_route=\/wp\/v2\/posts"}],"about":[{"href":"https:\/\/arantv.az\/index.php?rest_route=\/wp\/v2\/types\/post"}],"author":[{"embeddable":true,"href":"https:\/\/arantv.az\/index.php?rest_route=\/wp\/v2\/users\/2"}],"replies":[{"embeddable":true,"href":"https:\/\/arantv.az\/index.php?rest_route=%2Fwp%2Fv2%2Fcomments&post=720460"}],"version-history":[{"count":0,"href":"https:\/\/arantv.az\/index.php?rest_route=\/wp\/v2\/posts\/720460\/revisions"}],"wp:featuredmedia":[{"embeddable":true,"href":"https:\/\/arantv.az\/index.php?rest_route=\/wp\/v2\/media\/720461"}],"wp:attachment":[{"href":"https:\/\/arantv.az\/index.php?rest_route=%2Fwp%2Fv2%2Fmedia&parent=720460"}],"wp:term":[{"taxonomy":"category","embeddable":true,"href":"https:\/\/arantv.az\/index.php?rest_route=%2Fwp%2Fv2%2Fcategories&post=720460"},{"taxonomy":"post_tag","embeddable":true,"href":"https:\/\/arantv.az\/index.php?rest_route=%2Fwp%2Fv2%2Ftags&post=720460"}],"curies":[{"name":"wp","href":"https:\/\/api.w.org\/{rel}","templated":true}]}}