{"id":720543,"date":"2024-05-10T19:25:26","date_gmt":"2024-05-10T15:25:26","guid":{"rendered":"https:\/\/arantv.az\/?p=720543"},"modified":"2024-05-10T19:25:26","modified_gmt":"2024-05-10T15:25:26","slug":"ilham-%c9%99liyev-v%c9%99-mehriban-%c9%99liyeva-col-qala-m%c9%99scidind%c9%99-aparilan-b%c9%99rpa-isl%c9%99ri-il%c9%99-tanis-olublar-yenil%c9%99nib-foto","status":"publish","type":"post","link":"https:\/\/arantv.az\/?p=720543","title":{"rendered":"\u0130lham \u018fliyev v\u0259 Mehriban \u018fliyeva \u00c7\u00f6l Qala m\u0259scidind\u0259 apar\u0131lan b\u0259rpa i\u015fl\u0259ri il\u0259 tan\u0131\u015f olublar &#8211; YEN\u0130L\u018fN\u0130B+ FOTO"},"content":{"rendered":"<p>Az\u0259rbaycan Respublikas\u0131n\u0131n Prezidenti\u00a0<strong>\u0130lham \u018fliyev<\/strong>\u00a0v\u0259 Birinci vitse-prezident\u00a0<strong>Mehriban \u018fliyeva\u00a0<\/strong>\u015eu\u015fada \u00c7\u00f6l Qala m\u0259scidind\u0259 apar\u0131lan b\u0259rpa i\u015fl\u0259ri il\u0259 tan\u0131\u015f olublar.<\/p>\n<p><a href=\"https:\/\/azertag.az\/xeber\/susada_chol_qala_mescidinde_aparilan_berpa_isleri_ile_tanisliq_yenilenib-2994922\" target=\"_blank\" rel=\"noopener\">AZ\u018fRTAC<\/a>\u00a0x\u0259b\u0259r verir ki, Az\u0259rbaycan Respublikas\u0131 Prezidentinin k\u00f6m\u0259k\u00e7isi Anar \u018fl\u0259kb\u0259rov d\u00f6vl\u0259timizin ba\u015f\u00e7\u0131s\u0131na v\u0259 birinci xan\u0131ma g\u00f6r\u00fcl\u0259n i\u015fl\u0259r bar\u0259d\u0259 m\u0259lumat verdi.<\/p>\n<p>Bildirilib ki, Heyd\u0259r \u018fliyev Fondu \u015eu\u015fada daha bir tarixi abid\u0259nin &#8211; \u00c7\u00f6l Qala m\u0259scidinin b\u0259rpas\u0131 layih\u0259sini h\u0259yata ke\u00e7irir. \u201cPA\u015eA Holdinq\u201din d\u0259st\u0259yi il\u0259 apar\u0131lan b\u0259rpa i\u015fl\u0259rin\u0259 2023-c\u00fc ild\u0259n ba\u015flan\u0131l\u0131b.<\/p>\n<p>\u00c7\u00f6l Qala m\u0259scidi XIX \u0259srd\u0259 \u015eu\u015fa \u015f\u0259h\u0259rind\u0259 f\u0259aliyy\u0259t g\u00f6st\u0259r\u0259n 17 m\u0259scidd\u0259n biri olub. M\u0259scid \u015eu\u015fa \u015f\u0259h\u0259rinin yuxar\u0131 m\u0259h\u0259ll\u0259l\u0259rin\u0259 daxil olan \u00c7\u00f6l Qala m\u0259h\u0259ll\u0259sinin Qas\u0131m b\u0259y Zakir k\u00fc\u00e7\u0259sind\u0259 yerl\u0259\u015fir. Bu tarixi abid\u0259 XIX \u0259srd\u0259 K\u0259rb\u0259layi S\u0259fixan Qaraba\u011fi t\u0259r\u0259find\u0259n in\u015fa olunub. M\u0259scid minar\u0259siz formada tikilib, \u015eu\u015fa \u015f\u0259h\u0259rinin \u0259ks\u0259r m\u0259scidl\u0259ri kimi d\u00fczbucaql\u0131, \u00fcmumi giri\u015fi is\u0259 asimmetrik \u015f\u0259kild\u0259 d\u00fcz\u00fclm\u00fc\u015f \u0259sas fasaddan ibar\u0259t olub.<\/p>\n<p>\u00c7\u00f6l Qala m\u0259scidinin interyeri tamamil\u0259 \u0130slam memarl\u0131\u011f\u0131na uy\u011fundur. M\u0259scidin daxili hiss\u0259si s\u0259kkizgu\u015f\u0259li d\u00f6rd da\u015f s\u00fctunla b\u0259z\u0259dilib. Bu s\u00fctunlar \u00fcmumi ibad\u0259t zal\u0131n\u0131 \u00fc\u00e7 hiss\u0259y\u0259 ay\u0131r\u0131r. M\u0259scidin mehrab\u0131 il\u0259 \u00fczb\u0259\u00fcz \u00fcmumi ibad\u0259t zal\u0131n\u0131n i\u00e7\u0259risind\u0259 qad\u0131nlar \u00fc\u00e7\u00fcn a\u00e7\u0131q ibad\u0259t zal\u0131 tikilib.<\/p>\n<p>M\u0259scid \u015eu\u015fa \u015f\u0259h\u0259rinin i\u015f\u011fal\u0131ndan sonra erm\u0259nil\u0259r t\u0259r\u0259find\u0259n da\u011f\u0131d\u0131l\u0131b v\u0259 talan edilib.<\/p>\n<p>\u00c7\u00f6l Qala m\u0259scidinin yax\u0131nl\u0131\u011f\u0131nda is\u0259 XIX \u0259sr\u0259 aid \u00c7\u00f6l Qala bula\u011f\u0131 yerl\u0259\u015fir. Bula\u011f\u0131n divarlar\u0131 d\u00f6rdbucaq formas\u0131nda olub v\u0259 yax\u0131nl\u0131\u011f\u0131nda yerl\u0259\u015f\u0259n m\u0259scidl\u0259rin \u00fcslubunda tikilib. \u0130\u015f\u011fal d\u00f6vr\u00fcnd\u0259 bulaq da da\u011f\u0131d\u0131l\u0131b, da\u015f kitab\u0259l\u0259ri m\u0259hv edilib.<\/p>\n<p><strong>15:05<\/strong><\/p>\n<p>Az\u0259rbaycan Respublikas\u0131n\u0131n Prezidenti\u00a0<strong>\u0130lham \u018fliyev<\/strong>\u00a0v\u0259 birinci xan\u0131m\u00a0<strong>Mehriban \u018fliyeva\u00a0<\/strong>\u015eu\u015fada \u00c7\u00f6l Qala m\u0259scidind\u0259 apar\u0131lan b\u0259rpa i\u015fl\u0259ri il\u0259 tan\u0131\u015f olublar.<\/p>\n<p>Bu bar\u0259d\u0259\u00a0<a href=\"https:\/\/azertag.az\/xeber\/susada_chol_qala_mescidinde_aparilan_berpa_isleri_ile_tanisliq__yenilenecek-2994922\" target=\"_blank\" rel=\"noopener\">AZ\u018fRTAC<\/a>\u00a0m\u0259lumat yay\u0131b.<\/p>\n<p>&nbsp;<\/p>\n<div class=\"gallery\">\n<div class=\"gallery-i\"><img src=\"https:\/\/cdn.oxu.az\/uploads\/W1siZiIsIjIwMjQvMDUvMTAvMTUvNTUvNTMvYzQ0YjFjNDItOTBkOC00Mzg3LTk5M2UtY2UzN2M5MmNiNmRiLzMuanBnIl0sWyJwIiwiZW5jb2RlIiwianBnIiwiLXF1YWxpdHkgODAiXSxbInAiLCJ0aHVtYiIsIjU5MHg1OTBcdTAwM2UiXV0?sha=c95a2566d6b39029\" alt=\"\" \/><\/p>\n<div class=\"gallery-i-caption\"><\/div>\n<\/div>\n<div class=\"gallery-i\"><img src=\"https:\/\/cdn.oxu.az\/uploads\/W1siZiIsIjIwMjQvMDUvMTAvMTUvNTUvNTQvNDZlMTEzODgtYTI5Ni00NjhmLWJkOTUtOTg0NjgxMjY4YWUzLzQuanBnIl0sWyJwIiwiZW5jb2RlIiwianBnIiwiLXF1YWxpdHkgODAiXSxbInAiLCJ0aHVtYiIsIjU5MHg1OTBcdTAwM2UiXV0?sha=bfcfead6aff87962\" alt=\"\" \/><\/div>\n<\/div>\n","protected":false},"excerpt":{"rendered":"<p>Az\u0259rbaycan Respublikas\u0131n\u0131n Prezidenti\u00a0\u0130lham \u018fliyev\u00a0v\u0259 Birinci vitse-prezident\u00a0Mehriban \u018fliyeva\u00a0\u015eu\u015fada \u00c7\u00f6l Qala m\u0259scidind\u0259 apar\u0131lan b\u0259rpa i\u015fl\u0259ri il\u0259 tan\u0131\u015f olublar. AZ\u018fRTAC\u00a0x\u0259b\u0259r verir ki, Az\u0259rbaycan Respublikas\u0131 Prezidentinin k\u00f6m\u0259k\u00e7isi Anar \u018fl\u0259kb\u0259rov d\u00f6vl\u0259timizin ba\u015f\u00e7\u0131s\u0131na v\u0259 birinci xan\u0131ma g\u00f6r\u00fcl\u0259n i\u015fl\u0259r bar\u0259d\u0259 m\u0259lumat verdi. Bildirilib ki, Heyd\u0259r \u018fliyev Fondu \u015eu\u015fada daha bir tarixi abid\u0259nin &#8211; \u00c7\u00f6l Qala m\u0259scidinin b\u0259rpas\u0131 layih\u0259sini h\u0259yata ke\u00e7irir. \u201cPA\u015eA Holdinq\u201din d\u0259st\u0259yi il\u0259 apar\u0131lan b\u0259rpa i\u015fl\u0259rin\u0259 2023-c\u00fc ild\u0259n ba\u015flan\u0131l\u0131b. \u00c7\u00f6l Qala m\u0259scidi XIX \u0259srd\u0259 \u015eu\u015fa \u015f\u0259h\u0259rind\u0259 f\u0259aliyy\u0259t g\u00f6st\u0259r\u0259n 17 m\u0259scidd\u0259n biri olub. M\u0259scid \u015eu\u015fa \u015f\u0259h\u0259rinin yuxar\u0131 m\u0259h\u0259ll\u0259l\u0259rin\u0259 daxil olan \u00c7\u00f6l Qala m\u0259h\u0259ll\u0259sinin Qas\u0131m b\u0259y Zakir k\u00fc\u00e7\u0259sind\u0259&hellip;<\/p>\n","protected":false},"author":2,"featured_media":720544,"comment_status":"closed","ping_status":"closed","sticky":false,"template":"","format":"standard","meta":{"om_disable_all_campaigns":false,"_monsterinsights_skip_tracking":false,"_monsterinsights_sitenote_active":false,"_monsterinsights_sitenote_note":"","_monsterinsights_sitenote_category":0},"categories":[4],"tags":[],"aioseo_notices":[],"gutentor_comment":0,"rttpg_featured_image_url":{"full":["https:\/\/arantv.az\/wp-content\/uploads\/2024\/05\/5-4.jpg",620,413,false],"landscape":["https:\/\/arantv.az\/wp-content\/uploads\/2024\/05\/5-4.jpg",620,413,false],"portraits":["https:\/\/arantv.az\/wp-content\/uploads\/2024\/05\/5-4.jpg",620,413,false],"thumbnail":["https:\/\/arantv.az\/wp-content\/uploads\/2024\/05\/5-4-500x280.jpg",500,280,true],"medium":["https:\/\/arantv.az\/wp-content\/uploads\/2024\/05\/5-4-548x365.jpg",548,365,true],"large":["https:\/\/arantv.az\/wp-content\/uploads\/2024\/05\/5-4.jpg",620,413,false],"1536x1536":["https:\/\/arantv.az\/wp-content\/uploads\/2024\/05\/5-4.jpg",620,413,false],"2048x2048":["https:\/\/arantv.az\/wp-content\/uploads\/2024\/05\/5-4.jpg",620,413,false],"post-thumbnail":["https:\/\/arantv.az\/wp-content\/uploads\/2024\/05\/5-4-240x172.jpg",240,172,true],"advps-thumb-one":["https:\/\/arantv.az\/wp-content\/uploads\/2024\/05\/5-4.jpg",620,413,false]},"rttpg_author":{"display_name":"V\u00fcsal Rafiqo\u011flu","author_link":"https:\/\/arantv.az\/?author=2"},"rttpg_comment":0,"rttpg_category":"<a href=\"https:\/\/arantv.az\/?cat=4\" rel=\"category\">Siyas\u0259t<\/a>","rttpg_excerpt":"Az\u0259rbaycan Respublikas\u0131n\u0131n Prezidenti\u00a0\u0130lham \u018fliyev\u00a0v\u0259 Birinci vitse-prezident\u00a0Mehriban \u018fliyeva\u00a0\u015eu\u015fada \u00c7\u00f6l Qala m\u0259scidind\u0259 apar\u0131lan b\u0259rpa i\u015fl\u0259ri il\u0259 tan\u0131\u015f olublar. AZ\u018fRTAC\u00a0x\u0259b\u0259r verir ki, Az\u0259rbaycan Respublikas\u0131 Prezidentinin k\u00f6m\u0259k\u00e7isi Anar \u018fl\u0259kb\u0259rov d\u00f6vl\u0259timizin ba\u015f\u00e7\u0131s\u0131na v\u0259 birinci xan\u0131ma g\u00f6r\u00fcl\u0259n i\u015fl\u0259r bar\u0259d\u0259 m\u0259lumat verdi. Bildirilib ki, Heyd\u0259r \u018fliyev Fondu \u015eu\u015fada daha bir tarixi abid\u0259nin &#8211; \u00c7\u00f6l Qala m\u0259scidinin b\u0259rpas\u0131 layih\u0259sini h\u0259yata ke\u00e7irir. \u201cPA\u015eA Holdinq\u201din&hellip;","_links":{"self":[{"href":"https:\/\/arantv.az\/index.php?rest_route=\/wp\/v2\/posts\/720543"}],"collection":[{"href":"https:\/\/arantv.az\/index.php?rest_route=\/wp\/v2\/posts"}],"about":[{"href":"https:\/\/arantv.az\/index.php?rest_route=\/wp\/v2\/types\/post"}],"author":[{"embeddable":true,"href":"https:\/\/arantv.az\/index.php?rest_route=\/wp\/v2\/users\/2"}],"replies":[{"embeddable":true,"href":"https:\/\/arantv.az\/index.php?rest_route=%2Fwp%2Fv2%2Fcomments&post=720543"}],"version-history":[{"count":0,"href":"https:\/\/arantv.az\/index.php?rest_route=\/wp\/v2\/posts\/720543\/revisions"}],"wp:featuredmedia":[{"embeddable":true,"href":"https:\/\/arantv.az\/index.php?rest_route=\/wp\/v2\/media\/720544"}],"wp:attachment":[{"href":"https:\/\/arantv.az\/index.php?rest_route=%2Fwp%2Fv2%2Fmedia&parent=720543"}],"wp:term":[{"taxonomy":"category","embeddable":true,"href":"https:\/\/arantv.az\/index.php?rest_route=%2Fwp%2Fv2%2Fcategories&post=720543"},{"taxonomy":"post_tag","embeddable":true,"href":"https:\/\/arantv.az\/index.php?rest_route=%2Fwp%2Fv2%2Ftags&post=720543"}],"curies":[{"name":"wp","href":"https:\/\/api.w.org\/{rel}","templated":true}]}}