{"id":720546,"date":"2024-05-10T19:26:01","date_gmt":"2024-05-10T15:26:01","guid":{"rendered":"https:\/\/arantv.az\/?p=720546"},"modified":"2024-05-10T19:26:01","modified_gmt":"2024-05-10T15:26:01","slug":"prezident-ulu-ond%c9%99rin-f%c9%99aliyy%c9%99ti-n%c9%99tic%c9%99sind%c9%99-biz-inkisaf-yoluna-q%c9%99d%c9%99m-qoyduq","status":"publish","type":"post","link":"https:\/\/arantv.az\/?p=720546","title":{"rendered":"Prezident: \u201cUlu \u00f6nd\u0259rin f\u0259aliyy\u0259ti n\u0259tic\u0259sind\u0259 biz inki\u015faf yoluna q\u0259d\u0259m qoyduq\u201d"},"content":{"rendered":"<p>\u201cMay\u0131n 10-u h\u0259r birimiz \u00fc\u00e7\u00fcn, t\u0259bii ki, m\u0259nim \u00fc\u00e7\u00fcn \u0259ziz g\u00fcnd\u00fcr &#8211; Ulu \u00d6nd\u0259rin do\u011fum g\u00fcn\u00fcd\u00fcr. Onun \u0259n b\u00f6y\u00fck arzusu bu reall\u0131qlar\u0131 g\u00f6rm\u0259k idi, i\u015f\u011fala son qoymaq idi v\u0259 m\u0259hz onun f\u0259aliyy\u0259ti n\u0259tic\u0259sind\u0259 biz inki\u015faf yoluna q\u0259d\u0259m qoyduq\u201d.<\/p>\n<p><a href=\"https:\/\/azertag.az\/xeber\/prezident_ilham_eliyev_ulu_onderin_fealiyyeti_neticesinde_biz_inkisaf_yoluna_qedem_qoyduq-2995790\" target=\"_blank\" rel=\"noopener\">AZ\u018fRTAC<\/a>\u00a0x\u0259b\u0259r verir ki, Prezident\u00a0<strong>\u0130lham \u018fliyev<\/strong>\u00a0bu s\u00f6zl\u0259ri \u015eu\u015faya qay\u0131dan ilk sakinl\u0259r\u0259 m\u0259nzill\u0259rinin a\u00e7arlar\u0131n\u0131n t\u0259qdim edilm\u0259si m\u0259rasimind\u0259 \u00e7\u0131x\u0131\u015f\u0131 zaman\u0131 s\u00f6yl\u0259yib.<\/p>\n<p>\u201cAz\u0259rbaycan xalq\u0131n\u0131n b\u00f6y\u00fckl\u00fcy\u00fc bir daha 1993-c\u00fc ild\u0259 \u00f6z\u00fcn\u00fc g\u00f6st\u0259rdi. Xalq Ulu \u00d6nd\u0259r\u0259 m\u00fcraci\u0259t edib onu hakimiyy\u0259t\u0259 d\u0259v\u0259t etdi. \u00c7\u00fcnki Az\u0259rbaycan xalq\u0131 bilirdi ki, o b\u0259ladan onu ancaq Heyd\u0259r \u018fliyev qurtara bil\u0259r\u201d, &#8211; dey\u0259 d\u00f6vl\u0259timizin ba\u015f\u00e7\u0131s\u0131 bildirib.<\/p>\n","protected":false},"excerpt":{"rendered":"<p>\u201cMay\u0131n 10-u h\u0259r birimiz \u00fc\u00e7\u00fcn, t\u0259bii ki, m\u0259nim \u00fc\u00e7\u00fcn \u0259ziz g\u00fcnd\u00fcr &#8211; Ulu \u00d6nd\u0259rin do\u011fum g\u00fcn\u00fcd\u00fcr. Onun \u0259n b\u00f6y\u00fck arzusu bu reall\u0131qlar\u0131 g\u00f6rm\u0259k idi, i\u015f\u011fala son qoymaq idi v\u0259 m\u0259hz onun f\u0259aliyy\u0259ti n\u0259tic\u0259sind\u0259 biz inki\u015faf yoluna q\u0259d\u0259m qoyduq\u201d. AZ\u018fRTAC\u00a0x\u0259b\u0259r verir ki, Prezident\u00a0\u0130lham \u018fliyev\u00a0bu s\u00f6zl\u0259ri \u015eu\u015faya qay\u0131dan ilk sakinl\u0259r\u0259 m\u0259nzill\u0259rinin a\u00e7arlar\u0131n\u0131n t\u0259qdim edilm\u0259si m\u0259rasimind\u0259 \u00e7\u0131x\u0131\u015f\u0131 zaman\u0131 s\u00f6yl\u0259yib. \u201cAz\u0259rbaycan xalq\u0131n\u0131n b\u00f6y\u00fckl\u00fcy\u00fc bir daha 1993-c\u00fc ild\u0259 \u00f6z\u00fcn\u00fc g\u00f6st\u0259rdi. Xalq Ulu \u00d6nd\u0259r\u0259 m\u00fcraci\u0259t edib onu hakimiyy\u0259t\u0259 d\u0259v\u0259t etdi. \u00c7\u00fcnki Az\u0259rbaycan xalq\u0131 bilirdi ki, o b\u0259ladan onu ancaq Heyd\u0259r \u018fliyev qurtara bil\u0259r\u201d, &#8211; dey\u0259 d\u00f6vl\u0259timizin&hellip;<\/p>\n","protected":false},"author":2,"featured_media":720547,"comment_status":"closed","ping_status":"closed","sticky":false,"template":"","format":"standard","meta":{"om_disable_all_campaigns":false,"_monsterinsights_skip_tracking":false,"_monsterinsights_sitenote_active":false,"_monsterinsights_sitenote_note":"","_monsterinsights_sitenote_category":0},"categories":[4],"tags":[],"aioseo_notices":[],"gutentor_comment":0,"rttpg_featured_image_url":{"full":["https:\/\/arantv.az\/wp-content\/uploads\/2024\/05\/16106968344284060494_1000x669.jpg",620,413,false],"landscape":["https:\/\/arantv.az\/wp-content\/uploads\/2024\/05\/16106968344284060494_1000x669.jpg",620,413,false],"portraits":["https:\/\/arantv.az\/wp-content\/uploads\/2024\/05\/16106968344284060494_1000x669.jpg",620,413,false],"thumbnail":["https:\/\/arantv.az\/wp-content\/uploads\/2024\/05\/16106968344284060494_1000x669-500x280.jpg",500,280,true],"medium":["https:\/\/arantv.az\/wp-content\/uploads\/2024\/05\/16106968344284060494_1000x669-548x365.jpg",548,365,true],"large":["https:\/\/arantv.az\/wp-content\/uploads\/2024\/05\/16106968344284060494_1000x669.jpg",620,413,false],"1536x1536":["https:\/\/arantv.az\/wp-content\/uploads\/2024\/05\/16106968344284060494_1000x669.jpg",620,413,false],"2048x2048":["https:\/\/arantv.az\/wp-content\/uploads\/2024\/05\/16106968344284060494_1000x669.jpg",620,413,false],"post-thumbnail":["https:\/\/arantv.az\/wp-content\/uploads\/2024\/05\/16106968344284060494_1000x669-240x172.jpg",240,172,true],"advps-thumb-one":["https:\/\/arantv.az\/wp-content\/uploads\/2024\/05\/16106968344284060494_1000x669.jpg",620,413,false]},"rttpg_author":{"display_name":"V\u00fcsal Rafiqo\u011flu","author_link":"https:\/\/arantv.az\/?author=2"},"rttpg_comment":0,"rttpg_category":"<a href=\"https:\/\/arantv.az\/?cat=4\" rel=\"category\">Siyas\u0259t<\/a>","rttpg_excerpt":"\u201cMay\u0131n 10-u h\u0259r birimiz \u00fc\u00e7\u00fcn, t\u0259bii ki, m\u0259nim \u00fc\u00e7\u00fcn \u0259ziz g\u00fcnd\u00fcr &#8211; Ulu \u00d6nd\u0259rin do\u011fum g\u00fcn\u00fcd\u00fcr. Onun \u0259n b\u00f6y\u00fck arzusu bu reall\u0131qlar\u0131 g\u00f6rm\u0259k idi, i\u015f\u011fala son qoymaq idi v\u0259 m\u0259hz onun f\u0259aliyy\u0259ti n\u0259tic\u0259sind\u0259 biz inki\u015faf yoluna q\u0259d\u0259m qoyduq\u201d. AZ\u018fRTAC\u00a0x\u0259b\u0259r verir ki, Prezident\u00a0\u0130lham \u018fliyev\u00a0bu s\u00f6zl\u0259ri \u015eu\u015faya qay\u0131dan ilk sakinl\u0259r\u0259 m\u0259nzill\u0259rinin a\u00e7arlar\u0131n\u0131n t\u0259qdim edilm\u0259si m\u0259rasimind\u0259 \u00e7\u0131x\u0131\u015f\u0131 zaman\u0131&hellip;","_links":{"self":[{"href":"https:\/\/arantv.az\/index.php?rest_route=\/wp\/v2\/posts\/720546"}],"collection":[{"href":"https:\/\/arantv.az\/index.php?rest_route=\/wp\/v2\/posts"}],"about":[{"href":"https:\/\/arantv.az\/index.php?rest_route=\/wp\/v2\/types\/post"}],"author":[{"embeddable":true,"href":"https:\/\/arantv.az\/index.php?rest_route=\/wp\/v2\/users\/2"}],"replies":[{"embeddable":true,"href":"https:\/\/arantv.az\/index.php?rest_route=%2Fwp%2Fv2%2Fcomments&post=720546"}],"version-history":[{"count":0,"href":"https:\/\/arantv.az\/index.php?rest_route=\/wp\/v2\/posts\/720546\/revisions"}],"wp:featuredmedia":[{"embeddable":true,"href":"https:\/\/arantv.az\/index.php?rest_route=\/wp\/v2\/media\/720547"}],"wp:attachment":[{"href":"https:\/\/arantv.az\/index.php?rest_route=%2Fwp%2Fv2%2Fmedia&parent=720546"}],"wp:term":[{"taxonomy":"category","embeddable":true,"href":"https:\/\/arantv.az\/index.php?rest_route=%2Fwp%2Fv2%2Fcategories&post=720546"},{"taxonomy":"post_tag","embeddable":true,"href":"https:\/\/arantv.az\/index.php?rest_route=%2Fwp%2Fv2%2Ftags&post=720546"}],"curies":[{"name":"wp","href":"https:\/\/api.w.org\/{rel}","templated":true}]}}