{"id":720549,"date":"2024-05-10T19:26:36","date_gmt":"2024-05-10T15:26:36","guid":{"rendered":"https:\/\/arantv.az\/?p=720549"},"modified":"2024-05-10T19:26:36","modified_gmt":"2024-05-10T15:26:36","slug":"ilham-%c9%99liyev-v%c9%99-mehriban-%c9%99liyeva-susada-ucuncu-yasayis-kompleksinin-t%c9%99m%c9%99lqoyma-m%c9%99rasimind%c9%99-yenil%c9%99nib-foto","status":"publish","type":"post","link":"https:\/\/arantv.az\/?p=720549","title":{"rendered":"\u0130lham \u018fliyev v\u0259 Mehriban \u018fliyeva \u015eu\u015fada \u00fc\u00e7\u00fcnc\u00fc ya\u015fay\u0131\u015f kompleksinin t\u0259m\u0259lqoyma m\u0259rasimind\u0259 &#8211; YEN\u0130L\u018fN\u0130B + FOTO"},"content":{"rendered":"<p>Az\u0259rbaycan Respublikas\u0131n\u0131n Prezidenti<strong>\u00a0\u0130lham \u018fliyev<\/strong>\u00a0v\u0259 Birinci vitse-prezident\u00a0<strong>Mehriban \u018fliyeva<\/strong>\u00a0\u015eu\u015fada in\u015fa edil\u0259c\u0259k \u00fc\u00e7\u00fcnc\u00fc ya\u015fay\u0131\u015f kompleksinin t\u0259m\u0259lqoyma m\u0259rasimind\u0259 i\u015ftirak edibl\u0259r.<\/p>\n<p><a href=\"https:\/\/azertag.az\/xeber\/prezident_ilham_eliyev_ve_birinci_xanim_mehriban_eliyeva_susada_uchuncu_yasayis_kompleksinin_temelqoyma_merasiminde_istirak_edibler_yenilenib-2994842\" target=\"_blank\" rel=\"noopener\">AZ\u018fRTAC<\/a>\u00a0x\u0259b\u0259r verir ki, \u015eu\u015fa rayonunda Prezidentin x\u00fcsusi n\u00fcmay\u0259nd\u0259si Ayd\u0131n K\u0259rimov d\u00f6vl\u0259timizin ba\u015f\u00e7\u0131s\u0131na v\u0259 birinci xan\u0131ma yeni ya\u015fay\u0131\u015f kompleksi bar\u0259d\u0259 m\u0259lumat verdi.<\/p>\n<p>Bildirildi ki, \u015eu\u015fa \u015f\u0259h\u0259rind\u0259 \u00fc\u00e7\u00fcnc\u00fc ya\u015fay\u0131\u015f kompleksinin layih\u0259si \u00e7\u0259r\u00e7iv\u0259sind\u0259 17 ya\u015fay\u0131\u015f binas\u0131n\u0131n in\u015fas\u0131 n\u0259z\u0259rd\u0259 tutulub. Kompleks \u00fcmumilikd\u0259 487 m\u0259nzild\u0259n ibar\u0259t olacaq. Haz\u0131rda binan\u0131n layih\u0259l\u0259ndirm\u0259 i\u015fl\u0259ri ba\u015fa \u00e7atd\u0131r\u0131l\u0131b. Tikinti i\u015fl\u0259rin\u0259 bu ilin yay\u0131nda ba\u015flan\u0131lmas\u0131 planla\u015fd\u0131r\u0131l\u0131r.<\/p>\n<p>Prezident \u0130lham \u018fliyev \u015eu\u015fada \u00fc\u00e7\u00fcnc\u00fc ya\u015fay\u0131\u015f kompleksinin t\u0259m\u0259lini qoydu.<\/p>\n<p><strong>14:41<\/strong><\/p>\n<p>Az\u0259rbaycan Respublikas\u0131n\u0131n Prezidenti\u00a0<strong>\u0130lham \u018fliyev<\/strong>\u00a0v\u0259 birinci xan\u0131m\u00a0<strong>Mehriban \u018fliyeva<\/strong>\u00a0\u015eu\u015fada in\u015fa edil\u0259c\u0259k \u00fc\u00e7\u00fcnc\u00fc ya\u015fay\u0131\u015f kompleksinin t\u0259m\u0259lqoyma m\u0259rasimind\u0259 i\u015ftirak edibl\u0259r.<\/p>\n<p>Bununla ba\u011fl\u0131\u00a0<a href=\"https:\/\/azertag.az\/xeber\/prezident_ilham_eliyev_ve_birinci_xanim_mehriban_eliyeva_susada_uchuncu_yasayis_kompleksinin_temelqoyma_merasiminde_istirak_edibler__yenilenecek-2994842\" target=\"_blank\" rel=\"noopener\">AZ\u018fRTAC<\/a>\u00a0m\u0259lumat yay\u0131b.<\/p>\n<p>&nbsp;<\/p>\n<div class=\"gallery\">\n<div class=\"gallery-i\"><img src=\"https:\/\/cdn.oxu.az\/uploads\/W1siZiIsIjIwMjQvMDUvMTAvMTUvNDAvMTUvOWUwYjQ3MGMtZmQxMC00NmM1LWFlMWUtMzgyNWZlNjY5YjBiLzEuanBnIl0sWyJwIiwiZW5jb2RlIiwianBnIiwiLXF1YWxpdHkgODAiXSxbInAiLCJ0aHVtYiIsIjU5MHg1OTBcdTAwM2UiXV0?sha=c324e0ae48739360\" alt=\"\" \/><\/div>\n<\/div>\n","protected":false},"excerpt":{"rendered":"<p>Az\u0259rbaycan Respublikas\u0131n\u0131n Prezidenti\u00a0\u0130lham \u018fliyev\u00a0v\u0259 Birinci vitse-prezident\u00a0Mehriban \u018fliyeva\u00a0\u015eu\u015fada in\u015fa edil\u0259c\u0259k \u00fc\u00e7\u00fcnc\u00fc ya\u015fay\u0131\u015f kompleksinin t\u0259m\u0259lqoyma m\u0259rasimind\u0259 i\u015ftirak edibl\u0259r. AZ\u018fRTAC\u00a0x\u0259b\u0259r verir ki, \u015eu\u015fa rayonunda Prezidentin x\u00fcsusi n\u00fcmay\u0259nd\u0259si Ayd\u0131n K\u0259rimov d\u00f6vl\u0259timizin ba\u015f\u00e7\u0131s\u0131na v\u0259 birinci xan\u0131ma yeni ya\u015fay\u0131\u015f kompleksi bar\u0259d\u0259 m\u0259lumat verdi. Bildirildi ki, \u015eu\u015fa \u015f\u0259h\u0259rind\u0259 \u00fc\u00e7\u00fcnc\u00fc ya\u015fay\u0131\u015f kompleksinin layih\u0259si \u00e7\u0259r\u00e7iv\u0259sind\u0259 17 ya\u015fay\u0131\u015f binas\u0131n\u0131n in\u015fas\u0131 n\u0259z\u0259rd\u0259 tutulub. Kompleks \u00fcmumilikd\u0259 487 m\u0259nzild\u0259n ibar\u0259t olacaq. Haz\u0131rda binan\u0131n layih\u0259l\u0259ndirm\u0259 i\u015fl\u0259ri ba\u015fa \u00e7atd\u0131r\u0131l\u0131b. Tikinti i\u015fl\u0259rin\u0259 bu ilin yay\u0131nda ba\u015flan\u0131lmas\u0131 planla\u015fd\u0131r\u0131l\u0131r. Prezident \u0130lham \u018fliyev \u015eu\u015fada \u00fc\u00e7\u00fcnc\u00fc ya\u015fay\u0131\u015f kompleksinin t\u0259m\u0259lini qoydu. 14:41 Az\u0259rbaycan Respublikas\u0131n\u0131n Prezidenti\u00a0\u0130lham \u018fliyev\u00a0v\u0259 birinci xan\u0131m\u00a0Mehriban \u018fliyeva\u00a0\u015eu\u015fada in\u015fa edil\u0259c\u0259k&hellip;<\/p>\n","protected":false},"author":2,"featured_media":720550,"comment_status":"closed","ping_status":"closed","sticky":false,"template":"","format":"standard","meta":{"om_disable_all_campaigns":false,"_monsterinsights_skip_tracking":false,"_monsterinsights_sitenote_active":false,"_monsterinsights_sitenote_note":"","_monsterinsights_sitenote_category":0},"categories":[4],"tags":[],"aioseo_notices":[],"gutentor_comment":0,"rttpg_featured_image_url":{"full":["https:\/\/arantv.az\/wp-content\/uploads\/2024\/05\/2-3.jpg",620,413,false],"landscape":["https:\/\/arantv.az\/wp-content\/uploads\/2024\/05\/2-3.jpg",620,413,false],"portraits":["https:\/\/arantv.az\/wp-content\/uploads\/2024\/05\/2-3.jpg",620,413,false],"thumbnail":["https:\/\/arantv.az\/wp-content\/uploads\/2024\/05\/2-3-500x280.jpg",500,280,true],"medium":["https:\/\/arantv.az\/wp-content\/uploads\/2024\/05\/2-3-548x365.jpg",548,365,true],"large":["https:\/\/arantv.az\/wp-content\/uploads\/2024\/05\/2-3.jpg",620,413,false],"1536x1536":["https:\/\/arantv.az\/wp-content\/uploads\/2024\/05\/2-3.jpg",620,413,false],"2048x2048":["https:\/\/arantv.az\/wp-content\/uploads\/2024\/05\/2-3.jpg",620,413,false],"post-thumbnail":["https:\/\/arantv.az\/wp-content\/uploads\/2024\/05\/2-3-240x172.jpg",240,172,true],"advps-thumb-one":["https:\/\/arantv.az\/wp-content\/uploads\/2024\/05\/2-3.jpg",620,413,false]},"rttpg_author":{"display_name":"V\u00fcsal Rafiqo\u011flu","author_link":"https:\/\/arantv.az\/?author=2"},"rttpg_comment":0,"rttpg_category":"<a href=\"https:\/\/arantv.az\/?cat=4\" rel=\"category\">Siyas\u0259t<\/a>","rttpg_excerpt":"Az\u0259rbaycan Respublikas\u0131n\u0131n Prezidenti\u00a0\u0130lham \u018fliyev\u00a0v\u0259 Birinci vitse-prezident\u00a0Mehriban \u018fliyeva\u00a0\u015eu\u015fada in\u015fa edil\u0259c\u0259k \u00fc\u00e7\u00fcnc\u00fc ya\u015fay\u0131\u015f kompleksinin t\u0259m\u0259lqoyma m\u0259rasimind\u0259 i\u015ftirak edibl\u0259r. AZ\u018fRTAC\u00a0x\u0259b\u0259r verir ki, \u015eu\u015fa rayonunda Prezidentin x\u00fcsusi n\u00fcmay\u0259nd\u0259si Ayd\u0131n K\u0259rimov d\u00f6vl\u0259timizin ba\u015f\u00e7\u0131s\u0131na v\u0259 birinci xan\u0131ma yeni ya\u015fay\u0131\u015f kompleksi bar\u0259d\u0259 m\u0259lumat verdi. Bildirildi ki, \u015eu\u015fa \u015f\u0259h\u0259rind\u0259 \u00fc\u00e7\u00fcnc\u00fc ya\u015fay\u0131\u015f kompleksinin layih\u0259si \u00e7\u0259r\u00e7iv\u0259sind\u0259 17 ya\u015fay\u0131\u015f binas\u0131n\u0131n in\u015fas\u0131 n\u0259z\u0259rd\u0259 tutulub. Kompleks \u00fcmumilikd\u0259 487&hellip;","_links":{"self":[{"href":"https:\/\/arantv.az\/index.php?rest_route=\/wp\/v2\/posts\/720549"}],"collection":[{"href":"https:\/\/arantv.az\/index.php?rest_route=\/wp\/v2\/posts"}],"about":[{"href":"https:\/\/arantv.az\/index.php?rest_route=\/wp\/v2\/types\/post"}],"author":[{"embeddable":true,"href":"https:\/\/arantv.az\/index.php?rest_route=\/wp\/v2\/users\/2"}],"replies":[{"embeddable":true,"href":"https:\/\/arantv.az\/index.php?rest_route=%2Fwp%2Fv2%2Fcomments&post=720549"}],"version-history":[{"count":0,"href":"https:\/\/arantv.az\/index.php?rest_route=\/wp\/v2\/posts\/720549\/revisions"}],"wp:featuredmedia":[{"embeddable":true,"href":"https:\/\/arantv.az\/index.php?rest_route=\/wp\/v2\/media\/720550"}],"wp:attachment":[{"href":"https:\/\/arantv.az\/index.php?rest_route=%2Fwp%2Fv2%2Fmedia&parent=720549"}],"wp:term":[{"taxonomy":"category","embeddable":true,"href":"https:\/\/arantv.az\/index.php?rest_route=%2Fwp%2Fv2%2Fcategories&post=720549"},{"taxonomy":"post_tag","embeddable":true,"href":"https:\/\/arantv.az\/index.php?rest_route=%2Fwp%2Fv2%2Ftags&post=720549"}],"curies":[{"name":"wp","href":"https:\/\/api.w.org\/{rel}","templated":true}]}}