{"id":720552,"date":"2024-05-10T19:27:08","date_gmt":"2024-05-10T15:27:08","guid":{"rendered":"https:\/\/arantv.az\/?p=720552"},"modified":"2024-05-10T19:27:08","modified_gmt":"2024-05-10T15:27:08","slug":"ilham-%c9%99liyev-biz-hec-vaxt-muharib%c9%99-ist%c9%99m%c9%99misik-bu-gun-d%c9%99-ist%c9%99mirik","status":"publish","type":"post","link":"https:\/\/arantv.az\/?p=720552","title":{"rendered":"\u0130lham \u018fliyev: \u201cBiz he\u00e7 vaxt m\u00fcharib\u0259 ist\u0259m\u0259mi\u015fik, bu g\u00fcn d\u0259 ist\u0259mirik\u201d"},"content":{"rendered":"<p>\u201cBiz he\u00e7 vaxt m\u00fcharib\u0259 ist\u0259m\u0259mi\u015fik, bu g\u00fcn d\u0259 ist\u0259mirik. Biz\u0259 m\u00fcharib\u0259 laz\u0131m deyil, biz\u0259 torpaqlar\u0131m\u0131z laz\u0131m idi\u201d.<\/p>\n<p><a href=\"https:\/\/azertag.az\/xeber\/prezident_ilham_eliyev_biz_hech_vaxt_muharibe_istememisik_bu_gun_de_istemirik-2995782\" target=\"_blank\" rel=\"noopener\">AZ\u018fRTAC<\/a>\u00a0x\u0259b\u0259r verir ki, Prezident<strong>\u00a0\u0130lham \u018fliyev<\/strong>\u00a0bu bar\u0259d\u0259 \u015eu\u015faya qay\u0131dan ilk sakinl\u0259r\u0259 m\u0259nzill\u0259rinin a\u00e7arlar\u0131n\u0131n t\u0259qdim edilm\u0259si m\u0259rasimind\u0259 \u00e7\u0131x\u0131\u015f\u0131 zaman\u0131 dan\u0131\u015f\u0131b.<\/p>\n<p>\u201cMinsk qrupunun 28 ild\u0259ki f\u0259aliyy\u0259ti Az\u0259rbaycan xalq\u0131na qar\u015f\u0131 y\u00f6n\u0259ldilmi\u015fdir. Onlar\u0131n yalan\u00e7\u0131 v\u0259dl\u0259ri v\u0259 f\u0259aliyy\u0259tsizliyi t\u0259sad\u00fcfi deyildi. Onlar m\u0259s\u0259l\u0259ni h\u0259ll etm\u0259k ist\u0259mirdil\u0259r. Onlar bu torpaqlar\u0131 erm\u0259nil\u0259r\u0259 v\u0259d vermi\u015fdil\u0259r\u201d, &#8211; dey\u0259 d\u00f6vl\u0259timizin ba\u015f\u00e7\u0131s\u0131 \u0259lav\u0259 edib.<\/p>\n","protected":false},"excerpt":{"rendered":"<p>\u201cBiz he\u00e7 vaxt m\u00fcharib\u0259 ist\u0259m\u0259mi\u015fik, bu g\u00fcn d\u0259 ist\u0259mirik. Biz\u0259 m\u00fcharib\u0259 laz\u0131m deyil, biz\u0259 torpaqlar\u0131m\u0131z laz\u0131m idi\u201d. AZ\u018fRTAC\u00a0x\u0259b\u0259r verir ki, Prezident\u00a0\u0130lham \u018fliyev\u00a0bu bar\u0259d\u0259 \u015eu\u015faya qay\u0131dan ilk sakinl\u0259r\u0259 m\u0259nzill\u0259rinin a\u00e7arlar\u0131n\u0131n t\u0259qdim edilm\u0259si m\u0259rasimind\u0259 \u00e7\u0131x\u0131\u015f\u0131 zaman\u0131 dan\u0131\u015f\u0131b. \u201cMinsk qrupunun 28 ild\u0259ki f\u0259aliyy\u0259ti Az\u0259rbaycan xalq\u0131na qar\u015f\u0131 y\u00f6n\u0259ldilmi\u015fdir. Onlar\u0131n yalan\u00e7\u0131 v\u0259dl\u0259ri v\u0259 f\u0259aliyy\u0259tsizliyi t\u0259sad\u00fcfi deyildi. Onlar m\u0259s\u0259l\u0259ni h\u0259ll etm\u0259k ist\u0259mirdil\u0259r. Onlar bu torpaqlar\u0131 erm\u0259nil\u0259r\u0259 v\u0259d vermi\u015fdil\u0259r\u201d, &#8211; dey\u0259 d\u00f6vl\u0259timizin ba\u015f\u00e7\u0131s\u0131 \u0259lav\u0259 edib.<\/p>\n","protected":false},"author":2,"featured_media":720553,"comment_status":"closed","ping_status":"closed","sticky":false,"template":"","format":"standard","meta":{"om_disable_all_campaigns":false,"_monsterinsights_skip_tracking":false,"_monsterinsights_sitenote_active":false,"_monsterinsights_sitenote_note":"","_monsterinsights_sitenote_category":0},"categories":[4],"tags":[],"aioseo_notices":[],"gutentor_comment":0,"rttpg_featured_image_url":{"full":["https:\/\/arantv.az\/wp-content\/uploads\/2024\/05\/eA\u00bcdaA\u00bcdeaA\u00bce.jpg",620,413,false],"landscape":["https:\/\/arantv.az\/wp-content\/uploads\/2024\/05\/eA\u00bcdaA\u00bcdeaA\u00bce.jpg",620,413,false],"portraits":["https:\/\/arantv.az\/wp-content\/uploads\/2024\/05\/eA\u00bcdaA\u00bcdeaA\u00bce.jpg",620,413,false],"thumbnail":["https:\/\/arantv.az\/wp-content\/uploads\/2024\/05\/eA\u00bcdaA\u00bcdeaA\u00bce-500x280.jpg",500,280,true],"medium":["https:\/\/arantv.az\/wp-content\/uploads\/2024\/05\/eA\u00bcdaA\u00bcdeaA\u00bce-548x365.jpg",548,365,true],"large":["https:\/\/arantv.az\/wp-content\/uploads\/2024\/05\/eA\u00bcdaA\u00bcdeaA\u00bce.jpg",620,413,false],"1536x1536":["https:\/\/arantv.az\/wp-content\/uploads\/2024\/05\/eA\u00bcdaA\u00bcdeaA\u00bce.jpg",620,413,false],"2048x2048":["https:\/\/arantv.az\/wp-content\/uploads\/2024\/05\/eA\u00bcdaA\u00bcdeaA\u00bce.jpg",620,413,false],"post-thumbnail":["https:\/\/arantv.az\/wp-content\/uploads\/2024\/05\/eA\u00bcdaA\u00bcdeaA\u00bce-240x172.jpg",240,172,true],"advps-thumb-one":["https:\/\/arantv.az\/wp-content\/uploads\/2024\/05\/eA\u00bcdaA\u00bcdeaA\u00bce.jpg",620,413,false]},"rttpg_author":{"display_name":"V\u00fcsal Rafiqo\u011flu","author_link":"https:\/\/arantv.az\/?author=2"},"rttpg_comment":0,"rttpg_category":"<a href=\"https:\/\/arantv.az\/?cat=4\" rel=\"category\">Siyas\u0259t<\/a>","rttpg_excerpt":"\u201cBiz he\u00e7 vaxt m\u00fcharib\u0259 ist\u0259m\u0259mi\u015fik, bu g\u00fcn d\u0259 ist\u0259mirik. Biz\u0259 m\u00fcharib\u0259 laz\u0131m deyil, biz\u0259 torpaqlar\u0131m\u0131z laz\u0131m idi\u201d. AZ\u018fRTAC\u00a0x\u0259b\u0259r verir ki, Prezident\u00a0\u0130lham \u018fliyev\u00a0bu bar\u0259d\u0259 \u015eu\u015faya qay\u0131dan ilk sakinl\u0259r\u0259 m\u0259nzill\u0259rinin a\u00e7arlar\u0131n\u0131n t\u0259qdim edilm\u0259si m\u0259rasimind\u0259 \u00e7\u0131x\u0131\u015f\u0131 zaman\u0131 dan\u0131\u015f\u0131b. \u201cMinsk qrupunun 28 ild\u0259ki f\u0259aliyy\u0259ti Az\u0259rbaycan xalq\u0131na qar\u015f\u0131 y\u00f6n\u0259ldilmi\u015fdir. Onlar\u0131n yalan\u00e7\u0131 v\u0259dl\u0259ri v\u0259 f\u0259aliyy\u0259tsizliyi t\u0259sad\u00fcfi deyildi. Onlar m\u0259s\u0259l\u0259ni h\u0259ll etm\u0259k&hellip;","_links":{"self":[{"href":"https:\/\/arantv.az\/index.php?rest_route=\/wp\/v2\/posts\/720552"}],"collection":[{"href":"https:\/\/arantv.az\/index.php?rest_route=\/wp\/v2\/posts"}],"about":[{"href":"https:\/\/arantv.az\/index.php?rest_route=\/wp\/v2\/types\/post"}],"author":[{"embeddable":true,"href":"https:\/\/arantv.az\/index.php?rest_route=\/wp\/v2\/users\/2"}],"replies":[{"embeddable":true,"href":"https:\/\/arantv.az\/index.php?rest_route=%2Fwp%2Fv2%2Fcomments&post=720552"}],"version-history":[{"count":0,"href":"https:\/\/arantv.az\/index.php?rest_route=\/wp\/v2\/posts\/720552\/revisions"}],"wp:featuredmedia":[{"embeddable":true,"href":"https:\/\/arantv.az\/index.php?rest_route=\/wp\/v2\/media\/720553"}],"wp:attachment":[{"href":"https:\/\/arantv.az\/index.php?rest_route=%2Fwp%2Fv2%2Fmedia&parent=720552"}],"wp:term":[{"taxonomy":"category","embeddable":true,"href":"https:\/\/arantv.az\/index.php?rest_route=%2Fwp%2Fv2%2Fcategories&post=720552"},{"taxonomy":"post_tag","embeddable":true,"href":"https:\/\/arantv.az\/index.php?rest_route=%2Fwp%2Fv2%2Ftags&post=720552"}],"curies":[{"name":"wp","href":"https:\/\/api.w.org\/{rel}","templated":true}]}}