{"id":720555,"date":"2024-05-10T19:27:41","date_gmt":"2024-05-10T15:27:41","guid":{"rendered":"https:\/\/arantv.az\/?p=720555"},"modified":"2024-05-10T19:27:41","modified_gmt":"2024-05-10T15:27:41","slug":"prezident-erm%c9%99nistana-veril%c9%99n-silahlarin-kritik-h%c9%99dd%c9%99-catmasini-gors%c9%99k-hec-kim-bizd%c9%99n-incim%c9%99sin","status":"publish","type":"post","link":"https:\/\/arantv.az\/?p=720555","title":{"rendered":"Prezident: \u201cErm\u0259nistana veril\u0259n silahlar\u0131n kritik h\u0259dd\u0259 \u00e7atmas\u0131n\u0131 g\u00f6rs\u0259k, he\u00e7 kim bizd\u0259n incim\u0259sin\u201d"},"content":{"rendered":"<p>\u201cBizim siyas\u0259timiz beyn\u0259lxalq h\u00fcquqa v\u0259 \u0259dal\u0259t\u0259 \u0259saslan\u0131r. \u018fg\u0259r bu g\u00fcn yen\u0259 d\u0259 g\u00f6rs\u0259k ki, Erm\u0259nistanda revan\u015fistl\u0259r ba\u015f qald\u0131r\u0131r, Fransa Erm\u0259nistana \u00f6ld\u00fcr\u00fcc\u00fc silahlar verir, o silahlar\u0131n kritik h\u0259dd\u0259 \u00e7atmas\u0131n\u0131 g\u00f6rs\u0259k, onda bizd\u0259n he\u00e7 kim incim\u0259sin\u201d.<\/p>\n<p><a href=\"https:\/\/azertag.az\/xeber\/prezidentden_xeberdarliq_ermenistana_verilen_silahlarin_kritik_hedde_chatmasini_gorsek_hech_kim_bizden_incimesin-2995770\" target=\"_blank\" rel=\"noopener\">AZ\u018fRTAC<\/a>\u00a0x\u0259b\u0259r verir ki, bu s\u00f6zl\u0259ri Prezident\u00a0<strong>\u0130lham \u018fliyev<\/strong>\u00a0\u015eu\u015faya qay\u0131dan ilk sakinl\u0259r\u0259 m\u0259nzill\u0259rinin a\u00e7arlar\u0131n\u0131n t\u0259qdim edilm\u0259si m\u0259rasimind\u0259 \u00e7\u0131x\u0131\u015f\u0131 zaman\u0131 deyib.<\/p>\n<p>\u201cH\u0259r k\u0259s bilir ki, biz n\u0259y\u0259 qadirik, Ordumuz n\u0259y\u0259 qadirdir v\u0259 irad\u0259miz n\u0259 q\u0259d\u0259r m\u00f6hk\u0259mdir. He\u00e7 kim bizim qaba\u011f\u0131m\u0131zda dura bilm\u0259z\u201d, &#8211; dey\u0259 d\u00f6vl\u0259timizin ba\u015f\u00e7\u0131s\u0131 vur\u011fulay\u0131b.<\/p>\n","protected":false},"excerpt":{"rendered":"<p>\u201cBizim siyas\u0259timiz beyn\u0259lxalq h\u00fcquqa v\u0259 \u0259dal\u0259t\u0259 \u0259saslan\u0131r. \u018fg\u0259r bu g\u00fcn yen\u0259 d\u0259 g\u00f6rs\u0259k ki, Erm\u0259nistanda revan\u015fistl\u0259r ba\u015f qald\u0131r\u0131r, Fransa Erm\u0259nistana \u00f6ld\u00fcr\u00fcc\u00fc silahlar verir, o silahlar\u0131n kritik h\u0259dd\u0259 \u00e7atmas\u0131n\u0131 g\u00f6rs\u0259k, onda bizd\u0259n he\u00e7 kim incim\u0259sin\u201d. AZ\u018fRTAC\u00a0x\u0259b\u0259r verir ki, bu s\u00f6zl\u0259ri Prezident\u00a0\u0130lham \u018fliyev\u00a0\u015eu\u015faya qay\u0131dan ilk sakinl\u0259r\u0259 m\u0259nzill\u0259rinin a\u00e7arlar\u0131n\u0131n t\u0259qdim edilm\u0259si m\u0259rasimind\u0259 \u00e7\u0131x\u0131\u015f\u0131 zaman\u0131 deyib. \u201cH\u0259r k\u0259s bilir ki, biz n\u0259y\u0259 qadirik, Ordumuz n\u0259y\u0259 qadirdir v\u0259 irad\u0259miz n\u0259 q\u0259d\u0259r m\u00f6hk\u0259mdir. He\u00e7 kim bizim qaba\u011f\u0131m\u0131zda dura bilm\u0259z\u201d, &#8211; dey\u0259 d\u00f6vl\u0259timizin ba\u015f\u00e7\u0131s\u0131 vur\u011fulay\u0131b.<\/p>\n","protected":false},"author":2,"featured_media":720556,"comment_status":"closed","ping_status":"closed","sticky":false,"template":"","format":"standard","meta":{"om_disable_all_campaigns":false,"_monsterinsights_skip_tracking":false,"_monsterinsights_sitenote_active":false,"_monsterinsights_sitenote_note":"","_monsterinsights_sitenote_category":0},"categories":[4],"tags":[],"aioseo_notices":[],"gutentor_comment":0,"rttpg_featured_image_url":{"full":["https:\/\/arantv.az\/wp-content\/uploads\/2024\/05\/aergeA\u00bcargeaqrgag.jpg",620,413,false],"landscape":["https:\/\/arantv.az\/wp-content\/uploads\/2024\/05\/aergeA\u00bcargeaqrgag.jpg",620,413,false],"portraits":["https:\/\/arantv.az\/wp-content\/uploads\/2024\/05\/aergeA\u00bcargeaqrgag.jpg",620,413,false],"thumbnail":["https:\/\/arantv.az\/wp-content\/uploads\/2024\/05\/aergeA\u00bcargeaqrgag-500x280.jpg",500,280,true],"medium":["https:\/\/arantv.az\/wp-content\/uploads\/2024\/05\/aergeA\u00bcargeaqrgag-548x365.jpg",548,365,true],"large":["https:\/\/arantv.az\/wp-content\/uploads\/2024\/05\/aergeA\u00bcargeaqrgag.jpg",620,413,false],"1536x1536":["https:\/\/arantv.az\/wp-content\/uploads\/2024\/05\/aergeA\u00bcargeaqrgag.jpg",620,413,false],"2048x2048":["https:\/\/arantv.az\/wp-content\/uploads\/2024\/05\/aergeA\u00bcargeaqrgag.jpg",620,413,false],"post-thumbnail":["https:\/\/arantv.az\/wp-content\/uploads\/2024\/05\/aergeA\u00bcargeaqrgag-240x172.jpg",240,172,true],"advps-thumb-one":["https:\/\/arantv.az\/wp-content\/uploads\/2024\/05\/aergeA\u00bcargeaqrgag.jpg",620,413,false]},"rttpg_author":{"display_name":"V\u00fcsal Rafiqo\u011flu","author_link":"https:\/\/arantv.az\/?author=2"},"rttpg_comment":0,"rttpg_category":"<a href=\"https:\/\/arantv.az\/?cat=4\" rel=\"category\">Siyas\u0259t<\/a>","rttpg_excerpt":"\u201cBizim siyas\u0259timiz beyn\u0259lxalq h\u00fcquqa v\u0259 \u0259dal\u0259t\u0259 \u0259saslan\u0131r. \u018fg\u0259r bu g\u00fcn yen\u0259 d\u0259 g\u00f6rs\u0259k ki, Erm\u0259nistanda revan\u015fistl\u0259r ba\u015f qald\u0131r\u0131r, Fransa Erm\u0259nistana \u00f6ld\u00fcr\u00fcc\u00fc silahlar verir, o silahlar\u0131n kritik h\u0259dd\u0259 \u00e7atmas\u0131n\u0131 g\u00f6rs\u0259k, onda bizd\u0259n he\u00e7 kim incim\u0259sin\u201d. AZ\u018fRTAC\u00a0x\u0259b\u0259r verir ki, bu s\u00f6zl\u0259ri Prezident\u00a0\u0130lham \u018fliyev\u00a0\u015eu\u015faya qay\u0131dan ilk sakinl\u0259r\u0259 m\u0259nzill\u0259rinin a\u00e7arlar\u0131n\u0131n t\u0259qdim edilm\u0259si m\u0259rasimind\u0259 \u00e7\u0131x\u0131\u015f\u0131 zaman\u0131 deyib. \u201cH\u0259r k\u0259s bilir&hellip;","_links":{"self":[{"href":"https:\/\/arantv.az\/index.php?rest_route=\/wp\/v2\/posts\/720555"}],"collection":[{"href":"https:\/\/arantv.az\/index.php?rest_route=\/wp\/v2\/posts"}],"about":[{"href":"https:\/\/arantv.az\/index.php?rest_route=\/wp\/v2\/types\/post"}],"author":[{"embeddable":true,"href":"https:\/\/arantv.az\/index.php?rest_route=\/wp\/v2\/users\/2"}],"replies":[{"embeddable":true,"href":"https:\/\/arantv.az\/index.php?rest_route=%2Fwp%2Fv2%2Fcomments&post=720555"}],"version-history":[{"count":0,"href":"https:\/\/arantv.az\/index.php?rest_route=\/wp\/v2\/posts\/720555\/revisions"}],"wp:featuredmedia":[{"embeddable":true,"href":"https:\/\/arantv.az\/index.php?rest_route=\/wp\/v2\/media\/720556"}],"wp:attachment":[{"href":"https:\/\/arantv.az\/index.php?rest_route=%2Fwp%2Fv2%2Fmedia&parent=720555"}],"wp:term":[{"taxonomy":"category","embeddable":true,"href":"https:\/\/arantv.az\/index.php?rest_route=%2Fwp%2Fv2%2Fcategories&post=720555"},{"taxonomy":"post_tag","embeddable":true,"href":"https:\/\/arantv.az\/index.php?rest_route=%2Fwp%2Fv2%2Ftags&post=720555"}],"curies":[{"name":"wp","href":"https:\/\/api.w.org\/{rel}","templated":true}]}}