{"id":720559,"date":"2024-05-10T19:28:13","date_gmt":"2024-05-10T15:28:13","guid":{"rendered":"https:\/\/arantv.az\/?p=720559"},"modified":"2024-05-10T19:28:13","modified_gmt":"2024-05-10T15:28:13","slug":"prezident-qazaxin-isgal-edilmis-torpaqlarinin-qaytarilmasi-novb%c9%99ti-z%c9%99f%c9%99rimizdir","status":"publish","type":"post","link":"https:\/\/arantv.az\/?p=720559","title":{"rendered":"Prezident: \u201cQazax\u0131n i\u015f\u011fal edilmi\u015f torpaqlar\u0131n\u0131n qaytar\u0131lmas\u0131 n\u00f6vb\u0259ti z\u0259f\u0259rimizdir\u201d"},"content":{"rendered":"<p>\u201cBu g\u00fcn Qazax\u0131n 1990-c\u0131 v\u0259 1992-ci ill\u0259rd\u0259 i\u015f\u011fal edilmi\u015f torpaqlar\u0131 bir g\u00fcll\u0259 at\u0131lmadan biz\u0259 qaytar\u0131l\u0131r. Delimitasiya, demarkasiya bizim \u015f\u0259rtl\u0259rimiz \u0259sas\u0131nda h\u0259yata ke\u00e7irilir v\u0259 bu, bizim n\u00f6vb\u0259ti z\u0259f\u0259rimizdir\u201d.<\/p>\n<p><a href=\"https:\/\/azertag.az\/xeber\/prezident_qazaxin_isgal_edilmis_torpaqlarinin_qaytarilmasi_delimitasiya_demarkasiyanin_sertlerimiz_esasinda_aparilmasi_novbeti_zeferimizdir-2995726\" target=\"_blank\" rel=\"noopener\">AZ\u018fRTAC<\/a>\u00a0x\u0259b\u0259r verir ki, bu fikirl\u0259ri Prezident\u00a0<strong>\u0130lham \u018fliyev<\/strong>\u00a0\u015eu\u015faya qay\u0131dan ilk sakinl\u0259r\u0259 m\u0259nzill\u0259rinin a\u00e7arlar\u0131n\u0131n t\u0259qdim edilm\u0259si m\u0259rasimind\u0259 \u00e7\u0131x\u0131\u015f\u0131 zaman\u0131 s\u00f6yl\u0259yib.<\/p>\n","protected":false},"excerpt":{"rendered":"<p>\u201cBu g\u00fcn Qazax\u0131n 1990-c\u0131 v\u0259 1992-ci ill\u0259rd\u0259 i\u015f\u011fal edilmi\u015f torpaqlar\u0131 bir g\u00fcll\u0259 at\u0131lmadan biz\u0259 qaytar\u0131l\u0131r. Delimitasiya, demarkasiya bizim \u015f\u0259rtl\u0259rimiz \u0259sas\u0131nda h\u0259yata ke\u00e7irilir v\u0259 bu, bizim n\u00f6vb\u0259ti z\u0259f\u0259rimizdir\u201d. AZ\u018fRTAC\u00a0x\u0259b\u0259r verir ki, bu fikirl\u0259ri Prezident\u00a0\u0130lham \u018fliyev\u00a0\u015eu\u015faya qay\u0131dan ilk sakinl\u0259r\u0259 m\u0259nzill\u0259rinin a\u00e7arlar\u0131n\u0131n t\u0259qdim edilm\u0259si m\u0259rasimind\u0259 \u00e7\u0131x\u0131\u015f\u0131 zaman\u0131 s\u00f6yl\u0259yib.<\/p>\n","protected":false},"author":2,"featured_media":720560,"comment_status":"closed","ping_status":"closed","sticky":false,"template":"","format":"standard","meta":{"om_disable_all_campaigns":false,"_monsterinsights_skip_tracking":false,"_monsterinsights_sitenote_active":false,"_monsterinsights_sitenote_note":"","_monsterinsights_sitenote_category":0},"categories":[4],"tags":[],"aioseo_notices":[],"gutentor_comment":0,"rttpg_featured_image_url":{"full":["https:\/\/arantv.az\/wp-content\/uploads\/2024\/05\/422686485-1.jpg",620,413,false],"landscape":["https:\/\/arantv.az\/wp-content\/uploads\/2024\/05\/422686485-1.jpg",620,413,false],"portraits":["https:\/\/arantv.az\/wp-content\/uploads\/2024\/05\/422686485-1.jpg",620,413,false],"thumbnail":["https:\/\/arantv.az\/wp-content\/uploads\/2024\/05\/422686485-1-500x280.jpg",500,280,true],"medium":["https:\/\/arantv.az\/wp-content\/uploads\/2024\/05\/422686485-1-548x365.jpg",548,365,true],"large":["https:\/\/arantv.az\/wp-content\/uploads\/2024\/05\/422686485-1.jpg",620,413,false],"1536x1536":["https:\/\/arantv.az\/wp-content\/uploads\/2024\/05\/422686485-1.jpg",620,413,false],"2048x2048":["https:\/\/arantv.az\/wp-content\/uploads\/2024\/05\/422686485-1.jpg",620,413,false],"post-thumbnail":["https:\/\/arantv.az\/wp-content\/uploads\/2024\/05\/422686485-1-240x172.jpg",240,172,true],"advps-thumb-one":["https:\/\/arantv.az\/wp-content\/uploads\/2024\/05\/422686485-1.jpg",620,413,false]},"rttpg_author":{"display_name":"V\u00fcsal Rafiqo\u011flu","author_link":"https:\/\/arantv.az\/?author=2"},"rttpg_comment":0,"rttpg_category":"<a href=\"https:\/\/arantv.az\/?cat=4\" rel=\"category\">Siyas\u0259t<\/a>","rttpg_excerpt":"\u201cBu g\u00fcn Qazax\u0131n 1990-c\u0131 v\u0259 1992-ci ill\u0259rd\u0259 i\u015f\u011fal edilmi\u015f torpaqlar\u0131 bir g\u00fcll\u0259 at\u0131lmadan biz\u0259 qaytar\u0131l\u0131r. Delimitasiya, demarkasiya bizim \u015f\u0259rtl\u0259rimiz \u0259sas\u0131nda h\u0259yata ke\u00e7irilir v\u0259 bu, bizim n\u00f6vb\u0259ti z\u0259f\u0259rimizdir\u201d. AZ\u018fRTAC\u00a0x\u0259b\u0259r verir ki, bu fikirl\u0259ri Prezident\u00a0\u0130lham \u018fliyev\u00a0\u015eu\u015faya qay\u0131dan ilk sakinl\u0259r\u0259 m\u0259nzill\u0259rinin a\u00e7arlar\u0131n\u0131n t\u0259qdim edilm\u0259si m\u0259rasimind\u0259 \u00e7\u0131x\u0131\u015f\u0131 zaman\u0131 s\u00f6yl\u0259yib.","_links":{"self":[{"href":"https:\/\/arantv.az\/index.php?rest_route=\/wp\/v2\/posts\/720559"}],"collection":[{"href":"https:\/\/arantv.az\/index.php?rest_route=\/wp\/v2\/posts"}],"about":[{"href":"https:\/\/arantv.az\/index.php?rest_route=\/wp\/v2\/types\/post"}],"author":[{"embeddable":true,"href":"https:\/\/arantv.az\/index.php?rest_route=\/wp\/v2\/users\/2"}],"replies":[{"embeddable":true,"href":"https:\/\/arantv.az\/index.php?rest_route=%2Fwp%2Fv2%2Fcomments&post=720559"}],"version-history":[{"count":0,"href":"https:\/\/arantv.az\/index.php?rest_route=\/wp\/v2\/posts\/720559\/revisions"}],"wp:featuredmedia":[{"embeddable":true,"href":"https:\/\/arantv.az\/index.php?rest_route=\/wp\/v2\/media\/720560"}],"wp:attachment":[{"href":"https:\/\/arantv.az\/index.php?rest_route=%2Fwp%2Fv2%2Fmedia&parent=720559"}],"wp:term":[{"taxonomy":"category","embeddable":true,"href":"https:\/\/arantv.az\/index.php?rest_route=%2Fwp%2Fv2%2Fcategories&post=720559"},{"taxonomy":"post_tag","embeddable":true,"href":"https:\/\/arantv.az\/index.php?rest_route=%2Fwp%2Fv2%2Ftags&post=720559"}],"curies":[{"name":"wp","href":"https:\/\/api.w.org\/{rel}","templated":true}]}}