{"id":720562,"date":"2024-05-10T19:28:48","date_gmt":"2024-05-10T15:28:48","guid":{"rendered":"https:\/\/arantv.az\/?p=720562"},"modified":"2024-05-10T19:28:48","modified_gmt":"2024-05-10T15:28:48","slug":"az%c9%99rbaycan-prezidenti-qafqazda-aparici-dovl%c9%99t-bizik-v%c9%99-biziml%c9%99-h%c9%99r-k%c9%99s-hesablasmalidir","status":"publish","type":"post","link":"https:\/\/arantv.az\/?p=720562","title":{"rendered":"Az\u0259rbaycan Prezidenti: \u201cQafqazda apar\u0131c\u0131 d\u00f6vl\u0259t bizik v\u0259 biziml\u0259 h\u0259r k\u0259s hesabla\u015fmal\u0131d\u0131r\u201d"},"content":{"rendered":"<p>\u201cBu g\u00fcn t\u0259kc\u0259 bizim t\u0259l\u0259bimizl\u0259 Qazax\u0131n d\u00f6rd k\u0259ndi biz\u0259 qaytar\u0131l\u0131r. Bundan sonra bel\u0259 d\u0259 olacaq. Burada s\u00f6z sahibi bizik, Qafqazda apar\u0131c\u0131 d\u00f6vl\u0259t bizik, iqtisadi, siyasi, h\u0259rbi, h\u0259r c\u0259h\u0259td\u0259n apar\u0131c\u0131 d\u00f6vl\u0259t bizik, biziml\u0259 h\u0259r k\u0259s hesabla\u015fmal\u0131d\u0131r\u201d.<\/p>\n<p><a href=\"https:\/\/azertag.az\/xeber\/azerbaycan_prezidenti_qafqazda_aparici_dovlet_bizik_ve_bizimle_her_kes_hesablasmalidir-2995706\" target=\"_blank\" rel=\"noopener\">AZ\u018fRTAC<\/a>\u00a0x\u0259b\u0259r verir ki, bu fikirl\u0259ri Prezident\u00a0<strong>\u0130lham \u018fliyev<\/strong>\u00a0\u015eu\u015faya qay\u0131dan ilk sakinl\u0259r\u0259 m\u0259nzill\u0259rinin a\u00e7arlar\u0131n\u0131n t\u0259qdim edilm\u0259si m\u0259rasimind\u0259 \u00e7\u0131x\u0131\u015f\u0131 zaman\u0131 s\u0259sl\u0259ndirib.<\/p>\n<p>D\u00f6vl\u0259timizin ba\u015f\u00e7\u0131s\u0131 deyib ki, h\u0259m Erm\u0259nistan, h\u0259m onun arxas\u0131nda duran, onlara yalan\u00e7\u0131 v\u0259dl\u0259r ver\u0259n xarici dair\u0259l\u0259r biziml\u0259 hesabla\u015fmasalar pe\u015fman olacaqlar.<\/p>\n","protected":false},"excerpt":{"rendered":"<p>\u201cBu g\u00fcn t\u0259kc\u0259 bizim t\u0259l\u0259bimizl\u0259 Qazax\u0131n d\u00f6rd k\u0259ndi biz\u0259 qaytar\u0131l\u0131r. Bundan sonra bel\u0259 d\u0259 olacaq. Burada s\u00f6z sahibi bizik, Qafqazda apar\u0131c\u0131 d\u00f6vl\u0259t bizik, iqtisadi, siyasi, h\u0259rbi, h\u0259r c\u0259h\u0259td\u0259n apar\u0131c\u0131 d\u00f6vl\u0259t bizik, biziml\u0259 h\u0259r k\u0259s hesabla\u015fmal\u0131d\u0131r\u201d. AZ\u018fRTAC\u00a0x\u0259b\u0259r verir ki, bu fikirl\u0259ri Prezident\u00a0\u0130lham \u018fliyev\u00a0\u015eu\u015faya qay\u0131dan ilk sakinl\u0259r\u0259 m\u0259nzill\u0259rinin a\u00e7arlar\u0131n\u0131n t\u0259qdim edilm\u0259si m\u0259rasimind\u0259 \u00e7\u0131x\u0131\u015f\u0131 zaman\u0131 s\u0259sl\u0259ndirib. D\u00f6vl\u0259timizin ba\u015f\u00e7\u0131s\u0131 deyib ki, h\u0259m Erm\u0259nistan, h\u0259m onun arxas\u0131nda duran, onlara yalan\u00e7\u0131 v\u0259dl\u0259r ver\u0259n xarici dair\u0259l\u0259r biziml\u0259 hesabla\u015fmasalar pe\u015fman olacaqlar.<\/p>\n","protected":false},"author":2,"featured_media":720564,"comment_status":"closed","ping_status":"closed","sticky":false,"template":"","format":"standard","meta":{"om_disable_all_campaigns":false,"_monsterinsights_skip_tracking":false,"_monsterinsights_sitenote_active":false,"_monsterinsights_sitenote_note":"","_monsterinsights_sitenote_category":0},"categories":[4],"tags":[],"aioseo_notices":[],"gutentor_comment":0,"rttpg_featured_image_url":{"full":["https:\/\/arantv.az\/wp-content\/uploads\/2024\/05\/1683701558606097142_1000x669.jpg",620,413,false],"landscape":["https:\/\/arantv.az\/wp-content\/uploads\/2024\/05\/1683701558606097142_1000x669.jpg",620,413,false],"portraits":["https:\/\/arantv.az\/wp-content\/uploads\/2024\/05\/1683701558606097142_1000x669.jpg",620,413,false],"thumbnail":["https:\/\/arantv.az\/wp-content\/uploads\/2024\/05\/1683701558606097142_1000x669-500x280.jpg",500,280,true],"medium":["https:\/\/arantv.az\/wp-content\/uploads\/2024\/05\/1683701558606097142_1000x669-548x365.jpg",548,365,true],"large":["https:\/\/arantv.az\/wp-content\/uploads\/2024\/05\/1683701558606097142_1000x669.jpg",620,413,false],"1536x1536":["https:\/\/arantv.az\/wp-content\/uploads\/2024\/05\/1683701558606097142_1000x669.jpg",620,413,false],"2048x2048":["https:\/\/arantv.az\/wp-content\/uploads\/2024\/05\/1683701558606097142_1000x669.jpg",620,413,false],"post-thumbnail":["https:\/\/arantv.az\/wp-content\/uploads\/2024\/05\/1683701558606097142_1000x669-240x172.jpg",240,172,true],"advps-thumb-one":["https:\/\/arantv.az\/wp-content\/uploads\/2024\/05\/1683701558606097142_1000x669.jpg",620,413,false]},"rttpg_author":{"display_name":"V\u00fcsal Rafiqo\u011flu","author_link":"https:\/\/arantv.az\/?author=2"},"rttpg_comment":0,"rttpg_category":"<a href=\"https:\/\/arantv.az\/?cat=4\" rel=\"category\">Siyas\u0259t<\/a>","rttpg_excerpt":"\u201cBu g\u00fcn t\u0259kc\u0259 bizim t\u0259l\u0259bimizl\u0259 Qazax\u0131n d\u00f6rd k\u0259ndi biz\u0259 qaytar\u0131l\u0131r. Bundan sonra bel\u0259 d\u0259 olacaq. Burada s\u00f6z sahibi bizik, Qafqazda apar\u0131c\u0131 d\u00f6vl\u0259t bizik, iqtisadi, siyasi, h\u0259rbi, h\u0259r c\u0259h\u0259td\u0259n apar\u0131c\u0131 d\u00f6vl\u0259t bizik, biziml\u0259 h\u0259r k\u0259s hesabla\u015fmal\u0131d\u0131r\u201d. AZ\u018fRTAC\u00a0x\u0259b\u0259r verir ki, bu fikirl\u0259ri Prezident\u00a0\u0130lham \u018fliyev\u00a0\u015eu\u015faya qay\u0131dan ilk sakinl\u0259r\u0259 m\u0259nzill\u0259rinin a\u00e7arlar\u0131n\u0131n t\u0259qdim edilm\u0259si m\u0259rasimind\u0259 \u00e7\u0131x\u0131\u015f\u0131 zaman\u0131 s\u0259sl\u0259ndirib. D\u00f6vl\u0259timizin ba\u015f\u00e7\u0131s\u0131&hellip;","_links":{"self":[{"href":"https:\/\/arantv.az\/index.php?rest_route=\/wp\/v2\/posts\/720562"}],"collection":[{"href":"https:\/\/arantv.az\/index.php?rest_route=\/wp\/v2\/posts"}],"about":[{"href":"https:\/\/arantv.az\/index.php?rest_route=\/wp\/v2\/types\/post"}],"author":[{"embeddable":true,"href":"https:\/\/arantv.az\/index.php?rest_route=\/wp\/v2\/users\/2"}],"replies":[{"embeddable":true,"href":"https:\/\/arantv.az\/index.php?rest_route=%2Fwp%2Fv2%2Fcomments&post=720562"}],"version-history":[{"count":0,"href":"https:\/\/arantv.az\/index.php?rest_route=\/wp\/v2\/posts\/720562\/revisions"}],"wp:featuredmedia":[{"embeddable":true,"href":"https:\/\/arantv.az\/index.php?rest_route=\/wp\/v2\/media\/720564"}],"wp:attachment":[{"href":"https:\/\/arantv.az\/index.php?rest_route=%2Fwp%2Fv2%2Fmedia&parent=720562"}],"wp:term":[{"taxonomy":"category","embeddable":true,"href":"https:\/\/arantv.az\/index.php?rest_route=%2Fwp%2Fv2%2Fcategories&post=720562"},{"taxonomy":"post_tag","embeddable":true,"href":"https:\/\/arantv.az\/index.php?rest_route=%2Fwp%2Fv2%2Ftags&post=720562"}],"curies":[{"name":"wp","href":"https:\/\/api.w.org\/{rel}","templated":true}]}}