{"id":720566,"date":"2024-05-10T19:29:22","date_gmt":"2024-05-10T15:29:22","guid":{"rendered":"https:\/\/arantv.az\/?p=720566"},"modified":"2024-05-10T19:29:22","modified_gmt":"2024-05-10T15:29:22","slug":"prezident-ilin-sonuna-q%c9%99d%c9%99r-azi-20-yasayis-m%c9%99nt%c9%99q%c9%99sind%c9%99-h%c9%99yat-b%c9%99rpa-edil%c9%99c%c9%99k","status":"publish","type":"post","link":"https:\/\/arantv.az\/?p=720566","title":{"rendered":"Prezident: \u201c\u0130lin sonuna q\u0259d\u0259r az\u0131 20 ya\u015fay\u0131\u015f m\u0259nt\u0259q\u0259sind\u0259 h\u0259yat b\u0259rpa edil\u0259c\u0259k\u201d"},"content":{"rendered":"<p>\u201cBiz azad edilmi\u015f b\u00fct\u00fcn torpaqlarda geni\u015fmiqyasl\u0131 proqramlar\u0131 icra edirik. Bu g\u00fcn art\u0131q \u015eu\u015fa alt\u0131nc\u0131 ya\u015fay\u0131\u015f yeridir ki, ke\u00e7mi\u015f k\u00f6\u00e7k\u00fcnl\u0259r buraya qay\u0131d\u0131r\u201d.<\/p>\n<p><a href=\"https:\/\/azertag.az\/xeber\/prezident_ilham_eliyev_ilin_sonuna_qeder_azi_20_yasayis_menteqesinde_heyat_berpa_edilecek-2995678\" target=\"_blank\" rel=\"noopener\">AZ\u018fRTAC<\/a>\u00a0x\u0259b\u0259r verir ki, bu bar\u0259d\u0259 Az\u0259rbaycan Respublikas\u0131n\u0131n Prezidenti\u00a0<strong>\u0130lham \u018fliyev<\/strong>\u00a0\u015eu\u015faya qay\u0131dan ilk sakinl\u0259r\u0259 m\u0259nzill\u0259rinin a\u00e7arlar\u0131n\u0131n t\u0259qdim edilm\u0259si m\u0259rasimind\u0259 \u00e7\u0131x\u0131\u015f\u0131 zaman\u0131 bildirib.<\/p>\n<p>Bu g\u00fcn, eyni zamanda, La\u00e7\u0131n\u0131n Sus k\u0259ndin\u0259 d\u0259 ke\u00e7mi\u015f k\u00f6\u00e7k\u00fcnl\u0259rin qay\u0131d\u0131\u015f\u0131n\u0131n n\u0259z\u0259rd\u0259 tutuldu\u011funu diqq\u0259t\u0259 \u00e7atd\u0131ran d\u00f6vl\u0259timizin ba\u015f\u00e7\u0131s\u0131 qeyd edib\u00a0ki, ilin sonuna q\u0259d\u0259r \u0259n az\u0131 20 ya\u015fay\u0131\u015f m\u0259nt\u0259q\u0259sind\u0259 art\u0131q h\u0259yat b\u0259rpa edil\u0259c\u0259k.<\/p>\n","protected":false},"excerpt":{"rendered":"<p>\u201cBiz azad edilmi\u015f b\u00fct\u00fcn torpaqlarda geni\u015fmiqyasl\u0131 proqramlar\u0131 icra edirik. Bu g\u00fcn art\u0131q \u015eu\u015fa alt\u0131nc\u0131 ya\u015fay\u0131\u015f yeridir ki, ke\u00e7mi\u015f k\u00f6\u00e7k\u00fcnl\u0259r buraya qay\u0131d\u0131r\u201d. AZ\u018fRTAC\u00a0x\u0259b\u0259r verir ki, bu bar\u0259d\u0259 Az\u0259rbaycan Respublikas\u0131n\u0131n Prezidenti\u00a0\u0130lham \u018fliyev\u00a0\u015eu\u015faya qay\u0131dan ilk sakinl\u0259r\u0259 m\u0259nzill\u0259rinin a\u00e7arlar\u0131n\u0131n t\u0259qdim edilm\u0259si m\u0259rasimind\u0259 \u00e7\u0131x\u0131\u015f\u0131 zaman\u0131 bildirib. Bu g\u00fcn, eyni zamanda, La\u00e7\u0131n\u0131n Sus k\u0259ndin\u0259 d\u0259 ke\u00e7mi\u015f k\u00f6\u00e7k\u00fcnl\u0259rin qay\u0131d\u0131\u015f\u0131n\u0131n n\u0259z\u0259rd\u0259 tutuldu\u011funu diqq\u0259t\u0259 \u00e7atd\u0131ran d\u00f6vl\u0259timizin ba\u015f\u00e7\u0131s\u0131 qeyd edib\u00a0ki, ilin sonuna q\u0259d\u0259r \u0259n az\u0131 20 ya\u015fay\u0131\u015f m\u0259nt\u0259q\u0259sind\u0259 art\u0131q h\u0259yat b\u0259rpa edil\u0259c\u0259k.<\/p>\n","protected":false},"author":2,"featured_media":720567,"comment_status":"closed","ping_status":"closed","sticky":false,"template":"","format":"standard","meta":{"om_disable_all_campaigns":false,"_monsterinsights_skip_tracking":false,"_monsterinsights_sitenote_active":false,"_monsterinsights_sitenote_note":"","_monsterinsights_sitenote_category":0},"categories":[4],"tags":[],"aioseo_notices":[],"gutentor_comment":0,"rttpg_featured_image_url":{"full":["https:\/\/arantv.az\/wp-content\/uploads\/2024\/05\/1683628458_1683627963419636177_1000x669.jpg",620,413,false],"landscape":["https:\/\/arantv.az\/wp-content\/uploads\/2024\/05\/1683628458_1683627963419636177_1000x669.jpg",620,413,false],"portraits":["https:\/\/arantv.az\/wp-content\/uploads\/2024\/05\/1683628458_1683627963419636177_1000x669.jpg",620,413,false],"thumbnail":["https:\/\/arantv.az\/wp-content\/uploads\/2024\/05\/1683628458_1683627963419636177_1000x669-500x280.jpg",500,280,true],"medium":["https:\/\/arantv.az\/wp-content\/uploads\/2024\/05\/1683628458_1683627963419636177_1000x669-548x365.jpg",548,365,true],"large":["https:\/\/arantv.az\/wp-content\/uploads\/2024\/05\/1683628458_1683627963419636177_1000x669.jpg",620,413,false],"1536x1536":["https:\/\/arantv.az\/wp-content\/uploads\/2024\/05\/1683628458_1683627963419636177_1000x669.jpg",620,413,false],"2048x2048":["https:\/\/arantv.az\/wp-content\/uploads\/2024\/05\/1683628458_1683627963419636177_1000x669.jpg",620,413,false],"post-thumbnail":["https:\/\/arantv.az\/wp-content\/uploads\/2024\/05\/1683628458_1683627963419636177_1000x669-240x172.jpg",240,172,true],"advps-thumb-one":["https:\/\/arantv.az\/wp-content\/uploads\/2024\/05\/1683628458_1683627963419636177_1000x669.jpg",620,413,false]},"rttpg_author":{"display_name":"V\u00fcsal Rafiqo\u011flu","author_link":"https:\/\/arantv.az\/?author=2"},"rttpg_comment":0,"rttpg_category":"<a href=\"https:\/\/arantv.az\/?cat=4\" rel=\"category\">Siyas\u0259t<\/a>","rttpg_excerpt":"\u201cBiz azad edilmi\u015f b\u00fct\u00fcn torpaqlarda geni\u015fmiqyasl\u0131 proqramlar\u0131 icra edirik. Bu g\u00fcn art\u0131q \u015eu\u015fa alt\u0131nc\u0131 ya\u015fay\u0131\u015f yeridir ki, ke\u00e7mi\u015f k\u00f6\u00e7k\u00fcnl\u0259r buraya qay\u0131d\u0131r\u201d. AZ\u018fRTAC\u00a0x\u0259b\u0259r verir ki, bu bar\u0259d\u0259 Az\u0259rbaycan Respublikas\u0131n\u0131n Prezidenti\u00a0\u0130lham \u018fliyev\u00a0\u015eu\u015faya qay\u0131dan ilk sakinl\u0259r\u0259 m\u0259nzill\u0259rinin a\u00e7arlar\u0131n\u0131n t\u0259qdim edilm\u0259si m\u0259rasimind\u0259 \u00e7\u0131x\u0131\u015f\u0131 zaman\u0131 bildirib. Bu g\u00fcn, eyni zamanda, La\u00e7\u0131n\u0131n Sus k\u0259ndin\u0259 d\u0259 ke\u00e7mi\u015f k\u00f6\u00e7k\u00fcnl\u0259rin qay\u0131d\u0131\u015f\u0131n\u0131n n\u0259z\u0259rd\u0259 tutuldu\u011funu diqq\u0259t\u0259&hellip;","_links":{"self":[{"href":"https:\/\/arantv.az\/index.php?rest_route=\/wp\/v2\/posts\/720566"}],"collection":[{"href":"https:\/\/arantv.az\/index.php?rest_route=\/wp\/v2\/posts"}],"about":[{"href":"https:\/\/arantv.az\/index.php?rest_route=\/wp\/v2\/types\/post"}],"author":[{"embeddable":true,"href":"https:\/\/arantv.az\/index.php?rest_route=\/wp\/v2\/users\/2"}],"replies":[{"embeddable":true,"href":"https:\/\/arantv.az\/index.php?rest_route=%2Fwp%2Fv2%2Fcomments&post=720566"}],"version-history":[{"count":0,"href":"https:\/\/arantv.az\/index.php?rest_route=\/wp\/v2\/posts\/720566\/revisions"}],"wp:featuredmedia":[{"embeddable":true,"href":"https:\/\/arantv.az\/index.php?rest_route=\/wp\/v2\/media\/720567"}],"wp:attachment":[{"href":"https:\/\/arantv.az\/index.php?rest_route=%2Fwp%2Fv2%2Fmedia&parent=720566"}],"wp:term":[{"taxonomy":"category","embeddable":true,"href":"https:\/\/arantv.az\/index.php?rest_route=%2Fwp%2Fv2%2Fcategories&post=720566"},{"taxonomy":"post_tag","embeddable":true,"href":"https:\/\/arantv.az\/index.php?rest_route=%2Fwp%2Fv2%2Ftags&post=720566"}],"curies":[{"name":"wp","href":"https:\/\/api.w.org\/{rel}","templated":true}]}}