{"id":720569,"date":"2024-05-10T19:29:58","date_gmt":"2024-05-10T15:29:58","guid":{"rendered":"https:\/\/arantv.az\/?p=720569"},"modified":"2024-05-10T19:29:58","modified_gmt":"2024-05-10T15:29:58","slug":"prezident-qarabag-v%c9%99-s%c9%99rqi-z%c9%99ng%c9%99zur-bolg%c9%99l%c9%99ri-dunyanin-%c9%99n-goz%c9%99l-yerl%c9%99rind%c9%99n-biri-olacaq","status":"publish","type":"post","link":"https:\/\/arantv.az\/?p=720569","title":{"rendered":"Prezident: \u201cQaraba\u011f v\u0259 \u015e\u0259rqi Z\u0259ng\u0259zur b\u00f6lg\u0259l\u0259ri d\u00fcnyan\u0131n \u0259n g\u00f6z\u0259l yerl\u0259rind\u0259n biri olacaq\u201d"},"content":{"rendered":"<p>\u201cQaraba\u011f v\u0259 \u015e\u0259rqi Z\u0259ng\u0259zur b\u00f6lg\u0259l\u0259ri n\u0259inki Az\u0259rbaycan\u0131n, Qafqaz\u0131n, d\u00fcnyan\u0131n \u0259n g\u00f6z\u0259l yerl\u0259rind\u0259n biri olacaq &#8211; \u0259n m\u00fcasir, \u0259n rahat, \u0259n g\u00f6z\u0259l\u201d.<\/p>\n<p><a href=\"https:\/\/azertag.az\/xeber\/prezident_qarabag_ve_serqi_zengezur_bolgeleri_dunyanin_en_gozel_yerlerinden_biri_olacaq-2995666\" target=\"_blank\" rel=\"noopener\">AZ\u018fRTAC<\/a>\u00a0x\u0259b\u0259r verir ki, bu s\u00f6zl\u0259ri Az\u0259rbaycan Respublikas\u0131n\u0131n Prezidenti\u00a0<strong>\u0130lham \u018fliyev\u00a0<\/strong>\u015eu\u015faya qay\u0131dan ilk sakinl\u0259r\u0259 m\u0259nzill\u0259rinin a\u00e7arlar\u0131n\u0131n t\u0259qdim edilm\u0259si m\u0259rasimind\u0259 \u00e7\u0131x\u0131\u015f\u0131 zaman\u0131 deyib.<\/p>\n<p>D\u00f6vl\u0259timizin ba\u015f\u00e7\u0131s\u0131 bildirib: \u201cBuran\u0131n t\u0259bi\u0259ti, g\u00f6z\u0259l m\u0259nz\u0259r\u0259l\u0259ri, ya\u015f\u0131ll\u0131qlar, bulaqlar m\u00fcasir v\u0259 eyni zamanda, \u0259n\u0259n\u0259vi \u00fcslubda in\u015fa edil\u0259n binalarla tamamlan\u0131r. El\u0259 bir g\u00f6z\u0259l \u015f\u0259h\u0259r yarad\u0131l\u0131r ki, \u0259min\u0259m, h\u0259r birimiz, h\u0259r bir az\u0259rbaycanl\u0131 bununla f\u0259xr ed\u0259c\u0259k\u201d.<\/p>\n","protected":false},"excerpt":{"rendered":"<p>\u201cQaraba\u011f v\u0259 \u015e\u0259rqi Z\u0259ng\u0259zur b\u00f6lg\u0259l\u0259ri n\u0259inki Az\u0259rbaycan\u0131n, Qafqaz\u0131n, d\u00fcnyan\u0131n \u0259n g\u00f6z\u0259l yerl\u0259rind\u0259n biri olacaq &#8211; \u0259n m\u00fcasir, \u0259n rahat, \u0259n g\u00f6z\u0259l\u201d. AZ\u018fRTAC\u00a0x\u0259b\u0259r verir ki, bu s\u00f6zl\u0259ri Az\u0259rbaycan Respublikas\u0131n\u0131n Prezidenti\u00a0\u0130lham \u018fliyev\u00a0\u015eu\u015faya qay\u0131dan ilk sakinl\u0259r\u0259 m\u0259nzill\u0259rinin a\u00e7arlar\u0131n\u0131n t\u0259qdim edilm\u0259si m\u0259rasimind\u0259 \u00e7\u0131x\u0131\u015f\u0131 zaman\u0131 deyib. D\u00f6vl\u0259timizin ba\u015f\u00e7\u0131s\u0131 bildirib: \u201cBuran\u0131n t\u0259bi\u0259ti, g\u00f6z\u0259l m\u0259nz\u0259r\u0259l\u0259ri, ya\u015f\u0131ll\u0131qlar, bulaqlar m\u00fcasir v\u0259 eyni zamanda, \u0259n\u0259n\u0259vi \u00fcslubda in\u015fa edil\u0259n binalarla tamamlan\u0131r. El\u0259 bir g\u00f6z\u0259l \u015f\u0259h\u0259r yarad\u0131l\u0131r ki, \u0259min\u0259m, h\u0259r birimiz, h\u0259r bir az\u0259rbaycanl\u0131 bununla f\u0259xr ed\u0259c\u0259k\u201d.<\/p>\n","protected":false},"author":2,"featured_media":720570,"comment_status":"closed","ping_status":"closed","sticky":false,"template":"","format":"standard","meta":{"om_disable_all_campaigns":false,"_monsterinsights_skip_tracking":false,"_monsterinsights_sitenote_active":false,"_monsterinsights_sitenote_note":"","_monsterinsights_sitenote_category":0},"categories":[4],"tags":[],"aioseo_notices":[],"gutentor_comment":0,"rttpg_featured_image_url":{"full":["https:\/\/arantv.az\/wp-content\/uploads\/2024\/05\/WhatsApp-Image-2024-05-10-at-18.21.23.jpg",620,413,false],"landscape":["https:\/\/arantv.az\/wp-content\/uploads\/2024\/05\/WhatsApp-Image-2024-05-10-at-18.21.23.jpg",620,413,false],"portraits":["https:\/\/arantv.az\/wp-content\/uploads\/2024\/05\/WhatsApp-Image-2024-05-10-at-18.21.23.jpg",620,413,false],"thumbnail":["https:\/\/arantv.az\/wp-content\/uploads\/2024\/05\/WhatsApp-Image-2024-05-10-at-18.21.23-500x280.jpg",500,280,true],"medium":["https:\/\/arantv.az\/wp-content\/uploads\/2024\/05\/WhatsApp-Image-2024-05-10-at-18.21.23-548x365.jpg",548,365,true],"large":["https:\/\/arantv.az\/wp-content\/uploads\/2024\/05\/WhatsApp-Image-2024-05-10-at-18.21.23.jpg",620,413,false],"1536x1536":["https:\/\/arantv.az\/wp-content\/uploads\/2024\/05\/WhatsApp-Image-2024-05-10-at-18.21.23.jpg",620,413,false],"2048x2048":["https:\/\/arantv.az\/wp-content\/uploads\/2024\/05\/WhatsApp-Image-2024-05-10-at-18.21.23.jpg",620,413,false],"post-thumbnail":["https:\/\/arantv.az\/wp-content\/uploads\/2024\/05\/WhatsApp-Image-2024-05-10-at-18.21.23-240x172.jpg",240,172,true],"advps-thumb-one":["https:\/\/arantv.az\/wp-content\/uploads\/2024\/05\/WhatsApp-Image-2024-05-10-at-18.21.23.jpg",620,413,false]},"rttpg_author":{"display_name":"V\u00fcsal Rafiqo\u011flu","author_link":"https:\/\/arantv.az\/?author=2"},"rttpg_comment":0,"rttpg_category":"<a href=\"https:\/\/arantv.az\/?cat=4\" rel=\"category\">Siyas\u0259t<\/a>","rttpg_excerpt":"\u201cQaraba\u011f v\u0259 \u015e\u0259rqi Z\u0259ng\u0259zur b\u00f6lg\u0259l\u0259ri n\u0259inki Az\u0259rbaycan\u0131n, Qafqaz\u0131n, d\u00fcnyan\u0131n \u0259n g\u00f6z\u0259l yerl\u0259rind\u0259n biri olacaq &#8211; \u0259n m\u00fcasir, \u0259n rahat, \u0259n g\u00f6z\u0259l\u201d. AZ\u018fRTAC\u00a0x\u0259b\u0259r verir ki, bu s\u00f6zl\u0259ri Az\u0259rbaycan Respublikas\u0131n\u0131n Prezidenti\u00a0\u0130lham \u018fliyev\u00a0\u015eu\u015faya qay\u0131dan ilk sakinl\u0259r\u0259 m\u0259nzill\u0259rinin a\u00e7arlar\u0131n\u0131n t\u0259qdim edilm\u0259si m\u0259rasimind\u0259 \u00e7\u0131x\u0131\u015f\u0131 zaman\u0131 deyib. D\u00f6vl\u0259timizin ba\u015f\u00e7\u0131s\u0131 bildirib: \u201cBuran\u0131n t\u0259bi\u0259ti, g\u00f6z\u0259l m\u0259nz\u0259r\u0259l\u0259ri, ya\u015f\u0131ll\u0131qlar, bulaqlar m\u00fcasir v\u0259 eyni zamanda, \u0259n\u0259n\u0259vi&hellip;","_links":{"self":[{"href":"https:\/\/arantv.az\/index.php?rest_route=\/wp\/v2\/posts\/720569"}],"collection":[{"href":"https:\/\/arantv.az\/index.php?rest_route=\/wp\/v2\/posts"}],"about":[{"href":"https:\/\/arantv.az\/index.php?rest_route=\/wp\/v2\/types\/post"}],"author":[{"embeddable":true,"href":"https:\/\/arantv.az\/index.php?rest_route=\/wp\/v2\/users\/2"}],"replies":[{"embeddable":true,"href":"https:\/\/arantv.az\/index.php?rest_route=%2Fwp%2Fv2%2Fcomments&post=720569"}],"version-history":[{"count":0,"href":"https:\/\/arantv.az\/index.php?rest_route=\/wp\/v2\/posts\/720569\/revisions"}],"wp:featuredmedia":[{"embeddable":true,"href":"https:\/\/arantv.az\/index.php?rest_route=\/wp\/v2\/media\/720570"}],"wp:attachment":[{"href":"https:\/\/arantv.az\/index.php?rest_route=%2Fwp%2Fv2%2Fmedia&parent=720569"}],"wp:term":[{"taxonomy":"category","embeddable":true,"href":"https:\/\/arantv.az\/index.php?rest_route=%2Fwp%2Fv2%2Fcategories&post=720569"},{"taxonomy":"post_tag","embeddable":true,"href":"https:\/\/arantv.az\/index.php?rest_route=%2Fwp%2Fv2%2Ftags&post=720569"}],"curies":[{"name":"wp","href":"https:\/\/api.w.org\/{rel}","templated":true}]}}