{"id":720572,"date":"2024-05-10T19:30:29","date_gmt":"2024-05-10T15:30:29","guid":{"rendered":"https:\/\/arantv.az\/?p=720572"},"modified":"2024-05-10T19:30:29","modified_gmt":"2024-05-10T15:30:29","slug":"ilham-%c9%99liyev-susalilarla-gorusd%c9%99-s%c9%99h%c9%99rd%c9%99ki-tarixi-abid%c9%99l%c9%99rin-b%c9%99rpasindan-danisib","status":"publish","type":"post","link":"https:\/\/arantv.az\/?p=720572","title":{"rendered":"\u0130lham \u018fliyev \u015fu\u015fal\u0131larla g\u00f6r\u00fc\u015fd\u0259 \u015f\u0259h\u0259rd\u0259ki tarixi abid\u0259l\u0259rin b\u0259rpas\u0131ndan dan\u0131\u015f\u0131b"},"content":{"rendered":"<p>May\u0131n 10-da Prezident<strong>\u00a0\u0130lham \u018fliyev<\/strong>\u00a0\u015eu\u015faya qay\u0131dan ilk sakinll\u0259r\u0259 m\u0259nzill\u0259rinin a\u00e7arlar\u0131n\u0131n t\u0259qdim edilm\u0259si m\u0259rasimind\u0259 \u015f\u0259h\u0259rd\u0259ki tarixi abid\u0259l\u0259rin b\u0259rpas\u0131ndan dan\u0131\u015f\u0131b.<\/p>\n<p><a href=\"https:\/\/azertag.az\/xeber\/prezident_ilham_eliyev_susalilarla_gorusde_seherdeki_tarixi_abidelerin_berpasindan_danisib-2995658\" target=\"_blank\" rel=\"noopener\">AZ\u018fRTAC<\/a>\u00a0x\u0259b\u0259r verir ki, d\u00f6vl\u0259timizin ba\u015f\u00e7\u0131s\u0131 bu g\u00fcn \u015eirinsu hamam\u0131n\u0131n \u0259sasl\u0131 t\u0259mird\u0259n sonra a\u00e7\u0131ld\u0131\u011f\u0131n\u0131 bildirib. H\u0259m\u00e7inin A\u015fa\u011f\u0131 G\u00f6vh\u0259r A\u011fa m\u0259scidind\u0259 t\u0259mir-b\u0259rpa i\u015fl\u0259ri yekunla\u015fmaq \u00fczr\u0259 oldu\u011funu dey\u0259n Prezident qeyd edib: \u201c\u00dczeyir Hac\u0131b\u0259ylinin v\u0259h\u015fi d\u00fc\u015fm\u0259n t\u0259r\u0259find\u0259n da\u011f\u0131d\u0131lm\u0131\u015f abid\u0259si yenid\u0259n \u00f6z yerin\u0259 qoyuldu. Erm\u0259nil\u0259r t\u0259r\u0259find\u0259n da\u011f\u0131d\u0131lm\u0131\u015f Vaqifin b\u00fcst\u00fc yen\u0259 d\u0259 \u0259vv\u0259lki g\u00f6rk\u0259md\u0259, formada b\u0259rpa edildi, yenid\u0259n haz\u0131rland\u0131. \u00dczeyir Hac\u0131b\u0259ylinin erm\u0259nil\u0259r t\u0259r\u0259find\u0259n da\u011f\u0131d\u0131lm\u0131\u015f evi yenid\u0259n qurulur, bu il haz\u0131r olacaq\u201d.<\/p>\n","protected":false},"excerpt":{"rendered":"<p>May\u0131n 10-da Prezident\u00a0\u0130lham \u018fliyev\u00a0\u015eu\u015faya qay\u0131dan ilk sakinll\u0259r\u0259 m\u0259nzill\u0259rinin a\u00e7arlar\u0131n\u0131n t\u0259qdim edilm\u0259si m\u0259rasimind\u0259 \u015f\u0259h\u0259rd\u0259ki tarixi abid\u0259l\u0259rin b\u0259rpas\u0131ndan dan\u0131\u015f\u0131b. AZ\u018fRTAC\u00a0x\u0259b\u0259r verir ki, d\u00f6vl\u0259timizin ba\u015f\u00e7\u0131s\u0131 bu g\u00fcn \u015eirinsu hamam\u0131n\u0131n \u0259sasl\u0131 t\u0259mird\u0259n sonra a\u00e7\u0131ld\u0131\u011f\u0131n\u0131 bildirib. H\u0259m\u00e7inin A\u015fa\u011f\u0131 G\u00f6vh\u0259r A\u011fa m\u0259scidind\u0259 t\u0259mir-b\u0259rpa i\u015fl\u0259ri yekunla\u015fmaq \u00fczr\u0259 oldu\u011funu dey\u0259n Prezident qeyd edib: \u201c\u00dczeyir Hac\u0131b\u0259ylinin v\u0259h\u015fi d\u00fc\u015fm\u0259n t\u0259r\u0259find\u0259n da\u011f\u0131d\u0131lm\u0131\u015f abid\u0259si yenid\u0259n \u00f6z yerin\u0259 qoyuldu. Erm\u0259nil\u0259r t\u0259r\u0259find\u0259n da\u011f\u0131d\u0131lm\u0131\u015f Vaqifin b\u00fcst\u00fc yen\u0259 d\u0259 \u0259vv\u0259lki g\u00f6rk\u0259md\u0259, formada b\u0259rpa edildi, yenid\u0259n haz\u0131rland\u0131. \u00dczeyir Hac\u0131b\u0259ylinin erm\u0259nil\u0259r t\u0259r\u0259find\u0259n da\u011f\u0131d\u0131lm\u0131\u015f evi yenid\u0259n qurulur, bu il haz\u0131r olacaq\u201d.<\/p>\n","protected":false},"author":2,"featured_media":720573,"comment_status":"closed","ping_status":"closed","sticky":false,"template":"","format":"standard","meta":{"om_disable_all_campaigns":false,"_monsterinsights_skip_tracking":false,"_monsterinsights_sitenote_active":false,"_monsterinsights_sitenote_note":"","_monsterinsights_sitenote_category":0},"categories":[4],"tags":[],"aioseo_notices":[],"gutentor_comment":0,"rttpg_featured_image_url":{"full":["https:\/\/arantv.az\/wp-content\/uploads\/2024\/05\/16166772015420065014_1200x630.jpg",620,413,false],"landscape":["https:\/\/arantv.az\/wp-content\/uploads\/2024\/05\/16166772015420065014_1200x630.jpg",620,413,false],"portraits":["https:\/\/arantv.az\/wp-content\/uploads\/2024\/05\/16166772015420065014_1200x630.jpg",620,413,false],"thumbnail":["https:\/\/arantv.az\/wp-content\/uploads\/2024\/05\/16166772015420065014_1200x630-500x280.jpg",500,280,true],"medium":["https:\/\/arantv.az\/wp-content\/uploads\/2024\/05\/16166772015420065014_1200x630-548x365.jpg",548,365,true],"large":["https:\/\/arantv.az\/wp-content\/uploads\/2024\/05\/16166772015420065014_1200x630.jpg",620,413,false],"1536x1536":["https:\/\/arantv.az\/wp-content\/uploads\/2024\/05\/16166772015420065014_1200x630.jpg",620,413,false],"2048x2048":["https:\/\/arantv.az\/wp-content\/uploads\/2024\/05\/16166772015420065014_1200x630.jpg",620,413,false],"post-thumbnail":["https:\/\/arantv.az\/wp-content\/uploads\/2024\/05\/16166772015420065014_1200x630-240x172.jpg",240,172,true],"advps-thumb-one":["https:\/\/arantv.az\/wp-content\/uploads\/2024\/05\/16166772015420065014_1200x630.jpg",620,413,false]},"rttpg_author":{"display_name":"V\u00fcsal Rafiqo\u011flu","author_link":"https:\/\/arantv.az\/?author=2"},"rttpg_comment":0,"rttpg_category":"<a href=\"https:\/\/arantv.az\/?cat=4\" rel=\"category\">Siyas\u0259t<\/a>","rttpg_excerpt":"May\u0131n 10-da Prezident\u00a0\u0130lham \u018fliyev\u00a0\u015eu\u015faya qay\u0131dan ilk sakinll\u0259r\u0259 m\u0259nzill\u0259rinin a\u00e7arlar\u0131n\u0131n t\u0259qdim edilm\u0259si m\u0259rasimind\u0259 \u015f\u0259h\u0259rd\u0259ki tarixi abid\u0259l\u0259rin b\u0259rpas\u0131ndan dan\u0131\u015f\u0131b. AZ\u018fRTAC\u00a0x\u0259b\u0259r verir ki, d\u00f6vl\u0259timizin ba\u015f\u00e7\u0131s\u0131 bu g\u00fcn \u015eirinsu hamam\u0131n\u0131n \u0259sasl\u0131 t\u0259mird\u0259n sonra a\u00e7\u0131ld\u0131\u011f\u0131n\u0131 bildirib. H\u0259m\u00e7inin A\u015fa\u011f\u0131 G\u00f6vh\u0259r A\u011fa m\u0259scidind\u0259 t\u0259mir-b\u0259rpa i\u015fl\u0259ri yekunla\u015fmaq \u00fczr\u0259 oldu\u011funu dey\u0259n Prezident qeyd edib: \u201c\u00dczeyir Hac\u0131b\u0259ylinin v\u0259h\u015fi d\u00fc\u015fm\u0259n t\u0259r\u0259find\u0259n da\u011f\u0131d\u0131lm\u0131\u015f abid\u0259si yenid\u0259n \u00f6z yerin\u0259&hellip;","_links":{"self":[{"href":"https:\/\/arantv.az\/index.php?rest_route=\/wp\/v2\/posts\/720572"}],"collection":[{"href":"https:\/\/arantv.az\/index.php?rest_route=\/wp\/v2\/posts"}],"about":[{"href":"https:\/\/arantv.az\/index.php?rest_route=\/wp\/v2\/types\/post"}],"author":[{"embeddable":true,"href":"https:\/\/arantv.az\/index.php?rest_route=\/wp\/v2\/users\/2"}],"replies":[{"embeddable":true,"href":"https:\/\/arantv.az\/index.php?rest_route=%2Fwp%2Fv2%2Fcomments&post=720572"}],"version-history":[{"count":0,"href":"https:\/\/arantv.az\/index.php?rest_route=\/wp\/v2\/posts\/720572\/revisions"}],"wp:featuredmedia":[{"embeddable":true,"href":"https:\/\/arantv.az\/index.php?rest_route=\/wp\/v2\/media\/720573"}],"wp:attachment":[{"href":"https:\/\/arantv.az\/index.php?rest_route=%2Fwp%2Fv2%2Fmedia&parent=720572"}],"wp:term":[{"taxonomy":"category","embeddable":true,"href":"https:\/\/arantv.az\/index.php?rest_route=%2Fwp%2Fv2%2Fcategories&post=720572"},{"taxonomy":"post_tag","embeddable":true,"href":"https:\/\/arantv.az\/index.php?rest_route=%2Fwp%2Fv2%2Ftags&post=720572"}],"curies":[{"name":"wp","href":"https:\/\/api.w.org\/{rel}","templated":true}]}}