{"id":720576,"date":"2024-05-10T19:31:14","date_gmt":"2024-05-10T15:31:14","guid":{"rendered":"https:\/\/arantv.az\/?p=720576"},"modified":"2024-05-10T19:31:14","modified_gmt":"2024-05-10T15:31:14","slug":"mikayil-cabbarov-v%c9%99-emin-huseynov-agdam-s%c9%99naye-parkinda-gorul%c9%99n-isl%c9%99rl%c9%99-tanis-olublar-yenil%c9%99nib-foto","status":"publish","type":"post","link":"https:\/\/arantv.az\/?p=720576","title":{"rendered":"Mikay\u0131l Cabbarov v\u0259 Emin H\u00fcseynov A\u011fdam S\u0259naye Park\u0131nda g\u00f6r\u00fcl\u0259n i\u015fl\u0259rl\u0259 tan\u0131\u015f olublar &#8211; YEN\u0130L\u018fN\u0130B + FOTO"},"content":{"rendered":"<p>A\u011fdam S\u0259naye Park\u0131nda iqtisadiyyat naziri Mikay\u0131l Cabbarov, Az\u0259rbaycan Respublikas\u0131 Prezidentinin A\u011fdam, F\u00fczuli v\u0259 Xocav\u0259nd rayonlar\u0131 \u00fczr\u0259 x\u00fcsusi n\u00fcmay\u0259nd\u0259si Emin H\u00fcseynov v\u0259 \u0130qtisadiyyat Nazirliyinin aidiyy\u0259ti qurumlar\u0131n\u0131n n\u00fcmay\u0259nd\u0259l\u0259ri g\u00f6r\u00fcl\u0259n i\u015fl\u0259rl\u0259 tan\u0131\u015f olublar.<\/p>\n<p>Bu bar\u0259d\u0259\u00a0<strong>Oxu.Az<\/strong>-a nazirlikd\u0259n bildirilib.<\/p>\n<p>D\u00f6vl\u0259t ba\u015f\u00e7\u0131s\u0131 c\u0259nab<strong>\u00a0\u0130lham \u018fliyevin<\/strong>\u00a02021-ci il, 28 may tarixli F\u0259rman\u0131 il\u0259 yarad\u0131lm\u0131\u015f A\u011fdam S\u0259naye Park\u0131 i\u015f\u011faldan azad edilmi\u015f \u0259razil\u0259rimizin biznes potensial\u0131n\u0131n realla\u015fd\u0131r\u0131lmas\u0131, qeyri-neft sektorunun inki\u015faf\u0131, m\u0259\u015f\u011fulluq s\u0259viyy\u0259sinin y\u00fcks\u0259ldilm\u0259si v\u0259 r\u0259qab\u0259tqabiliyy\u0259tli m\u0259hsul istehsal\u0131n\u0131n art\u0131r\u0131lmas\u0131 bax\u0131m\u0131ndan x\u00fcsusi \u0259h\u0259miyy\u0259t k\u0259sb edir.<\/p>\n<p>Dig\u0259r s\u0259naye parklar\u0131nda oldu\u011fu kimi A\u011fdam S\u0259naye Park\u0131nda da sahibkarl\u0131q f\u0259aliyy\u0259tinin inki\u015faf\u0131 \u00fc\u00e7\u00fcn d\u00f6vl\u0259t t\u0259r\u0259find\u0259n \u0259lveri\u015fli \u015f\u0259rait yarad\u0131l\u0131b. Qaraba\u011fla dig\u0259r b\u00f6lg\u0259l\u0259rin qov\u015fa\u011f\u0131nda yerl\u0259\u015f\u0259n A\u011fdam S\u0259naye Park\u0131 rezident say\u0131na g\u00f6r\u0259 dig\u0259r s\u0259naye parklar\u0131 aras\u0131nda Sumqay\u0131t Kimya S\u0259naye Park\u0131ndan sonra ikinci s\u0259naye zonas\u0131d\u0131r. Parkda \u00fcmumi investisiyalar\u0131n\u0131n h\u0259cmi 195 milyon manatdan \u00e7ox olan 21 sahibkarl\u0131q subyektin\u0259 rezidentlik, 6 sahibkara is\u0259 qeyri-rezidentlik statusu verilib. S\u0259naye Park\u0131nda \u00fcmumilikd\u0259 1800-d\u0259n \u00e7ox i\u015f yerinin yarad\u0131lmas\u0131 n\u0259z\u0259rd\u0259 tutulur. Art\u0131q bug\u00fcn\u0259d\u0259k rezidentl\u0259r t\u0259r\u0259find\u0259n S\u0259naye Park\u0131na 35 milyon manatdan art\u0131q investisiya yat\u0131r\u0131l\u0131b, 300-d\u0259k daimi i\u015f yeri yarad\u0131l\u0131b. Haz\u0131rda A\u011fdam S\u0259naye Park\u0131nda infrastruktur \u015f\u0259b\u0259k\u0259sinin, elektrik, qaz, su xidm\u0259tl\u0259rinin qurulmas\u0131, inzibati binan\u0131n tikintisi, o c\u00fcml\u0259d\u0259n rezidentl\u0259r t\u0259r\u0259find\u0259n bir s\u0131ra m\u00fc\u0259ssis\u0259l\u0259rin tikinti-qura\u015fd\u0131rma i\u015fl\u0259ri apar\u0131l\u0131r.<\/p>\n<p>\u201cBAFCO \u0130nvest\u201d MMC 2023-c\u00fc ilin mart ay\u0131nda A\u011fdam S\u0259naye Park\u0131n\u0131n rezidenti kimi qeydiyyata al\u0131n\u0131b. S\u0259naye Park\u0131n\u0131n 2,5 hektar \u0259razisind\u0259 yerl\u0259\u015f\u0259n m\u00fc\u0259ssis\u0259 Almaniyan\u0131n qabaqc\u0131l texnologiyalar\u0131n\u0131n t\u0259tbiqi il\u0259 m\u00fcxt\u0259lif t\u0259yinatl\u0131 \u00e7\u0259km\u0259, tikinti v\u0259 dig\u0259r sah\u0259l\u0259rd\u0259 istifad\u0259 \u00fc\u00e7\u00fcn n\u0259z\u0259rd\u0259 tutulan, d\u0259mir ucluqlu v\u0259 altl\u0131ql\u0131 t\u0259hl\u00fck\u0259sizlik ayaqqab\u0131lar\u0131n\u0131n istehsal\u0131 \u00fczr\u0259 ixtisasla\u015f\u0131b. \u0130nvestisiya d\u0259y\u0259ri 10 milyon manatdan \u00e7ox olan m\u00fc\u0259ssis\u0259d\u0259 120 i\u015f yeri yarad\u0131lacaq. \u201cBAFCO \u0130nvest\u201d MMC s\u0259naye parklar\u0131nda t\u0259tbiq edilmi\u015f idxal \u018fDV v\u0259 g\u00f6mr\u00fck g\u00fcz\u0259\u015ftl\u0259ri n\u0259tic\u0259sind\u0259 bu g\u00fcn\u0259 q\u0259d\u0259r 1 milyon manatdan \u00e7ox v\u0259sait\u0259 q\u0259na\u0259t edib.<\/p>\n<p>\u201cMister Decor\u201d MMC-y\u0259 2022-ci ilin oktyabr\u0131nda A\u011fdam S\u0259naye Park\u0131n\u0131n rezidenti statusu verilib. \u0130nvestisiya h\u0259cmi 7 milyon manat olan fabrik C\u0259nubi Qafqazda divar ka\u011f\u0131zlar\u0131n\u0131n istehsal\u0131 \u00fczr\u0259 ixtisasla\u015fm\u0131\u015f ilk m\u00fc\u0259ssis\u0259dir. \u0130llik g\u00fcc\u00fc 2,1 milyon \u0259d\u0259d rulon divar ka\u011f\u0131z\u0131n\u0131n istehsal\u0131 olan m\u00fc\u0259ssis\u0259d\u0259 76 n\u0259f\u0259rin i\u015fl\u0259 t\u0259min edilm\u0259si n\u0259z\u0259rd\u0259 tutulur. Almaniya v\u0259 \u00c7in texnologiyas\u0131ndan istifad\u0259 edil\u0259n m\u00fc\u0259ssis\u0259d\u0259 istehsal edil\u0259n m\u0259hsullar\u0131n daxili bazara sat\u0131lmas\u0131 il\u0259 yana\u015f\u0131, xarici \u00f6lk\u0259l\u0259r\u0259 ixrac\u0131 da planla\u015fd\u0131r\u0131l\u0131r. \u201cMister Decor\u201d MMC s\u0259naye parklar\u0131nda t\u0259tbiq edilmi\u015f idxal \u018fDV v\u0259 g\u00f6mr\u00fck g\u00fcz\u0259\u015ftl\u0259ri n\u0259tic\u0259sind\u0259 bu g\u00fcn\u0259 q\u0259d\u0259r 400 min manatdan \u00e7ox v\u0259sait\u0259 q\u0259na\u0259t edib.<\/p>\n<p>\u201cMetkons\u201d MMC 2022-ci ilin aprelind\u0259 A\u011fdam S\u0259naye Park\u0131n\u0131n rezidenti kimi qeydiyyatdan ke\u00e7ib. S\u0259naye Park\u0131n\u0131n 1 hektar \u0259razisind\u0259 in\u015fa edilmi\u015f m\u00fc\u0259ssis\u0259d\u0259 havaland\u0131rma, yan\u011f\u0131ns\u00f6nd\u00fcrm\u0259 avadanl\u0131qlar\u0131 v\u0259 m\u00fcxt\u0259lif metal m\u0259mulatlar\u0131n istehsal\u0131 n\u0259z\u0259rd\u0259 tutulub. T\u00fcrkiy\u0259, \u0130taliya, Rusiya v\u0259 \u00c7in texnologiyalar\u0131n\u0131n t\u0259tbiq olundu\u011fu m\u00fc\u0259ssis\u0259nin \u00fcmumi investisiya d\u0259y\u0259ri 1,9 milyon manatd\u0131r v\u0259 45 n\u0259f\u0259r daimi i\u015fl\u0259 t\u0259min edil\u0259c\u0259k. Zavodda istehsal olunan m\u0259hsullar daxili bazar\u0131n t\u0259l\u0259bat\u0131n\u0131n \u00f6d\u0259nilm\u0259sin\u0259 y\u00f6n\u0259ldil\u0259c\u0259k. \u201cMetkons\u201d MMC s\u0259naye parklar\u0131nda t\u0259tbiq edilmi\u015f idxal \u018fDV v\u0259 g\u00f6mr\u00fck g\u00fcz\u0259\u015ftl\u0259ri n\u0259tic\u0259sind\u0259 bu g\u00fcn\u0259 q\u0259d\u0259r 100 min manatdan \u00e7ox v\u0259sait\u0259 q\u0259na\u0259t edib.<\/p>\n<p>Agdam S\u0259naye Park\u0131nda h\u0259m\u00e7inin \u201cRail Trans Service\u201d MMC-nin avtomatla\u015fd\u0131rma v\u0259 telemexanika sisteml\u0259rinin, \u201cEel Electric\u201d MMC-nin elektrik paylay\u0131c\u0131 avadanl\u0131qlar\u0131n v\u0259 elektrik yuvalar\u0131n\u0131n, \u201cProf-Dam\u201d MMC-nin dam \u00f6rt\u00fckl\u0259rinin, \u201cTabaterra\u201d MMC-nin t\u00fct\u00fcn m\u0259mulatlar\u0131n\u0131n, \u201cAgah Group\u201d MMC-nin metal profil v\u0259 anbar stellajlar\u0131n\u0131n istehsal\u0131 v\u0259 dig\u0259r m\u00fc\u0259ssis\u0259l\u0259rin tikinti-qura\u015fd\u0131rma i\u015fl\u0259ri g\u00f6r\u00fcl\u00fcr. Bu m\u00fc\u0259ssis\u0259l\u0259rin bir qisminin bu il f\u0259aliyy\u0259t\u0259 ba\u015flamas\u0131 planla\u015fd\u0131r\u0131l\u0131r.<\/p>\n<p>Qeyd ed\u0259k ki, haz\u0131rda Az\u0259rbaycanda 7 s\u0259naye park\u0131, 5 s\u0259naye m\u0259h\u0259ll\u0259si f\u0259aliyy\u0259t g\u00f6st\u0259rir. S\u0259naye zonalar\u0131nda rezidentl\u0259r \u00fc\u00e7\u00fcn stimulla\u015fd\u0131r\u0131c\u0131 t\u0259dbirl\u0259r t\u0259tbiq olunur. \u0130\u015f\u011faldan azad edilmi\u015f \u0259razil\u0259rd\u0259ki A\u011fdam v\u0259 Araz Vadisi s\u0259naye parklar\u0131nda is\u0259 \u0259lav\u0259 g\u00fcz\u0259\u015ftl\u0259r d\u0259 t\u0259tbiq edilir. Bunlara \u0259sas\u0259n &#8211; x\u00fcsusi g\u00fcz\u0259\u015ftli bank kreditl\u0259ri, sosial s\u0131\u011forta \u00f6d\u0259ni\u015fl\u0259rinin subsidiyala\u015fd\u0131r\u0131lmas\u0131, kommunal xidm\u0259tl\u0259r\u0259 20% endirim, idxal olunan xammal v\u0259 materiallar \u00fczr\u0259 g\u00f6mr\u00fck r\u00fcsumlar\u0131 v\u0259 \u018fDV-d\u0259n azadolma \u00a0aiddir.<\/p>\n<p><strong>17:58<\/strong><\/p>\n<p>\u201c\u00dcmummilli lider Heyd\u0259r \u018fliyevin anadan olmas\u0131n\u0131n ild\u00f6n\u00fcm\u00fc qeyd edil\u0259n bu \u0259lam\u0259tdar tarixd\u0259 A\u011fdam S\u0259naye Park\u0131nda Az\u0259rbaycan Respublikas\u0131 Prezidentinin A\u011fdam, F\u00fczuli v\u0259 Xocav\u0259nd rayonlar\u0131 \u00fczr\u0259 x\u00fcsusi n\u00fcmay\u0259nd\u0259si Emin H\u00fcseynov v\u0259 h\u0259mkarlarla birlikd\u0259 bir ne\u00e7\u0259 m\u00fc\u0259ssis\u0259d\u0259 g\u00f6r\u00fcl\u0259n i\u015fl\u0259r v\u0259 yarad\u0131lan infrastrukturla tan\u0131\u015f olduq\u201d.<\/p>\n<p><strong>ARANTV.AZ\u00a0 <\/strong>x\u0259b\u0259r verir ki, bu bar\u0259d\u0259 iqtisadiyyat naziri Mikay\u0131l Cabbarov sosial \u015f\u0259b\u0259k\u0259 hesab\u0131nda yaz\u0131b.<\/p>\n<p>\u201c\u0130\u015f\u011faldan azad edilmi\u015f \u0259razil\u0259rimizin biznes potensial\u0131n\u0131n realla\u015fd\u0131r\u0131lmas\u0131, qeyri-neft sektorunun inki\u015faf\u0131, m\u0259\u015f\u011fulluq s\u0259viyy\u0259sinin y\u00fcks\u0259ldilm\u0259si v\u0259 r\u0259qab\u0259tqabiliyy\u0259tli m\u0259hsul istehsal\u0131n\u0131n art\u0131r\u0131lmas\u0131 kimi istiqam\u0259tl\u0259rd\u0259 h\u0259yata ke\u00e7iril\u0259n t\u0259\u015f\u0259bb\u00fcsl\u0259rd\u0259 f\u0259al i\u015ftirak ed\u0259n S\u0259naye Park\u0131n\u0131n h\u0259r bir rezidentin\u0259 v\u0259 \u0259m\u0259kda\u015f\u0131na t\u0259\u015f\u0259kk\u00fcrl\u0259rimizi \u00e7atd\u0131r\u0131r, u\u011furlar arzulay\u0131r\u0131q\u201d, &#8211; dey\u0259 nazir qeyd edib.<\/p>\n<div>\n<div class=\"twitter-tweet twitter-tweet-rendered\"><iframe id=\"twitter-widget-0\" class=\"\" title=\"X Post\" src=\"https:\/\/platform.twitter.com\/embed\/Tweet.html?creatorScreenName=oxuaz&amp;dnt=false&amp;embedId=twitter-widget-0&amp;features=eyJ0ZndfdGltZWxpbmVfbGlzdCI6eyJidWNrZXQiOltdLCJ2ZXJzaW9uIjpudWxsfSwidGZ3X2ZvbGxvd2VyX2NvdW50X3N1bnNldCI6eyJidWNrZXQiOnRydWUsInZlcnNpb24iOm51bGx9LCJ0ZndfdHdlZXRfZWRpdF9iYWNrZW5kIjp7ImJ1Y2tldCI6Im9uIiwidmVyc2lvbiI6bnVsbH0sInRmd19yZWZzcmNfc2Vzc2lvbiI6eyJidWNrZXQiOiJvbiIsInZlcnNpb24iOm51bGx9LCJ0ZndfZm9zbnJfc29mdF9pbnRlcnZlbnRpb25zX2VuYWJsZWQiOnsiYnVja2V0Ijoib24iLCJ2ZXJzaW9uIjpudWxsfSwidGZ3X21peGVkX21lZGlhXzE1ODk3Ijp7ImJ1Y2tldCI6InRyZWF0bWVudCIsInZlcnNpb24iOm51bGx9LCJ0ZndfZXhwZXJpbWVudHNfY29va2llX2V4cGlyYXRpb24iOnsiYnVja2V0IjoxMjA5NjAwLCJ2ZXJzaW9uIjpudWxsfSwidGZ3X3Nob3dfYmlyZHdhdGNoX3Bpdm90c19lbmFibGVkIjp7ImJ1Y2tldCI6Im9uIiwidmVyc2lvbiI6bnVsbH0sInRmd19kdXBsaWNhdGVfc2NyaWJlc190b19zZXR0aW5ncyI6eyJidWNrZXQiOiJvbiIsInZlcnNpb24iOm51bGx9LCJ0ZndfdXNlX3Byb2ZpbGVfaW1hZ2Vfc2hhcGVfZW5hYmxlZCI6eyJidWNrZXQiOiJvbiIsInZlcnNpb24iOm51bGx9LCJ0ZndfdmlkZW9faGxzX2R5bmFtaWNfbWFuaWZlc3RzXzE1MDgyIjp7ImJ1Y2tldCI6InRydWVfYml0cmF0ZSIsInZlcnNpb24iOm51bGx9LCJ0ZndfbGVnYWN5X3RpbWVsaW5lX3N1bnNldCI6eyJidWNrZXQiOnRydWUsInZlcnNpb24iOm51bGx9LCJ0ZndfdHdlZXRfZWRpdF9mcm9udGVuZCI6eyJidWNrZXQiOiJvbiIsInZlcnNpb24iOm51bGx9fQ%3D%3D&amp;frame=false&amp;hideCard=false&amp;hideThread=false&amp;id=1788928407180312692&amp;lang=en&amp;origin=https%3A%2F%2Foxu.az%2Feconomy%2F869792&amp;sessionId=a4e24ab479eb30b52362f9591ab0e212e092da01&amp;siteScreenName=oxuaz&amp;theme=light&amp;widgetsVersion=2615f7e52b7e0%3A1702314776716&amp;width=550px\" frameborder=\"0\" scrolling=\"no\" allowfullscreen=\"allowfullscreen\" data-tweet-id=\"1788928407180312692\" data-mce-fragment=\"1\"><\/iframe><\/div>\n<\/div>\n<p>&nbsp;<\/p>\n","protected":false},"excerpt":{"rendered":"<p>A\u011fdam S\u0259naye Park\u0131nda iqtisadiyyat naziri Mikay\u0131l Cabbarov, Az\u0259rbaycan Respublikas\u0131 Prezidentinin A\u011fdam, F\u00fczuli v\u0259 Xocav\u0259nd rayonlar\u0131 \u00fczr\u0259 x\u00fcsusi n\u00fcmay\u0259nd\u0259si Emin H\u00fcseynov v\u0259 \u0130qtisadiyyat Nazirliyinin aidiyy\u0259ti qurumlar\u0131n\u0131n n\u00fcmay\u0259nd\u0259l\u0259ri g\u00f6r\u00fcl\u0259n i\u015fl\u0259rl\u0259 tan\u0131\u015f olublar. Bu bar\u0259d\u0259\u00a0Oxu.Az-a nazirlikd\u0259n bildirilib. D\u00f6vl\u0259t ba\u015f\u00e7\u0131s\u0131 c\u0259nab\u00a0\u0130lham \u018fliyevin\u00a02021-ci il, 28 may tarixli F\u0259rman\u0131 il\u0259 yarad\u0131lm\u0131\u015f A\u011fdam S\u0259naye Park\u0131 i\u015f\u011faldan azad edilmi\u015f \u0259razil\u0259rimizin biznes potensial\u0131n\u0131n realla\u015fd\u0131r\u0131lmas\u0131, qeyri-neft sektorunun inki\u015faf\u0131, m\u0259\u015f\u011fulluq s\u0259viyy\u0259sinin y\u00fcks\u0259ldilm\u0259si v\u0259 r\u0259qab\u0259tqabiliyy\u0259tli m\u0259hsul istehsal\u0131n\u0131n art\u0131r\u0131lmas\u0131 bax\u0131m\u0131ndan x\u00fcsusi \u0259h\u0259miyy\u0259t k\u0259sb edir. Dig\u0259r s\u0259naye parklar\u0131nda oldu\u011fu kimi A\u011fdam S\u0259naye Park\u0131nda da sahibkarl\u0131q f\u0259aliyy\u0259tinin inki\u015faf\u0131 \u00fc\u00e7\u00fcn d\u00f6vl\u0259t t\u0259r\u0259find\u0259n \u0259lveri\u015fli \u015f\u0259rait yarad\u0131l\u0131b. Qaraba\u011fla&hellip;<\/p>\n","protected":false},"author":2,"featured_media":720577,"comment_status":"closed","ping_status":"closed","sticky":false,"template":"","format":"standard","meta":{"om_disable_all_campaigns":false,"_monsterinsights_skip_tracking":false,"_monsterinsights_sitenote_active":false,"_monsterinsights_sitenote_note":"","_monsterinsights_sitenote_category":0},"categories":[19],"tags":[],"aioseo_notices":[],"gutentor_comment":0,"rttpg_featured_image_url":{"full":["https:\/\/arantv.az\/wp-content\/uploads\/2024\/05\/GNOM5kiWUAAcnLp.jpg",620,413,false],"landscape":["https:\/\/arantv.az\/wp-content\/uploads\/2024\/05\/GNOM5kiWUAAcnLp.jpg",620,413,false],"portraits":["https:\/\/arantv.az\/wp-content\/uploads\/2024\/05\/GNOM5kiWUAAcnLp.jpg",620,413,false],"thumbnail":["https:\/\/arantv.az\/wp-content\/uploads\/2024\/05\/GNOM5kiWUAAcnLp-500x280.jpg",500,280,true],"medium":["https:\/\/arantv.az\/wp-content\/uploads\/2024\/05\/GNOM5kiWUAAcnLp-548x365.jpg",548,365,true],"large":["https:\/\/arantv.az\/wp-content\/uploads\/2024\/05\/GNOM5kiWUAAcnLp.jpg",620,413,false],"1536x1536":["https:\/\/arantv.az\/wp-content\/uploads\/2024\/05\/GNOM5kiWUAAcnLp.jpg",620,413,false],"2048x2048":["https:\/\/arantv.az\/wp-content\/uploads\/2024\/05\/GNOM5kiWUAAcnLp.jpg",620,413,false],"post-thumbnail":["https:\/\/arantv.az\/wp-content\/uploads\/2024\/05\/GNOM5kiWUAAcnLp-240x172.jpg",240,172,true],"advps-thumb-one":["https:\/\/arantv.az\/wp-content\/uploads\/2024\/05\/GNOM5kiWUAAcnLp.jpg",620,413,false]},"rttpg_author":{"display_name":"V\u00fcsal Rafiqo\u011flu","author_link":"https:\/\/arantv.az\/?author=2"},"rttpg_comment":0,"rttpg_category":"<a href=\"https:\/\/arantv.az\/?cat=19\" rel=\"category\">G\u00fcnd\u0259m<\/a>","rttpg_excerpt":"A\u011fdam S\u0259naye Park\u0131nda iqtisadiyyat naziri Mikay\u0131l Cabbarov, Az\u0259rbaycan Respublikas\u0131 Prezidentinin A\u011fdam, F\u00fczuli v\u0259 Xocav\u0259nd rayonlar\u0131 \u00fczr\u0259 x\u00fcsusi n\u00fcmay\u0259nd\u0259si Emin H\u00fcseynov v\u0259 \u0130qtisadiyyat Nazirliyinin aidiyy\u0259ti qurumlar\u0131n\u0131n n\u00fcmay\u0259nd\u0259l\u0259ri g\u00f6r\u00fcl\u0259n i\u015fl\u0259rl\u0259 tan\u0131\u015f olublar. Bu bar\u0259d\u0259\u00a0Oxu.Az-a nazirlikd\u0259n bildirilib. D\u00f6vl\u0259t ba\u015f\u00e7\u0131s\u0131 c\u0259nab\u00a0\u0130lham \u018fliyevin\u00a02021-ci il, 28 may tarixli F\u0259rman\u0131 il\u0259 yarad\u0131lm\u0131\u015f A\u011fdam S\u0259naye Park\u0131 i\u015f\u011faldan azad edilmi\u015f \u0259razil\u0259rimizin biznes potensial\u0131n\u0131n realla\u015fd\u0131r\u0131lmas\u0131,&hellip;","_links":{"self":[{"href":"https:\/\/arantv.az\/index.php?rest_route=\/wp\/v2\/posts\/720576"}],"collection":[{"href":"https:\/\/arantv.az\/index.php?rest_route=\/wp\/v2\/posts"}],"about":[{"href":"https:\/\/arantv.az\/index.php?rest_route=\/wp\/v2\/types\/post"}],"author":[{"embeddable":true,"href":"https:\/\/arantv.az\/index.php?rest_route=\/wp\/v2\/users\/2"}],"replies":[{"embeddable":true,"href":"https:\/\/arantv.az\/index.php?rest_route=%2Fwp%2Fv2%2Fcomments&post=720576"}],"version-history":[{"count":0,"href":"https:\/\/arantv.az\/index.php?rest_route=\/wp\/v2\/posts\/720576\/revisions"}],"wp:featuredmedia":[{"embeddable":true,"href":"https:\/\/arantv.az\/index.php?rest_route=\/wp\/v2\/media\/720577"}],"wp:attachment":[{"href":"https:\/\/arantv.az\/index.php?rest_route=%2Fwp%2Fv2%2Fmedia&parent=720576"}],"wp:term":[{"taxonomy":"category","embeddable":true,"href":"https:\/\/arantv.az\/index.php?rest_route=%2Fwp%2Fv2%2Fcategories&post=720576"},{"taxonomy":"post_tag","embeddable":true,"href":"https:\/\/arantv.az\/index.php?rest_route=%2Fwp%2Fv2%2Ftags&post=720576"}],"curies":[{"name":"wp","href":"https:\/\/api.w.org\/{rel}","templated":true}]}}