{"id":720579,"date":"2024-05-10T19:31:51","date_gmt":"2024-05-10T15:31:51","guid":{"rendered":"https:\/\/arantv.az\/?p=720579"},"modified":"2024-05-10T19:31:51","modified_gmt":"2024-05-10T15:31:51","slug":"ilham-%c9%99liyev-bu-gun-susanin-yeni-tarixi-baslayir","status":"publish","type":"post","link":"https:\/\/arantv.az\/?p=720579","title":{"rendered":"\u0130lham \u018fliyev: \u201cBu g\u00fcn \u015eu\u015fan\u0131n yeni tarixi ba\u015flay\u0131r\u201d"},"content":{"rendered":"<p>\u201cBu g\u00fcn \u015eu\u015fan\u0131n yeni tarixi ba\u015flay\u0131r. M\u0259n 2020-ci il noyabr\u0131n 8-d\u0259 xalqa m\u00fcraci\u0259timd\u0259 demi\u015fdim ki, biz \u015eu\u015fan\u0131 dir\u00e7\u0259ld\u0259c\u0259yik. Bax, bu g\u00fcn biz dir\u00e7\u0259ldil\u0259n \u015eu\u015fan\u0131 g\u00f6r\u00fcr\u00fck\u201d.<\/p>\n<p><a href=\"https:\/\/azertag.az\/xeber\/prezident_bu_gun_susanin_yeni_tarixi_baslayir-2995630\" target=\"_blank\" rel=\"noopener\">AZ\u018fRTAC<\/a>\u00a0x\u0259b\u0259r verir ki, bu bar\u0259d\u0259 Az\u0259rbaycan Respublikas\u0131n\u0131n Prezidenti\u00a0<strong>\u0130lham \u018fliyev<\/strong>\u00a0\u015eu\u015faya qay\u0131dan ilk sakinl\u0259r\u0259 m\u0259nzill\u0259rinin a\u00e7arlar\u0131n\u0131n t\u0259qdim edilm\u0259si m\u0259rasimind\u0259 \u00e7\u0131x\u0131\u015f\u0131 zaman\u0131 bildirib.<\/p>\n<p>\u015eu\u015fada \u00e7ox geni\u015fmiqyasl\u0131 quruculuq i\u015fl\u0259rinin getdiyini, ya\u015fay\u0131\u015f kompleksl\u0259rinin in\u015fa olundu\u011funu vur\u011fulayan d\u00f6vl\u0259timizin ba\u015f\u00e7\u0131s\u0131 qeyd edib: \u201cB\u00fct\u00fcn evl\u0259r g\u00f6z\u0259l memarl\u0131q \u00fcslubunda &#8211; \u015eu\u015fan\u0131n \u0259n\u0259n\u0259vi \u00fcslubunda in\u015fa edilmi\u015fdir. \u015e\u0259rait \u00e7ox g\u00f6z\u0259ldir v\u0259 \u0259min\u0259m ki, uzun fasil\u0259d\u0259n sonra \u015fu\u015fal\u0131lar burada rahat ya\u015fayacaqlar, yaradacaqlar, quracaqlar, \u00f6z do\u011fma \u015f\u0259h\u0259rinin tarixi simas\u0131n\u0131 qoruyacaqlar\u201d.<\/p>\n","protected":false},"excerpt":{"rendered":"<p>\u201cBu g\u00fcn \u015eu\u015fan\u0131n yeni tarixi ba\u015flay\u0131r. M\u0259n 2020-ci il noyabr\u0131n 8-d\u0259 xalqa m\u00fcraci\u0259timd\u0259 demi\u015fdim ki, biz \u015eu\u015fan\u0131 dir\u00e7\u0259ld\u0259c\u0259yik. Bax, bu g\u00fcn biz dir\u00e7\u0259ldil\u0259n \u015eu\u015fan\u0131 g\u00f6r\u00fcr\u00fck\u201d. AZ\u018fRTAC\u00a0x\u0259b\u0259r verir ki, bu bar\u0259d\u0259 Az\u0259rbaycan Respublikas\u0131n\u0131n Prezidenti\u00a0\u0130lham \u018fliyev\u00a0\u015eu\u015faya qay\u0131dan ilk sakinl\u0259r\u0259 m\u0259nzill\u0259rinin a\u00e7arlar\u0131n\u0131n t\u0259qdim edilm\u0259si m\u0259rasimind\u0259 \u00e7\u0131x\u0131\u015f\u0131 zaman\u0131 bildirib. \u015eu\u015fada \u00e7ox geni\u015fmiqyasl\u0131 quruculuq i\u015fl\u0259rinin getdiyini, ya\u015fay\u0131\u015f kompleksl\u0259rinin in\u015fa olundu\u011funu vur\u011fulayan d\u00f6vl\u0259timizin ba\u015f\u00e7\u0131s\u0131 qeyd edib: \u201cB\u00fct\u00fcn evl\u0259r g\u00f6z\u0259l memarl\u0131q \u00fcslubunda &#8211; \u015eu\u015fan\u0131n \u0259n\u0259n\u0259vi \u00fcslubunda in\u015fa edilmi\u015fdir. \u015e\u0259rait \u00e7ox g\u00f6z\u0259ldir v\u0259 \u0259min\u0259m ki, uzun fasil\u0259d\u0259n sonra \u015fu\u015fal\u0131lar burada rahat ya\u015fayacaqlar, yaradacaqlar, quracaqlar, \u00f6z do\u011fma \u015f\u0259h\u0259rinin tarixi&hellip;<\/p>\n","protected":false},"author":2,"featured_media":720580,"comment_status":"closed","ping_status":"closed","sticky":false,"template":"","format":"standard","meta":{"om_disable_all_campaigns":false,"_monsterinsights_skip_tracking":false,"_monsterinsights_sitenote_active":false,"_monsterinsights_sitenote_note":"","_monsterinsights_sitenote_category":0},"categories":[4],"tags":[],"aioseo_notices":[],"gutentor_comment":0,"rttpg_featured_image_url":{"full":["https:\/\/arantv.az\/wp-content\/uploads\/2024\/05\/c2cf4411-85df-3139-a119-16d313bc2faa_850.jpg",620,413,false],"landscape":["https:\/\/arantv.az\/wp-content\/uploads\/2024\/05\/c2cf4411-85df-3139-a119-16d313bc2faa_850.jpg",620,413,false],"portraits":["https:\/\/arantv.az\/wp-content\/uploads\/2024\/05\/c2cf4411-85df-3139-a119-16d313bc2faa_850.jpg",620,413,false],"thumbnail":["https:\/\/arantv.az\/wp-content\/uploads\/2024\/05\/c2cf4411-85df-3139-a119-16d313bc2faa_850-500x280.jpg",500,280,true],"medium":["https:\/\/arantv.az\/wp-content\/uploads\/2024\/05\/c2cf4411-85df-3139-a119-16d313bc2faa_850-548x365.jpg",548,365,true],"large":["https:\/\/arantv.az\/wp-content\/uploads\/2024\/05\/c2cf4411-85df-3139-a119-16d313bc2faa_850.jpg",620,413,false],"1536x1536":["https:\/\/arantv.az\/wp-content\/uploads\/2024\/05\/c2cf4411-85df-3139-a119-16d313bc2faa_850.jpg",620,413,false],"2048x2048":["https:\/\/arantv.az\/wp-content\/uploads\/2024\/05\/c2cf4411-85df-3139-a119-16d313bc2faa_850.jpg",620,413,false],"post-thumbnail":["https:\/\/arantv.az\/wp-content\/uploads\/2024\/05\/c2cf4411-85df-3139-a119-16d313bc2faa_850-240x172.jpg",240,172,true],"advps-thumb-one":["https:\/\/arantv.az\/wp-content\/uploads\/2024\/05\/c2cf4411-85df-3139-a119-16d313bc2faa_850.jpg",620,413,false]},"rttpg_author":{"display_name":"V\u00fcsal Rafiqo\u011flu","author_link":"https:\/\/arantv.az\/?author=2"},"rttpg_comment":0,"rttpg_category":"<a href=\"https:\/\/arantv.az\/?cat=4\" rel=\"category\">Siyas\u0259t<\/a>","rttpg_excerpt":"\u201cBu g\u00fcn \u015eu\u015fan\u0131n yeni tarixi ba\u015flay\u0131r. M\u0259n 2020-ci il noyabr\u0131n 8-d\u0259 xalqa m\u00fcraci\u0259timd\u0259 demi\u015fdim ki, biz \u015eu\u015fan\u0131 dir\u00e7\u0259ld\u0259c\u0259yik. Bax, bu g\u00fcn biz dir\u00e7\u0259ldil\u0259n \u015eu\u015fan\u0131 g\u00f6r\u00fcr\u00fck\u201d. AZ\u018fRTAC\u00a0x\u0259b\u0259r verir ki, bu bar\u0259d\u0259 Az\u0259rbaycan Respublikas\u0131n\u0131n Prezidenti\u00a0\u0130lham \u018fliyev\u00a0\u015eu\u015faya qay\u0131dan ilk sakinl\u0259r\u0259 m\u0259nzill\u0259rinin a\u00e7arlar\u0131n\u0131n t\u0259qdim edilm\u0259si m\u0259rasimind\u0259 \u00e7\u0131x\u0131\u015f\u0131 zaman\u0131 bildirib. \u015eu\u015fada \u00e7ox geni\u015fmiqyasl\u0131 quruculuq i\u015fl\u0259rinin getdiyini, ya\u015fay\u0131\u015f kompleksl\u0259rinin in\u015fa olundu\u011funu&hellip;","_links":{"self":[{"href":"https:\/\/arantv.az\/index.php?rest_route=\/wp\/v2\/posts\/720579"}],"collection":[{"href":"https:\/\/arantv.az\/index.php?rest_route=\/wp\/v2\/posts"}],"about":[{"href":"https:\/\/arantv.az\/index.php?rest_route=\/wp\/v2\/types\/post"}],"author":[{"embeddable":true,"href":"https:\/\/arantv.az\/index.php?rest_route=\/wp\/v2\/users\/2"}],"replies":[{"embeddable":true,"href":"https:\/\/arantv.az\/index.php?rest_route=%2Fwp%2Fv2%2Fcomments&post=720579"}],"version-history":[{"count":0,"href":"https:\/\/arantv.az\/index.php?rest_route=\/wp\/v2\/posts\/720579\/revisions"}],"wp:featuredmedia":[{"embeddable":true,"href":"https:\/\/arantv.az\/index.php?rest_route=\/wp\/v2\/media\/720580"}],"wp:attachment":[{"href":"https:\/\/arantv.az\/index.php?rest_route=%2Fwp%2Fv2%2Fmedia&parent=720579"}],"wp:term":[{"taxonomy":"category","embeddable":true,"href":"https:\/\/arantv.az\/index.php?rest_route=%2Fwp%2Fv2%2Fcategories&post=720579"},{"taxonomy":"post_tag","embeddable":true,"href":"https:\/\/arantv.az\/index.php?rest_route=%2Fwp%2Fv2%2Ftags&post=720579"}],"curies":[{"name":"wp","href":"https:\/\/api.w.org\/{rel}","templated":true}]}}