{"id":720582,"date":"2024-05-10T19:32:19","date_gmt":"2024-05-10T15:32:19","guid":{"rendered":"https:\/\/arantv.az\/?p=720582"},"modified":"2024-05-10T19:32:19","modified_gmt":"2024-05-10T15:32:19","slug":"az%c9%99rbaycan-prezidenti-muharib%c9%99nin-susasiz-ugurla-basa-catmasi-mumkun-deyildi","status":"publish","type":"post","link":"https:\/\/arantv.az\/?p=720582","title":{"rendered":"Az\u0259rbaycan Prezidenti: \u201cM\u00fcharib\u0259nin \u015eu\u015fas\u0131z u\u011furla ba\u015fa \u00e7atmas\u0131 m\u00fcmk\u00fcn deyildi\u201d"},"content":{"rendered":"<p>\u201cM\u00fcharib\u0259 zaman\u0131 (V\u0259t\u0259n m\u00fcharib\u0259si) xarici media n\u00fcmay\u0259nd\u0259l\u0259rin\u0259 m\u00fcsahib\u0259l\u0259rim olub. Ancaq t\u0259bii ki, m\u00fcharib\u0259d\u0259ki planlar\u0131m\u0131zla ba\u011fl\u0131 he\u00e7 bir \u015fey dey\u0259 bilm\u0259zdim. Sad\u0259c\u0259 olaraq, bir d\u0259f\u0259 m\u0259n\u0259 \u015eu\u015fa haqq\u0131nda sual veril\u0259nd\u0259 dedim ki, \u015eu\u015fas\u0131z bizim i\u015fimiz yar\u0131m\u00e7\u0131q qalacaq. Hesab edir\u0259m h\u0259r k\u0259s anlad\u0131 ki, \u015eu\u015fa azad olunmadan biz dayanmayaca\u011f\u0131q\u201d.<\/p>\n<p><a href=\"https:\/\/azertag.az\/xeber\/azerbaycan_prezidenti_muharibenin_susasiz_ugurla_basa_chatmasi_mumkun_deyildi-2995618\" target=\"_blank\" rel=\"noopener\">AZ\u018fRTAC<\/a>\u00a0x\u0259b\u0259r verir ki, bu bar\u0259d\u0259 Az\u0259rbaycan Respublikas\u0131n\u0131n Prezidenti\u00a0<strong>\u0130lham \u018fliyev<\/strong>\u00a0\u015eu\u015faya qay\u0131dan ilk sakinl\u0259r\u0259 m\u0259nzill\u0259rinin a\u00e7arlar\u0131n\u0131n t\u0259qdim edilm\u0259si m\u0259rasimind\u0259 \u00e7\u0131x\u0131\u015f\u0131 zaman\u0131 bildirib.<\/p>\n<p>\u201c\u015eu\u015fa bizim \u0259yilm\u0259z ruhumuzun r\u0259mzidir. \u015eu\u015fa h\u0259r bir Az\u0259rbaycan v\u0259t\u0259nda\u015f\u0131n\u0131n q\u0259lbind\u0259 el\u0259 bir b\u00f6y\u00fck iz burax\u0131b ki, m\u00fcharib\u0259nin \u015eu\u015fas\u0131z u\u011furla ba\u015fa \u00e7atmas\u0131 m\u00fcmk\u00fcn deyildi\u201d, &#8211; dey\u0259 d\u00f6vl\u0259timizin ba\u015f\u00e7\u0131s\u0131 \u0259lav\u0259 edib.<\/p>\n","protected":false},"excerpt":{"rendered":"<p>\u201cM\u00fcharib\u0259 zaman\u0131 (V\u0259t\u0259n m\u00fcharib\u0259si) xarici media n\u00fcmay\u0259nd\u0259l\u0259rin\u0259 m\u00fcsahib\u0259l\u0259rim olub. Ancaq t\u0259bii ki, m\u00fcharib\u0259d\u0259ki planlar\u0131m\u0131zla ba\u011fl\u0131 he\u00e7 bir \u015fey dey\u0259 bilm\u0259zdim. Sad\u0259c\u0259 olaraq, bir d\u0259f\u0259 m\u0259n\u0259 \u015eu\u015fa haqq\u0131nda sual veril\u0259nd\u0259 dedim ki, \u015eu\u015fas\u0131z bizim i\u015fimiz yar\u0131m\u00e7\u0131q qalacaq. Hesab edir\u0259m h\u0259r k\u0259s anlad\u0131 ki, \u015eu\u015fa azad olunmadan biz dayanmayaca\u011f\u0131q\u201d. AZ\u018fRTAC\u00a0x\u0259b\u0259r verir ki, bu bar\u0259d\u0259 Az\u0259rbaycan Respublikas\u0131n\u0131n Prezidenti\u00a0\u0130lham \u018fliyev\u00a0\u015eu\u015faya qay\u0131dan ilk sakinl\u0259r\u0259 m\u0259nzill\u0259rinin a\u00e7arlar\u0131n\u0131n t\u0259qdim edilm\u0259si m\u0259rasimind\u0259 \u00e7\u0131x\u0131\u015f\u0131 zaman\u0131 bildirib. \u201c\u015eu\u015fa bizim \u0259yilm\u0259z ruhumuzun r\u0259mzidir. \u015eu\u015fa h\u0259r bir Az\u0259rbaycan v\u0259t\u0259nda\u015f\u0131n\u0131n q\u0259lbind\u0259 el\u0259 bir b\u00f6y\u00fck iz burax\u0131b ki, m\u00fcharib\u0259nin \u015eu\u015fas\u0131z u\u011furla ba\u015fa \u00e7atmas\u0131 m\u00fcmk\u00fcn&hellip;<\/p>\n","protected":false},"author":2,"featured_media":720583,"comment_status":"closed","ping_status":"closed","sticky":false,"template":"","format":"standard","meta":{"om_disable_all_campaigns":false,"_monsterinsights_skip_tracking":false,"_monsterinsights_sitenote_active":false,"_monsterinsights_sitenote_note":"","_monsterinsights_sitenote_category":0},"categories":[4],"tags":[],"aioseo_notices":[],"gutentor_comment":0,"rttpg_featured_image_url":{"full":["https:\/\/arantv.az\/wp-content\/uploads\/2024\/05\/146489343_3630775630339458_5894724052432811821_o.jpg",620,413,false],"landscape":["https:\/\/arantv.az\/wp-content\/uploads\/2024\/05\/146489343_3630775630339458_5894724052432811821_o.jpg",620,413,false],"portraits":["https:\/\/arantv.az\/wp-content\/uploads\/2024\/05\/146489343_3630775630339458_5894724052432811821_o.jpg",620,413,false],"thumbnail":["https:\/\/arantv.az\/wp-content\/uploads\/2024\/05\/146489343_3630775630339458_5894724052432811821_o-500x280.jpg",500,280,true],"medium":["https:\/\/arantv.az\/wp-content\/uploads\/2024\/05\/146489343_3630775630339458_5894724052432811821_o-548x365.jpg",548,365,true],"large":["https:\/\/arantv.az\/wp-content\/uploads\/2024\/05\/146489343_3630775630339458_5894724052432811821_o.jpg",620,413,false],"1536x1536":["https:\/\/arantv.az\/wp-content\/uploads\/2024\/05\/146489343_3630775630339458_5894724052432811821_o.jpg",620,413,false],"2048x2048":["https:\/\/arantv.az\/wp-content\/uploads\/2024\/05\/146489343_3630775630339458_5894724052432811821_o.jpg",620,413,false],"post-thumbnail":["https:\/\/arantv.az\/wp-content\/uploads\/2024\/05\/146489343_3630775630339458_5894724052432811821_o-240x172.jpg",240,172,true],"advps-thumb-one":["https:\/\/arantv.az\/wp-content\/uploads\/2024\/05\/146489343_3630775630339458_5894724052432811821_o.jpg",620,413,false]},"rttpg_author":{"display_name":"V\u00fcsal Rafiqo\u011flu","author_link":"https:\/\/arantv.az\/?author=2"},"rttpg_comment":0,"rttpg_category":"<a href=\"https:\/\/arantv.az\/?cat=4\" rel=\"category\">Siyas\u0259t<\/a>","rttpg_excerpt":"\u201cM\u00fcharib\u0259 zaman\u0131 (V\u0259t\u0259n m\u00fcharib\u0259si) xarici media n\u00fcmay\u0259nd\u0259l\u0259rin\u0259 m\u00fcsahib\u0259l\u0259rim olub. Ancaq t\u0259bii ki, m\u00fcharib\u0259d\u0259ki planlar\u0131m\u0131zla ba\u011fl\u0131 he\u00e7 bir \u015fey dey\u0259 bilm\u0259zdim. Sad\u0259c\u0259 olaraq, bir d\u0259f\u0259 m\u0259n\u0259 \u015eu\u015fa haqq\u0131nda sual veril\u0259nd\u0259 dedim ki, \u015eu\u015fas\u0131z bizim i\u015fimiz yar\u0131m\u00e7\u0131q qalacaq. Hesab edir\u0259m h\u0259r k\u0259s anlad\u0131 ki, \u015eu\u015fa azad olunmadan biz dayanmayaca\u011f\u0131q\u201d. AZ\u018fRTAC\u00a0x\u0259b\u0259r verir ki, bu bar\u0259d\u0259 Az\u0259rbaycan Respublikas\u0131n\u0131n Prezidenti\u00a0\u0130lham&hellip;","_links":{"self":[{"href":"https:\/\/arantv.az\/index.php?rest_route=\/wp\/v2\/posts\/720582"}],"collection":[{"href":"https:\/\/arantv.az\/index.php?rest_route=\/wp\/v2\/posts"}],"about":[{"href":"https:\/\/arantv.az\/index.php?rest_route=\/wp\/v2\/types\/post"}],"author":[{"embeddable":true,"href":"https:\/\/arantv.az\/index.php?rest_route=\/wp\/v2\/users\/2"}],"replies":[{"embeddable":true,"href":"https:\/\/arantv.az\/index.php?rest_route=%2Fwp%2Fv2%2Fcomments&post=720582"}],"version-history":[{"count":0,"href":"https:\/\/arantv.az\/index.php?rest_route=\/wp\/v2\/posts\/720582\/revisions"}],"wp:featuredmedia":[{"embeddable":true,"href":"https:\/\/arantv.az\/index.php?rest_route=\/wp\/v2\/media\/720583"}],"wp:attachment":[{"href":"https:\/\/arantv.az\/index.php?rest_route=%2Fwp%2Fv2%2Fmedia&parent=720582"}],"wp:term":[{"taxonomy":"category","embeddable":true,"href":"https:\/\/arantv.az\/index.php?rest_route=%2Fwp%2Fv2%2Fcategories&post=720582"},{"taxonomy":"post_tag","embeddable":true,"href":"https:\/\/arantv.az\/index.php?rest_route=%2Fwp%2Fv2%2Ftags&post=720582"}],"curies":[{"name":"wp","href":"https:\/\/api.w.org\/{rel}","templated":true}]}}