{"id":720586,"date":"2024-05-10T19:33:43","date_gmt":"2024-05-10T15:33:43","guid":{"rendered":"https:\/\/arantv.az\/?p=720586"},"modified":"2024-05-10T19:33:43","modified_gmt":"2024-05-10T15:33:43","slug":"ilham-%c9%99liyev-dogma-yurda-qayidis-munasib%c9%99til%c9%99-susalilari-t%c9%99brik-edib","status":"publish","type":"post","link":"https:\/\/arantv.az\/?p=720586","title":{"rendered":"\u0130lham \u018fliyev do\u011fma yurda qay\u0131d\u0131\u015f m\u00fcnasib\u0259til\u0259 \u015fu\u015fal\u0131lar\u0131 t\u0259brik edib"},"content":{"rendered":"<p>Az\u0259rbaycan Respublikas\u0131n\u0131n Prezidenti<strong>\u00a0\u0130lham \u018fliyev<\/strong>\u00a0do\u011fma \u015f\u0259h\u0259r\u0259 qay\u0131d\u0131\u015f m\u00fcnasib\u0259til\u0259 \u015fu\u015fal\u0131lar\u0131 t\u0259brik edib.<\/p>\n<p><a href=\"https:\/\/azertag.az\/xeber\/prezident_ilham_eliyev_dogma_yurda_qayidis_munasibetile_susalilari_tebrik_edib-2995598\" target=\"_blank\" rel=\"noopener\">AZ\u018fRTAC<\/a>\u00a0x\u0259b\u0259r verir ki, \u015eu\u015faya qay\u0131dan ilk sakinl\u0259r\u0259 m\u0259nzill\u0259rinin a\u00e7arlar\u0131n\u0131n t\u0259qdim olunmas\u0131 m\u0259rasimind\u0259 \u00e7\u0131x\u0131\u015f ed\u0259n d\u00f6vl\u0259timizin ba\u015f\u00e7\u0131s\u0131 deyib:<\/p>\n<p>\u201cOtuz iki ild\u0259n sonra siz do\u011fma \u015eu\u015faya qay\u0131d\u0131rs\u0131n\u0131z. Bu g\u00f6z\u0259l tarixi hadis\u0259 m\u00fcnasib\u0259til\u0259 sizi \u00fcr\u0259kd\u0259n t\u0259brik edir\u0259m. Siz otuz iki il v\u0259t\u0259n h\u0259sr\u0259ti il\u0259 ya\u015fam\u0131s\u0131n\u0131z, amma bilir\u0259m ki, bir an da \u015eu\u015fan\u0131 unutmam\u0131s\u0131n\u0131z, bilirdiniz v\u0259 inan\u0131rd\u0131n\u0131z ki, siz buraya qay\u0131dacaqs\u0131n\u0131z. M\u0259n d\u0259 bilirdim, m\u0259n d\u0259 inan\u0131rd\u0131m v\u0259 Prezident kimi 2003-c\u00fc ild\u0259n ba\u015flayaraq sizi v\u0259 b\u00fct\u00fcn ke\u00e7mi\u015f k\u00f6\u00e7k\u00fcnl\u0259ri \u00f6z do\u011fma v\u0259t\u0259nin\u0259 qaytarmaq \u00fc\u00e7\u00fcn \u0259limd\u0259n g\u0259l\u0259ni \u0259sirg\u0259mirdim\u201d.<\/p>\n","protected":false},"excerpt":{"rendered":"<p>Az\u0259rbaycan Respublikas\u0131n\u0131n Prezidenti\u00a0\u0130lham \u018fliyev\u00a0do\u011fma \u015f\u0259h\u0259r\u0259 qay\u0131d\u0131\u015f m\u00fcnasib\u0259til\u0259 \u015fu\u015fal\u0131lar\u0131 t\u0259brik edib. AZ\u018fRTAC\u00a0x\u0259b\u0259r verir ki, \u015eu\u015faya qay\u0131dan ilk sakinl\u0259r\u0259 m\u0259nzill\u0259rinin a\u00e7arlar\u0131n\u0131n t\u0259qdim olunmas\u0131 m\u0259rasimind\u0259 \u00e7\u0131x\u0131\u015f ed\u0259n d\u00f6vl\u0259timizin ba\u015f\u00e7\u0131s\u0131 deyib: \u201cOtuz iki ild\u0259n sonra siz do\u011fma \u015eu\u015faya qay\u0131d\u0131rs\u0131n\u0131z. Bu g\u00f6z\u0259l tarixi hadis\u0259 m\u00fcnasib\u0259til\u0259 sizi \u00fcr\u0259kd\u0259n t\u0259brik edir\u0259m. Siz otuz iki il v\u0259t\u0259n h\u0259sr\u0259ti il\u0259 ya\u015fam\u0131s\u0131n\u0131z, amma bilir\u0259m ki, bir an da \u015eu\u015fan\u0131 unutmam\u0131s\u0131n\u0131z, bilirdiniz v\u0259 inan\u0131rd\u0131n\u0131z ki, siz buraya qay\u0131dacaqs\u0131n\u0131z. M\u0259n d\u0259 bilirdim, m\u0259n d\u0259 inan\u0131rd\u0131m v\u0259 Prezident kimi 2003-c\u00fc ild\u0259n ba\u015flayaraq sizi v\u0259 b\u00fct\u00fcn ke\u00e7mi\u015f k\u00f6\u00e7k\u00fcnl\u0259ri \u00f6z do\u011fma v\u0259t\u0259nin\u0259 qaytarmaq \u00fc\u00e7\u00fcn \u0259limd\u0259n&hellip;<\/p>\n","protected":false},"author":2,"featured_media":720587,"comment_status":"closed","ping_status":"closed","sticky":false,"template":"","format":"standard","meta":{"om_disable_all_campaigns":false,"_monsterinsights_skip_tracking":false,"_monsterinsights_sitenote_active":false,"_monsterinsights_sitenote_note":"","_monsterinsights_sitenote_category":0},"categories":[4],"tags":[],"aioseo_notices":[],"gutentor_comment":0,"rttpg_featured_image_url":{"full":["https:\/\/arantv.az\/wp-content\/uploads\/2024\/05\/e34e2107-55d9-324c-8c73-101e5b2354fe_850.jpg",620,413,false],"landscape":["https:\/\/arantv.az\/wp-content\/uploads\/2024\/05\/e34e2107-55d9-324c-8c73-101e5b2354fe_850.jpg",620,413,false],"portraits":["https:\/\/arantv.az\/wp-content\/uploads\/2024\/05\/e34e2107-55d9-324c-8c73-101e5b2354fe_850.jpg",620,413,false],"thumbnail":["https:\/\/arantv.az\/wp-content\/uploads\/2024\/05\/e34e2107-55d9-324c-8c73-101e5b2354fe_850-500x280.jpg",500,280,true],"medium":["https:\/\/arantv.az\/wp-content\/uploads\/2024\/05\/e34e2107-55d9-324c-8c73-101e5b2354fe_850-548x365.jpg",548,365,true],"large":["https:\/\/arantv.az\/wp-content\/uploads\/2024\/05\/e34e2107-55d9-324c-8c73-101e5b2354fe_850.jpg",620,413,false],"1536x1536":["https:\/\/arantv.az\/wp-content\/uploads\/2024\/05\/e34e2107-55d9-324c-8c73-101e5b2354fe_850.jpg",620,413,false],"2048x2048":["https:\/\/arantv.az\/wp-content\/uploads\/2024\/05\/e34e2107-55d9-324c-8c73-101e5b2354fe_850.jpg",620,413,false],"post-thumbnail":["https:\/\/arantv.az\/wp-content\/uploads\/2024\/05\/e34e2107-55d9-324c-8c73-101e5b2354fe_850-240x172.jpg",240,172,true],"advps-thumb-one":["https:\/\/arantv.az\/wp-content\/uploads\/2024\/05\/e34e2107-55d9-324c-8c73-101e5b2354fe_850.jpg",620,413,false]},"rttpg_author":{"display_name":"V\u00fcsal Rafiqo\u011flu","author_link":"https:\/\/arantv.az\/?author=2"},"rttpg_comment":0,"rttpg_category":"<a href=\"https:\/\/arantv.az\/?cat=4\" rel=\"category\">Siyas\u0259t<\/a>","rttpg_excerpt":"Az\u0259rbaycan Respublikas\u0131n\u0131n Prezidenti\u00a0\u0130lham \u018fliyev\u00a0do\u011fma \u015f\u0259h\u0259r\u0259 qay\u0131d\u0131\u015f m\u00fcnasib\u0259til\u0259 \u015fu\u015fal\u0131lar\u0131 t\u0259brik edib. AZ\u018fRTAC\u00a0x\u0259b\u0259r verir ki, \u015eu\u015faya qay\u0131dan ilk sakinl\u0259r\u0259 m\u0259nzill\u0259rinin a\u00e7arlar\u0131n\u0131n t\u0259qdim olunmas\u0131 m\u0259rasimind\u0259 \u00e7\u0131x\u0131\u015f ed\u0259n d\u00f6vl\u0259timizin ba\u015f\u00e7\u0131s\u0131 deyib: \u201cOtuz iki ild\u0259n sonra siz do\u011fma \u015eu\u015faya qay\u0131d\u0131rs\u0131n\u0131z. Bu g\u00f6z\u0259l tarixi hadis\u0259 m\u00fcnasib\u0259til\u0259 sizi \u00fcr\u0259kd\u0259n t\u0259brik edir\u0259m. Siz otuz iki il v\u0259t\u0259n h\u0259sr\u0259ti il\u0259 ya\u015fam\u0131s\u0131n\u0131z, amma bilir\u0259m ki,&hellip;","_links":{"self":[{"href":"https:\/\/arantv.az\/index.php?rest_route=\/wp\/v2\/posts\/720586"}],"collection":[{"href":"https:\/\/arantv.az\/index.php?rest_route=\/wp\/v2\/posts"}],"about":[{"href":"https:\/\/arantv.az\/index.php?rest_route=\/wp\/v2\/types\/post"}],"author":[{"embeddable":true,"href":"https:\/\/arantv.az\/index.php?rest_route=\/wp\/v2\/users\/2"}],"replies":[{"embeddable":true,"href":"https:\/\/arantv.az\/index.php?rest_route=%2Fwp%2Fv2%2Fcomments&post=720586"}],"version-history":[{"count":0,"href":"https:\/\/arantv.az\/index.php?rest_route=\/wp\/v2\/posts\/720586\/revisions"}],"wp:featuredmedia":[{"embeddable":true,"href":"https:\/\/arantv.az\/index.php?rest_route=\/wp\/v2\/media\/720587"}],"wp:attachment":[{"href":"https:\/\/arantv.az\/index.php?rest_route=%2Fwp%2Fv2%2Fmedia&parent=720586"}],"wp:term":[{"taxonomy":"category","embeddable":true,"href":"https:\/\/arantv.az\/index.php?rest_route=%2Fwp%2Fv2%2Fcategories&post=720586"},{"taxonomy":"post_tag","embeddable":true,"href":"https:\/\/arantv.az\/index.php?rest_route=%2Fwp%2Fv2%2Ftags&post=720586"}],"curies":[{"name":"wp","href":"https:\/\/api.w.org\/{rel}","templated":true}]}}