{"id":720594,"date":"2024-05-10T19:37:47","date_gmt":"2024-05-10T15:37:47","guid":{"rendered":"https:\/\/arantv.az\/?p=720594"},"modified":"2024-05-10T19:37:47","modified_gmt":"2024-05-10T15:37:47","slug":"prezident-xalqimiz-el%c9%99-bir-q%c9%99hr%c9%99manliq-gost%c9%99rib-ki-butun-dunyada-az%c9%99rbaycan-ogullari-haqqinda-danisirlar","status":"publish","type":"post","link":"https:\/\/arantv.az\/?p=720594","title":{"rendered":"Prezident: \u201cXalq\u0131m\u0131z el\u0259 bir q\u0259hr\u0259manl\u0131q g\u00f6st\u0259rib ki, b\u00fct\u00fcn d\u00fcnyada Az\u0259rbaycan o\u011fullar\u0131 haqq\u0131nda dan\u0131\u015f\u0131rlar\u201d"},"content":{"rendered":"<p>\u201cAz\u0259rbaycan xalq\u0131 el\u0259 bir q\u0259hr\u0259manl\u0131q, el\u0259 bir f\u0259dakarl\u0131q g\u00f6st\u0259rmi\u015fdir ki, bu g\u00fcn b\u00fct\u00fcn d\u00fcnyada Az\u0259rbaycan o\u011fullar\u0131 haqq\u0131nda dan\u0131\u015f\u0131rlar v\u0259 bizim xalq\u0131m\u0131za h\u00f6rm\u0259t edirl\u0259r\u201d.<\/p>\n<p><a href=\"https:\/\/azertag.az\/xeber\/prezident_ilham_eliyev_xalqimiz_ele_bir_qehremanliq_gosterib_ki_bu_gun_butun_dunyada_azerbaycan_ogullari_haqqinda_danisirlar-2995578\" target=\"_blank\" rel=\"noopener\">AZ\u018fRTAC<\/a>\u00a0x\u0259b\u0259r verir ki, bu s\u00f6zl\u0259ri Az\u0259rbaycan Respublikas\u0131n\u0131n Prezidenti<strong>\u00a0\u0130lham \u018fliyev\u00a0<\/strong>\u015eu\u015faya qay\u0131dan ilk sakinl\u0259r\u0259 m\u0259nzill\u0259rinin a\u00e7arlar\u0131n\u0131n t\u0259qdim edilm\u0259si m\u0259rasimind\u0259 \u00e7\u0131x\u0131\u015f\u0131 zaman\u0131 deyib.<\/p>\n<p>\u201c\u00c7\u00fcnki biz \u00f6z haqq\u0131m\u0131z\u0131 dan\u0131\u015f\u0131qlar yolu il\u0259 yox, kimins\u0259 g\u00fcz\u0259\u015fti hesab\u0131na yox, d\u00f6y\u00fc\u015f meydan\u0131nda b\u0259rpa etdik, \u015f\u0259h\u0259rl\u0259rimizi, k\u0259ndl\u0259rimizi azad etdik, qan t\u00f6kd\u00fck, \u015f\u0259hidl\u0259r verdik\u201d, &#8211; dey\u0259n d\u00f6vl\u0259timizin ba\u015f\u00e7\u0131s\u0131 xat\u0131rlad\u0131b ki, b\u00fct\u00fcn Az\u0259rbaycan xalq\u0131 44 g\u00fcn \u0259rzind\u0259 bir yumruq kimi birl\u0259\u015fmi\u015fdi.<\/p>\n","protected":false},"excerpt":{"rendered":"<p>\u201cAz\u0259rbaycan xalq\u0131 el\u0259 bir q\u0259hr\u0259manl\u0131q, el\u0259 bir f\u0259dakarl\u0131q g\u00f6st\u0259rmi\u015fdir ki, bu g\u00fcn b\u00fct\u00fcn d\u00fcnyada Az\u0259rbaycan o\u011fullar\u0131 haqq\u0131nda dan\u0131\u015f\u0131rlar v\u0259 bizim xalq\u0131m\u0131za h\u00f6rm\u0259t edirl\u0259r\u201d. AZ\u018fRTAC\u00a0x\u0259b\u0259r verir ki, bu s\u00f6zl\u0259ri Az\u0259rbaycan Respublikas\u0131n\u0131n Prezidenti\u00a0\u0130lham \u018fliyev\u00a0\u015eu\u015faya qay\u0131dan ilk sakinl\u0259r\u0259 m\u0259nzill\u0259rinin a\u00e7arlar\u0131n\u0131n t\u0259qdim edilm\u0259si m\u0259rasimind\u0259 \u00e7\u0131x\u0131\u015f\u0131 zaman\u0131 deyib. \u201c\u00c7\u00fcnki biz \u00f6z haqq\u0131m\u0131z\u0131 dan\u0131\u015f\u0131qlar yolu il\u0259 yox, kimins\u0259 g\u00fcz\u0259\u015fti hesab\u0131na yox, d\u00f6y\u00fc\u015f meydan\u0131nda b\u0259rpa etdik, \u015f\u0259h\u0259rl\u0259rimizi, k\u0259ndl\u0259rimizi azad etdik, qan t\u00f6kd\u00fck, \u015f\u0259hidl\u0259r verdik\u201d, &#8211; dey\u0259n d\u00f6vl\u0259timizin ba\u015f\u00e7\u0131s\u0131 xat\u0131rlad\u0131b ki, b\u00fct\u00fcn Az\u0259rbaycan xalq\u0131 44 g\u00fcn \u0259rzind\u0259 bir yumruq kimi birl\u0259\u015fmi\u015fdi.<\/p>\n","protected":false},"author":2,"featured_media":720595,"comment_status":"closed","ping_status":"closed","sticky":false,"template":"","format":"standard","meta":{"om_disable_all_campaigns":false,"_monsterinsights_skip_tracking":false,"_monsterinsights_sitenote_active":false,"_monsterinsights_sitenote_note":"","_monsterinsights_sitenote_category":0},"categories":[4],"tags":[],"aioseo_notices":[],"gutentor_comment":0,"rttpg_featured_image_url":{"full":["https:\/\/arantv.az\/wp-content\/uploads\/2024\/05\/124460-1.jpg",620,413,false],"landscape":["https:\/\/arantv.az\/wp-content\/uploads\/2024\/05\/124460-1.jpg",620,413,false],"portraits":["https:\/\/arantv.az\/wp-content\/uploads\/2024\/05\/124460-1.jpg",620,413,false],"thumbnail":["https:\/\/arantv.az\/wp-content\/uploads\/2024\/05\/124460-1-500x280.jpg",500,280,true],"medium":["https:\/\/arantv.az\/wp-content\/uploads\/2024\/05\/124460-1-548x365.jpg",548,365,true],"large":["https:\/\/arantv.az\/wp-content\/uploads\/2024\/05\/124460-1.jpg",620,413,false],"1536x1536":["https:\/\/arantv.az\/wp-content\/uploads\/2024\/05\/124460-1.jpg",620,413,false],"2048x2048":["https:\/\/arantv.az\/wp-content\/uploads\/2024\/05\/124460-1.jpg",620,413,false],"post-thumbnail":["https:\/\/arantv.az\/wp-content\/uploads\/2024\/05\/124460-1-240x172.jpg",240,172,true],"advps-thumb-one":["https:\/\/arantv.az\/wp-content\/uploads\/2024\/05\/124460-1.jpg",620,413,false]},"rttpg_author":{"display_name":"V\u00fcsal Rafiqo\u011flu","author_link":"https:\/\/arantv.az\/?author=2"},"rttpg_comment":0,"rttpg_category":"<a href=\"https:\/\/arantv.az\/?cat=4\" rel=\"category\">Siyas\u0259t<\/a>","rttpg_excerpt":"\u201cAz\u0259rbaycan xalq\u0131 el\u0259 bir q\u0259hr\u0259manl\u0131q, el\u0259 bir f\u0259dakarl\u0131q g\u00f6st\u0259rmi\u015fdir ki, bu g\u00fcn b\u00fct\u00fcn d\u00fcnyada Az\u0259rbaycan o\u011fullar\u0131 haqq\u0131nda dan\u0131\u015f\u0131rlar v\u0259 bizim xalq\u0131m\u0131za h\u00f6rm\u0259t edirl\u0259r\u201d. AZ\u018fRTAC\u00a0x\u0259b\u0259r verir ki, bu s\u00f6zl\u0259ri Az\u0259rbaycan Respublikas\u0131n\u0131n Prezidenti\u00a0\u0130lham \u018fliyev\u00a0\u015eu\u015faya qay\u0131dan ilk sakinl\u0259r\u0259 m\u0259nzill\u0259rinin a\u00e7arlar\u0131n\u0131n t\u0259qdim edilm\u0259si m\u0259rasimind\u0259 \u00e7\u0131x\u0131\u015f\u0131 zaman\u0131 deyib. \u201c\u00c7\u00fcnki biz \u00f6z haqq\u0131m\u0131z\u0131 dan\u0131\u015f\u0131qlar yolu il\u0259 yox, kimins\u0259 g\u00fcz\u0259\u015fti hesab\u0131na yox,&hellip;","_links":{"self":[{"href":"https:\/\/arantv.az\/index.php?rest_route=\/wp\/v2\/posts\/720594"}],"collection":[{"href":"https:\/\/arantv.az\/index.php?rest_route=\/wp\/v2\/posts"}],"about":[{"href":"https:\/\/arantv.az\/index.php?rest_route=\/wp\/v2\/types\/post"}],"author":[{"embeddable":true,"href":"https:\/\/arantv.az\/index.php?rest_route=\/wp\/v2\/users\/2"}],"replies":[{"embeddable":true,"href":"https:\/\/arantv.az\/index.php?rest_route=%2Fwp%2Fv2%2Fcomments&post=720594"}],"version-history":[{"count":0,"href":"https:\/\/arantv.az\/index.php?rest_route=\/wp\/v2\/posts\/720594\/revisions"}],"wp:featuredmedia":[{"embeddable":true,"href":"https:\/\/arantv.az\/index.php?rest_route=\/wp\/v2\/media\/720595"}],"wp:attachment":[{"href":"https:\/\/arantv.az\/index.php?rest_route=%2Fwp%2Fv2%2Fmedia&parent=720594"}],"wp:term":[{"taxonomy":"category","embeddable":true,"href":"https:\/\/arantv.az\/index.php?rest_route=%2Fwp%2Fv2%2Fcategories&post=720594"},{"taxonomy":"post_tag","embeddable":true,"href":"https:\/\/arantv.az\/index.php?rest_route=%2Fwp%2Fv2%2Ftags&post=720594"}],"curies":[{"name":"wp","href":"https:\/\/api.w.org\/{rel}","templated":true}]}}