{"id":720945,"date":"2024-05-12T12:03:31","date_gmt":"2024-05-12T08:03:31","guid":{"rendered":"https:\/\/arantv.az\/?p=720945"},"modified":"2024-05-12T12:03:31","modified_gmt":"2024-05-12T08:03:31","slug":"x%c9%99b%c9%99rdarliq-n%c9%99yi-lazim-biliriks%c9%99-onu-da-ed%c9%99c%c9%99yik-susa-haqqi","status":"publish","type":"post","link":"https:\/\/arantv.az\/?p=720945","title":{"rendered":"X\u0259b\u0259rdarl\u0131q: \u201cN\u0259yi laz\u0131m biliriks\u0259, onu da ed\u0259c\u0259yik!\u201d- \u015eu\u015fa haqq\u0131!"},"content":{"rendered":"<p><strong>Bu g\u00fcn\u00fc nec\u0259 h\u0259sr\u0259tl\u0259 g\u00f6zl\u0259yirdik \u2013 \u015eu\u015faya qay\u0131daca\u011f\u0131m\u0131z\u0131! V\u0259 h\u0259min tarixi g\u00fcn yeti\u015fdi \u2013 10 may 2024-c\u00fc ild\u0259 tarixd\u0259 azad olunduqdan sonra d\u00f6vl\u0259timizin q\u00fcdr\u0259ti il\u0259 g\u00fcnd\u0259n-g\u00fcn\u0259 g\u00f6z\u0259ll\u0259\u015f\u0259n, abadla\u015fan, dir\u00e7\u0259ldil\u0259n \u015eu\u015fa \u015f\u0259h\u0259ri \u00f6z do\u011fma sakinl\u0259rininin ilk hey\u0259tini qoynuna ald\u0131!<\/strong><\/p>\n<p>Qaraba\u011f Fatehi, Ali Ba\u015f Komandan, Prezident \u0130lham \u018fliyevin \u015eu\u015fa\u00a0\u015f\u0259h\u0259rin\u0259 k\u00f6\u00e7\u0259n ilk sakinl\u0259rl\u0259 g\u00f6r\u00fc\u015f\u00fc m\u00f6ht\u0259\u015f\u0259m atmosferd\u0259 ke\u00e7di. \u0130\u015f\u011fal ill\u0259rind\u0259 m\u0259cburi k\u00f6\u00e7k\u00fcnl\u0259rimizl\u0259 \u00e7oxsayl\u0131 g\u00f6r\u00fc\u015fl\u0259r olub, \u00f6z\u00fc d\u0259 c\u0259nab Prezident do\u011fum g\u00fcnl\u0259rini m\u0259hz onlarla g\u00f6r\u00fc\u015f\u0259 h\u0259sr edirdi, \u00fcmid verirdi, inand\u0131r\u0131rd\u0131: \u201cQAYIDACA\u011eIQ!!!\u201d Budur, z\u0259ngilanl\u0131lardan, f\u00fczulilil\u0259rd\u0259n, la\u00e7\u0131nl\u0131lardan sonra \u015fu\u015fal\u0131lar da EV\u0259 d\u00f6n\u00fcrl\u0259r! Xalq\u0131m\u0131z\u0131n taleyind\u0259 bundan g\u00f6z\u0259l n\u0259 ola bil\u0259r?! \u015eu\u015fal\u0131lar 32 ild\u0259n sonra\u00a0 do\u011fma \u015eu\u015faya, qala \u015f\u0259h\u0259r\u0259 qay\u0131td\u0131lar! Z\u0259bt olundu\u011fu ill\u0259rd\u0259 murdar d\u00fc\u015fm\u0259nin ayaqlar\u0131 alt\u0131nda inl\u0259y\u0259n \u015eu\u015fa torpa\u011f\u0131 \u00f6z sakinl\u0259rin\u0259 \u0259man\u0259t edildi c\u0259nab Prezident t\u0259r\u0259find\u0259n! D\u00f6vl\u0259t ba\u015f\u00e7\u0131m\u0131z g\u00f6r\u00fc\u015f zaman\u0131 bu z\u0259f\u0259ri biz\u0259 qazand\u0131ran igidl\u0259rd\u0259n dan\u0131\u015fd\u0131, \u201cBu g\u00fcn bizim q\u00fcrur m\u0259nb\u0259yimiz olan \u015eu\u015fan\u0131 v\u0259 o vaxt i\u015f\u011fal alt\u0131nda olan dig\u0259r torpaqlar\u0131 \u00f6z can\u0131-qan\u0131 bahas\u0131na azad ed\u0259n\u00a0g\u0259nc n\u0259slin n\u00fcmay\u0259nd\u0259l\u0259ri olub.\u00a0Savadl\u0131, bilikli, v\u0259t\u0259np\u0259rv\u0259r, fiziki c\u0259h\u0259td\u0259n g\u00fccl\u00fc, m\u0259n\u0259vi c\u0259h\u0259td\u0259n sa\u011flam, saf g\u0259nc n\u0259sil yeti\u015fdirdik v\u0259 onlar 44 g\u00fcn \u0259rzind\u0259 \u00f6z sin\u0259l\u0259rini qaba\u011fa ver\u0259r\u0259k torpaqlar\u0131 azad etdil\u0259r\u201d, s\u00f6yl\u0259m\u0259kl\u0259 n\u00f6vb\u0259ti d\u0259f\u0259 n\u0259 q\u0259d\u0259r b\u00f6y\u00fck \u00fcr\u0259k sahibi, q\u0259dirbil\u0259n lider oldu\u011funu n\u00fcmayi\u015f etdirdi. H\u0259qiq\u0259t\u0259n d\u0259 Az\u0259rbaycan xalq\u0131 el\u0259 bir q\u0259hr\u0259manl\u0131q, el\u0259 bir f\u0259dakarl\u0131q g\u00f6st\u0259rmi\u015fdir ki, bu g\u00fcn b\u00fct\u00fcn d\u00fcnyada Az\u0259rbaycan o\u011fullar\u0131 haqq\u0131nda dan\u0131\u015f\u0131rlar v\u0259 bizim xalq\u0131m\u0131za h\u00f6rm\u0259t edirl\u0259r.\u00a0\u00c7\u00fcnki biz \u00f6z haqq\u0131m\u0131z\u0131 dan\u0131\u015f\u0131qlar yolu il\u0259 yox, kimins\u0259 g\u00fcz\u0259\u015fti hesab\u0131na yox, d\u00f6y\u00fc\u015f meydan\u0131nda b\u0259rpa etdik,\u00a0\u015f\u0259h\u0259rl\u0259rimizi,\u00a0k\u0259ndl\u0259rimizi azad etdik, qan t\u00f6kd\u00fck, \u015f\u0259hidl\u0259r verdik. B\u00fct\u00fcn Az\u0259rbaycan xalq\u0131 44 g\u00fcn \u0259rzind\u0259 bir yumruq kimi birl\u0259\u015fmi\u015fdi. Bu birliyi, bu \u0259zmi t\u0259min ed\u0259n h\u0259m d\u0259 prezident k\u00fcrs\u00fcs\u00fcn\u00fc haqq etdikd\u0259n sonra \u201ch\u0259r bir az\u0259rbaycanl\u0131n\u0131n prezidenti olaca\u011fam\u201d, dey\u0259r\u0259k and i\u00e7\u0259n Liderdir.<\/p>\n<p><img loading=\"lazy\" src=\"https:\/\/cdn.musavat.com\/news\/video\/NewFolder\/71db9360d78bba74fd511cf2f3e981f0.jpg\" alt=\"71db9360d78bba74fd511cf2f3e981f0.jpg (321 KB)\" width=\"870\" height=\"500\" \/><\/p>\n<p>Erm\u0259nil\u0259r v\u0259 onlar\u0131n havadarlar\u0131 Az\u0259rbaycan\u0131n d\u00f6vl\u0259t ba\u015f\u00e7\u0131s\u0131n\u0131n, Az\u0259rbaycan ordusunun, xalq\u0131n\u0131n potensial\u0131n\u0131 d\u00fczg\u00fcn qiym\u0259tl\u0259ndir\u0259 bilm\u0259mi\u015fdil\u0259r, m\u0259hz bu yanl\u0131\u015fl\u0131\u011fa g\u00f6r\u0259 torpa\u011f\u0131m\u0131za dil uzatd\u0131lar, 30 ild\u0259n sonra dill\u0259ri k\u0259sildi!\u00a0D\u00f6vl\u0259timizin ba\u015f\u00e7\u0131s\u0131 \u015fu\u015fal\u0131larla g\u00f6r\u00fc\u015fd\u0259 d\u0259 bildirdi: \u00f6zl\u0259rini uydurduqlar\u0131\u00a0mifl\u0259r\u0259 o q\u0259d\u0259r\u00a0inand\u0131rm\u0131\u015fd\u0131lar\u00a0ki, hesab edirdil\u0259r bizim\u00a0torpaqlar\u0131m\u0131z\u0131\u00a0\u0259b\u0259di i\u015f\u011fal alt\u0131nda saxlaya bil\u0259c\u0259kl\u0259r&#8230;Arzular\u0131 g\u00f6zl\u0259rind\u0259 qald\u0131, indi \u015eu\u015faya k\u00f6\u00e7\u0259n \u015fu\u015fal\u0131lara bax\u0131b yax\u0131l\u0131rlar!<\/p>\n<p><img loading=\"lazy\" src=\"https:\/\/cdn.musavat.com\/news\/video\/NewFolder\/002da293a93e1423237ca14b0a89a5b8.jpg\" alt=\"002da293a93e1423237ca14b0a89a5b8.jpg (156 KB)\" width=\"889\" height=\"667\" \/><\/p>\n<p>D\u00f6vl\u0259timizin ba\u015f\u00e7\u0131s\u0131n\u0131n qeyd etdiyi kimi, biz d\u0259 q\u00fcrurla t\u0259krarlay\u0131r\u0131q, 44 g\u00fcnl\u00fck V\u0259t\u0259n m\u00fcharib\u0259si \u015fanl\u0131 tariximizdir v\u0259 Az\u0259rbaycan xalq\u0131 bundan sonra \u0259b\u0259di bu Z\u0259f\u0259rl\u0259 f\u0259xr ed\u0259c\u0259k.\u00a044 g\u00fcn \u0259rzind\u0259 biz h\u0259r g\u00fcn ir\u0259li gedirdik. Erm\u0259nistan ordusundan f\u0259rqli olaraq bir n\u0259f\u0259r d\u0259 olsun h\u0259rb\u00e7imiz d\u00f6y\u00fc\u015f meydan\u0131n\u0131 t\u0259rk\u00a0etm\u0259mi\u015fdi.\u00a0Bizim \u0259sg\u0259r v\u0259 zabitl\u0259rimiz h\u0259r g\u00fcn ir\u0259li gedirdil\u0259r v\u0259 m\u00fcharib\u0259nin birinci g\u00fcn\u00fcnd\u0259 \u0259ld\u0259 olunmu\u015f q\u0259l\u0259b\u0259 &#8211; bir ne\u00e7\u0259 k\u0259ndin azad edilm\u0259si sonuncu g\u00fcn\u0259 q\u0259d\u0259r davam etdi v\u0259 2020-ci il noyabr\u0131n 8-d\u0259 \u015eu\u015fan\u0131n azad edilm\u0259si d\u00fc\u015fm\u0259nin belini q\u0131rd\u0131. C\u0259nab Prezidentin bu, tarixi ifad\u0259l\u0259ri \u0259b\u0259di dill\u0259rd\u0259 \u0259zb\u0259r olacaq, y\u00fcz ill\u0259r ke\u00e7s\u0259 d\u0259, istinad edil\u0259c\u0259k, dan\u0131\u015f\u0131lacaq, f\u0259xrl\u0259 2020-ci ilin 8 noyabr Z\u0259f\u0259ri xalq\u0131m\u0131z\u0131n yenid\u0259n d\u00fcnyaya do\u011fuldu\u011fu tarix kimi xat\u0131rlanacaq! \u201c\u015eu\u015fas\u0131z bizim i\u015fimiz yar\u0131m\u00e7\u0131q qalar\u201d, dey\u0259n Ali Ba\u015f Komandan Az\u0259rbaycan xalq\u0131n\u0131n \u0259yilm\u0259z ruhunun r\u0259mzi olan bu m\u00fcq\u0259dd\u0259s \u00fcnvan\u0131, q\u0259lbimizin M\u0259kk\u0259-M\u0259din\u0259sini azad etm\u0259yinc\u0259 ordumuzun dayanmayaca\u011f\u0131n\u0131 44 g\u00fcnl\u00fck haqq sava\u015f\u0131n\u0131n ilk g\u00fcnl\u0259rind\u0259 q\u0259tiyy\u0259tl\u0259 bildirmi\u015fdi. Dediyi kimi oldu, Az\u0259rbaycan ordusunun c\u0259ngav\u0259r o\u011fullar\u0131 s\u0131ld\u0131r\u0131m qayalar\u0131 d\u0131rmanaraq, 1992-ci ilin may\u0131nda \u0259slind\u0259, x\u0259yan\u0259tin qurban\u0131 olan \u015eu\u015fam\u0131zla ba\u011fl\u0131 \u201cDa\u011flarda toy\u201d \u0259m\u0259liyyat\u0131 ke\u00e7irdiyini iddia ed\u0259n d\u00fc\u015fm\u0259n\u0259 \u0259b\u0259di \u201ctoy\u201d tutdular! Q\u0259hr\u0259man ordumuzun h\u0259yata ke\u00e7irdiyi bir g\u00fcnl\u00fck antiterror \u0259m\u0259liyyat\u0131 n\u0259tic\u0259sind\u0259 Qaraba\u011fdak\u0131 xunta rejiminin k\u00f6k\u00fc k\u0259sildi, biz tarixi, \u0259z\u0259li\u00a0torpaqlar\u0131m\u0131z\u0131\u00a0i\u015f\u011fal\u00e7\u0131lardan azad etdik, bayra\u011f\u0131m\u0131z\u0131 Xank\u0259ndi \u015f\u0259h\u0259rind\u0259, Xocal\u0131da, Xocav\u0259ndd\u0259&#8230; dal\u011faland\u0131rd\u0131q!\u00a0C\u0259nab Prezidentin dediyi kimi, d\u00f6vl\u0259timizin g\u00fcc\u00fcn\u00fc\u00a0v\u0259\u00a0siyasi irad\u0259sini g\u00f6st\u0259rdik. He\u00e7 kiml\u0259\u00a0hesabla\u015fmadan, he\u00e7 n\u0259y\u0259 baxmadan, he\u00e7 kimd\u0259n qorxmadan laz\u0131m olan \u0259m\u0259liyyat\u0131 b\u00f6y\u00fck pe\u015f\u0259karl\u0131qla, m\u0259har\u0259tl\u0259 v\u0259 f\u0259dakarl\u0131qla ke\u00e7irdik!<\/p>\n<p><img loading=\"lazy\" src=\"https:\/\/cdn.musavat.com\/news\/video\/NewFolder\/_1620195308.jpg\" alt=\"_1620195308.jpg (122 KB)\" width=\"900\" height=\"540\" \/><\/p>\n<p>D\u00f6vl\u0259t ba\u015f\u00e7\u0131m\u0131z 2024-c\u00fc ild\u0259 &#8220;\u0130slam d\u00fcnyas\u0131n\u0131n m\u0259d\u0259niyy\u0259t paytaxt\u0131&#8221; elan olunan \u015eu\u015fada geni\u015fmiqyasl\u0131 quruculuq i\u015fl\u0259rinin getm\u0259sini f\u0259xrl\u0259 s\u00f6yl\u0259di. Bu q\u0259l\u0259b\u0259nin memar\u0131, Az\u0259rbaycan\u0131n \u015f\u0259r\u0259fli tarixinin \u015eu\u015fa b\u00f6l\u00fcm\u00fcn\u00fcn m\u00fc\u0259llifi Odur! Prezident \u0130lham \u018fliyev v\u0259 Birinci Xan\u0131m Mehriban \u018fliyevan\u0131n \u015fu\u015fal\u0131larla g\u00f6r\u00fc\u015f\u00fc, daha sonra Heyd\u0259r \u018fliyev Fondunun t\u0259\u015fkilat\u00e7\u0131l\u0131\u011f\u0131 il\u0259 \u201cXar\u0131b\u00fclb\u00fcl\u201d musiqi festival\u0131ndak\u0131 m\u00f6ht\u0259\u015f\u0259m anlar dostlar\u0131 sevindirdi, d\u00fc\u015fm\u0259nin ba\u011fr\u0131na ox kimi sanc\u0131ld\u0131! C\u0259nab Prezident q\u00fcrurla s\u00f6yl\u0259di: Ulu \u00d6nd\u0259rin do\u011fum g\u00fcn\u00fcnd\u0259 \u015eu\u015fada \u00fc\u00e7\u00fcnc\u00fc ya\u015fay\u0131\u015f kompleksinin t\u0259m\u0259li qoyuldu. \u201cKe\u00e7\u0259n il may\u0131n 10-da ikinci ya\u015fay\u0131\u015f kompleksinin t\u0259m\u0259li\u00a0qoyulmu\u015fdur.\u00a0Birinci ya\u015fay\u0131\u015f\u00a0kompleksind\u0259\u00a0450, ikincid\u0259 300-\u0259 yax\u0131n, \u00fc\u00e7\u00fcnc\u00fcd\u0259 is\u0259 500-\u0259 yax\u0131n m\u0259nzil in\u015fa edil\u0259c\u0259k. B\u00fct\u00fcn evl\u0259r g\u00f6z\u0259l memarl\u0131q \u00fcslubunda &#8211; \u015eu\u015fan\u0131n \u0259n\u0259n\u0259vi \u00fcslubunda in\u015fa edilmi\u015fdir\u201d, s\u00f6yl\u0259di c\u0259nab Prezident.\u00a0\u015eu\u015fada\u00a0b\u00f6y\u00fck infrastruktur layih\u0259l\u0259rinin\u00a0realla\u015fd\u0131r\u0131lmas\u0131, F\u00fczuli \u015f\u0259h\u0259rind\u0259n \u015eu\u015faya q\u0131sa m\u00fcdd\u0259t \u0259rzind\u0259 Z\u0259f\u0259r yolunun \u00e7\u0259kilm\u0259si, daha sonra 7 tuneli, doqquz viaduku, bir \u00e7ox k\u00f6rp\u00fcl\u0259ri olan d\u00f6rdzolaql\u0131, daha geni\u015f magistral avtomobil yolunun in\u015fas\u0131 Qala \u015f\u0259h\u0259r\u0259, P\u0259nah xan\u0131n yurduna d\u00f6vl\u0259timizin y\u00fcks\u0259k m\u00fcnasib\u0259tinin g\u00f6st\u0259ricisidir. B\u00fct\u00fcn yollar \u015eu\u015faya apar\u0131r, \u00e7\u00fcnki demi\u015fdik: \u015eu\u015fas\u0131z Az\u0259rbaycan ola bilm\u0259z, olmad\u0131 da! \u015eu\u015fa il\u0259 yolumuza davam! \u00d6lk\u0259mizin ba\u015f\u00e7\u0131s\u0131 n\u00f6vb\u0259rti d\u0259f\u0259 \u0259min etdi: \u201cQaraba\u011f v\u0259 \u015e\u0259rqi Z\u0259ng\u0259zur b\u00f6lg\u0259l\u0259ri n\u0259inki Az\u0259rbaycan\u0131n, Qafqaz\u0131n, d\u00fcnyan\u0131n \u0259n g\u00f6z\u0259l\u00a0yerl\u0259rind\u0259n\u00a0biri olacaq.\u00a0Buran\u0131n t\u0259bi\u0259ti, g\u00f6z\u0259l m\u0259nz\u0259r\u0259l\u0259ri, ya\u015f\u0131ll\u0131qlar, bulaqlar m\u00fcasir v\u0259 eyni zamanda, \u0259n\u0259n\u0259vi \u00fcslubda in\u015fa edil\u0259n binalarla tamamlan\u0131r. El\u0259 bir g\u00f6z\u0259l \u015f\u0259h\u0259r yarad\u0131l\u0131r ki, h\u0259r bir az\u0259rbaycanl\u0131 bununla f\u0259xr ed\u0259c\u0259k\u201d. Bu, h\u0259m d\u0259 \u015eu\u015faya dil, \u0259l uzatmaq fikrind\u0259n \u0259l \u00e7\u0259km\u0259y\u0259n da\u015fnaklara, onlar\u0131n havadarlar\u0131na mesajd\u0131r. Prezident \u0130lham \u018fliyevin qeyd etdiyi kimi, i\u015f\u011fal zaman\u0131 b\u0259dnam qon\u015fular \u015eu\u015fan\u0131 n\u0259 q\u0259d\u0259r\u00a0erm\u0259nil\u0259\u015fdirm\u0259y\u0259\u00a0\u00e7al\u0131\u015fsalar da, ona nail ola\u00a0bilm\u0259yibl\u0259r. \u00c7\u00fcnki \u015eu\u015fa \u0259z\u0259ld\u0259n Az\u0259rbaycan \u015f\u0259h\u0259ri olub, i\u015f\u011fal d\u00f6vr\u00fcnd\u0259 d\u0259 \u00f6z az\u0259rbaycan\u00e7\u0131l\u0131q simas\u0131n\u0131 qoruyub saxlay\u0131b. \u00d6lk\u0259 ba\u015f\u00e7\u0131m\u0131z el\u0259 bu g\u00fcnl\u0259rd\u0259 \u015eu\u015fam\u0131z\u0131 erm\u0259nisaya\u011f\u0131 \u201c\u015eu\u015fi\u201d adland\u0131ran \u0130r\u0259vandak\u0131 Fransa diplomat\u0131 kimi s\u0259rs\u0259ml\u0259y\u0259nl\u0259r\u0259 d\u0259 s\u00f6z\u00fcn\u00fc demi\u015f oldu: \u201c\u018fg\u0259r erm\u0259nil\u0259r bunu \u00f6zl\u0259rin\u0259\u00a0do\u011fma \u015f\u0259h\u0259r\u00a0say\u0131rd\u0131larsa\u00a0\u015eu\u015fan\u0131 qurayd\u0131lar, yaradayd\u0131lar,\u00a0da\u011f\u0131tmayayd\u0131lar. Bir da\u015f\u00a0da\u015f\u00a0\u00fcst\u0259 qoyulmay\u0131b. Biz g\u0259lmi\u015fik burada \u0259b\u0259di ya\u015fama\u011fa v\u0259 bundan sonra Az\u0259rbaycan Bayra\u011f\u0131 bu torpaqlarda \u0259b\u0259di dal\u011falanacaq!\u201d Ba\u015fa d\u00fc\u015fm\u0259y\u0259nl\u0259r\u0259 ba\u015fqa \u00fcsulla ba\u015fa salma\u011fa d\u00f6vl\u0259timizin q\u00fcdr\u0259ti var!<\/p>\n<p><img loading=\"lazy\" src=\"https:\/\/cdn.musavat.com\/news\/video\/NewFolder\/11-4.jpg\" alt=\"11-4.jpg (405 KB)\" width=\"923\" height=\"630\" \/><\/p>\n<p><strong>\u015eu\u015fa ucal\u0131\u011f\u0131ndan n\u00f6vb\u0259ti x\u0259b\u0259rdarl\u0131qlar oldu. Q\u00fcrurla, B\u00f6y\u00fck S\u0259rk\u0259rd\u0259miz\u0259, Liderimiz\u0259 b\u00f6y\u00fck ehtiramla xat\u0131rladaq:<\/strong>\u00a0\u201cFransa v\u0259 Amerika\u00a0bilm\u0259lidirl\u0259r\u00a0ki, bizim irad\u0259mizd\u0259n k\u0259nar bu b\u00f6lg\u0259d\u0259 he\u00e7 bir m\u0259s\u0259l\u0259 h\u0259ll olunas\u0131 deyil.\u00a0Hans\u0131sa\u00a0s\u0259firin \u015eu\u015faya g\u0259lm\u0259si biz\u0259 minn\u0259t kimi t\u0259qdim\u00a0edilm\u0259m\u0259lidir. G\u0259lir g\u0259lsin, g\u0259lmir, he\u00e7 laz\u0131m da deyil. Guya onlar\u0131n g\u0259lib-g\u0259lm\u0259m\u0259si\u00a0il\u0259\u00a0n\u0259s\u0259 d\u0259yi\u015fir,\u00a0he\u00e7 n\u0259 d\u0259yi\u015fmir. Bizim siyas\u0259timiz beyn\u0259lxalq h\u00fcquqa v\u0259 \u0259dal\u0259t\u0259 \u0259saslan\u0131r\u201d. Qulaqlar\u0131ndan s\u0131r\u011fa etsinl\u0259r bu s\u00f6zl\u0259ri! \u015eu\u015faya gedib d\u0259, hans\u0131sa \u015fouda yer almaq ist\u0259m\u0259diyini iddia el\u0259y\u0259n, amma 48 saat ke\u00e7m\u0259mi\u015f \u015eu\u015fa qalas\u0131n\u0131n qar\u015f\u0131s\u0131nda fotolar \u00e7\u0259kdirib, payla\u015f\u0131mlar ed\u0259n, \u015eu\u015fada olma\u011f\u0131n xo\u015fb\u0259xtliyi haqda status yazan s\u0259fir n\u00fcmun\u0259si var bu g\u00fcnl\u0259rd\u0259. Az\u0259rbaycan d\u00f6vl\u0259ti il\u0259 m\u00fcnasib\u0259tl\u0259ri g\u0259rginl\u0259\u015fdirm\u0259k he\u00e7 k\u0259s\u0259 u\u011fur qazand\u0131rmayacaq, anlas\u0131nlar!<\/p>\n<p>\u00d6t\u0259n ay Bak\u0131dak\u0131 s\u0259firini Paris\u0259 \u00e7a\u011f\u0131ran, amma bununla Az\u0259rbaycan d\u00f6vl\u0259tin\u0259 h\u0259r hans\u0131 t\u0259qsir g\u00f6st\u0259r\u0259 bilm\u0259diyini g\u00f6r\u0259nd\u0259n sonra diplomat\u0131n\u0131 geri g\u00f6nd\u0259r\u0259n Makron Fransas\u0131 da \u015eu\u015fa mesajlar\u0131ndan \u00f6z\u00fcn\u0259 d\u00fc\u015f\u0259nl\u0259ri g\u00f6t\u00fcrm\u0259li, yanl\u0131\u015fl\u0131qlar\u0131n\u0131 d\u00fcz\u0259ltm\u0259lidir.<\/p>\n<p><strong>Sitat:<\/strong>\u00a0\u201cErm\u0259nistanda\u00a0revan\u015fistl\u0259r\u00a0ba\u015f qald\u0131r\u0131r, Fransa Erm\u0259nistana \u00f6ld\u00fcr\u00fcc\u00fc silahlar verir, o silahlar\u0131n\u00a0kritik h\u0259dd\u0259 \u00e7atmas\u0131n\u0131 g\u00f6rs\u0259k, onda bizd\u0259n he\u00e7 kim incim\u0259sin. He\u00e7 kim bizim qaba\u011f\u0131m\u0131zda dura bilm\u0259z. He\u00e7 kim biz\u0259 he\u00e7 n\u0259 dikt\u0259 ed\u0259 bilm\u0259z v\u0259 bizim daxili\u00a0i\u015fl\u0259rimiz\u0259m\u00fcdaxil\u0259 ed\u0259 bilm\u0259z. N\u0259yi laz\u0131m biliriks\u0259, onu da ed\u0259c\u0259yik!\u201d Bu vaxta kimi Prezident \u0130lham \u018fliyev n\u0259 deyibs\u0259, s\u00f6z\u00fcn\u0259 sadiq qal\u0131b, h\u0259m v\u0259dl\u0259rin\u0259, h\u0259m x\u0259b\u0259rdarl\u0131qlar\u0131na uy\u011fun \u015f\u0259kild\u0259 Az\u0259rbaycan d\u00f6vl\u0259tinin v\u0259 xalq\u0131n\u0131n maraqlar\u0131na uy\u011fun n\u0259tic\u0259l\u0259r \u0259ld\u0259 edib, bunu h\u0259tta b\u0259z\u0259n d\u00fc\u015fm\u0259n d\u0259 etiraf edir. Odur ki, \u00f6t\u0259nl\u0259rd\u0259n d\u0259rs g\u00f6t\u00fcrs\u00fcn biril\u0259ri, yoxsa&#8230;\u0130lham \u018fliyevin \u201cn\u0259yi, n\u0259 zaman, nec\u0259 etm\u0259yi\u201d m\u00fck\u0259mm\u0259l \u015f\u0259kild\u0259 bildiyin\u0259 kims\u0259nin \u015f\u00fcbh\u0259si yoxdur, art\u0131q bu ifad\u0259 \u00f6lk\u0259 miqyas\u0131ndan k\u0259narda da dill\u0259r \u0259zb\u0259ridir. Amma bu d\u0259f\u0259 f\u0259rqli ifad\u0259ni e\u015fitdik: \u201cN\u0259yi laz\u0131m biliriks\u0259, onu da ed\u0259c\u0259yik!\u201d Erm\u0259nistandak\u0131 revan\u015fistl\u0259r, s\u00fclh\u0259 \u0259ng\u0259l olan paytaxtlardak\u0131 siyas\u0259t d\u0259llallar\u0131, m\u00fcharib\u0259 azarke\u015fl\u0259ri, qan \u00e7ana\u011f\u0131ndan l\u0259zz\u0259t alan manyaklar e\u015fitsinl\u0259r v\u0259 m\u0259krli \u0259m\u0259ll\u0259rind\u0259n \u0259l \u00e7\u0259ksinl\u0259r! \u015eu\u015fa ucal\u0131\u011f\u0131ndan edil\u0259n x\u0259b\u0259rdarl\u0131qlar s\u0131radan s\u00f6zl\u0259r, \u015eu\u015fa haqq\u0131!<\/p>\n<div class=\"news-author text-left\"><a href=\"https:\/\/musavat.com\/author\/elsad-pasasoy_10\"><img class=\"img-responsive img-author\" src=\"https:\/\/cdn.musavat.com\/authors\/thumbnails\/efebc9e552e05242fb5c15b017367239.jpg\" \/>El\u015fad PA\u015eASOY<\/a><\/div>\n","protected":false},"excerpt":{"rendered":"<p>Bu g\u00fcn\u00fc nec\u0259 h\u0259sr\u0259tl\u0259 g\u00f6zl\u0259yirdik \u2013 \u015eu\u015faya qay\u0131daca\u011f\u0131m\u0131z\u0131! V\u0259 h\u0259min tarixi g\u00fcn yeti\u015fdi \u2013 10 may 2024-c\u00fc ild\u0259 tarixd\u0259 azad olunduqdan sonra d\u00f6vl\u0259timizin q\u00fcdr\u0259ti il\u0259 g\u00fcnd\u0259n-g\u00fcn\u0259 g\u00f6z\u0259ll\u0259\u015f\u0259n, abadla\u015fan, dir\u00e7\u0259ldil\u0259n \u015eu\u015fa \u015f\u0259h\u0259ri \u00f6z do\u011fma sakinl\u0259rininin ilk hey\u0259tini qoynuna ald\u0131! Qaraba\u011f Fatehi, Ali Ba\u015f Komandan, Prezident \u0130lham \u018fliyevin \u015eu\u015fa\u00a0\u015f\u0259h\u0259rin\u0259 k\u00f6\u00e7\u0259n ilk sakinl\u0259rl\u0259 g\u00f6r\u00fc\u015f\u00fc m\u00f6ht\u0259\u015f\u0259m atmosferd\u0259 ke\u00e7di. \u0130\u015f\u011fal ill\u0259rind\u0259 m\u0259cburi k\u00f6\u00e7k\u00fcnl\u0259rimizl\u0259 \u00e7oxsayl\u0131 g\u00f6r\u00fc\u015fl\u0259r olub, \u00f6z\u00fc d\u0259 c\u0259nab Prezident do\u011fum g\u00fcnl\u0259rini m\u0259hz onlarla g\u00f6r\u00fc\u015f\u0259 h\u0259sr edirdi, \u00fcmid verirdi, inand\u0131r\u0131rd\u0131: \u201cQAYIDACA\u011eIQ!!!\u201d Budur, z\u0259ngilanl\u0131lardan, f\u00fczulilil\u0259rd\u0259n, la\u00e7\u0131nl\u0131lardan sonra \u015fu\u015fal\u0131lar da EV\u0259 d\u00f6n\u00fcrl\u0259r! Xalq\u0131m\u0131z\u0131n taleyind\u0259 bundan g\u00f6z\u0259l n\u0259&hellip;<\/p>\n","protected":false},"author":2,"featured_media":720946,"comment_status":"closed","ping_status":"closed","sticky":false,"template":"","format":"standard","meta":{"om_disable_all_campaigns":false,"_monsterinsights_skip_tracking":false,"_monsterinsights_sitenote_active":false,"_monsterinsights_sitenote_note":"","_monsterinsights_sitenote_category":0},"categories":[1],"tags":[],"aioseo_notices":[],"gutentor_comment":0,"rttpg_featured_image_url":{"full":["https:\/\/arantv.az\/wp-content\/uploads\/2024\/05\/6c7e22458fe9af5bd8e6261c1c912de1.jpg",700,388,false],"landscape":["https:\/\/arantv.az\/wp-content\/uploads\/2024\/05\/6c7e22458fe9af5bd8e6261c1c912de1.jpg",700,388,false],"portraits":["https:\/\/arantv.az\/wp-content\/uploads\/2024\/05\/6c7e22458fe9af5bd8e6261c1c912de1.jpg",700,388,false],"thumbnail":["https:\/\/arantv.az\/wp-content\/uploads\/2024\/05\/6c7e22458fe9af5bd8e6261c1c912de1-500x280.jpg",500,280,true],"medium":["https:\/\/arantv.az\/wp-content\/uploads\/2024\/05\/6c7e22458fe9af5bd8e6261c1c912de1-660x365.jpg",660,365,true],"large":["https:\/\/arantv.az\/wp-content\/uploads\/2024\/05\/6c7e22458fe9af5bd8e6261c1c912de1.jpg",640,355,false],"1536x1536":["https:\/\/arantv.az\/wp-content\/uploads\/2024\/05\/6c7e22458fe9af5bd8e6261c1c912de1.jpg",700,388,false],"2048x2048":["https:\/\/arantv.az\/wp-content\/uploads\/2024\/05\/6c7e22458fe9af5bd8e6261c1c912de1.jpg",700,388,false],"post-thumbnail":["https:\/\/arantv.az\/wp-content\/uploads\/2024\/05\/6c7e22458fe9af5bd8e6261c1c912de1-240x172.jpg",240,172,true],"advps-thumb-one":["https:\/\/arantv.az\/wp-content\/uploads\/2024\/05\/6c7e22458fe9af5bd8e6261c1c912de1.jpg",700,388,false]},"rttpg_author":{"display_name":"V\u00fcsal Rafiqo\u011flu","author_link":"https:\/\/arantv.az\/?author=2"},"rttpg_comment":0,"rttpg_category":"<a href=\"https:\/\/arantv.az\/?cat=1\" rel=\"category\">C\u0259miyy\u0259t<\/a>","rttpg_excerpt":"Bu g\u00fcn\u00fc nec\u0259 h\u0259sr\u0259tl\u0259 g\u00f6zl\u0259yirdik \u2013 \u015eu\u015faya qay\u0131daca\u011f\u0131m\u0131z\u0131! V\u0259 h\u0259min tarixi g\u00fcn yeti\u015fdi \u2013 10 may 2024-c\u00fc ild\u0259 tarixd\u0259 azad olunduqdan sonra d\u00f6vl\u0259timizin q\u00fcdr\u0259ti il\u0259 g\u00fcnd\u0259n-g\u00fcn\u0259 g\u00f6z\u0259ll\u0259\u015f\u0259n, abadla\u015fan, dir\u00e7\u0259ldil\u0259n \u015eu\u015fa \u015f\u0259h\u0259ri \u00f6z do\u011fma sakinl\u0259rininin ilk hey\u0259tini qoynuna ald\u0131! Qaraba\u011f Fatehi, Ali Ba\u015f Komandan, Prezident \u0130lham \u018fliyevin \u015eu\u015fa\u00a0\u015f\u0259h\u0259rin\u0259 k\u00f6\u00e7\u0259n ilk sakinl\u0259rl\u0259 g\u00f6r\u00fc\u015f\u00fc m\u00f6ht\u0259\u015f\u0259m atmosferd\u0259 ke\u00e7di. \u0130\u015f\u011fal&hellip;","_links":{"self":[{"href":"https:\/\/arantv.az\/index.php?rest_route=\/wp\/v2\/posts\/720945"}],"collection":[{"href":"https:\/\/arantv.az\/index.php?rest_route=\/wp\/v2\/posts"}],"about":[{"href":"https:\/\/arantv.az\/index.php?rest_route=\/wp\/v2\/types\/post"}],"author":[{"embeddable":true,"href":"https:\/\/arantv.az\/index.php?rest_route=\/wp\/v2\/users\/2"}],"replies":[{"embeddable":true,"href":"https:\/\/arantv.az\/index.php?rest_route=%2Fwp%2Fv2%2Fcomments&post=720945"}],"version-history":[{"count":0,"href":"https:\/\/arantv.az\/index.php?rest_route=\/wp\/v2\/posts\/720945\/revisions"}],"wp:featuredmedia":[{"embeddable":true,"href":"https:\/\/arantv.az\/index.php?rest_route=\/wp\/v2\/media\/720946"}],"wp:attachment":[{"href":"https:\/\/arantv.az\/index.php?rest_route=%2Fwp%2Fv2%2Fmedia&parent=720945"}],"wp:term":[{"taxonomy":"category","embeddable":true,"href":"https:\/\/arantv.az\/index.php?rest_route=%2Fwp%2Fv2%2Fcategories&post=720945"},{"taxonomy":"post_tag","embeddable":true,"href":"https:\/\/arantv.az\/index.php?rest_route=%2Fwp%2Fv2%2Ftags&post=720945"}],"curies":[{"name":"wp","href":"https:\/\/api.w.org\/{rel}","templated":true}]}}