{"id":720957,"date":"2024-05-12T14:51:53","date_gmt":"2024-05-12T10:51:53","guid":{"rendered":"https:\/\/arantv.az\/?p=720957"},"modified":"2024-05-12T14:51:53","modified_gmt":"2024-05-12T10:51:53","slug":"qayidisimizin-susa-t%c9%99nt%c9%99n%c9%99si-s%c9%99rh","status":"publish","type":"post","link":"https:\/\/arantv.az\/?p=720957","title":{"rendered":"Qay\u0131d\u0131\u015f\u0131m\u0131z\u0131n \u015eu\u015fa t\u0259nt\u0259n\u0259si &#8211; \u015e\u018fRH"},"content":{"rendered":"<p><em><strong>2020-ci ild\u0259 V\u0259t\u0259n m\u00fcharib\u0259sind\u0259 qazand\u0131\u011f\u0131m\u0131z tarixi Z\u0259f\u0259rimizd\u0259n sonra Qaraba\u011f v\u0259 \u015e\u0259rqi Z\u0259ng\u0259zurda misli g\u00f6r\u00fcnm\u0259y\u0259n, h\u0259m d\u0259 d\u00fcnyan\u0131 heyr\u0259tl\u0259ndir\u0259n yenid\u0259nqurma i\u015fl\u0259ri h\u0259yata ke\u00e7irilir. N\u0259tic\u0259d\u0259 B\u00f6y\u00fck Qay\u0131d\u0131\u015f proqram\u0131na uy\u011fun olaraq i\u015f\u011faldan azad edilmi\u015f torpaqlar\u0131m\u0131zda sal\u0131nan m\u00fcasir k\u0259nd, q\u0259s\u0259b\u0259 v\u0259 \u015f\u0259h\u0259rl\u0259r\u0259 k\u00f6\u00e7 karvanlar\u0131 yola d\u00fc\u015f\u00fcr.\u00a0<\/strong><\/em><\/p>\n<p><img src=\"https:\/\/ikisahil.az\/upload\/\/2024\/05\/12\/\/-cfc5d942171549930452537971310443017.jpg\" alt=\"\" \/><\/p>\n<p>Respublikam\u0131z\u0131n\u0131n m\u00fcxt\u0259lif \u0259razil\u0259rind\u0259 yataqxana, sanatoriya, pioner d\u00fc\u015f\u0259rg\u0259si, yar\u0131m\u00e7\u0131q tikilil\u0259r v\u0259 inzibati binalarda m\u00fcv\u0259qq\u0259ti m\u0259skunla\u015fm\u0131\u015f ail\u0259l\u0259rd\u0259n ibar\u0259t bel\u0259 karvanlardan biri d\u0259 may\u0131n 9-da \u015eu\u015fa \u015f\u0259h\u0259rin\u0259 v\u0259 La\u00e7\u0131n rayonunun Sus k\u0259ndin\u0259 yola sal\u0131n\u0131b. \u0130lk m\u0259rh\u0259l\u0259d\u0259 \u015eu\u015fa \u015f\u0259h\u0259rin\u0259 20 ail\u0259 &#8211; 88 n\u0259f\u0259r, La\u00e7\u0131n rayonunun Sus k\u0259ndin\u0259 is\u0259 20 ail\u0259, 75 n\u0259f\u0259r k\u00f6\u00e7\u00fcr\u00fcl\u00fcb. \u015e\u00fcbh\u0259siz, V\u0259t\u0259n m\u00fcharib\u0259sind\u0259 q\u0259l\u0259b\u0259mi\u00aczin simvoluna \u00e7evrilmi\u015f g\u00f6z\u0259l \u015eu\u015fam\u0131za da k\u00f6\u00e7\u00fcr\u00fclm\u0259 prose\u00acsin\u0259 start verilm\u0259si olduqca sevindiricidir. D\u00f6vl\u0259timizin ba\u015f\u00e7\u0131s\u0131 onlar\u0131n \u015eu\u015faya qay\u0131d\u0131\u015f\u0131n\u0131 tarixi hadis\u0259 kimi d\u0259y\u0259rl\u0259ndirib:\u00a0<em><strong>\u201cOtuz iki ild\u0259n sonra siz do\u011fma \u015eu\u015faya qay\u0131d\u0131rs\u0131n\u0131z. Bu g\u00f6z\u0259l tarixi hadis\u0259 m\u00fcnasib\u0259til\u0259 sizi \u00fcr\u0259kd\u0259n t\u0259brik edir\u0259m. Siz otuz iki il v\u0259t\u0259n h\u0259sr\u0259ti il\u0259 ya\u015fam\u0131s\u0131n\u0131z, amma bilir\u0259m ki, bir an da \u015eu\u015fan\u0131 unutmam\u0131s\u0131n\u0131z, bilirdiniz v\u0259 inan\u0131rd\u0131n\u0131z ki, siz buraya qay\u0131dacaqs\u0131n\u0131z. M\u0259n d\u0259 bilirdim, m\u0259n d\u0259 inan\u0131rd\u0131m v\u0259 Prezident kimi 2003-c\u00fc ild\u0259n ba\u015flayaraq sizi v\u0259 b\u00fct\u00fcn ke\u00e7mi\u015f k\u00f6\u00e7k\u00fcnl\u0259ri \u00f6z do\u011fma v\u0259t\u0259nin\u0259 qaytarmaq \u00fc\u00e7\u00fcn \u0259limd\u0259n g\u0259l\u0259ni \u0259sirg\u0259mirdim\u201d.<\/strong><\/em><\/p>\n<p><em><strong><img src=\"https:\/\/ikisahil.az\/upload\/\/2024\/05\/12\/\/-209a38b6171549932777711538310702269.jpg\" alt=\"\" \/><\/strong><\/em><\/p>\n<p>May\u0131n 10-da-Ulu \u00d6nd\u0259rin do\u011fum g\u00fcn\u00fcnd\u0259 Prezident, M\u00fcz\u0259ff\u0259r Ali Ba\u015f Komandan \u0130lham \u018fliyev v\u0259 birinci xan\u0131m Mehriban \u018fliyeva do\u011fma yurda qay\u0131dan \u015eu\u015fa \u015f\u0259h\u0259ri v\u0259 La\u00e7\u0131n rayon Sus k\u0259nd sakinl\u0259ri il\u0259 g\u00f6r\u00fc\u015f\u0259rk\u0259n onlar h\u0259rt\u0259r\u0259fli d\u00f6vl\u0259t qay\u011f\u0131s\u0131 il\u0259 \u0259hat\u0259 olunduqlar\u0131na g\u00f6r\u0259 d\u00f6vl\u0259t ba\u015f\u00e7\u0131m\u0131za, birinci xan\u0131m Mehriban xan\u0131m \u018fliyevaya t\u0259\u015f\u0259kk\u00fcrl\u0259rini \u00e7atd\u0131r\u0131blar. Onlar torpaqlar\u0131m\u0131z\u0131 i\u015f\u011faldan qurtaran r\u0259\u015fad\u0259tli Az\u0259rbaycan Ordusuna, q\u0259hr\u0259man \u0259sg\u0259r v\u0259 zabitl\u0259rimiz\u0259 minn\u0259tdarl\u0131qlar\u0131n\u0131 bildirib, bu yolda canlar\u0131ndan ke\u00e7\u0259n \u015f\u0259hidl\u0259rimiz\u0259 r\u0259hm\u0259t, ail\u0259l\u0259rin\u0259 s\u0259bir dil\u0259yibl\u0259r. Sakinl\u0259r, h\u0259m\u00e7inin h\u0259mi\u015f\u0259 onlar\u0131n qay\u011f\u0131s\u0131na qalan, Az\u0259rbaycan\u0131 inki\u015faf yoluna \u00e7\u0131xaran, \u201cSizi bir daha \u0259min edir\u0259m ki, i\u015f\u011fal olunmu\u015f torpaqlar\u0131m\u0131z azad olunacaq, soyda\u015flar\u0131m\u0131z \u00f6z yerl\u0259rin\u0259-yurdlar\u0131na qay\u0131dacaq, m\u00fcst\u0259qil Az\u0259rbaycan\u0131n \u0259razi b\u00fct\u00f6vl\u00fcy\u00fc tamamil\u0259 b\u0259rpa edil\u0259c\u0259kdir&#8221; dey\u0259n\u00a0 Ulu \u00d6nd\u0259r Heyd\u0259r \u018fliyevin d\u0259 xidm\u0259tl\u0259rini d\u0259rin h\u00f6rm\u0259tl\u0259 xat\u0131rlay\u0131blar.<\/p>\n<p><img src=\"https:\/\/ikisahil.az\/upload\/\/2024\/05\/12\/\/-7d2be41b171549942999135691810457251.jpg\" alt=\"\" \/><\/p>\n<p>H\u0259min g\u00f6r\u00fc\u015fl\u0259rd\u0259 Prezident \u0130lham \u018fliyev bildirib ki,\u00a0 bir daha dem\u0259k ist\u0259yir\u0259m, biz azad edilmi\u015f b\u00fct\u00fcn torpaqlarda geni\u015fmiqyasl\u0131 proqramlar\u0131 icra edirik:\u00a0<em><strong>\u201cBu g\u00fcn art\u0131q \u015eu\u015fa alt\u0131nc\u0131 ya\u015fay\u0131\u015f yeridir ki, ke\u00e7mi\u015f k\u00f6\u00e7k\u00fcnl\u0259r buraya qay\u0131d\u0131r\u201d<\/strong><\/em>. Yeri g\u0259lmi\u015fk\u0259n qeyd ed\u0259k ki, bu ilin sonunad\u0259k geri qay\u0131dacaq \u0259halinin say\u0131n\u0131n \u00fcmumilikd\u0259 25 min n\u0259f\u0259rd\u0259n \u00e7ox olaca\u011f\u0131\u00a0 v\u0259 n\u00f6vb\u0259ti ill\u0259rd\u0259 bu r\u0259q\u0259min getdikc\u0259 artaca\u011f\u0131 g\u00f6zl\u0259nilir. M\u0259lumat \u00fc\u00e7\u00fcn bildir\u0259k ki, 2026-c\u0131 ilin sonunad\u0259k, \u00fcmumilikd\u0259, 34 min 500 ke\u00e7mi\u015f m\u0259cburi k\u00f6\u00e7k\u00fcn ail\u0259sinin, y\u0259ni 140 min\u0259 yax\u0131n insan\u0131n Qaraba\u011f v\u0259 \u015e\u0259rqi Z\u0259ng\u0259zur rayonlar\u0131nda m\u0259skunla\u015f\u00acd\u0131r\u0131lmas\u0131 n\u0259z\u0259rd\u0259 tutulub.<br \/>\nAz\u0259rbaycan Respublikas\u0131n\u0131n i\u015f\u011faldan azad edilmi\u015f \u0259razil\u0259rin\u0259 B\u00f6y\u00fck Qay\u0131d\u0131\u015fa dair I D\u00f6vl\u0259t Proqram\u0131\u201dn\u0131n icras\u0131 \u00e7\u0259r\u00e7iv\u0259sind\u0259 h\u0259min\u00a0 \u0259razil\u0259rd\u0259 m\u00fcasir infrastrukturun yarad\u0131lmas\u0131, o c\u00fcml\u0259d\u0259n \u0259razil\u0259rin milli iqtisadiyyata s\u00fcr\u0259tli reinteqrasiyas\u0131 v\u0259 dayan\u0131ql\u0131 inki\u015faf\u0131n\u0131n t\u0259min olunmas\u0131, \u0259halinin layiqli ya\u015fay\u0131\u015f \u015f\u0259raitinin yarad\u0131lmas\u0131 v\u0259 rifah hal\u0131n\u0131n y\u00fcks\u0259ldilm\u0259si istiqam\u0259tind\u0259 \u00e7ox\u015fax\u0259li layih\u0259l\u0259rin h\u0259yata ke\u00e7irildiyini vur\u011fulayan d\u00f6vl\u0259t ba\u015f\u00e7\u0131m\u0131z \u015eu\u015fa sakinl\u0259ri il\u0259 g\u00f6r\u00fc\u015f\u00fcnd\u0259 h\u0259m\u00e7inin bildirib ki, ilin sonuna q\u0259d\u0259r \u0259n az\u0131 20 ya\u015fay\u0131\u015f m\u0259nt\u0259q\u0259sind\u0259 art\u0131q h\u0259yat b\u0259rpa edil\u0259c\u0259k:\u00a0<em><strong>\u201cQaraba\u011f v\u0259 \u015e\u0259rqi Z\u0259ng\u0259zur b\u00f6lg\u0259l\u0259ri n\u0259inki Az\u0259rbaycan\u0131n, Qafqaz\u0131n, d\u00fcnyan\u0131n \u0259n g\u00f6z\u0259l yerl\u0259rind\u0259n biri olacaq\u00a0 \u00a0&#8211; \u0259n m\u00fcasir, \u0259n rahat, \u0259n g\u00f6z\u0259l\u201d.\u00a0 Bu m\u0259qamda\u00a0 Prezidenti \u0130lham \u018fliyevin 2023-c\u00fc il dekabr\u0131n 6-da ADA Universitetind\u0259 ke\u00e7iril\u0259n \u201cQaraba\u011f: 30 ild\u0259n sonra ev\u0259 d\u00f6n\u00fc\u015f. Nailiyy\u0259tl\u0259r v\u0259 \u00e7\u0259tinlikl\u0259r\u201d Forumunda s\u00f6yl\u0259diyi bu fikirl\u0259ri d\u0259 xat\u0131rlamaq yerin\u0259 d\u00fc\u015f\u0259rdi: \u201cBiz \u0259limizd\u0259n g\u0259l\u0259ni edirik ki, ke\u00e7mi\u015f m\u0259cburi k\u00f6\u00e7k\u00fcnl\u0259r \u00fc\u00e7\u00fcn \u0259n yax\u015f\u0131 \u015f\u0259rait yarad\u0131ls\u0131n. Onlar buna layiqdirl\u0259r\u201d.<\/strong><\/em><\/p>\n<p><em><strong><img src=\"https:\/\/ikisahil.az\/upload\/\/2024\/05\/12\/\/-97d98119171549934879117848010687418.jpg\" alt=\"\" \/><\/strong><\/em><\/p>\n<p>Yeri g\u0259lmi\u015fk\u0259n qeyd ed\u0259k ki, bu m\u0259qs\u0259dl\u0259 Qaraba\u011f v\u0259 \u015e\u0259rqi Z\u0259ng\u0259zur iqtisadi rayonlar\u0131na d\u00f6vl\u0259t b\u00fcdc\u0259sind\u0259n transfertl\u0259r ilb\u0259il art\u0131r\u0131l\u0131r. Bel\u0259 ki, i\u015f\u011faldan azad edilmi\u015f ya\u015fay\u0131\u015f sah\u0259l\u0259rind\u0259 yenid\u0259nqurma i\u015fl\u0259ri \u00fc\u00e7\u00fcn 2021-ci ild\u0259 2,2 milyard, \u00ac2022-ci ild\u0259 2,7 milyard manat, ke\u00e7\u0259n il is\u0259 3 milyard manat v\u0259sait ayr\u0131l\u0131b. Maliyy\u0259 Nazirliyinin m\u0259lumat\u0131na g\u00f6r\u0259, cari ilin I r\u00fcb\u00fcnd\u0259 Qaraba\u011f v\u0259 \u015e\u0259rqi Z\u0259ng\u0259zurun yenid\u0259n qurulmas\u0131 m\u0259qs\u0259dil\u0259 n\u0259z\u0259rd\u0259 tutulan 3 milyard 825\u00a0 milyon manat v\u0259saitin sifari\u015f\u00e7i t\u0259\u015fkilatlar t\u0259r\u0259find\u0259n t\u0259qdim edil\u0259n s\u0259n\u0259dl\u0259r \u0259sas\u0131nda 31,9 faizi v\u0259 ya 1 milyard 220 milyon manat\u0131 ayr\u0131l\u0131b ki, bu da 2023-c\u00fc ilin m\u00fcvafiq d\u00f6vr\u00fc il\u0259 m\u00fcqayis\u0259d\u0259 58,6 milyon manat v\u0259 ya 5 faiz \u00e7oxdur.<\/p>\n","protected":false},"excerpt":{"rendered":"<p>2020-ci ild\u0259 V\u0259t\u0259n m\u00fcharib\u0259sind\u0259 qazand\u0131\u011f\u0131m\u0131z tarixi Z\u0259f\u0259rimizd\u0259n sonra Qaraba\u011f v\u0259 \u015e\u0259rqi Z\u0259ng\u0259zurda misli g\u00f6r\u00fcnm\u0259y\u0259n, h\u0259m d\u0259 d\u00fcnyan\u0131 heyr\u0259tl\u0259ndir\u0259n yenid\u0259nqurma i\u015fl\u0259ri h\u0259yata ke\u00e7irilir. N\u0259tic\u0259d\u0259 B\u00f6y\u00fck Qay\u0131d\u0131\u015f proqram\u0131na uy\u011fun olaraq i\u015f\u011faldan azad edilmi\u015f torpaqlar\u0131m\u0131zda sal\u0131nan m\u00fcasir k\u0259nd, q\u0259s\u0259b\u0259 v\u0259 \u015f\u0259h\u0259rl\u0259r\u0259 k\u00f6\u00e7 karvanlar\u0131 yola d\u00fc\u015f\u00fcr.\u00a0 Respublikam\u0131z\u0131n\u0131n m\u00fcxt\u0259lif \u0259razil\u0259rind\u0259 yataqxana, sanatoriya, pioner d\u00fc\u015f\u0259rg\u0259si, yar\u0131m\u00e7\u0131q tikilil\u0259r v\u0259 inzibati binalarda m\u00fcv\u0259qq\u0259ti m\u0259skunla\u015fm\u0131\u015f ail\u0259l\u0259rd\u0259n ibar\u0259t bel\u0259 karvanlardan biri d\u0259 may\u0131n 9-da \u015eu\u015fa \u015f\u0259h\u0259rin\u0259 v\u0259 La\u00e7\u0131n rayonunun Sus k\u0259ndin\u0259 yola sal\u0131n\u0131b. \u0130lk m\u0259rh\u0259l\u0259d\u0259 \u015eu\u015fa \u015f\u0259h\u0259rin\u0259 20 ail\u0259 &#8211; 88 n\u0259f\u0259r, La\u00e7\u0131n rayonunun Sus k\u0259ndin\u0259 is\u0259 20 ail\u0259, 75&hellip;<\/p>\n","protected":false},"author":2,"featured_media":720958,"comment_status":"closed","ping_status":"closed","sticky":false,"template":"","format":"standard","meta":{"om_disable_all_campaigns":false,"_monsterinsights_skip_tracking":false,"_monsterinsights_sitenote_active":false,"_monsterinsights_sitenote_note":"","_monsterinsights_sitenote_category":0},"categories":[19],"tags":[],"aioseo_notices":[],"gutentor_comment":0,"rttpg_featured_image_url":{"full":["https:\/\/arantv.az\/wp-content\/uploads\/2024\/05\/c7b03782171549936760336893810849612.jpg",975,540,false],"landscape":["https:\/\/arantv.az\/wp-content\/uploads\/2024\/05\/c7b03782171549936760336893810849612.jpg",975,540,false],"portraits":["https:\/\/arantv.az\/wp-content\/uploads\/2024\/05\/c7b03782171549936760336893810849612.jpg",975,540,false],"thumbnail":["https:\/\/arantv.az\/wp-content\/uploads\/2024\/05\/c7b03782171549936760336893810849612-500x280.jpg",500,280,true],"medium":["https:\/\/arantv.az\/wp-content\/uploads\/2024\/05\/c7b03782171549936760336893810849612-660x365.jpg",660,365,true],"large":["https:\/\/arantv.az\/wp-content\/uploads\/2024\/05\/c7b03782171549936760336893810849612-840x465.jpg",640,354,true],"1536x1536":["https:\/\/arantv.az\/wp-content\/uploads\/2024\/05\/c7b03782171549936760336893810849612.jpg",975,540,false],"2048x2048":["https:\/\/arantv.az\/wp-content\/uploads\/2024\/05\/c7b03782171549936760336893810849612.jpg",975,540,false],"post-thumbnail":["https:\/\/arantv.az\/wp-content\/uploads\/2024\/05\/c7b03782171549936760336893810849612-240x172.jpg",240,172,true],"advps-thumb-one":["https:\/\/arantv.az\/wp-content\/uploads\/2024\/05\/c7b03782171549936760336893810849612.jpg",975,540,false]},"rttpg_author":{"display_name":"V\u00fcsal Rafiqo\u011flu","author_link":"https:\/\/arantv.az\/?author=2"},"rttpg_comment":0,"rttpg_category":"<a href=\"https:\/\/arantv.az\/?cat=19\" rel=\"category\">G\u00fcnd\u0259m<\/a>","rttpg_excerpt":"2020-ci ild\u0259 V\u0259t\u0259n m\u00fcharib\u0259sind\u0259 qazand\u0131\u011f\u0131m\u0131z tarixi Z\u0259f\u0259rimizd\u0259n sonra Qaraba\u011f v\u0259 \u015e\u0259rqi Z\u0259ng\u0259zurda misli g\u00f6r\u00fcnm\u0259y\u0259n, h\u0259m d\u0259 d\u00fcnyan\u0131 heyr\u0259tl\u0259ndir\u0259n yenid\u0259nqurma i\u015fl\u0259ri h\u0259yata ke\u00e7irilir. N\u0259tic\u0259d\u0259 B\u00f6y\u00fck Qay\u0131d\u0131\u015f proqram\u0131na uy\u011fun olaraq i\u015f\u011faldan azad edilmi\u015f torpaqlar\u0131m\u0131zda sal\u0131nan m\u00fcasir k\u0259nd, q\u0259s\u0259b\u0259 v\u0259 \u015f\u0259h\u0259rl\u0259r\u0259 k\u00f6\u00e7 karvanlar\u0131 yola d\u00fc\u015f\u00fcr.\u00a0 Respublikam\u0131z\u0131n\u0131n m\u00fcxt\u0259lif \u0259razil\u0259rind\u0259 yataqxana, sanatoriya, pioner d\u00fc\u015f\u0259rg\u0259si, yar\u0131m\u00e7\u0131q tikilil\u0259r v\u0259 inzibati binalarda m\u00fcv\u0259qq\u0259ti&hellip;","_links":{"self":[{"href":"https:\/\/arantv.az\/index.php?rest_route=\/wp\/v2\/posts\/720957"}],"collection":[{"href":"https:\/\/arantv.az\/index.php?rest_route=\/wp\/v2\/posts"}],"about":[{"href":"https:\/\/arantv.az\/index.php?rest_route=\/wp\/v2\/types\/post"}],"author":[{"embeddable":true,"href":"https:\/\/arantv.az\/index.php?rest_route=\/wp\/v2\/users\/2"}],"replies":[{"embeddable":true,"href":"https:\/\/arantv.az\/index.php?rest_route=%2Fwp%2Fv2%2Fcomments&post=720957"}],"version-history":[{"count":0,"href":"https:\/\/arantv.az\/index.php?rest_route=\/wp\/v2\/posts\/720957\/revisions"}],"wp:featuredmedia":[{"embeddable":true,"href":"https:\/\/arantv.az\/index.php?rest_route=\/wp\/v2\/media\/720958"}],"wp:attachment":[{"href":"https:\/\/arantv.az\/index.php?rest_route=%2Fwp%2Fv2%2Fmedia&parent=720957"}],"wp:term":[{"taxonomy":"category","embeddable":true,"href":"https:\/\/arantv.az\/index.php?rest_route=%2Fwp%2Fv2%2Fcategories&post=720957"},{"taxonomy":"post_tag","embeddable":true,"href":"https:\/\/arantv.az\/index.php?rest_route=%2Fwp%2Fv2%2Ftags&post=720957"}],"curies":[{"name":"wp","href":"https:\/\/api.w.org\/{rel}","templated":true}]}}