{"id":720988,"date":"2024-05-12T18:34:21","date_gmt":"2024-05-12T14:34:21","guid":{"rendered":"https:\/\/arantv.az\/?p=720988"},"modified":"2024-05-12T18:34:21","modified_gmt":"2024-05-12T14:34:21","slug":"bilal-%c9%99liyevin-ingilis-dilind%c9%99n-t%c9%99rcum%c9%99si-gund%c9%99m-oldu-video","status":"publish","type":"post","link":"https:\/\/arantv.az\/?p=720988","title":{"rendered":"Bilal \u018fliyevin ingilis dilind\u0259n t\u0259rc\u00fcm\u0259si g\u00fcnd\u0259m oldu &#8211; V\u0130DEO"},"content":{"rendered":"<article class=\"news\">\n<div class=\"news-inner\">\n<p>Xalq artisti Bilal \u018fliyevin ingilis dilind\u0259n \u015feir t\u0259rc\u00fcm\u0259 etm\u0259si maraqla qar\u015f\u0131lan\u0131b.<\/p>\n<p>Bel\u0259 ki, ARB TV-d\u0259 yay\u0131mlanan verili\u015fl\u0259rin birin\u0259 qat\u0131lan Xalq artisti Uilyam \u015eekspirin \u015feirini t\u0259rc\u00fcm\u0259 etm\u0259y\u0259 \u00e7al\u0131\u015f\u0131b.<\/p>\n<p>Lakin onun t\u0259rc\u00fcm\u0259 zaman\u0131 \u00e7\u0259tinlik \u00e7\u0259kdiyi v\u0259 b\u0259zi s\u00f6zl\u0259ri unutdu\u011fu m\u00fc\u015fahid\u0259 olunub.<\/p>\n<p>Bilal \u018fliyev is\u0259 buna cavab\u0131nda \u201cBir az t\u0259krarlamaq laz\u0131md\u0131r\u201d, &#8211; dey\u0259 reaksiya verib.<\/p>\n<p>Qeyd ed\u0259k ki, h\u0259min anlar sosial \u015f\u0259b\u0259k\u0259d\u0259 g\u00fcnd\u0259m olub.<\/p>\n<p>\u018ftrafl\u0131 s\u00fcjetd\u0259:<\/p>\n<div><iframe loading=\"lazy\" title=\"YouTube video player\" src=\"https:\/\/www.youtube.com\/embed\/jd3fiTQUhxM?si=CHwK2Cq9DPAgGD5n\" width=\"560\" height=\"315\" frameborder=\"0\" allowfullscreen=\"allowfullscreen\" data-mce-fragment=\"1\"><\/iframe><\/div>\n<\/div>\n<\/article>\n","protected":false},"excerpt":{"rendered":"<p>Xalq artisti Bilal \u018fliyevin ingilis dilind\u0259n \u015feir t\u0259rc\u00fcm\u0259 etm\u0259si maraqla qar\u015f\u0131lan\u0131b. Bel\u0259 ki, ARB TV-d\u0259 yay\u0131mlanan verili\u015fl\u0259rin birin\u0259 qat\u0131lan Xalq artisti Uilyam \u015eekspirin \u015feirini t\u0259rc\u00fcm\u0259 etm\u0259y\u0259 \u00e7al\u0131\u015f\u0131b. Lakin onun t\u0259rc\u00fcm\u0259 zaman\u0131 \u00e7\u0259tinlik \u00e7\u0259kdiyi v\u0259 b\u0259zi s\u00f6zl\u0259ri unutdu\u011fu m\u00fc\u015fahid\u0259 olunub. Bilal \u018fliyev is\u0259 buna cavab\u0131nda \u201cBir az t\u0259krarlamaq laz\u0131md\u0131r\u201d, &#8211; dey\u0259 reaksiya verib. Qeyd ed\u0259k ki, h\u0259min anlar sosial \u015f\u0259b\u0259k\u0259d\u0259 g\u00fcnd\u0259m olub. \u018ftrafl\u0131 s\u00fcjetd\u0259:<\/p>\n","protected":false},"author":2,"featured_media":720989,"comment_status":"closed","ping_status":"closed","sticky":false,"template":"","format":"standard","meta":{"om_disable_all_campaigns":false,"_monsterinsights_skip_tracking":false,"_monsterinsights_sitenote_active":false,"_monsterinsights_sitenote_note":"","_monsterinsights_sitenote_category":0},"categories":[20],"tags":[],"aioseo_notices":[],"gutentor_comment":0,"rttpg_featured_image_url":{"full":["https:\/\/arantv.az\/wp-content\/uploads\/2024\/05\/Screenshot-2024-05-12-151603.jpg",620,413,false],"landscape":["https:\/\/arantv.az\/wp-content\/uploads\/2024\/05\/Screenshot-2024-05-12-151603.jpg",620,413,false],"portraits":["https:\/\/arantv.az\/wp-content\/uploads\/2024\/05\/Screenshot-2024-05-12-151603.jpg",620,413,false],"thumbnail":["https:\/\/arantv.az\/wp-content\/uploads\/2024\/05\/Screenshot-2024-05-12-151603-500x280.jpg",500,280,true],"medium":["https:\/\/arantv.az\/wp-content\/uploads\/2024\/05\/Screenshot-2024-05-12-151603-548x365.jpg",548,365,true],"large":["https:\/\/arantv.az\/wp-content\/uploads\/2024\/05\/Screenshot-2024-05-12-151603.jpg",620,413,false],"1536x1536":["https:\/\/arantv.az\/wp-content\/uploads\/2024\/05\/Screenshot-2024-05-12-151603.jpg",620,413,false],"2048x2048":["https:\/\/arantv.az\/wp-content\/uploads\/2024\/05\/Screenshot-2024-05-12-151603.jpg",620,413,false],"post-thumbnail":["https:\/\/arantv.az\/wp-content\/uploads\/2024\/05\/Screenshot-2024-05-12-151603-240x172.jpg",240,172,true],"advps-thumb-one":["https:\/\/arantv.az\/wp-content\/uploads\/2024\/05\/Screenshot-2024-05-12-151603.jpg",620,413,false]},"rttpg_author":{"display_name":"V\u00fcsal Rafiqo\u011flu","author_link":"https:\/\/arantv.az\/?author=2"},"rttpg_comment":0,"rttpg_category":"<a href=\"https:\/\/arantv.az\/?cat=20\" rel=\"category\">\u015eou biznes<\/a>","rttpg_excerpt":"Xalq artisti Bilal \u018fliyevin ingilis dilind\u0259n \u015feir t\u0259rc\u00fcm\u0259 etm\u0259si maraqla qar\u015f\u0131lan\u0131b. Bel\u0259 ki, ARB TV-d\u0259 yay\u0131mlanan verili\u015fl\u0259rin birin\u0259 qat\u0131lan Xalq artisti Uilyam \u015eekspirin \u015feirini t\u0259rc\u00fcm\u0259 etm\u0259y\u0259 \u00e7al\u0131\u015f\u0131b. Lakin onun t\u0259rc\u00fcm\u0259 zaman\u0131 \u00e7\u0259tinlik \u00e7\u0259kdiyi v\u0259 b\u0259zi s\u00f6zl\u0259ri unutdu\u011fu m\u00fc\u015fahid\u0259 olunub. Bilal \u018fliyev is\u0259 buna cavab\u0131nda \u201cBir az t\u0259krarlamaq laz\u0131md\u0131r\u201d, &#8211; dey\u0259 reaksiya verib. Qeyd ed\u0259k ki,&hellip;","_links":{"self":[{"href":"https:\/\/arantv.az\/index.php?rest_route=\/wp\/v2\/posts\/720988"}],"collection":[{"href":"https:\/\/arantv.az\/index.php?rest_route=\/wp\/v2\/posts"}],"about":[{"href":"https:\/\/arantv.az\/index.php?rest_route=\/wp\/v2\/types\/post"}],"author":[{"embeddable":true,"href":"https:\/\/arantv.az\/index.php?rest_route=\/wp\/v2\/users\/2"}],"replies":[{"embeddable":true,"href":"https:\/\/arantv.az\/index.php?rest_route=%2Fwp%2Fv2%2Fcomments&post=720988"}],"version-history":[{"count":0,"href":"https:\/\/arantv.az\/index.php?rest_route=\/wp\/v2\/posts\/720988\/revisions"}],"wp:featuredmedia":[{"embeddable":true,"href":"https:\/\/arantv.az\/index.php?rest_route=\/wp\/v2\/media\/720989"}],"wp:attachment":[{"href":"https:\/\/arantv.az\/index.php?rest_route=%2Fwp%2Fv2%2Fmedia&parent=720988"}],"wp:term":[{"taxonomy":"category","embeddable":true,"href":"https:\/\/arantv.az\/index.php?rest_route=%2Fwp%2Fv2%2Fcategories&post=720988"},{"taxonomy":"post_tag","embeddable":true,"href":"https:\/\/arantv.az\/index.php?rest_route=%2Fwp%2Fv2%2Ftags&post=720988"}],"curies":[{"name":"wp","href":"https:\/\/api.w.org\/{rel}","templated":true}]}}