{"id":720999,"date":"2024-05-13T08:53:29","date_gmt":"2024-05-13T04:53:29","guid":{"rendered":"https:\/\/arantv.az\/?p=720999"},"modified":"2024-05-13T08:53:29","modified_gmt":"2024-05-13T04:53:29","slug":"susada-xaribulbul-musiqi-festivalinin-ikinci-gunu-n%c9%99l%c9%99rl%c9%99-yadda-qaldi-video","status":"publish","type":"post","link":"https:\/\/arantv.az\/?p=720999","title":{"rendered":"\u015eu\u015fada \u201cXar\u0131b\u00fclb\u00fcl\u201d musiqi festival\u0131n\u0131n ikinci g\u00fcn\u00fc n\u0259l\u0259rl\u0259 yadda qald\u0131? &#8211; V\u0130DEO"},"content":{"rendered":"<p>Heyd\u0259r \u018fliyev Fondu v\u0259 M\u0259d\u0259niyy\u0259t Nazirliyinin t\u0259\u015fkilat\u00e7\u0131l\u0131\u011f\u0131 il\u0259 \u015eu\u015fada ke\u00e7iril\u0259n \u201cXar\u0131b\u00fclb\u00fcl\u201d VII Beyn\u0259lxalq Musiqi Festival\u0131 may\u0131n 12-d\u0259 davam edib.<\/p>\n<p><strong>ARANTV.AZ <\/strong>\u00a0x\u0259b\u0259r verir ki, festival\u0131n ikinci g\u00fcn\u00fcnd\u0259 Xan q\u0131z\u0131 Nat\u0259van\u0131n Saray\u0131 qar\u015f\u0131s\u0131nda Birl\u0259\u015fmi\u015f \u018fr\u0259b \u018fmirlikl\u0259rind\u0259n \u201cAlmazyood\u201d v\u0259 M\u0259rake\u015fd\u0259n \u201cTizwit\u201d qruplar\u0131n\u0131n konserti ba\u015f tutub.<\/p>\n<p>Qeyd ed\u0259k ki, builki festivalda \u00e7\u0131x\u0131\u015f ed\u0259n m\u0259d\u0259niyy\u0259t v\u0259 inc\u0259s\u0259n\u0259t xadiml\u0259rinin t\u0259msil etdikl\u0259ri \u00f6lk\u0259l\u0259r t\u0259sad\u00fcfi se\u00e7ilm\u0259yib. \u0130fa\u00e7\u0131lar v\u0259 yarad\u0131c\u0131 kollektivl\u0259r ICESCO-ya \u00fczv olan \u00f6lk\u0259l\u0259rin t\u0259msil\u00e7il\u0259ridir. Bel\u0259 ki, \u015eu\u015fa \u015f\u0259h\u0259ri 2024-c\u00fc il \u00fc\u00e7\u00fcn \u201c\u0130slam d\u00fcnyas\u0131n\u0131n m\u0259d\u0259niyy\u0259t paytaxt\u0131\u201d elan olunub.<\/p>\n<p>\u201cXar\u0131b\u00fclb\u00fcl\u201d VII Beyn\u0259lxalq Musiqi Festival\u0131 \u00e7\u0259r\u00e7iv\u0259sind\u0259 may\u0131n 12-d\u0259 h\u0259m d\u0259 \u201cQaraba\u011fnam\u0259\u201d adl\u0131 s\u0259rgi a\u00e7\u0131l\u0131b.\u00a0 Yarad\u0131c\u0131l\u0131q M\u0259rk\u0259zind\u0259ki s\u0259rgid\u0259 23 r\u0259ssam\u0131n Qaraba\u011f\u0131n tarixi, z\u0259ngin m\u0259d\u0259niyy\u0259ti, m\u0259i\u015f\u0259ti, x\u00fcsusil\u0259 d\u0259 \u015eu\u015fan\u0131n tarixi v\u0259 memarl\u0131\u011f\u0131n\u0131 \u0259ks etdir\u0259n \u0259s\u0259rl\u0259ri n\u00fcmayi\u015f etdirilib.<\/p>\n<p>\u015eu\u015fadak\u0131 proqram C\u0131d\u0131r d\u00fcz\u00fcnd\u0259 musiqi bayram\u0131 &#8211; Aboubakar Silla (Qvineya), Abbos Kosimov (\u00d6zb\u0259kistan) v\u0259 \u201cNatiq\u201d ritm qrupunun (Az\u0259rbaycan) konsertl\u0259ri il\u0259 yekunla\u015f\u0131b.<\/p>\n<p>Festival bu g\u00fcn La\u00e7\u0131nda konsert proqramlar\u0131 il\u0259 ba\u015fa \u00e7atacaq.<\/p>\n<div><iframe loading=\"lazy\" id=\"telegram-post-xeberleroxu-81132\" src=\"https:\/\/t.me\/xeberleroxu\/81132?embed=1\" width=\"100%\" height=\"\" frameborder=\"0\" scrolling=\"no\" data-mce-fragment=\"1\"><\/iframe><\/div>\n<p>&nbsp;<\/p>\n","protected":false},"excerpt":{"rendered":"<p>Heyd\u0259r \u018fliyev Fondu v\u0259 M\u0259d\u0259niyy\u0259t Nazirliyinin t\u0259\u015fkilat\u00e7\u0131l\u0131\u011f\u0131 il\u0259 \u015eu\u015fada ke\u00e7iril\u0259n \u201cXar\u0131b\u00fclb\u00fcl\u201d VII Beyn\u0259lxalq Musiqi Festival\u0131 may\u0131n 12-d\u0259 davam edib. ARANTV.AZ \u00a0x\u0259b\u0259r verir ki, festival\u0131n ikinci g\u00fcn\u00fcnd\u0259 Xan q\u0131z\u0131 Nat\u0259van\u0131n Saray\u0131 qar\u015f\u0131s\u0131nda Birl\u0259\u015fmi\u015f \u018fr\u0259b \u018fmirlikl\u0259rind\u0259n \u201cAlmazyood\u201d v\u0259 M\u0259rake\u015fd\u0259n \u201cTizwit\u201d qruplar\u0131n\u0131n konserti ba\u015f tutub. Qeyd ed\u0259k ki, builki festivalda \u00e7\u0131x\u0131\u015f ed\u0259n m\u0259d\u0259niyy\u0259t v\u0259 inc\u0259s\u0259n\u0259t xadiml\u0259rinin t\u0259msil etdikl\u0259ri \u00f6lk\u0259l\u0259r t\u0259sad\u00fcfi se\u00e7ilm\u0259yib. \u0130fa\u00e7\u0131lar v\u0259 yarad\u0131c\u0131 kollektivl\u0259r ICESCO-ya \u00fczv olan \u00f6lk\u0259l\u0259rin t\u0259msil\u00e7il\u0259ridir. Bel\u0259 ki, \u015eu\u015fa \u015f\u0259h\u0259ri 2024-c\u00fc il \u00fc\u00e7\u00fcn \u201c\u0130slam d\u00fcnyas\u0131n\u0131n m\u0259d\u0259niyy\u0259t paytaxt\u0131\u201d elan olunub. \u201cXar\u0131b\u00fclb\u00fcl\u201d VII Beyn\u0259lxalq Musiqi Festival\u0131 \u00e7\u0259r\u00e7iv\u0259sind\u0259 may\u0131n 12-d\u0259 h\u0259m d\u0259&hellip;<\/p>\n","protected":false},"author":2,"featured_media":721000,"comment_status":"closed","ping_status":"closed","sticky":false,"template":"","format":"standard","meta":{"om_disable_all_campaigns":false,"_monsterinsights_skip_tracking":false,"_monsterinsights_sitenote_active":false,"_monsterinsights_sitenote_note":"","_monsterinsights_sitenote_category":0},"categories":[1],"tags":[],"aioseo_notices":[],"gutentor_comment":0,"rttpg_featured_image_url":{"full":["https:\/\/arantv.az\/wp-content\/uploads\/2024\/05\/WhatsApp-Image-2024-05-13-at-06.11.14.jpg",620,413,false],"landscape":["https:\/\/arantv.az\/wp-content\/uploads\/2024\/05\/WhatsApp-Image-2024-05-13-at-06.11.14.jpg",620,413,false],"portraits":["https:\/\/arantv.az\/wp-content\/uploads\/2024\/05\/WhatsApp-Image-2024-05-13-at-06.11.14.jpg",620,413,false],"thumbnail":["https:\/\/arantv.az\/wp-content\/uploads\/2024\/05\/WhatsApp-Image-2024-05-13-at-06.11.14-500x280.jpg",500,280,true],"medium":["https:\/\/arantv.az\/wp-content\/uploads\/2024\/05\/WhatsApp-Image-2024-05-13-at-06.11.14-548x365.jpg",548,365,true],"large":["https:\/\/arantv.az\/wp-content\/uploads\/2024\/05\/WhatsApp-Image-2024-05-13-at-06.11.14.jpg",620,413,false],"1536x1536":["https:\/\/arantv.az\/wp-content\/uploads\/2024\/05\/WhatsApp-Image-2024-05-13-at-06.11.14.jpg",620,413,false],"2048x2048":["https:\/\/arantv.az\/wp-content\/uploads\/2024\/05\/WhatsApp-Image-2024-05-13-at-06.11.14.jpg",620,413,false],"post-thumbnail":["https:\/\/arantv.az\/wp-content\/uploads\/2024\/05\/WhatsApp-Image-2024-05-13-at-06.11.14-240x172.jpg",240,172,true],"advps-thumb-one":["https:\/\/arantv.az\/wp-content\/uploads\/2024\/05\/WhatsApp-Image-2024-05-13-at-06.11.14.jpg",620,413,false]},"rttpg_author":{"display_name":"V\u00fcsal Rafiqo\u011flu","author_link":"https:\/\/arantv.az\/?author=2"},"rttpg_comment":0,"rttpg_category":"<a href=\"https:\/\/arantv.az\/?cat=1\" rel=\"category\">C\u0259miyy\u0259t<\/a>","rttpg_excerpt":"Heyd\u0259r \u018fliyev Fondu v\u0259 M\u0259d\u0259niyy\u0259t Nazirliyinin t\u0259\u015fkilat\u00e7\u0131l\u0131\u011f\u0131 il\u0259 \u015eu\u015fada ke\u00e7iril\u0259n \u201cXar\u0131b\u00fclb\u00fcl\u201d VII Beyn\u0259lxalq Musiqi Festival\u0131 may\u0131n 12-d\u0259 davam edib. ARANTV.AZ \u00a0x\u0259b\u0259r verir ki, festival\u0131n ikinci g\u00fcn\u00fcnd\u0259 Xan q\u0131z\u0131 Nat\u0259van\u0131n Saray\u0131 qar\u015f\u0131s\u0131nda Birl\u0259\u015fmi\u015f \u018fr\u0259b \u018fmirlikl\u0259rind\u0259n \u201cAlmazyood\u201d v\u0259 M\u0259rake\u015fd\u0259n \u201cTizwit\u201d qruplar\u0131n\u0131n konserti ba\u015f tutub. Qeyd ed\u0259k ki, builki festivalda \u00e7\u0131x\u0131\u015f ed\u0259n m\u0259d\u0259niyy\u0259t v\u0259 inc\u0259s\u0259n\u0259t xadiml\u0259rinin t\u0259msil etdikl\u0259ri&hellip;","_links":{"self":[{"href":"https:\/\/arantv.az\/index.php?rest_route=\/wp\/v2\/posts\/720999"}],"collection":[{"href":"https:\/\/arantv.az\/index.php?rest_route=\/wp\/v2\/posts"}],"about":[{"href":"https:\/\/arantv.az\/index.php?rest_route=\/wp\/v2\/types\/post"}],"author":[{"embeddable":true,"href":"https:\/\/arantv.az\/index.php?rest_route=\/wp\/v2\/users\/2"}],"replies":[{"embeddable":true,"href":"https:\/\/arantv.az\/index.php?rest_route=%2Fwp%2Fv2%2Fcomments&post=720999"}],"version-history":[{"count":0,"href":"https:\/\/arantv.az\/index.php?rest_route=\/wp\/v2\/posts\/720999\/revisions"}],"wp:featuredmedia":[{"embeddable":true,"href":"https:\/\/arantv.az\/index.php?rest_route=\/wp\/v2\/media\/721000"}],"wp:attachment":[{"href":"https:\/\/arantv.az\/index.php?rest_route=%2Fwp%2Fv2%2Fmedia&parent=720999"}],"wp:term":[{"taxonomy":"category","embeddable":true,"href":"https:\/\/arantv.az\/index.php?rest_route=%2Fwp%2Fv2%2Fcategories&post=720999"},{"taxonomy":"post_tag","embeddable":true,"href":"https:\/\/arantv.az\/index.php?rest_route=%2Fwp%2Fv2%2Ftags&post=720999"}],"curies":[{"name":"wp","href":"https:\/\/api.w.org\/{rel}","templated":true}]}}