{"id":721003,"date":"2024-05-13T08:54:54","date_gmt":"2024-05-13T04:54:54","guid":{"rendered":"https:\/\/arantv.az\/?p=721003"},"modified":"2024-05-13T08:54:54","modified_gmt":"2024-05-13T04:54:54","slug":"fransa-az%c9%99rbaycan-v%c9%99-erm%c9%99nistan-arasinda-almatida-keciril%c9%99n-gorusu-alqislayib","status":"publish","type":"post","link":"https:\/\/arantv.az\/?p=721003","title":{"rendered":"Fransa Az\u0259rbaycan v\u0259 Erm\u0259nistan aras\u0131nda Almat\u0131da ke\u00e7iril\u0259n g\u00f6r\u00fc\u015f\u00fc alq\u0131\u015flay\u0131b"},"content":{"rendered":"<p>Fransa may\u0131n 10 v\u0259 11-d\u0259 Almat\u0131da Az\u0259rbaycan v\u0259 Erm\u0259nistan xarici i\u015fl\u0259r nazirl\u0259ri aras\u0131nda dan\u0131\u015f\u0131qlar\u0131n n\u00f6vb\u0259ti raundunun ke\u00e7irilm\u0259sini alq\u0131\u015flay\u0131r.<\/p>\n<p>Bu bar\u0259d\u0259 Fransa Xarici \u0130\u015fl\u0259r Nazirliyi b\u0259yanat yay\u0131b.<\/p>\n<p>\u201cFransa 2022-ci il oktyabr\u0131n 7-d\u0259 Praqada ke\u00e7iril\u0259n d\u00f6rdt\u0259r\u0259fli g\u00f6r\u00fc\u015f\u0259 uy\u011fun olaraq, bu proses \u00fc\u00e7\u00fcn \u0259sas kimi 1991-ci il Almat\u0131 b\u0259yannam\u0259sin\u0259, t\u0259r\u0259fl\u0259rin \u0259razi b\u00fct\u00f6vl\u00fcy\u00fcn\u00fcn qar\u015f\u0131l\u0131ql\u0131 tan\u0131nmas\u0131na ba\u011fl\u0131 olduqlar\u0131n\u0131 t\u0259sdiql\u0259m\u0259l\u0259rinin vacibliyini vur\u011fulay\u0131r. X\u0130N bu kontekstd\u0259 19 aprel 2024-c\u00fc il tarixli raz\u0131la\u015fd\u0131r\u0131lm\u0131\u015f prinsipl\u0259r \u0259sas\u0131nda v\u0259 yerl\u0259rd\u0259 apar\u0131lan ilk demarkasiya i\u015fl\u0259rinin davam\u0131 olaraq prosesi, eyni zamanda, iki \u00f6lk\u0259 aras\u0131nda s\u00fclh m\u00fcqavil\u0259sinin imzalanmas\u0131 m\u0259qs\u0259dil\u0259 m\u00fczakir\u0259l\u0259ri davam etdirm\u0259y\u0259 \u00e7a\u011f\u0131r\u0131r. Biz Qazax\u0131stan hakimiyy\u0259tinin bu dan\u0131\u015f\u0131qlar\u0131n apar\u0131lmas\u0131na yard\u0131m etm\u0259k t\u0259\u015f\u0259bb\u00fcs\u00fcn\u00fc alq\u0131\u015flay\u0131r\u0131q. Fransa beyn\u0259lxalq h\u00fcquqa uy\u011fun olaraq C\u0259nubi Qafqazda \u0259dal\u0259tli v\u0259 davaml\u0131 s\u00fclh\u00fcn b\u0259rq\u0259rar olmas\u0131 \u00fc\u00e7\u00fcn \u00f6z t\u0259r\u0259fda\u015flar\u0131 il\u0259 birg\u0259 f\u0259aliyy\u0259tini davam etdir\u0259c\u0259k\u201d, &#8211; dey\u0259 b\u0259yanatda bildirilir.<\/p>\n<p>M\u0259nb\u0259: diplomatie.gouv.fr<\/p>\n","protected":false},"excerpt":{"rendered":"<p>Fransa may\u0131n 10 v\u0259 11-d\u0259 Almat\u0131da Az\u0259rbaycan v\u0259 Erm\u0259nistan xarici i\u015fl\u0259r nazirl\u0259ri aras\u0131nda dan\u0131\u015f\u0131qlar\u0131n n\u00f6vb\u0259ti raundunun ke\u00e7irilm\u0259sini alq\u0131\u015flay\u0131r. Bu bar\u0259d\u0259 Fransa Xarici \u0130\u015fl\u0259r Nazirliyi b\u0259yanat yay\u0131b. \u201cFransa 2022-ci il oktyabr\u0131n 7-d\u0259 Praqada ke\u00e7iril\u0259n d\u00f6rdt\u0259r\u0259fli g\u00f6r\u00fc\u015f\u0259 uy\u011fun olaraq, bu proses \u00fc\u00e7\u00fcn \u0259sas kimi 1991-ci il Almat\u0131 b\u0259yannam\u0259sin\u0259, t\u0259r\u0259fl\u0259rin \u0259razi b\u00fct\u00f6vl\u00fcy\u00fcn\u00fcn qar\u015f\u0131l\u0131ql\u0131 tan\u0131nmas\u0131na ba\u011fl\u0131 olduqlar\u0131n\u0131 t\u0259sdiql\u0259m\u0259l\u0259rinin vacibliyini vur\u011fulay\u0131r. X\u0130N bu kontekstd\u0259 19 aprel 2024-c\u00fc il tarixli raz\u0131la\u015fd\u0131r\u0131lm\u0131\u015f prinsipl\u0259r \u0259sas\u0131nda v\u0259 yerl\u0259rd\u0259 apar\u0131lan ilk demarkasiya i\u015fl\u0259rinin davam\u0131 olaraq prosesi, eyni zamanda, iki \u00f6lk\u0259 aras\u0131nda s\u00fclh m\u00fcqavil\u0259sinin imzalanmas\u0131 m\u0259qs\u0259dil\u0259 m\u00fczakir\u0259l\u0259ri davam etdirm\u0259y\u0259 \u00e7a\u011f\u0131r\u0131r. Biz&hellip;<\/p>\n","protected":false},"author":2,"featured_media":721004,"comment_status":"closed","ping_status":"closed","sticky":false,"template":"","format":"standard","meta":{"om_disable_all_campaigns":false,"_monsterinsights_skip_tracking":false,"_monsterinsights_sitenote_active":false,"_monsterinsights_sitenote_note":"","_monsterinsights_sitenote_category":0},"categories":[4],"tags":[],"aioseo_notices":[],"gutentor_comment":0,"rttpg_featured_image_url":{"full":["https:\/\/arantv.az\/wp-content\/uploads\/2024\/05\/abe8e03e169063836821204992510581052.jpg",975,540,false],"landscape":["https:\/\/arantv.az\/wp-content\/uploads\/2024\/05\/abe8e03e169063836821204992510581052.jpg",975,540,false],"portraits":["https:\/\/arantv.az\/wp-content\/uploads\/2024\/05\/abe8e03e169063836821204992510581052.jpg",975,540,false],"thumbnail":["https:\/\/arantv.az\/wp-content\/uploads\/2024\/05\/abe8e03e169063836821204992510581052-500x280.jpg",500,280,true],"medium":["https:\/\/arantv.az\/wp-content\/uploads\/2024\/05\/abe8e03e169063836821204992510581052-660x365.jpg",660,365,true],"large":["https:\/\/arantv.az\/wp-content\/uploads\/2024\/05\/abe8e03e169063836821204992510581052-840x465.jpg",640,354,true],"1536x1536":["https:\/\/arantv.az\/wp-content\/uploads\/2024\/05\/abe8e03e169063836821204992510581052.jpg",975,540,false],"2048x2048":["https:\/\/arantv.az\/wp-content\/uploads\/2024\/05\/abe8e03e169063836821204992510581052.jpg",975,540,false],"post-thumbnail":["https:\/\/arantv.az\/wp-content\/uploads\/2024\/05\/abe8e03e169063836821204992510581052-240x172.jpg",240,172,true],"advps-thumb-one":["https:\/\/arantv.az\/wp-content\/uploads\/2024\/05\/abe8e03e169063836821204992510581052.jpg",975,540,false]},"rttpg_author":{"display_name":"V\u00fcsal Rafiqo\u011flu","author_link":"https:\/\/arantv.az\/?author=2"},"rttpg_comment":0,"rttpg_category":"<a href=\"https:\/\/arantv.az\/?cat=4\" rel=\"category\">Siyas\u0259t<\/a>","rttpg_excerpt":"Fransa may\u0131n 10 v\u0259 11-d\u0259 Almat\u0131da Az\u0259rbaycan v\u0259 Erm\u0259nistan xarici i\u015fl\u0259r nazirl\u0259ri aras\u0131nda dan\u0131\u015f\u0131qlar\u0131n n\u00f6vb\u0259ti raundunun ke\u00e7irilm\u0259sini alq\u0131\u015flay\u0131r. Bu bar\u0259d\u0259 Fransa Xarici \u0130\u015fl\u0259r Nazirliyi b\u0259yanat yay\u0131b. \u201cFransa 2022-ci il oktyabr\u0131n 7-d\u0259 Praqada ke\u00e7iril\u0259n d\u00f6rdt\u0259r\u0259fli g\u00f6r\u00fc\u015f\u0259 uy\u011fun olaraq, bu proses \u00fc\u00e7\u00fcn \u0259sas kimi 1991-ci il Almat\u0131 b\u0259yannam\u0259sin\u0259, t\u0259r\u0259fl\u0259rin \u0259razi b\u00fct\u00f6vl\u00fcy\u00fcn\u00fcn qar\u015f\u0131l\u0131ql\u0131 tan\u0131nmas\u0131na ba\u011fl\u0131 olduqlar\u0131n\u0131 t\u0259sdiql\u0259m\u0259l\u0259rinin vacibliyini&hellip;","_links":{"self":[{"href":"https:\/\/arantv.az\/index.php?rest_route=\/wp\/v2\/posts\/721003"}],"collection":[{"href":"https:\/\/arantv.az\/index.php?rest_route=\/wp\/v2\/posts"}],"about":[{"href":"https:\/\/arantv.az\/index.php?rest_route=\/wp\/v2\/types\/post"}],"author":[{"embeddable":true,"href":"https:\/\/arantv.az\/index.php?rest_route=\/wp\/v2\/users\/2"}],"replies":[{"embeddable":true,"href":"https:\/\/arantv.az\/index.php?rest_route=%2Fwp%2Fv2%2Fcomments&post=721003"}],"version-history":[{"count":0,"href":"https:\/\/arantv.az\/index.php?rest_route=\/wp\/v2\/posts\/721003\/revisions"}],"wp:featuredmedia":[{"embeddable":true,"href":"https:\/\/arantv.az\/index.php?rest_route=\/wp\/v2\/media\/721004"}],"wp:attachment":[{"href":"https:\/\/arantv.az\/index.php?rest_route=%2Fwp%2Fv2%2Fmedia&parent=721003"}],"wp:term":[{"taxonomy":"category","embeddable":true,"href":"https:\/\/arantv.az\/index.php?rest_route=%2Fwp%2Fv2%2Fcategories&post=721003"},{"taxonomy":"post_tag","embeddable":true,"href":"https:\/\/arantv.az\/index.php?rest_route=%2Fwp%2Fv2%2Ftags&post=721003"}],"curies":[{"name":"wp","href":"https:\/\/api.w.org\/{rel}","templated":true}]}}