{"id":721006,"date":"2024-05-13T08:55:53","date_gmt":"2024-05-13T04:55:53","guid":{"rendered":"https:\/\/arantv.az\/?p=721006"},"modified":"2024-05-13T08:55:53","modified_gmt":"2024-05-13T04:55:53","slug":"reyd-olacaq-normalara-uygun-olmayan-avtomobill%c9%99rin-surucul%c9%99ri-c%c9%99rim%c9%99l%c9%99n%c9%99c%c9%99kl%c9%99r-video","status":"publish","type":"post","link":"https:\/\/arantv.az\/?p=721006","title":{"rendered":"Reyd olacaq: Normalara uy\u011fun olmayan avtomobill\u0259rin s\u00fcr\u00fcc\u00fcl\u0259ri c\u0259rim\u0259l\u0259n\u0259c\u0259kl\u0259r &#8211; V\u0130DEO"},"content":{"rendered":"<article class=\"news\">\n<div class=\"news-inner\">\n<p>Daxiliyanma m\u00fch\u0259rrikli avtomobill\u0259rin d\u00fczg\u00fcn i\u015fl\u0259m\u0259m\u0259si atmosfer\u0259 ciddi t\u0259sir edir. Ba\u015f D\u00f6vl\u0259t Yol Polisi \u0130dar\u0259sind\u0259n (BDYP\u0130) veril\u0259n m\u0259lumata g\u00f6r\u0259, bu g\u00fcn respublikada atmosfer\u0259 burax\u0131lan \u00e7irkl\u0259ndirici madd\u0259l\u0259rin 75 faizind\u0259n \u00e7oxu avtomobil v\u0259 maye yanaca\u011f\u0131 il\u0259 i\u015fl\u0259y\u0259n m\u00fch\u0259rrikl\u0259rin pay\u0131na d\u00fc\u015f\u00fcr.<\/p>\n<p>Xezerxeber.az-\u0131n m\u0259lumat\u0131na g\u00f6r\u0259, avtomobil m\u00fct\u0259x\u0259ssisi Sahil A\u011fab\u0259yli bildirib\u00a0ki, m\u00fch\u0259rrikd\u0259 bir ne\u00e7\u0259 detala vaxt\u0131nda qulluq etm\u0259k laz\u0131md\u0131r. \u018fks halda, m\u00fch\u0259rrikd\u0259n atmosfer\u0259 xaric edil\u0259n d\u0259m qaz\u0131n\u0131n miqdar\u0131 \u00e7ox olur. B\u0259s d\u0259m qaz\u0131n\u0131n normada olmas\u0131 \u00fc\u00e7\u00fcn s\u00fcr\u00fcc\u00fc n\u0259 etm\u0259lidir?<\/p>\n<p>B\u0259zi avtomobill\u0259rin katalitik-\u00e7eviricisi, y\u0259ni \u201ckatalizator\u201du nasaz oldu\u011fu \u00fc\u00e7\u00fcn s\u00fcr\u00fcc\u00fcl\u0259r t\u0259r\u0259find\u0259n \u00e7\u0131xar\u0131l\u0131r. Sahil A\u011fab\u0259yli deyir ki, katalizatoru olmayan avtomobill\u0259rd\u0259n d\u0259m qaz\u0131 normadan art\u0131q \u00e7\u0131x\u0131r. Usta hesab edir ki, katalizatorun s\u0131radan \u00e7\u0131xmamas\u0131 \u00fc\u00e7\u00fcn vaxt\u0131nda yanaca\u011fa qatq\u0131 \u0259lav\u0259 edilm\u0259lidir. \u00c7\u00fcnki avtomobilin qeyri-m\u00fcnt\u0259z\u0259m i\u015fl\u0259m\u0259si t\u0259kc\u0259 atmosfer\u0259 z\u0259r\u0259r vurmur.<\/p>\n<p>Qeyd ed\u0259k ki, may\u0131n 15-d\u0259n etibar\u0259n bir ay boyunca \u00f6lk\u0259 \u0259razisind\u0259 \u201cT\u0259miz hava\u201d ayl\u0131\u011f\u0131na ba\u015flanacaq. Normadan art\u0131q tullant\u0131 ixrac ed\u0259n avtomobill\u0259rin sahibl\u0259ri 50 manat m\u0259bl\u0259\u011find\u0259 c\u0259rim\u0259 olunacaqlar.<\/p>\n<p>\u018ftrafl\u0131 s\u00fcjetd\u0259:<\/p>\n<div><iframe loading=\"lazy\" title=\"YouTube video player\" src=\"https:\/\/www.youtube.com\/embed\/BpH9KoJRhrM?si=wbVLCJfURfS1lW2a\" width=\"560\" height=\"315\" frameborder=\"0\" allowfullscreen=\"allowfullscreen\" data-mce-fragment=\"1\"><\/iframe><\/div>\n<\/div>\n<\/article>\n","protected":false},"excerpt":{"rendered":"<p>Daxiliyanma m\u00fch\u0259rrikli avtomobill\u0259rin d\u00fczg\u00fcn i\u015fl\u0259m\u0259m\u0259si atmosfer\u0259 ciddi t\u0259sir edir. Ba\u015f D\u00f6vl\u0259t Yol Polisi \u0130dar\u0259sind\u0259n (BDYP\u0130) veril\u0259n m\u0259lumata g\u00f6r\u0259, bu g\u00fcn respublikada atmosfer\u0259 burax\u0131lan \u00e7irkl\u0259ndirici madd\u0259l\u0259rin 75 faizind\u0259n \u00e7oxu avtomobil v\u0259 maye yanaca\u011f\u0131 il\u0259 i\u015fl\u0259y\u0259n m\u00fch\u0259rrikl\u0259rin pay\u0131na d\u00fc\u015f\u00fcr. Xezerxeber.az-\u0131n m\u0259lumat\u0131na g\u00f6r\u0259, avtomobil m\u00fct\u0259x\u0259ssisi Sahil A\u011fab\u0259yli bildirib\u00a0ki, m\u00fch\u0259rrikd\u0259 bir ne\u00e7\u0259 detala vaxt\u0131nda qulluq etm\u0259k laz\u0131md\u0131r. \u018fks halda, m\u00fch\u0259rrikd\u0259n atmosfer\u0259 xaric edil\u0259n d\u0259m qaz\u0131n\u0131n miqdar\u0131 \u00e7ox olur. B\u0259s d\u0259m qaz\u0131n\u0131n normada olmas\u0131 \u00fc\u00e7\u00fcn s\u00fcr\u00fcc\u00fc n\u0259 etm\u0259lidir? B\u0259zi avtomobill\u0259rin katalitik-\u00e7eviricisi, y\u0259ni \u201ckatalizator\u201du nasaz oldu\u011fu \u00fc\u00e7\u00fcn s\u00fcr\u00fcc\u00fcl\u0259r t\u0259r\u0259find\u0259n \u00e7\u0131xar\u0131l\u0131r. Sahil A\u011fab\u0259yli deyir ki, katalizatoru olmayan&hellip;<\/p>\n","protected":false},"author":2,"featured_media":721007,"comment_status":"closed","ping_status":"closed","sticky":false,"template":"","format":"standard","meta":{"om_disable_all_campaigns":false,"_monsterinsights_skip_tracking":false,"_monsterinsights_sitenote_active":false,"_monsterinsights_sitenote_note":"","_monsterinsights_sitenote_category":0},"categories":[1],"tags":[],"aioseo_notices":[],"gutentor_comment":0,"rttpg_featured_image_url":{"full":["https:\/\/arantv.az\/wp-content\/uploads\/2024\/05\/FotoJet-13-2.jpg",620,413,false],"landscape":["https:\/\/arantv.az\/wp-content\/uploads\/2024\/05\/FotoJet-13-2.jpg",620,413,false],"portraits":["https:\/\/arantv.az\/wp-content\/uploads\/2024\/05\/FotoJet-13-2.jpg",620,413,false],"thumbnail":["https:\/\/arantv.az\/wp-content\/uploads\/2024\/05\/FotoJet-13-2-500x280.jpg",500,280,true],"medium":["https:\/\/arantv.az\/wp-content\/uploads\/2024\/05\/FotoJet-13-2-548x365.jpg",548,365,true],"large":["https:\/\/arantv.az\/wp-content\/uploads\/2024\/05\/FotoJet-13-2.jpg",620,413,false],"1536x1536":["https:\/\/arantv.az\/wp-content\/uploads\/2024\/05\/FotoJet-13-2.jpg",620,413,false],"2048x2048":["https:\/\/arantv.az\/wp-content\/uploads\/2024\/05\/FotoJet-13-2.jpg",620,413,false],"post-thumbnail":["https:\/\/arantv.az\/wp-content\/uploads\/2024\/05\/FotoJet-13-2-240x172.jpg",240,172,true],"advps-thumb-one":["https:\/\/arantv.az\/wp-content\/uploads\/2024\/05\/FotoJet-13-2.jpg",620,413,false]},"rttpg_author":{"display_name":"V\u00fcsal Rafiqo\u011flu","author_link":"https:\/\/arantv.az\/?author=2"},"rttpg_comment":0,"rttpg_category":"<a href=\"https:\/\/arantv.az\/?cat=1\" rel=\"category\">C\u0259miyy\u0259t<\/a>","rttpg_excerpt":"Daxiliyanma m\u00fch\u0259rrikli avtomobill\u0259rin d\u00fczg\u00fcn i\u015fl\u0259m\u0259m\u0259si atmosfer\u0259 ciddi t\u0259sir edir. Ba\u015f D\u00f6vl\u0259t Yol Polisi \u0130dar\u0259sind\u0259n (BDYP\u0130) veril\u0259n m\u0259lumata g\u00f6r\u0259, bu g\u00fcn respublikada atmosfer\u0259 burax\u0131lan \u00e7irkl\u0259ndirici madd\u0259l\u0259rin 75 faizind\u0259n \u00e7oxu avtomobil v\u0259 maye yanaca\u011f\u0131 il\u0259 i\u015fl\u0259y\u0259n m\u00fch\u0259rrikl\u0259rin pay\u0131na d\u00fc\u015f\u00fcr. Xezerxeber.az-\u0131n m\u0259lumat\u0131na g\u00f6r\u0259, avtomobil m\u00fct\u0259x\u0259ssisi Sahil A\u011fab\u0259yli bildirib\u00a0ki, m\u00fch\u0259rrikd\u0259 bir ne\u00e7\u0259 detala vaxt\u0131nda qulluq etm\u0259k laz\u0131md\u0131r. \u018fks halda,&hellip;","_links":{"self":[{"href":"https:\/\/arantv.az\/index.php?rest_route=\/wp\/v2\/posts\/721006"}],"collection":[{"href":"https:\/\/arantv.az\/index.php?rest_route=\/wp\/v2\/posts"}],"about":[{"href":"https:\/\/arantv.az\/index.php?rest_route=\/wp\/v2\/types\/post"}],"author":[{"embeddable":true,"href":"https:\/\/arantv.az\/index.php?rest_route=\/wp\/v2\/users\/2"}],"replies":[{"embeddable":true,"href":"https:\/\/arantv.az\/index.php?rest_route=%2Fwp%2Fv2%2Fcomments&post=721006"}],"version-history":[{"count":0,"href":"https:\/\/arantv.az\/index.php?rest_route=\/wp\/v2\/posts\/721006\/revisions"}],"wp:featuredmedia":[{"embeddable":true,"href":"https:\/\/arantv.az\/index.php?rest_route=\/wp\/v2\/media\/721007"}],"wp:attachment":[{"href":"https:\/\/arantv.az\/index.php?rest_route=%2Fwp%2Fv2%2Fmedia&parent=721006"}],"wp:term":[{"taxonomy":"category","embeddable":true,"href":"https:\/\/arantv.az\/index.php?rest_route=%2Fwp%2Fv2%2Fcategories&post=721006"},{"taxonomy":"post_tag","embeddable":true,"href":"https:\/\/arantv.az\/index.php?rest_route=%2Fwp%2Fv2%2Ftags&post=721006"}],"curies":[{"name":"wp","href":"https:\/\/api.w.org\/{rel}","templated":true}]}}