{"id":721022,"date":"2024-05-13T09:00:22","date_gmt":"2024-05-13T05:00:22","guid":{"rendered":"https:\/\/arantv.az\/?p=721022"},"modified":"2024-05-13T09:00:22","modified_gmt":"2024-05-13T05:00:22","slug":"olk%c9%99-%c9%99razisind%c9%99-qeyri-sabit-hava-s%c9%99raiti-n%c9%99-vaxtad%c9%99k-davam-ed%c9%99c%c9%99k-3","status":"publish","type":"post","link":"https:\/\/arantv.az\/?p=721022","title":{"rendered":"\u00d6lk\u0259 \u0259razisind\u0259 qeyri-sabit hava \u015f\u0259raiti n\u0259 vaxtad\u0259k davam ed\u0259c\u0259k?"},"content":{"rendered":"<p>Bak\u0131da v\u0259 Ab\u015feron yar\u0131madas\u0131nda may\u0131n 12-si g\u00fcn\u00fcn ikinci yar\u0131s\u0131ndan 14-\u00fc g\u00fcnd\u00fcz\u0259d\u0259k \u015fimal-q\u0259rb k\u00fcl\u0259yinin s\u00fcr\u0259ti 15-18 m\/s, arabir 20-25 m\/s-d\u0259k g\u00fccl\u0259n\u0259c\u0259yi g\u00f6zl\u0259nilir.<\/p>\n<p>Milli Hidrometeorologiya Xidm\u0259tind\u0259n\u00a0<strong>Oxu.Az-<\/strong>a bildirilib ki, may\u0131n 12-si ax\u015famdan 13-d\u0259k arabir ya\u011f\u0131\u015f ya\u011faca\u011f\u0131 g\u00f6zl\u0259nilir. Yar\u0131madan\u0131n b\u0259zi yerl\u0259rind\u0259 intensivl\u0259\u015f\u0259c\u0259yi, \u015fim\u015f\u0259k \u00e7axaca\u011f\u0131 ehtimal\u0131 var.<\/p>\n<p>Az\u0259rbaycan\u0131n rayonlar\u0131nda may\u0131n 12-si g\u00fcnd\u00fcz \u015fimal v\u0259 q\u0259rb rayonlar\u0131ndan ba\u015flayaraq hava \u015f\u0259raitinin d\u0259yi\u015f\u0259c\u0259yi, 15-i s\u0259h\u0259r\u0259d\u0259k fasil\u0259l\u0259rl\u0259 leysan xarakterli ya\u011f\u0131nt\u0131l\u0131 olaca\u011f\u0131 g\u00f6zl\u0259nilir. Ayr\u0131-ayr\u0131 yerl\u0259rd\u0259 (Nax\u00e7\u0131van MR, Qaraba\u011f v\u0259 \u015e\u0259rqi Z\u0259ng\u0259zur, Qazax-G\u0259nc\u0259, Balak\u0259n-\u015e\u0259ki, Quba-Qusar, Da\u011fl\u0131q \u015eirvan, M\u0259rk\u0259zi Aran, L\u0259nk\u0259ran-Astara) ya\u011f\u0131nt\u0131lar\u0131n intensiv olaca\u011f\u0131, \u015fim\u015f\u0259k \u00e7axaca\u011f\u0131, dolu d\u00fc\u015f\u0259c\u0259yi, da\u011fl\u0131q \u0259razil\u0259rd\u0259 qar ya\u011faca\u011f\u0131 ehtimal\u0131 var.<\/p>\n<p>Q\u0259rb k\u00fcl\u0259yi 15-20 m\/s, ayr\u0131-ayr\u0131 yerl\u0259rd\u0259 arabir 23-28 m\/s-d\u0259k g\u00fccl\u0259n\u0259c\u0259k.<\/p>\n<p>Havan\u0131n temperaturu \u00f6t\u0259n g\u00fcnl\u0259rl\u0259 m\u00fcqayis\u0259d\u0259 t\u0259dric\u0259n 5-8\u00b0 a\u015fa\u011f\u0131 en\u0259c\u0259k.<\/p>\n<p>\u00c7aylarda o c\u00fcml\u0259d\u0259n K\u00fcr, Araz v\u0259 Qan\u0131x \u00e7aylar\u0131nda sululu\u011fun artaca\u011f\u0131, B\u00f6y\u00fck v\u0259 Ki\u00e7ik Qafqaz\u0131n, L\u0259nk\u0259ran-Astara b\u00f6lg\u0259sinin \u0259razisind\u0259n axan b\u0259zi \u00e7aylardan q\u0131sam\u00fcdd\u0259tli da\u015fq\u0131n v\u0259 sel ke\u00e7\u0259c\u0259yi g\u00f6zl\u0259nilir.<\/p>\n","protected":false},"excerpt":{"rendered":"<p>Bak\u0131da v\u0259 Ab\u015feron yar\u0131madas\u0131nda may\u0131n 12-si g\u00fcn\u00fcn ikinci yar\u0131s\u0131ndan 14-\u00fc g\u00fcnd\u00fcz\u0259d\u0259k \u015fimal-q\u0259rb k\u00fcl\u0259yinin s\u00fcr\u0259ti 15-18 m\/s, arabir 20-25 m\/s-d\u0259k g\u00fccl\u0259n\u0259c\u0259yi g\u00f6zl\u0259nilir. Milli Hidrometeorologiya Xidm\u0259tind\u0259n\u00a0Oxu.Az-a bildirilib ki, may\u0131n 12-si ax\u015famdan 13-d\u0259k arabir ya\u011f\u0131\u015f ya\u011faca\u011f\u0131 g\u00f6zl\u0259nilir. Yar\u0131madan\u0131n b\u0259zi yerl\u0259rind\u0259 intensivl\u0259\u015f\u0259c\u0259yi, \u015fim\u015f\u0259k \u00e7axaca\u011f\u0131 ehtimal\u0131 var. Az\u0259rbaycan\u0131n rayonlar\u0131nda may\u0131n 12-si g\u00fcnd\u00fcz \u015fimal v\u0259 q\u0259rb rayonlar\u0131ndan ba\u015flayaraq hava \u015f\u0259raitinin d\u0259yi\u015f\u0259c\u0259yi, 15-i s\u0259h\u0259r\u0259d\u0259k fasil\u0259l\u0259rl\u0259 leysan xarakterli ya\u011f\u0131nt\u0131l\u0131 olaca\u011f\u0131 g\u00f6zl\u0259nilir. Ayr\u0131-ayr\u0131 yerl\u0259rd\u0259 (Nax\u00e7\u0131van MR, Qaraba\u011f v\u0259 \u015e\u0259rqi Z\u0259ng\u0259zur, Qazax-G\u0259nc\u0259, Balak\u0259n-\u015e\u0259ki, Quba-Qusar, Da\u011fl\u0131q \u015eirvan, M\u0259rk\u0259zi Aran, L\u0259nk\u0259ran-Astara) ya\u011f\u0131nt\u0131lar\u0131n intensiv olaca\u011f\u0131, \u015fim\u015f\u0259k \u00e7axaca\u011f\u0131, dolu d\u00fc\u015f\u0259c\u0259yi, da\u011fl\u0131q \u0259razil\u0259rd\u0259 qar ya\u011faca\u011f\u0131&hellip;<\/p>\n","protected":false},"author":2,"featured_media":579357,"comment_status":"closed","ping_status":"closed","sticky":false,"template":"","format":"standard","meta":{"om_disable_all_campaigns":false,"_monsterinsights_skip_tracking":false,"_monsterinsights_sitenote_active":false,"_monsterinsights_sitenote_note":"","_monsterinsights_sitenote_category":0},"categories":[22],"tags":[],"aioseo_notices":[],"gutentor_comment":0,"rttpg_featured_image_url":{"full":["https:\/\/arantv.az\/wp-content\/uploads\/2023\/03\/yagis.jpg",800,450,false],"landscape":["https:\/\/arantv.az\/wp-content\/uploads\/2023\/03\/yagis.jpg",800,450,false],"portraits":["https:\/\/arantv.az\/wp-content\/uploads\/2023\/03\/yagis.jpg",800,450,false],"thumbnail":["https:\/\/arantv.az\/wp-content\/uploads\/2023\/03\/yagis-500x280.jpg",500,280,true],"medium":["https:\/\/arantv.az\/wp-content\/uploads\/2023\/03\/yagis-649x365.jpg",649,365,true],"large":["https:\/\/arantv.az\/wp-content\/uploads\/2023\/03\/yagis.jpg",640,360,false],"1536x1536":["https:\/\/arantv.az\/wp-content\/uploads\/2023\/03\/yagis.jpg",800,450,false],"2048x2048":["https:\/\/arantv.az\/wp-content\/uploads\/2023\/03\/yagis.jpg",800,450,false],"post-thumbnail":["https:\/\/arantv.az\/wp-content\/uploads\/2023\/03\/yagis-240x172.jpg",240,172,true],"advps-thumb-one":["https:\/\/arantv.az\/wp-content\/uploads\/2023\/03\/yagis.jpg",800,450,false]},"rttpg_author":{"display_name":"V\u00fcsal Rafiqo\u011flu","author_link":"https:\/\/arantv.az\/?author=2"},"rttpg_comment":0,"rttpg_category":"<a href=\"https:\/\/arantv.az\/?cat=22\" rel=\"category\">Hava<\/a>","rttpg_excerpt":"Bak\u0131da v\u0259 Ab\u015feron yar\u0131madas\u0131nda may\u0131n 12-si g\u00fcn\u00fcn ikinci yar\u0131s\u0131ndan 14-\u00fc g\u00fcnd\u00fcz\u0259d\u0259k \u015fimal-q\u0259rb k\u00fcl\u0259yinin s\u00fcr\u0259ti 15-18 m\/s, arabir 20-25 m\/s-d\u0259k g\u00fccl\u0259n\u0259c\u0259yi g\u00f6zl\u0259nilir. Milli Hidrometeorologiya Xidm\u0259tind\u0259n\u00a0Oxu.Az-a bildirilib ki, may\u0131n 12-si ax\u015famdan 13-d\u0259k arabir ya\u011f\u0131\u015f ya\u011faca\u011f\u0131 g\u00f6zl\u0259nilir. Yar\u0131madan\u0131n b\u0259zi yerl\u0259rind\u0259 intensivl\u0259\u015f\u0259c\u0259yi, \u015fim\u015f\u0259k \u00e7axaca\u011f\u0131 ehtimal\u0131 var. Az\u0259rbaycan\u0131n rayonlar\u0131nda may\u0131n 12-si g\u00fcnd\u00fcz \u015fimal v\u0259 q\u0259rb rayonlar\u0131ndan ba\u015flayaraq hava \u015f\u0259raitinin d\u0259yi\u015f\u0259c\u0259yi,&hellip;","_links":{"self":[{"href":"https:\/\/arantv.az\/index.php?rest_route=\/wp\/v2\/posts\/721022"}],"collection":[{"href":"https:\/\/arantv.az\/index.php?rest_route=\/wp\/v2\/posts"}],"about":[{"href":"https:\/\/arantv.az\/index.php?rest_route=\/wp\/v2\/types\/post"}],"author":[{"embeddable":true,"href":"https:\/\/arantv.az\/index.php?rest_route=\/wp\/v2\/users\/2"}],"replies":[{"embeddable":true,"href":"https:\/\/arantv.az\/index.php?rest_route=%2Fwp%2Fv2%2Fcomments&post=721022"}],"version-history":[{"count":0,"href":"https:\/\/arantv.az\/index.php?rest_route=\/wp\/v2\/posts\/721022\/revisions"}],"wp:featuredmedia":[{"embeddable":true,"href":"https:\/\/arantv.az\/index.php?rest_route=\/wp\/v2\/media\/579357"}],"wp:attachment":[{"href":"https:\/\/arantv.az\/index.php?rest_route=%2Fwp%2Fv2%2Fmedia&parent=721022"}],"wp:term":[{"taxonomy":"category","embeddable":true,"href":"https:\/\/arantv.az\/index.php?rest_route=%2Fwp%2Fv2%2Fcategories&post=721022"},{"taxonomy":"post_tag","embeddable":true,"href":"https:\/\/arantv.az\/index.php?rest_route=%2Fwp%2Fv2%2Ftags&post=721022"}],"curies":[{"name":"wp","href":"https:\/\/api.w.org\/{rel}","templated":true}]}}