{"id":721027,"date":"2024-05-13T09:05:08","date_gmt":"2024-05-13T05:05:08","guid":{"rendered":"https:\/\/arantv.az\/?p=721027"},"modified":"2024-05-13T09:05:08","modified_gmt":"2024-05-13T05:05:08","slug":"az%c9%99rbaycan-il%c9%99-bolqaristan-arasinda-ticar%c9%99t-dovriyy%c9%99si-bir-nec%c9%99-d%c9%99f%c9%99-artib-s%c9%99rh","status":"publish","type":"post","link":"https:\/\/arantv.az\/?p=721027","title":{"rendered":"Az\u0259rbaycan il\u0259 Bolqar\u0131stan aras\u0131nda ticar\u0259t d\u00f6vriyy\u0259si bir ne\u00e7\u0259 d\u0259f\u0259 art\u0131b &#8211; \u015e\u018fRH"},"content":{"rendered":"<p><em><strong>Az\u0259rbaycan\u0131n xarici siyas\u0259tinin m\u00fch\u00fcm istiqam\u0259tl\u0259rind\u0259n biri d\u0259 M\u0259rk\u0259zi v\u0259 \u015e\u0259rqi Avropa \u00f6lk\u0259l\u0259ri, o c\u00fcml\u0259d\u0259n Bolqar\u0131stanla ikit\u0259r\u0259fli v\u0259 \u00e7oxt\u0259r\u0259fli \u0259m\u0259kda\u015fl\u0131\u011f\u0131n inki\u015faf etdirilm\u0259sidir. Az\u0259rbaycan il\u0259 Bolqar\u0131stan aras\u0131nda m\u00fcnasib\u0259tl\u0259r h\u0259r zaman y\u00fcks\u0259k s\u0259viyy\u0259d\u0259 olub v\u0259 m\u00fcsb\u0259t dinamikas\u0131 il\u0259 se\u00e7ilib.<\/strong><\/em><\/p>\n<p>Bolqar\u0131stan v\u0259 Az\u0259rbaycan 2015-ci ild\u0259n strateji t\u0259r\u0259fda\u015fd\u0131rlar v\u0259 bu ill\u0259r \u0259rzind\u0259 \u00f6lk\u0259l\u0259r aras\u0131nda \u0259laq\u0259l\u0259r s\u00fcr\u0259tl\u0259 v\u0259 u\u011furla inki\u015faf edib. \u0130ndiy\u0259n\u0259d\u0259k \u00f6lk\u0259l\u0259rimiz aras\u0131nda 65 s\u0259n\u0259d imzalan\u0131b. Apar\u0131lan f\u0259al siyasi dialoq imkan verir ki, b\u00fct\u00fcn istiqam\u0259tl\u0259r \u00fczr\u0259 \u0259laq\u0259l\u0259r geni\u015fl\u0259nsin, d\u0259rinl\u0259\u015fsin v\u0259 yeni n\u0259tic\u0259l\u0259r \u0259ld\u0259 edilsin. T\u0259kc\u0259 2024-c\u00fc ilin birinci r\u00fcb\u00fcnd\u0259 iki \u00f6lk\u0259 aras\u0131nda qar\u015f\u0131l\u0131ql\u0131 ticar\u0259t t\u0259xmin\u0259n 4 d\u0259f\u0259 artaraq 153 milyon AB\u015e dollar\u0131na \u00e7at\u0131b, Az\u0259rbaycan\u0131n Bolqar\u0131stana ixrac\u0131 is\u0259 4 d\u0259f\u0259d\u0259n \u00e7ox artaraq 146 milyon AB\u015e dollar\u0131 t\u0259\u015fkil edib. \u00d6lk\u0259l\u0259r aras\u0131nda olan \u0259m\u0259kda\u015fl\u0131q \u0259n\u0259n\u0259vi ticar\u0259t v\u0259 investisiya f\u0259aliyy\u0259tl\u0259rind\u0259n k\u0259nara \u00e7\u0131x\u0131r. Bolqar\u0131stan v\u0259 Az\u0259rbaycan Avropa \u0130ttifaq\u0131n\u0131n \u00fcmumi d\u0259y\u0259ri 2,1 milyon avro olan iki tvinninq layih\u0259sind\u0259 birg\u0259 i\u015ftirak edib v\u0259 bu, bizim m\u00fcxt\u0259lif istiqam\u0259tl\u0259rd\u0259 \u0259m\u0259kda\u015fl\u0131\u011fa v\u0259 t\u0259r\u0259fda\u015fl\u0131\u011fa n\u00fcmayi\u015f etdirir. Haz\u0131rda Az\u0259rbaycanda 15 Bolqar\u0131stan \u015firk\u0259ti f\u0259aliyy\u0259t g\u00f6st\u0259rir. May\u0131n 8-d\u0259 Bolqar\u0131stan Respublikas\u0131n\u0131n Prezidenti Rumen Radevin Az\u0259rbaycan Respublikas\u0131n\u0131n Prezidenti \u0130lham \u018fliyevin d\u0259v\u0259ti il\u0259 \u00f6lk\u0259miz\u0259 r\u0259smi s\u0259f\u0259ri iki \u00f6lk\u0259 aras\u0131nda \u0259laq\u0259l\u0259rin daha da geni\u015fl\u0259nm\u0259sin\u0259 t\u0259kan ver\u0259c\u0259kdir. S\u0259f\u0259r \u00e7\u0259r\u00e7iv\u0259sind\u0259 h\u0259r iki \u00f6lk\u0259 prezidentl\u0259rinin t\u0259kb\u0259t\u0259k v\u0259 geni\u015f t\u0259rkibd\u0259 g\u00f6r\u00fc\u015fl\u0259ri ke\u00e7irilib, Az\u0259rbaycan-Bolqar\u0131stan s\u0259n\u0259dl\u0259rinin imzalanmas\u0131 m\u0259rasimi olub. M\u0259rasimd\u0259 \u00f6lk\u0259 ba\u015f\u00e7\u0131lar\u0131 \u201cAz\u0259rbaycan Respublikas\u0131 il\u0259 Bolqar\u0131stan Respublikas\u0131 aras\u0131nda strateji t\u0259r\u0259fda\u015fl\u0131\u011f\u0131n g\u00fccl\u0259ndirilm\u0259si haqq\u0131nda Birg\u0259 B\u0259yannam\u0259\u201dni imzalad\u0131lar. H\u0259m\u00e7inin m\u0259rasimd\u0259 \u201cAz\u0259rbaycan Hava Yollar\u0131\u201d Qapal\u0131 S\u0259hmdar C\u0259miyy\u0259ti v\u0259 \u201cBulgaria Air\u201d S\u0259hmdar C\u0259miyy\u0259ti aras\u0131nda kod payla\u015fma Sazi\u015fi\u201d, \u201cAz\u0259rbaycan Respublikas\u0131n\u0131n R\u0259q\u0259msal \u0130nki\u015faf v\u0259 N\u0259qliyyat Nazirliyi il\u0259 Bolqar\u0131stan Respublikas\u0131n\u0131n \u0130nnovasiya v\u0259 \u0130nki\u015faf Nazirliyi aras\u0131nda texnoloji innovasiya sah\u0259sind\u0259 \u0259m\u0259kda\u015fl\u0131q haqq\u0131nda Anla\u015fma Memorandumu\u201d, \u201cAz\u0259rbaycan Respublikas\u0131n\u0131n D\u00f6vl\u0259t Neft \u015eirk\u0259ti il\u0259 \u201cAsarel Investment\u201d aras\u0131nda Anla\u015fma Memorandumu\u201d imzalan\u0131b. Daha sonra Az\u0259rbaycan Prezidenti \u0130lham \u018fliyev v\u0259 Bolqar\u0131stan Prezidenti Rumen Radev m\u0259tbuata b\u0259yanatlarla \u00e7\u0131x\u0131\u015f edibl\u0259r.<\/p>\n<p>Qeyd edilm\u0259lidir ki, 2024-c\u00fc ild\u0259 Az\u0259rbaycandan Bolqar\u0131stana ixrac edil\u0259c\u0259k qaz\u0131n h\u0259cminin bu \u00f6lk\u0259nin illik s\u0259rfiyyat\u0131n\u0131n 55%-ni ke\u00e7\u0259c\u0259yi g\u00f6zl\u0259nilir. Az\u0259rbaycan\u0131n enerji m\u0259hsullar\u0131, x\u00fcsus\u0259n d\u0259 t\u0259bii qaz\u0131 Bolqar\u0131stana ixrac edilir. Bolqar\u0131standan olan qonaqlar\u0131m\u0131z da Az\u0259rbaycan v\u0259 G\u00fcrc\u00fcstanda istehsal olunacaq ya\u015f\u0131l enerji layih\u0259sin\u0259 maraq g\u00f6st\u0259rirl\u0259r. Prezident \u0130lham \u018fliyev \u00f6z b\u0259yanat\u0131nda qeyd edib ki, Az\u0259rbaycan qaz\u0131n\u0131n ild\u0259n-il\u0259 Bolqar\u0131stana ixrac\u0131 artmaqdad\u0131r. Ke\u00e7\u0259n il 1 milyard 250 milyon kubmetr Az\u0259rbaycan qaz\u0131 Bolqar\u0131stan bazar\u0131na n\u0259ql edilib. 2022-ci ild\u0259 bu r\u0259q\u0259m c\u0259mi 600 milyon kubmetr idi. Apar\u0131lan hesablamalar onu g\u00f6st\u0259rir ki, bu ilin sonuna q\u0259d\u0259r 1,5 milyard kubmetr Az\u0259rbaycan qaz\u0131 Bolqar\u0131stana ixrac edil\u0259c\u0259k. Bu da Bolqar\u0131stan\u0131n qaz istehlak\u0131n\u0131n t\u0259qrib\u0259n 50 faizini t\u0259\u015fkil edir. Bolqar\u0131stan qaz n\u0259qli istiqam\u0259tind\u0259 \u00f6n\u0259mli tranzit \u00f6lk\u0259y\u0259 \u00e7evrilibdir. Haz\u0131rda Az\u0259rbaycan qaz\u0131 Bolqar\u0131stan \u0259razisind\u0259n dig\u0259r qon\u015fu \u00f6lk\u0259l\u0259r\u0259 ixrac edilir v\u0259 g\u0259l\u0259c\u0259kd\u0259 bu \u00f6lk\u0259l\u0259rin say\u0131 daha da artacaqd\u0131r. Haz\u0131rda Az\u0259rbaycan t\u0259r\u0259fda\u015f \u00f6lk\u0259l\u0259rl\u0259, o c\u00fcml\u0259d\u0259n Bolqar\u0131stanla \u201cya\u015f\u0131l enerji kabeli\u201d layih\u0259si istiqam\u0259td\u0259 \u00e7ox f\u0259al i\u015f apar\u0131r. Az\u0259rbaycan Avropa m\u0259kan\u0131 \u00fc\u00e7\u00fcn t\u0259kc\u0259 neft-qaz t\u0259chizat\u00e7\u0131s\u0131 kimi deyil, eyni zamanda, ya\u015f\u0131l enerji t\u0259chizat\u00e7\u0131s\u0131 kimi \u00f6z\u00fcn\u00fc g\u00f6st\u0259r\u0259c\u0259k. \u00d6lk\u0259mizin bu sah\u0259d\u0259 potensial\u0131 kifay\u0259t q\u0259d\u0259r geni\u015fdir v\u0259 bunu Avropal\u0131 t\u0259r\u0259fda\u015flar bilirl\u0259r. M\u0259tbuata b\u0259yanat\u0131nda d\u00f6vl\u0259t ba\u015f\u00e7\u0131s\u0131 \u0130lham \u018fliyev bu m\u0259qama da diqq\u0259ti y\u00f6nl\u0259tdi ki, son vaxtlar Az\u0259rbaycan il\u0259 Bolqar\u0131stan aras\u0131nda ticar\u0259t d\u00f6vriyy\u0259si bir ne\u00e7\u0259 d\u0259f\u0259 art\u0131b. Bunun \u0259sas s\u0259b\u0259bi t\u0259bii ki, enerji sektorundak\u0131 \u0259m\u0259kda\u015fl\u0131qd\u0131r. Bu \u0259m\u0259kda\u015fl\u0131\u011f\u0131n bug\u00fcnk\u00fc s\u0259viyy\u0259si v\u0259 perspektivl\u0259ri d\u0259 \u00e7ox m\u00fcsb\u0259tdir. \u0130ki \u00f6lk\u0259 aras\u0131nda n\u0259qliyyat sah\u0259si \u00f6n\u0259mli \u0259m\u0259kda\u015fl\u0131q istiqam\u0259tl\u0259rind\u0259ndir.<\/p>\n<p>\u00d6lk\u0259 ba\u015f\u00e7\u0131s\u0131n\u0131n \u00f6z \u00e7\u0131x\u0131\u015f\u0131nda bildirdiyi kimi: \u201cAz\u0259rbaycan\u0131n s\u0259rmay\u0259si say\u0259sind\u0259 bir ne\u00e7\u0259 g\u00fcn bundan \u0259vv\u0259l Bak\u0131-Tbilisi-Qars d\u0259mir yolunun modernl\u0259\u015fdirilm\u0259si tam ba\u015fa \u00e7atm\u0131\u015fd\u0131r. Onun \u00f6t\u00fcrm\u0259 qabiliyy\u0259ti bir ne\u00e7\u0259 d\u0259f\u0259 art\u0131r\u0131lm\u0131\u015fd\u0131r. Vaxtil\u0259 Az\u0259rbaycan t\u0259r\u0259find\u0259n t\u0259\u015f\u0259bb\u00fcs kimi ir\u0259li s\u00fcr\u00fclm\u00fc\u015f, bu g\u00fcn is\u0259 art\u0131q imkanlar\u0131 geni\u015fl\u0259ndirilmi\u015f bu layih\u0259 Orta D\u0259hlizin \u00f6n\u0259mli seqmenti kimi t\u0259bii ki, m\u00fch\u00fcm rol oynayacaq. H\u0259m \u015e\u0259rq-Q\u0259rb istiqam\u0259ti v\u0259 h\u0259m d\u0259 \u0259ks istiqam\u0259t \u00fczr\u0259 daha b\u00f6y\u00fck h\u0259cmd\u0259 y\u00fckl\u0259rin da\u015f\u0131nmas\u0131 bizim m\u00fcnasib\u0259tl\u0259rimizi daha da g\u00fccl\u0259ndir\u0259c\u0259k\u201d. Bolqar\u0131stan Prezidenti Rumen Radev m\u0259tbuata b\u0259yanat\u0131nda bu m\u00fch\u00fcm m\u0259qam\u0131 x\u00fcsusi qeyd etdi ki, bizi \u0259n\u0259n\u0259vi dostluq, anla\u015fma v\u0259 qar\u015f\u0131l\u0131ql\u0131 etimada \u0259saslanan \u0259laq\u0259l\u0259r birl\u0259\u015fdirir. Biz \u0259n y\u00fcks\u0259k s\u0259viyy\u0259d\u0259 siyasi-strateji dialoq apar\u0131r\u0131q. \u018fn y\u00fcks\u0259k s\u0259viyy\u0259d\u0259 olan siyasi dialoqumuz t\u0259kc\u0259 \u00f6lk\u0259l\u0259rimizin deyil, Qafqaz v\u0259 Qara d\u0259niz h\u00f6vz\u0259sinin d\u0259 iqtisadi firavanl\u0131\u011f\u0131n\u0131n t\u0259min olunmas\u0131na yax\u015f\u0131 z\u0259min yarad\u0131r v\u0259 Avropan\u0131n enerji t\u0259hl\u00fck\u0259sizliyin\u0259 t\u00f6hf\u0259 verir. Rumen Radev bu fikri d\u0259 b\u00f6y\u00fck inamla vur\u011fulad\u0131 ki, Az\u0259rbaycan Bolqar\u0131stan \u00fc\u00e7\u00fcn enerji sah\u0259sind\u0259 m\u00fch\u00fcm, h\u0259lledici t\u0259r\u0259fda\u015fa \u00e7evrilib v\u0259 \u00f6lk\u0259mizin qaz t\u0259chizat\u0131n\u0131n \u015fax\u0259l\u0259ndirilm\u0259sind\u0259 vacib rol oynay\u0131r.<\/p>\n<p>2022-ci ilin pay\u0131z\u0131nda Prezident \u018fliyevin i\u015ftirak\u0131 il\u0259 Sofiya \u015f\u0259h\u0259rind\u0259 Yunan\u0131stanla Bolqar\u0131stan aras\u0131nda qaz \u015f\u0259b\u0259k\u0259sind\u0259n istifad\u0259 etm\u0259y\u0259 ba\u015flad\u0131q v\u0259 bel\u0259likl\u0259, C\u0259nub Qaz D\u0259hlizi M\u0259rk\u0259zi v\u0259 \u015e\u0259rqi Avropaya birl\u0259\u015fdi. Qeyd edil\u0259nl\u0259ri n\u0259z\u0259r\u0259 alaraq \u0259minlikl\u0259 bildiririk ki, q\u0259dim \u0259n\u0259n\u0259l\u0259r\u0259 malik Az\u0259rbaycan-Bolqar\u0131stan m\u00fcnasib\u0259tl\u0259ri bundan sonra da davaml\u0131 olaraq geni\u015fl\u0259n\u0259c\u0259k v\u0259 inki\u015faf ed\u0259c\u0259kdir.<\/p>\n<p><strong>Aydan N\u0259sibova,<\/strong><br \/>\n<em>YAP X\u0259tai rayon t\u0259\u015fkilat\u0131n\u0131n\u00a0\u201cGeneral \u015e\u0131xlinski 56\/2\u201d\u00a0 \u00fcnvan\u0131 \u00fczr\u0259 \u0259razi partiya\u00a0t\u0259\u015fkilat\u0131n\u0131n \u00fczv\u00fc<\/em><\/p>\n","protected":false},"excerpt":{"rendered":"<p>Az\u0259rbaycan\u0131n xarici siyas\u0259tinin m\u00fch\u00fcm istiqam\u0259tl\u0259rind\u0259n biri d\u0259 M\u0259rk\u0259zi v\u0259 \u015e\u0259rqi Avropa \u00f6lk\u0259l\u0259ri, o c\u00fcml\u0259d\u0259n Bolqar\u0131stanla ikit\u0259r\u0259fli v\u0259 \u00e7oxt\u0259r\u0259fli \u0259m\u0259kda\u015fl\u0131\u011f\u0131n inki\u015faf etdirilm\u0259sidir. Az\u0259rbaycan il\u0259 Bolqar\u0131stan aras\u0131nda m\u00fcnasib\u0259tl\u0259r h\u0259r zaman y\u00fcks\u0259k s\u0259viyy\u0259d\u0259 olub v\u0259 m\u00fcsb\u0259t dinamikas\u0131 il\u0259 se\u00e7ilib. Bolqar\u0131stan v\u0259 Az\u0259rbaycan 2015-ci ild\u0259n strateji t\u0259r\u0259fda\u015fd\u0131rlar v\u0259 bu ill\u0259r \u0259rzind\u0259 \u00f6lk\u0259l\u0259r aras\u0131nda \u0259laq\u0259l\u0259r s\u00fcr\u0259tl\u0259 v\u0259 u\u011furla inki\u015faf edib. \u0130ndiy\u0259n\u0259d\u0259k \u00f6lk\u0259l\u0259rimiz aras\u0131nda 65 s\u0259n\u0259d imzalan\u0131b. Apar\u0131lan f\u0259al siyasi dialoq imkan verir ki, b\u00fct\u00fcn istiqam\u0259tl\u0259r \u00fczr\u0259 \u0259laq\u0259l\u0259r geni\u015fl\u0259nsin, d\u0259rinl\u0259\u015fsin v\u0259 yeni n\u0259tic\u0259l\u0259r \u0259ld\u0259 edilsin. T\u0259kc\u0259 2024-c\u00fc ilin birinci r\u00fcb\u00fcnd\u0259 iki \u00f6lk\u0259 aras\u0131nda qar\u015f\u0131l\u0131ql\u0131 ticar\u0259t t\u0259xmin\u0259n&hellip;<\/p>\n","protected":false},"author":2,"featured_media":721028,"comment_status":"closed","ping_status":"closed","sticky":false,"template":"","format":"standard","meta":{"om_disable_all_campaigns":false,"_monsterinsights_skip_tracking":false,"_monsterinsights_sitenote_active":false,"_monsterinsights_sitenote_note":"","_monsterinsights_sitenote_category":0},"categories":[19],"tags":[],"aioseo_notices":[],"gutentor_comment":0,"rttpg_featured_image_url":{"full":["https:\/\/arantv.az\/wp-content\/uploads\/2024\/05\/8346db44171545938868823067110226756.jpg",975,540,false],"landscape":["https:\/\/arantv.az\/wp-content\/uploads\/2024\/05\/8346db44171545938868823067110226756.jpg",975,540,false],"portraits":["https:\/\/arantv.az\/wp-content\/uploads\/2024\/05\/8346db44171545938868823067110226756.jpg",975,540,false],"thumbnail":["https:\/\/arantv.az\/wp-content\/uploads\/2024\/05\/8346db44171545938868823067110226756-500x280.jpg",500,280,true],"medium":["https:\/\/arantv.az\/wp-content\/uploads\/2024\/05\/8346db44171545938868823067110226756-660x365.jpg",660,365,true],"large":["https:\/\/arantv.az\/wp-content\/uploads\/2024\/05\/8346db44171545938868823067110226756-840x465.jpg",640,354,true],"1536x1536":["https:\/\/arantv.az\/wp-content\/uploads\/2024\/05\/8346db44171545938868823067110226756.jpg",975,540,false],"2048x2048":["https:\/\/arantv.az\/wp-content\/uploads\/2024\/05\/8346db44171545938868823067110226756.jpg",975,540,false],"post-thumbnail":["https:\/\/arantv.az\/wp-content\/uploads\/2024\/05\/8346db44171545938868823067110226756-240x172.jpg",240,172,true],"advps-thumb-one":["https:\/\/arantv.az\/wp-content\/uploads\/2024\/05\/8346db44171545938868823067110226756.jpg",975,540,false]},"rttpg_author":{"display_name":"V\u00fcsal Rafiqo\u011flu","author_link":"https:\/\/arantv.az\/?author=2"},"rttpg_comment":0,"rttpg_category":"<a href=\"https:\/\/arantv.az\/?cat=19\" rel=\"category\">G\u00fcnd\u0259m<\/a>","rttpg_excerpt":"Az\u0259rbaycan\u0131n xarici siyas\u0259tinin m\u00fch\u00fcm istiqam\u0259tl\u0259rind\u0259n biri d\u0259 M\u0259rk\u0259zi v\u0259 \u015e\u0259rqi Avropa \u00f6lk\u0259l\u0259ri, o c\u00fcml\u0259d\u0259n Bolqar\u0131stanla ikit\u0259r\u0259fli v\u0259 \u00e7oxt\u0259r\u0259fli \u0259m\u0259kda\u015fl\u0131\u011f\u0131n inki\u015faf etdirilm\u0259sidir. Az\u0259rbaycan il\u0259 Bolqar\u0131stan aras\u0131nda m\u00fcnasib\u0259tl\u0259r h\u0259r zaman y\u00fcks\u0259k s\u0259viyy\u0259d\u0259 olub v\u0259 m\u00fcsb\u0259t dinamikas\u0131 il\u0259 se\u00e7ilib. Bolqar\u0131stan v\u0259 Az\u0259rbaycan 2015-ci ild\u0259n strateji t\u0259r\u0259fda\u015fd\u0131rlar v\u0259 bu ill\u0259r \u0259rzind\u0259 \u00f6lk\u0259l\u0259r aras\u0131nda \u0259laq\u0259l\u0259r s\u00fcr\u0259tl\u0259 v\u0259 u\u011furla inki\u015faf edib.&hellip;","_links":{"self":[{"href":"https:\/\/arantv.az\/index.php?rest_route=\/wp\/v2\/posts\/721027"}],"collection":[{"href":"https:\/\/arantv.az\/index.php?rest_route=\/wp\/v2\/posts"}],"about":[{"href":"https:\/\/arantv.az\/index.php?rest_route=\/wp\/v2\/types\/post"}],"author":[{"embeddable":true,"href":"https:\/\/arantv.az\/index.php?rest_route=\/wp\/v2\/users\/2"}],"replies":[{"embeddable":true,"href":"https:\/\/arantv.az\/index.php?rest_route=%2Fwp%2Fv2%2Fcomments&post=721027"}],"version-history":[{"count":0,"href":"https:\/\/arantv.az\/index.php?rest_route=\/wp\/v2\/posts\/721027\/revisions"}],"wp:featuredmedia":[{"embeddable":true,"href":"https:\/\/arantv.az\/index.php?rest_route=\/wp\/v2\/media\/721028"}],"wp:attachment":[{"href":"https:\/\/arantv.az\/index.php?rest_route=%2Fwp%2Fv2%2Fmedia&parent=721027"}],"wp:term":[{"taxonomy":"category","embeddable":true,"href":"https:\/\/arantv.az\/index.php?rest_route=%2Fwp%2Fv2%2Fcategories&post=721027"},{"taxonomy":"post_tag","embeddable":true,"href":"https:\/\/arantv.az\/index.php?rest_route=%2Fwp%2Fv2%2Ftags&post=721027"}],"curies":[{"name":"wp","href":"https:\/\/api.w.org\/{rel}","templated":true}]}}