{"id":721034,"date":"2024-05-13T09:06:21","date_gmt":"2024-05-13T05:06:21","guid":{"rendered":"https:\/\/arantv.az\/?p=721034"},"modified":"2024-05-13T09:06:21","modified_gmt":"2024-05-13T05:06:21","slug":"az%c9%99rbaycan-bolqaristan-%c9%99laq%c9%99l%c9%99ri-qarsiliqli-horm%c9%99t-v%c9%99-etimad-uz%c9%99rind%c9%99-qurulub","status":"publish","type":"post","link":"https:\/\/arantv.az\/?p=721034","title":{"rendered":"Az\u0259rbaycan-Bolqar\u0131stan \u0259laq\u0259l\u0259ri qar\u015f\u0131l\u0131ql\u0131 h\u00f6rm\u0259t  v\u0259 etimad \u00fcz\u0259rind\u0259 qurulub"},"content":{"rendered":"<p><em><strong>M\u0259rk\u0259zi v\u0259 \u015e\u0259rqi Avropa \u00f6lk\u0259l\u0259ri, o c\u00fcml\u0259d\u0259n Bolqar\u0131stanla ikit\u0259r\u0259fli v\u0259 \u00e7oxt\u0259r\u0259fli \u0259m\u0259kda\u015fl\u0131\u011f\u0131n inki\u015faf etdirilm\u0259si \u00f6lk\u0259mizin xarici siyas\u0259tinin vacib istiqam\u0259tl\u0259rind\u0259n biridir. Bu m\u0259nada Az\u0259rbaycanla Bolqar\u0131stan aras\u0131nda m\u00fcnasib\u0259tl\u0259r h\u0259r zaman y\u00fcks\u0259k s\u0259viyy\u0259d\u0259 olub v\u0259 m\u00fcsb\u0259t dinamikas\u0131 il\u0259 se\u00e7ilib. \u018flaq\u0259l\u0259rimizin z\u0259ngin tarixi vard\u0131r.<\/strong><\/em><\/p>\n<p>Qar\u015f\u0131l\u0131ql\u0131 h\u00f6rm\u0259t\u00a0 v\u0259 etimad \u00fcz\u0259rind\u0259 qurulmu\u015f Az\u0259rbaycan-Bolqar\u0131stan \u0259laq\u0259l\u0259ri \u00f6t\u0259n m\u00fcdd\u0259t \u0259rzind\u0259 siyasi, iqtisadi, enerji, m\u0259d\u0259ni v\u0259 dig\u0259r sah\u0259l\u0259rd\u0259 dinamik \u015f\u0259kild\u0259 inki\u015faf edir v\u0259 \u00f6lk\u0259l\u0259rimiz aras\u0131nda s\u0259m\u0259r\u0259li \u0259m\u0259kda\u015fl\u0131q formala\u015fm\u0131\u015fd\u0131r. \u0130ki \u00f6lk\u0259 aras\u0131nda ticar\u0259t, n\u0259qliyyat, x\u00fcsusil\u0259 y\u00fckda\u015f\u0131malar\u0131, s\u0259rmay\u0259l\u0259r, y\u00fcks\u0259k texnologiyalar, turizm v\u0259 dig\u0259r sah\u0259l\u0259rd\u0259 \u0259m\u0259kda\u015fl\u0131\u011f\u0131n inki\u015faf\u0131 \u00fc\u00e7\u00fcn geni\u015f perspektivl\u0259r m\u00f6vcuddur. \u018fm\u0259kda\u015fl\u0131\u011f\u0131n \u0259sas m\u0259qs\u0259di daha yax\u015f\u0131 n\u0259tic\u0259l\u0259ri \u0259ld\u0259 etm\u0259kdir.<\/p>\n<p>May ay\u0131n\u0131n 8-d\u0259 Az\u0259rbaycan Respublikas\u0131n\u0131n Prezidenti c\u0259nab \u0130lham \u018fliyevin Az\u0259rbaycanda s\u0259f\u0259rd\u0259 olan Bolqar\u0131stan Respublikas\u0131n\u0131n Prezidenti c\u0259nab Rumen Radev il\u0259 geni\u015f t\u0259rkibd\u0259 g\u00f6r\u00fc\u015f\u00fc ke\u00e7irilib. G\u00f6r\u00fc\u015fd\u0259 bir s\u0131ra m\u0259s\u0259l\u0259l\u0259r\u0259 toxunulub. Az\u0259rbaycan Respublikas\u0131n\u0131n Prezidenti c\u0259nab \u0130lham \u018fliyev \u00e7\u0131x\u0131\u015f\u0131nda bildirmi\u015fdir: \u201cBilir\u0259m ki, n\u00fcmay\u0259nd\u0259 hey\u0259tl\u0259rinin \u00fczvl\u0259ri art\u0131q t\u0259masda\u00a0 olublar, b\u0259zil\u0259ri d\u00fcn\u0259n, b\u0259zil\u0259ri bu g\u00fcn. M\u00fczakir\u0259 etm\u0259li \u00e7ox m\u0259s\u0259l\u0259l\u0259r var. G\u00fcnd\u0259lik h\u0259qiq\u0259t\u0259n \u00e7ox geni\u015fdir, g\u00fccl\u00fc siyasi \u0259laq\u0259l\u0259r var. Bu g\u00fcn biz strateji t\u0259r\u0259fda\u015fl\u0131\u011f\u0131m\u0131z\u0131n g\u00fccl\u0259ndirilm\u0259sin\u0259 dair B\u0259yannam\u0259 imzalayaca\u011f\u0131q. \u0130qtisadi, enerji, n\u0259qliyyat sektorlar\u0131 \u2013 ham\u0131s\u0131 \u00e7ox yax\u015f\u0131\u00a0 s\u0259viyy\u0259d\u0259dir. M\u0259n t\u0259r\u0259fda\u015fl\u0131\u011f\u0131m\u0131z\u0131 n\u0259z\u0259rd\u0259 tuturam v\u0259 \u0259lb\u0259tt\u0259 ki, humanitar \u0259laq\u0259l\u0259ri. \u018fm\u0259kda\u015fl\u0131q raz\u0131la\u015fmas\u0131 imzalam\u0131\u015f iki \u015f\u0259h\u0259rd\u0259n \u2013 Veliko T\u0131rnova v\u0259 \u015eu\u015fadan olan t\u0259msil\u00e7il\u0259r\u00a0 d\u0259 \u0259m\u0259kda\u015fl\u0131\u011f\u0131m\u0131z\u0131n \u0259h\u0259miyy\u0259tli hiss\u0259sin\u0259 t\u00f6hf\u0259 verir.\u201d<\/p>\n<p>Sonra Bolqar\u0131stan Respublikas\u0131n\u0131n Prezidenti c\u0259nab Rumen Radev \u00e7\u0131x\u0131\u015f\u0131nda Az\u0259rbaycan Respublikas\u0131n\u0131n Prezidenti c\u0259nab \u0130lham \u018fliyev\u0259 \u0259n\u0259n\u0259vi s\u0259mimi qonaqp\u0259rv\u0259rliyin\u0259 g\u00f6r\u0259 t\u0259\u015f\u0259kk\u00fcr\u00a0\u00a0 etdi. Enerji sektorunda apar\u0131lan \u0259m\u0259kda\u015fl\u0131qdan \u00e7ox m\u0259mnun oldu\u011funu bildirdi.<\/p>\n<p><strong>Bahar M\u0259mm\u0259dova,<\/strong><br \/>\n<em>YAP X\u0259tai rayon t\u0259\u015fkilat\u0131n\u0131n &#8220;General \u015e\u0131xlinski 56\/2&#8221; \u00fcnvan\u0131 \u0259razi partiya t\u0259\u015fkilat\u0131n\u0131n s\u0259dri<\/em><\/p>\n","protected":false},"excerpt":{"rendered":"<p>M\u0259rk\u0259zi v\u0259 \u015e\u0259rqi Avropa \u00f6lk\u0259l\u0259ri, o c\u00fcml\u0259d\u0259n Bolqar\u0131stanla ikit\u0259r\u0259fli v\u0259 \u00e7oxt\u0259r\u0259fli \u0259m\u0259kda\u015fl\u0131\u011f\u0131n inki\u015faf etdirilm\u0259si \u00f6lk\u0259mizin xarici siyas\u0259tinin vacib istiqam\u0259tl\u0259rind\u0259n biridir. Bu m\u0259nada Az\u0259rbaycanla Bolqar\u0131stan aras\u0131nda m\u00fcnasib\u0259tl\u0259r h\u0259r zaman y\u00fcks\u0259k s\u0259viyy\u0259d\u0259 olub v\u0259 m\u00fcsb\u0259t dinamikas\u0131 il\u0259 se\u00e7ilib. \u018flaq\u0259l\u0259rimizin z\u0259ngin tarixi vard\u0131r. Qar\u015f\u0131l\u0131ql\u0131 h\u00f6rm\u0259t\u00a0 v\u0259 etimad \u00fcz\u0259rind\u0259 qurulmu\u015f Az\u0259rbaycan-Bolqar\u0131stan \u0259laq\u0259l\u0259ri \u00f6t\u0259n m\u00fcdd\u0259t \u0259rzind\u0259 siyasi, iqtisadi, enerji, m\u0259d\u0259ni v\u0259 dig\u0259r sah\u0259l\u0259rd\u0259 dinamik \u015f\u0259kild\u0259 inki\u015faf edir v\u0259 \u00f6lk\u0259l\u0259rimiz aras\u0131nda s\u0259m\u0259r\u0259li \u0259m\u0259kda\u015fl\u0131q formala\u015fm\u0131\u015fd\u0131r. \u0130ki \u00f6lk\u0259 aras\u0131nda ticar\u0259t, n\u0259qliyyat, x\u00fcsusil\u0259 y\u00fckda\u015f\u0131malar\u0131, s\u0259rmay\u0259l\u0259r, y\u00fcks\u0259k texnologiyalar, turizm v\u0259 dig\u0259r sah\u0259l\u0259rd\u0259 \u0259m\u0259kda\u015fl\u0131\u011f\u0131n inki\u015faf\u0131 \u00fc\u00e7\u00fcn geni\u015f perspektivl\u0259r m\u00f6vcuddur. \u018fm\u0259kda\u015fl\u0131\u011f\u0131n \u0259sas&hellip;<\/p>\n","protected":false},"author":2,"featured_media":721035,"comment_status":"closed","ping_status":"closed","sticky":false,"template":"","format":"standard","meta":{"om_disable_all_campaigns":false,"_monsterinsights_skip_tracking":false,"_monsterinsights_sitenote_active":false,"_monsterinsights_sitenote_note":"","_monsterinsights_sitenote_category":0},"categories":[19],"tags":[],"aioseo_notices":[],"gutentor_comment":0,"rttpg_featured_image_url":{"full":["https:\/\/arantv.az\/wp-content\/uploads\/2024\/05\/eab0141b171545835453907523010367915.jpg",975,540,false],"landscape":["https:\/\/arantv.az\/wp-content\/uploads\/2024\/05\/eab0141b171545835453907523010367915.jpg",975,540,false],"portraits":["https:\/\/arantv.az\/wp-content\/uploads\/2024\/05\/eab0141b171545835453907523010367915.jpg",975,540,false],"thumbnail":["https:\/\/arantv.az\/wp-content\/uploads\/2024\/05\/eab0141b171545835453907523010367915-500x280.jpg",500,280,true],"medium":["https:\/\/arantv.az\/wp-content\/uploads\/2024\/05\/eab0141b171545835453907523010367915-660x365.jpg",660,365,true],"large":["https:\/\/arantv.az\/wp-content\/uploads\/2024\/05\/eab0141b171545835453907523010367915-840x465.jpg",640,354,true],"1536x1536":["https:\/\/arantv.az\/wp-content\/uploads\/2024\/05\/eab0141b171545835453907523010367915.jpg",975,540,false],"2048x2048":["https:\/\/arantv.az\/wp-content\/uploads\/2024\/05\/eab0141b171545835453907523010367915.jpg",975,540,false],"post-thumbnail":["https:\/\/arantv.az\/wp-content\/uploads\/2024\/05\/eab0141b171545835453907523010367915-240x172.jpg",240,172,true],"advps-thumb-one":["https:\/\/arantv.az\/wp-content\/uploads\/2024\/05\/eab0141b171545835453907523010367915.jpg",975,540,false]},"rttpg_author":{"display_name":"V\u00fcsal Rafiqo\u011flu","author_link":"https:\/\/arantv.az\/?author=2"},"rttpg_comment":0,"rttpg_category":"<a href=\"https:\/\/arantv.az\/?cat=19\" rel=\"category\">G\u00fcnd\u0259m<\/a>","rttpg_excerpt":"M\u0259rk\u0259zi v\u0259 \u015e\u0259rqi Avropa \u00f6lk\u0259l\u0259ri, o c\u00fcml\u0259d\u0259n Bolqar\u0131stanla ikit\u0259r\u0259fli v\u0259 \u00e7oxt\u0259r\u0259fli \u0259m\u0259kda\u015fl\u0131\u011f\u0131n inki\u015faf etdirilm\u0259si \u00f6lk\u0259mizin xarici siyas\u0259tinin vacib istiqam\u0259tl\u0259rind\u0259n biridir. Bu m\u0259nada Az\u0259rbaycanla Bolqar\u0131stan aras\u0131nda m\u00fcnasib\u0259tl\u0259r h\u0259r zaman y\u00fcks\u0259k s\u0259viyy\u0259d\u0259 olub v\u0259 m\u00fcsb\u0259t dinamikas\u0131 il\u0259 se\u00e7ilib. \u018flaq\u0259l\u0259rimizin z\u0259ngin tarixi vard\u0131r. Qar\u015f\u0131l\u0131ql\u0131 h\u00f6rm\u0259t\u00a0 v\u0259 etimad \u00fcz\u0259rind\u0259 qurulmu\u015f Az\u0259rbaycan-Bolqar\u0131stan \u0259laq\u0259l\u0259ri \u00f6t\u0259n m\u00fcdd\u0259t \u0259rzind\u0259 siyasi, iqtisadi, enerji, m\u0259d\u0259ni&hellip;","_links":{"self":[{"href":"https:\/\/arantv.az\/index.php?rest_route=\/wp\/v2\/posts\/721034"}],"collection":[{"href":"https:\/\/arantv.az\/index.php?rest_route=\/wp\/v2\/posts"}],"about":[{"href":"https:\/\/arantv.az\/index.php?rest_route=\/wp\/v2\/types\/post"}],"author":[{"embeddable":true,"href":"https:\/\/arantv.az\/index.php?rest_route=\/wp\/v2\/users\/2"}],"replies":[{"embeddable":true,"href":"https:\/\/arantv.az\/index.php?rest_route=%2Fwp%2Fv2%2Fcomments&post=721034"}],"version-history":[{"count":0,"href":"https:\/\/arantv.az\/index.php?rest_route=\/wp\/v2\/posts\/721034\/revisions"}],"wp:featuredmedia":[{"embeddable":true,"href":"https:\/\/arantv.az\/index.php?rest_route=\/wp\/v2\/media\/721035"}],"wp:attachment":[{"href":"https:\/\/arantv.az\/index.php?rest_route=%2Fwp%2Fv2%2Fmedia&parent=721034"}],"wp:term":[{"taxonomy":"category","embeddable":true,"href":"https:\/\/arantv.az\/index.php?rest_route=%2Fwp%2Fv2%2Fcategories&post=721034"},{"taxonomy":"post_tag","embeddable":true,"href":"https:\/\/arantv.az\/index.php?rest_route=%2Fwp%2Fv2%2Ftags&post=721034"}],"curies":[{"name":"wp","href":"https:\/\/api.w.org\/{rel}","templated":true}]}}